{"id":1367,"date":"2024-05-14T04:38:11","date_gmt":"2024-05-14T04:38:11","guid":{"rendered":"https:\/\/stourm.news\/?p=1367"},"modified":"2024-05-14T04:38:11","modified_gmt":"2024-05-14T04:38:11","slug":"concarneau-diffusion-dun-film-pro-migrants-clandestins","status":"publish","type":"post","link":"https:\/\/stourm.news\/?p=1367","title":{"rendered":"Concarneau : diffusion d&rsquo;un film pro-migrants clandestins"},"content":{"rendered":"<p style=\"text-align: justify;\">Soir\u00e9e propos\u00e9e par la<strong> Ligue des Droits de l&rsquo;Homme<\/strong> (extr\u00eame-gauche, ndlr), en pr\u00e9sence de la r\u00e9alisatrice Marion Bo\u00eb. Depuis pr\u00e8s de 20 ans, M\u00e9lanie Le Verger accueille des <strong>exil\u00e9s<\/strong> (migrants clandestins, ndlr) mineurs non accompagn\u00e9s dans son cabinet d\u2019avocate et tente de les aider dans la jungle de la justice fran\u00e7aise.<\/p>\n<p style=\"text-align: justify;\">Dates : le mardi 14 mai 2024 \u00e0 20h15. Adresse : Cin\u00e9ville, Rue de Colguen, 29900, Concarneau. Tarifs : Plein tarif : 7,00 \u20ac.<\/p>\n<p>Source : <a href=\"https:\/\/www.letelegramme.fr\/agenda\/debats-conferences\/cine-debat-un-pays-de-papier-2208644.php\">Le T\u00e9l\u00e9gramme<\/a><\/p>\n","protected":false},"excerpt":{"rendered":"<p>Soir\u00e9e propos\u00e9e par la Ligue des Droits de l&rsquo;Homme (extr\u00eame-gauche, ndlr), en pr\u00e9sence de la r\u00e9alisatrice Marion Bo\u00eb. Depuis pr\u00e8s de 20 ans, M\u00e9lanie Le Verger accueille des exil\u00e9s (migrants clandestins, ndlr) mineurs non accompagn\u00e9s dans son cabinet d\u2019avocate et tente de les aider dans la jungle de la justice fran\u00e7aise. Dates : le mardi [&hellip;]<\/p>\n","protected":false},"author":1,"featured_media":1368,"comment_status":"open","ping_status":"open","sticky":false,"template":"","format":"standard","meta":{"sb_editor_width":"","footnotes":""},"categories":[36,38,33,62],"tags":[],"class_list":["post-1367","post","type-post","status-publish","format-standard","has-post-thumbnail","hentry","category-extreme-gauche","category-finistere","category-immigration","category-revue-de-presse"],"relative_dates":{"created":"2 ans ago","modified":"2 ans ago"},"yoast_head":"<!-- This site is optimized with the Yoast SEO plugin v26.3 - https:\/\/yoast.com\/wordpress\/plugins\/seo\/ -->\n<title>Concarneau : diffusion d&#039;un film pro-migrants clandestins - STOURM<\/title>\n<meta name=\"robots\" content=\"index, follow, max-snippet:-1, max-image-preview:large, max-video-preview:-1\" \/>\n<link rel=\"canonical\" href=\"https:\/\/stourm.news\/?p=1367\" \/>\n<meta property=\"og:locale\" content=\"fr_FR\" \/>\n<meta property=\"og:type\" content=\"article\" \/>\n<meta property=\"og:title\" content=\"Concarneau : diffusion d&#039;un film pro-migrants clandestins - STOURM\" \/>\n<meta property=\"og:description\" content=\"Soir\u00e9e propos\u00e9e par la Ligue des Droits de l&rsquo;Homme (extr\u00eame-gauche, ndlr), en pr\u00e9sence de la r\u00e9alisatrice Marion Bo\u00eb. Depuis pr\u00e8s de 20 ans, M\u00e9lanie Le Verger accueille des exil\u00e9s (migrants clandestins, ndlr) mineurs non accompagn\u00e9s dans son cabinet d\u2019avocate et tente de les aider dans la jungle de la justice fran\u00e7aise. Dates : le mardi [&hellip;]\" \/>\n<meta property=\"og:url\" content=\"https:\/\/stourm.news\/?p=1367\" \/>\n<meta property=\"og:site_name\" content=\"STOURM\" \/>\n<meta property=\"article:publisher\" content=\"https:\/\/www.facebook.com\/stourmnews\/\" \/>\n<meta property=\"article:published_time\" content=\"2024-05-14T04:38:11+00:00\" \/>\n<meta property=\"og:image\" content=\"https:\/\/stourm.news\/wp-content\/uploads\/2024\/05\/1200x680_sc_melanie-le-verger.jpg\" \/>\n\t<meta property=\"og:image:width\" content=\"741\" \/>\n\t<meta property=\"og:image:height\" content=\"420\" \/>\n\t<meta property=\"og:image:type\" content=\"image\/jpeg\" \/>\n<meta name=\"author\" content=\"La r\u00e9daction\" \/>\n<meta name=\"twitter:card\" content=\"summary_large_image\" \/>\n<meta name=\"twitter:label1\" content=\"\u00c9crit par\" \/>\n\t<meta name=\"twitter:data1\" content=\"La r\u00e9daction\" \/>\n\t<meta name=\"twitter:label2\" content=\"Dur\u00e9e de lecture estim\u00e9e\" \/>\n\t<meta name=\"twitter:data2\" content=\"1 minute\" \/>\n<script type=\"application\/ld+json\" class=\"yoast-schema-graph\">{\"@context\":\"https:\/\/schema.org\",\"@graph\":[{\"@type\":\"Article\",\"@id\":\"https:\/\/stourm.news\/?p=1367#article\",\"isPartOf\":{\"@id\":\"https:\/\/stourm.news\/?p=1367\"},\"author\":{\"name\":\"La r\u00e9daction\",\"@id\":\"https:\/\/stourm.news\/#\/schema\/person\/c3e1dc65988632e190969234ef046cf9\"},\"headline\":\"Concarneau : diffusion d&rsquo;un film pro-migrants clandestins\",\"datePublished\":\"2024-05-14T04:38:11+00:00\",\"mainEntityOfPage\":{\"@id\":\"https:\/\/stourm.news\/?p=1367\"},\"wordCount\":89,\"commentCount\":0,\"publisher\":{\"@id\":\"https:\/\/stourm.news\/#organization\"},\"image\":{\"@id\":\"https:\/\/stourm.news\/?p=1367#primaryimage\"},\"thumbnailUrl\":\"https:\/\/stourm.news\/wp-content\/uploads\/2024\/05\/1200x680_sc_melanie-le-verger.jpg\",\"articleSection\":[\"Extr\u00eame-gauche\",\"Finist\u00e8re\",\"Immigration\",\"Revue de presse\"],\"inLanguage\":\"fr-FR\",\"potentialAction\":[{\"@type\":\"CommentAction\",\"name\":\"Comment\",\"target\":[\"https:\/\/stourm.news\/?p=1367#respond\"]}]},{\"@type\":\"WebPage\",\"@id\":\"https:\/\/stourm.news\/?p=1367\",\"url\":\"https:\/\/stourm.news\/?p=1367\",\"name\":\"Concarneau : diffusion d'un film pro-migrants clandestins - STOURM\",\"isPartOf\":{\"@id\":\"https:\/\/stourm.news\/#website\"},\"primaryImageOfPage\":{\"@id\":\"https:\/\/stourm.news\/?p=1367#primaryimage\"},\"image\":{\"@id\":\"https:\/\/stourm.news\/?p=1367#primaryimage\"},\"thumbnailUrl\":\"https:\/\/stourm.news\/wp-content\/uploads\/2024\/05\/1200x680_sc_melanie-le-verger.jpg\",\"datePublished\":\"2024-05-14T04:38:11+00:00\",\"breadcrumb\":{\"@id\":\"https:\/\/stourm.news\/?p=1367#breadcrumb\"},\"inLanguage\":\"fr-FR\",\"potentialAction\":[{\"@type\":\"ReadAction\",\"target\":[\"https:\/\/stourm.news\/?p=1367\"]}]},{\"@type\":\"ImageObject\",\"inLanguage\":\"fr-FR\",\"@id\":\"https:\/\/stourm.news\/?p=1367#primaryimage\",\"url\":\"https:\/\/stourm.news\/wp-content\/uploads\/2024\/05\/1200x680_sc_melanie-le-verger.jpg\",\"contentUrl\":\"https:\/\/stourm.news\/wp-content\/uploads\/2024\/05\/1200x680_sc_melanie-le-verger.jpg\",\"width\":741,\"height\":420},{\"@type\":\"BreadcrumbList\",\"@id\":\"https:\/\/stourm.news\/?p=1367#breadcrumb\",\"itemListElement\":[{\"@type\":\"ListItem\",\"position\":1,\"name\":\"Accueil\",\"item\":\"https:\/\/stourm.news\/\"},{\"@type\":\"ListItem\",\"position\":2,\"name\":\"Concarneau : diffusion d&rsquo;un film pro-migrants clandestins\"}]},{\"@type\":\"WebSite\",\"@id\":\"https:\/\/stourm.news\/#website\",\"url\":\"https:\/\/stourm.news\/\",\"name\":\"Stourm\",\"description\":\"Kazetenn Strollad Broadel Breizh\",\"publisher\":{\"@id\":\"https:\/\/stourm.news\/#organization\"},\"potentialAction\":[{\"@type\":\"SearchAction\",\"target\":{\"@type\":\"EntryPoint\",\"urlTemplate\":\"https:\/\/stourm.news\/?s={search_term_string}\"},\"query-input\":{\"@type\":\"PropertyValueSpecification\",\"valueRequired\":true,\"valueName\":\"search_term_string\"}}],\"inLanguage\":\"fr-FR\"},{\"@type\":\"Organization\",\"@id\":\"https:\/\/stourm.news\/#organization\",\"name\":\"Stourm\",\"url\":\"https:\/\/stourm.news\/\",\"logo\":{\"@type\":\"ImageObject\",\"inLanguage\":\"fr-FR\",\"@id\":\"https:\/\/stourm.news\/#\/schema\/logo\/image\/\",\"url\":\"https:\/\/stourm.news\/wp-content\/uploads\/2025\/11\/cropped-Capture-decran-2025-11-28-a-15.19.07.png\",\"contentUrl\":\"https:\/\/stourm.news\/wp-content\/uploads\/2025\/11\/cropped-Capture-decran-2025-11-28-a-15.19.07.png\",\"width\":1855,\"height\":383,\"caption\":\"Stourm\"},\"image\":{\"@id\":\"https:\/\/stourm.news\/#\/schema\/logo\/image\/\"},\"sameAs\":[\"https:\/\/www.facebook.com\/stourmnews\/\"]},{\"@type\":\"Person\",\"@id\":\"https:\/\/stourm.news\/#\/schema\/person\/c3e1dc65988632e190969234ef046cf9\",\"name\":\"La r\u00e9daction\",\"image\":{\"@type\":\"ImageObject\",\"inLanguage\":\"fr-FR\",\"@id\":\"https:\/\/stourm.news\/#\/schema\/person\/image\/\",\"url\":\"https:\/\/secure.gravatar.com\/avatar\/7463443f194b6b5fb706b074ca0ef59a0cfcfd720cb47764b0ec5a952ce422b3?s=96&d=mm&r=g\",\"contentUrl\":\"https:\/\/secure.gravatar.com\/avatar\/7463443f194b6b5fb706b074ca0ef59a0cfcfd720cb47764b0ec5a952ce422b3?s=96&d=mm&r=g\",\"caption\":\"La r\u00e9daction\"},\"sameAs\":[\"https:\/\/stourm.news\"],\"url\":\"https:\/\/stourm.news\/?author=1\"}]}<\/script>\n<!-- \/ Yoast SEO plugin. -->","yoast_head_json":{"title":"Concarneau : diffusion d'un film pro-migrants clandestins - STOURM","robots":{"index":"index","follow":"follow","max-snippet":"max-snippet:-1","max-image-preview":"max-image-preview:large","max-video-preview":"max-video-preview:-1"},"canonical":"https:\/\/stourm.news\/?p=1367","og_locale":"fr_FR","og_type":"article","og_title":"Concarneau : diffusion d'un film pro-migrants clandestins - STOURM","og_description":"Soir\u00e9e propos\u00e9e par la Ligue des Droits de l&rsquo;Homme (extr\u00eame-gauche, ndlr), en pr\u00e9sence de la r\u00e9alisatrice Marion Bo\u00eb. Depuis pr\u00e8s de 20 ans, M\u00e9lanie Le Verger accueille des exil\u00e9s (migrants clandestins, ndlr) mineurs non accompagn\u00e9s dans son cabinet d\u2019avocate et tente de les aider dans la jungle de la justice fran\u00e7aise. Dates : le mardi [&hellip;]","og_url":"https:\/\/stourm.news\/?p=1367","og_site_name":"STOURM","article_publisher":"https:\/\/www.facebook.com\/stourmnews\/","article_published_time":"2024-05-14T04:38:11+00:00","og_image":[{"width":741,"height":420,"url":"https:\/\/stourm.news\/wp-content\/uploads\/2024\/05\/1200x680_sc_melanie-le-verger.jpg","type":"image\/jpeg"}],"author":"La r\u00e9daction","twitter_card":"summary_large_image","twitter_misc":{"\u00c9crit par":"La r\u00e9daction","Dur\u00e9e de lecture estim\u00e9e":"1 minute"},"schema":{"@context":"https:\/\/schema.org","@graph":[{"@type":"Article","@id":"https:\/\/stourm.news\/?p=1367#article","isPartOf":{"@id":"https:\/\/stourm.news\/?p=1367"},"author":{"name":"La r\u00e9daction","@id":"https:\/\/stourm.news\/#\/schema\/person\/c3e1dc65988632e190969234ef046cf9"},"headline":"Concarneau : diffusion d&rsquo;un film pro-migrants clandestins","datePublished":"2024-05-14T04:38:11+00:00","mainEntityOfPage":{"@id":"https:\/\/stourm.news\/?p=1367"},"wordCount":89,"commentCount":0,"publisher":{"@id":"https:\/\/stourm.news\/#organization"},"image":{"@id":"https:\/\/stourm.news\/?p=1367#primaryimage"},"thumbnailUrl":"https:\/\/stourm.news\/wp-content\/uploads\/2024\/05\/1200x680_sc_melanie-le-verger.jpg","articleSection":["Extr\u00eame-gauche","Finist\u00e8re","Immigration","Revue de presse"],"inLanguage":"fr-FR","potentialAction":[{"@type":"CommentAction","name":"Comment","target":["https:\/\/stourm.news\/?p=1367#respond"]}]},{"@type":"WebPage","@id":"https:\/\/stourm.news\/?p=1367","url":"https:\/\/stourm.news\/?p=1367","name":"Concarneau : diffusion d'un film pro-migrants clandestins - STOURM","isPartOf":{"@id":"https:\/\/stourm.news\/#website"},"primaryImageOfPage":{"@id":"https:\/\/stourm.news\/?p=1367#primaryimage"},"image":{"@id":"https:\/\/stourm.news\/?p=1367#primaryimage"},"thumbnailUrl":"https:\/\/stourm.news\/wp-content\/uploads\/2024\/05\/1200x680_sc_melanie-le-verger.jpg","datePublished":"2024-05-14T04:38:11+00:00","breadcrumb":{"@id":"https:\/\/stourm.news\/?p=1367#breadcrumb"},"inLanguage":"fr-FR","potentialAction":[{"@type":"ReadAction","target":["https:\/\/stourm.news\/?p=1367"]}]},{"@type":"ImageObject","inLanguage":"fr-FR","@id":"https:\/\/stourm.news\/?p=1367#primaryimage","url":"https:\/\/stourm.news\/wp-content\/uploads\/2024\/05\/1200x680_sc_melanie-le-verger.jpg","contentUrl":"https:\/\/stourm.news\/wp-content\/uploads\/2024\/05\/1200x680_sc_melanie-le-verger.jpg","width":741,"height":420},{"@type":"BreadcrumbList","@id":"https:\/\/stourm.news\/?p=1367#breadcrumb","itemListElement":[{"@type":"ListItem","position":1,"name":"Accueil","item":"https:\/\/stourm.news\/"},{"@type":"ListItem","position":2,"name":"Concarneau : diffusion d&rsquo;un film pro-migrants clandestins"}]},{"@type":"WebSite","@id":"https:\/\/stourm.news\/#website","url":"https:\/\/stourm.news\/","name":"Stourm","description":"Kazetenn Strollad Broadel Breizh","publisher":{"@id":"https:\/\/stourm.news\/#organization"},"potentialAction":[{"@type":"SearchAction","target":{"@type":"EntryPoint","urlTemplate":"https:\/\/stourm.news\/?s={search_term_string}"},"query-input":{"@type":"PropertyValueSpecification","valueRequired":true,"valueName":"search_term_string"}}],"inLanguage":"fr-FR"},{"@type":"Organization","@id":"https:\/\/stourm.news\/#organization","name":"Stourm","url":"https:\/\/stourm.news\/","logo":{"@type":"ImageObject","inLanguage":"fr-FR","@id":"https:\/\/stourm.news\/#\/schema\/logo\/image\/","url":"https:\/\/stourm.news\/wp-content\/uploads\/2025\/11\/cropped-Capture-decran-2025-11-28-a-15.19.07.png","contentUrl":"https:\/\/stourm.news\/wp-content\/uploads\/2025\/11\/cropped-Capture-decran-2025-11-28-a-15.19.07.png","width":1855,"height":383,"caption":"Stourm"},"image":{"@id":"https:\/\/stourm.news\/#\/schema\/logo\/image\/"},"sameAs":["https:\/\/www.facebook.com\/stourmnews\/"]},{"@type":"Person","@id":"https:\/\/stourm.news\/#\/schema\/person\/c3e1dc65988632e190969234ef046cf9","name":"La r\u00e9daction","image":{"@type":"ImageObject","inLanguage":"fr-FR","@id":"https:\/\/stourm.news\/#\/schema\/person\/image\/","url":"https:\/\/secure.gravatar.com\/avatar\/7463443f194b6b5fb706b074ca0ef59a0cfcfd720cb47764b0ec5a952ce422b3?s=96&d=mm&r=g","contentUrl":"https:\/\/secure.gravatar.com\/avatar\/7463443f194b6b5fb706b074ca0ef59a0cfcfd720cb47764b0ec5a952ce422b3?s=96&d=mm&r=g","caption":"La r\u00e9daction"},"sameAs":["https:\/\/stourm.news"],"url":"https:\/\/stourm.news\/?author=1"}]}},"_links":{"self":[{"href":"https:\/\/stourm.news\/index.php?rest_route=\/wp\/v2\/posts\/1367","targetHints":{"allow":["GET"]}}],"collection":[{"href":"https:\/\/stourm.news\/index.php?rest_route=\/wp\/v2\/posts"}],"about":[{"href":"https:\/\/stourm.news\/index.php?rest_route=\/wp\/v2\/types\/post"}],"author":[{"embeddable":true,"href":"https:\/\/stourm.news\/index.php?rest_route=\/wp\/v2\/users\/1"}],"replies":[{"embeddable":true,"href":"https:\/\/stourm.news\/index.php?rest_route=%2Fwp%2Fv2%2Fcomments&post=1367"}],"version-history":[{"count":1,"href":"https:\/\/stourm.news\/index.php?rest_route=\/wp\/v2\/posts\/1367\/revisions"}],"predecessor-version":[{"id":1369,"href":"https:\/\/stourm.news\/index.php?rest_route=\/wp\/v2\/posts\/1367\/revisions\/1369"}],"wp:featuredmedia":[{"embeddable":true,"href":"https:\/\/stourm.news\/index.php?rest_route=\/wp\/v2\/media\/1368"}],"wp:attachment":[{"href":"https:\/\/stourm.news\/index.php?rest_route=%2Fwp%2Fv2%2Fmedia&parent=1367"}],"wp:term":[{"taxonomy":"category","embeddable":true,"href":"https:\/\/stourm.news\/index.php?rest_route=%2Fwp%2Fv2%2Fcategories&post=1367"},{"taxonomy":"post_tag","embeddable":true,"href":"https:\/\/stourm.news\/index.php?rest_route=%2Fwp%2Fv2%2Ftags&post=1367"}],"curies":[{"name":"wp","href":"https:\/\/api.w.org\/{rel}","templated":true}]}}