{"id":1371,"date":"2024-05-14T05:07:14","date_gmt":"2024-05-14T05:07:14","guid":{"rendered":"https:\/\/stourm.news\/?p=1371"},"modified":"2024-05-14T05:07:14","modified_gmt":"2024-05-14T05:07:14","slug":"brest-on-vient-au-travail-avec-la-boule-au-ventre-a-la-secu-du-quartier-multiculturel-de-bellevue-les-incivilites-grimpent-en-fleche","status":"publish","type":"post","link":"https:\/\/stourm.news\/?p=1371","title":{"rendered":"Brest : \u00ab On vient au travail avec la boule au ventre \u00bb, \u00e0 la S\u00e9cu du quartier multiculturel de Bellevue, les incivilit\u00e9s grimpent en fl\u00e8che"},"content":{"rendered":"<p style=\"text-align: justify;\">Suite au comportement <strong>violent<\/strong> d\u2019un assur\u00e9, l\u2019accueil de la CPAM, dans<strong> le quartier de Bellevue<\/strong> \u00e0 Brest, est rest\u00e9 ferm\u00e9 vendredi et lundi matin. Face \u00e0 ces<strong> incivilit\u00e9s r\u00e9currentes<\/strong>, les agents d\u2019accueil craignent pour leur <strong>s\u00e9curit\u00e9<\/strong>.<\/p>\n<p style=\"text-align: justify;\">Vendredi 10 mai 2024, 9 h 15. Dans les locaux de la Caisse primaire d\u2019assurance maladie (CPAM) de la rue de Savoie \u00e0 <strong>Bellevue<\/strong>, c\u2019est plut\u00f4t calme depuis l\u2019ouverture. Jusqu\u2019au moment o\u00f9 un assur\u00e9 fait irruption dans le hall, et se dirige vers l\u2019agente post\u00e9e devant un ordinateur. \u00ab Il voulait \u00eatre renseign\u00e9 sur l\u2019avancement de son dossier de mutation. La coll\u00e8gue lui a demand\u00e9 un justificatif d\u2019identit\u00e9, mais il n\u2019en avait pas. Elle lui a alors dit qu\u2019on ne pouvait pas le renseigner car c\u2019est la r\u00e8gle. Il est aussit\u00f4t parti <strong>en furie<\/strong>. Il a <strong>fracass\u00e9<\/strong> un premier ordinateur \u00e0 coups de pied, puis le deuxi\u00e8me \u00bb, t\u00e9moigne une coll\u00e8gue.<\/p>\n<p style=\"text-align: justify;\">Source : <a href=\"https:\/\/www.letelegramme.fr\/finistere\/brest-29200\/on-vient-au-travail-avec-la-boule-au-ventre-a-la-secu-de-bellevue-a-brest-les-incivilites-grimpent-en-fleche-6583350.php\">Le T\u00e9l\u00e9gramme<\/a><\/p>\n","protected":false},"excerpt":{"rendered":"<p>Suite au comportement violent d\u2019un assur\u00e9, l\u2019accueil de la CPAM, dans le quartier de Bellevue \u00e0 Brest, est rest\u00e9 ferm\u00e9 vendredi et lundi matin. Face \u00e0 ces incivilit\u00e9s r\u00e9currentes, les agents d\u2019accueil craignent pour leur s\u00e9curit\u00e9. Vendredi 10 mai 2024, 9 h 15. Dans les locaux de la Caisse primaire d\u2019assurance maladie (CPAM) de la [&hellip;]<\/p>\n","protected":false},"author":1,"featured_media":1372,"comment_status":"open","ping_status":"open","sticky":false,"template":"","format":"standard","meta":{"sb_editor_width":"","footnotes":""},"categories":[31,38,62],"tags":[],"class_list":["post-1371","post","type-post","status-publish","format-standard","has-post-thumbnail","hentry","category-agression","category-finistere","category-revue-de-presse"],"relative_dates":{"created":"2 ans ago","modified":"2 ans ago"},"yoast_head":"<!-- This site is optimized with the Yoast SEO plugin v26.3 - https:\/\/yoast.com\/wordpress\/plugins\/seo\/ -->\n<title>Brest : \u00ab On vient au travail avec la boule au ventre \u00bb, \u00e0 la S\u00e9cu du quartier multiculturel de Bellevue, les incivilit\u00e9s grimpent en fl\u00e8che - STOURM<\/title>\n<meta name=\"robots\" content=\"index, follow, max-snippet:-1, max-image-preview:large, max-video-preview:-1\" \/>\n<link rel=\"canonical\" href=\"https:\/\/stourm.news\/?p=1371\" \/>\n<meta property=\"og:locale\" content=\"fr_FR\" \/>\n<meta property=\"og:type\" content=\"article\" \/>\n<meta property=\"og:title\" content=\"Brest : \u00ab On vient au travail avec la boule au ventre \u00bb, \u00e0 la S\u00e9cu du quartier multiculturel de Bellevue, les incivilit\u00e9s grimpent en fl\u00e8che - STOURM\" \/>\n<meta property=\"og:description\" content=\"Suite au comportement violent d\u2019un assur\u00e9, l\u2019accueil de la CPAM, dans le quartier de Bellevue \u00e0 Brest, est rest\u00e9 ferm\u00e9 vendredi et lundi matin. Face \u00e0 ces incivilit\u00e9s r\u00e9currentes, les agents d\u2019accueil craignent pour leur s\u00e9curit\u00e9. Vendredi 10 mai 2024, 9 h 15. Dans les locaux de la Caisse primaire d\u2019assurance maladie (CPAM) de la [&hellip;]\" \/>\n<meta property=\"og:url\" content=\"https:\/\/stourm.news\/?p=1371\" \/>\n<meta property=\"og:site_name\" content=\"STOURM\" \/>\n<meta property=\"article:publisher\" content=\"https:\/\/www.facebook.com\/stourmnews\/\" \/>\n<meta property=\"article:published_time\" content=\"2024-05-14T05:07:14+00:00\" \/>\n<meta property=\"og:image\" content=\"https:\/\/stourm.news\/wp-content\/uploads\/2024\/05\/66423c3d3e468a4fee13ca09.jpg\" \/>\n\t<meta property=\"og:image:width\" content=\"960\" \/>\n\t<meta property=\"og:image:height\" content=\"600\" \/>\n\t<meta property=\"og:image:type\" content=\"image\/jpeg\" \/>\n<meta name=\"author\" content=\"La r\u00e9daction\" \/>\n<meta name=\"twitter:card\" content=\"summary_large_image\" \/>\n<meta name=\"twitter:label1\" content=\"\u00c9crit par\" \/>\n\t<meta name=\"twitter:data1\" content=\"La r\u00e9daction\" \/>\n\t<meta name=\"twitter:label2\" content=\"Dur\u00e9e de lecture estim\u00e9e\" \/>\n\t<meta name=\"twitter:data2\" content=\"1 minute\" \/>\n<script type=\"application\/ld+json\" class=\"yoast-schema-graph\">{\"@context\":\"https:\/\/schema.org\",\"@graph\":[{\"@type\":\"Article\",\"@id\":\"https:\/\/stourm.news\/?p=1371#article\",\"isPartOf\":{\"@id\":\"https:\/\/stourm.news\/?p=1371\"},\"author\":{\"name\":\"La r\u00e9daction\",\"@id\":\"https:\/\/stourm.news\/#\/schema\/person\/c3e1dc65988632e190969234ef046cf9\"},\"headline\":\"Brest : \u00ab On vient au travail avec la boule au ventre \u00bb, \u00e0 la S\u00e9cu du quartier multiculturel de Bellevue, les incivilit\u00e9s grimpent en fl\u00e8che\",\"datePublished\":\"2024-05-14T05:07:14+00:00\",\"mainEntityOfPage\":{\"@id\":\"https:\/\/stourm.news\/?p=1371\"},\"wordCount\":191,\"commentCount\":0,\"publisher\":{\"@id\":\"https:\/\/stourm.news\/#organization\"},\"image\":{\"@id\":\"https:\/\/stourm.news\/?p=1371#primaryimage\"},\"thumbnailUrl\":\"https:\/\/stourm.news\/wp-content\/uploads\/2024\/05\/66423c3d3e468a4fee13ca09.jpg\",\"articleSection\":[\"Agression\",\"Finist\u00e8re\",\"Revue de presse\"],\"inLanguage\":\"fr-FR\",\"potentialAction\":[{\"@type\":\"CommentAction\",\"name\":\"Comment\",\"target\":[\"https:\/\/stourm.news\/?p=1371#respond\"]}]},{\"@type\":\"WebPage\",\"@id\":\"https:\/\/stourm.news\/?p=1371\",\"url\":\"https:\/\/stourm.news\/?p=1371\",\"name\":\"Brest : \u00ab On vient au travail avec la boule au ventre \u00bb, \u00e0 la S\u00e9cu du quartier multiculturel de Bellevue, les incivilit\u00e9s grimpent en fl\u00e8che - STOURM\",\"isPartOf\":{\"@id\":\"https:\/\/stourm.news\/#website\"},\"primaryImageOfPage\":{\"@id\":\"https:\/\/stourm.news\/?p=1371#primaryimage\"},\"image\":{\"@id\":\"https:\/\/stourm.news\/?p=1371#primaryimage\"},\"thumbnailUrl\":\"https:\/\/stourm.news\/wp-content\/uploads\/2024\/05\/66423c3d3e468a4fee13ca09.jpg\",\"datePublished\":\"2024-05-14T05:07:14+00:00\",\"breadcrumb\":{\"@id\":\"https:\/\/stourm.news\/?p=1371#breadcrumb\"},\"inLanguage\":\"fr-FR\",\"potentialAction\":[{\"@type\":\"ReadAction\",\"target\":[\"https:\/\/stourm.news\/?p=1371\"]}]},{\"@type\":\"ImageObject\",\"inLanguage\":\"fr-FR\",\"@id\":\"https:\/\/stourm.news\/?p=1371#primaryimage\",\"url\":\"https:\/\/stourm.news\/wp-content\/uploads\/2024\/05\/66423c3d3e468a4fee13ca09.jpg\",\"contentUrl\":\"https:\/\/stourm.news\/wp-content\/uploads\/2024\/05\/66423c3d3e468a4fee13ca09.jpg\",\"width\":960,\"height\":600},{\"@type\":\"BreadcrumbList\",\"@id\":\"https:\/\/stourm.news\/?p=1371#breadcrumb\",\"itemListElement\":[{\"@type\":\"ListItem\",\"position\":1,\"name\":\"Accueil\",\"item\":\"https:\/\/stourm.news\/\"},{\"@type\":\"ListItem\",\"position\":2,\"name\":\"Brest : \u00ab On vient au travail avec la boule au ventre \u00bb, \u00e0 la S\u00e9cu du quartier multiculturel de Bellevue, les incivilit\u00e9s grimpent en fl\u00e8che\"}]},{\"@type\":\"WebSite\",\"@id\":\"https:\/\/stourm.news\/#website\",\"url\":\"https:\/\/stourm.news\/\",\"name\":\"Stourm\",\"description\":\"Kazetenn Strollad Broadel Breizh\",\"publisher\":{\"@id\":\"https:\/\/stourm.news\/#organization\"},\"potentialAction\":[{\"@type\":\"SearchAction\",\"target\":{\"@type\":\"EntryPoint\",\"urlTemplate\":\"https:\/\/stourm.news\/?s={search_term_string}\"},\"query-input\":{\"@type\":\"PropertyValueSpecification\",\"valueRequired\":true,\"valueName\":\"search_term_string\"}}],\"inLanguage\":\"fr-FR\"},{\"@type\":\"Organization\",\"@id\":\"https:\/\/stourm.news\/#organization\",\"name\":\"Stourm\",\"url\":\"https:\/\/stourm.news\/\",\"logo\":{\"@type\":\"ImageObject\",\"inLanguage\":\"fr-FR\",\"@id\":\"https:\/\/stourm.news\/#\/schema\/logo\/image\/\",\"url\":\"https:\/\/stourm.news\/wp-content\/uploads\/2025\/11\/cropped-Capture-decran-2025-11-28-a-15.19.07.png\",\"contentUrl\":\"https:\/\/stourm.news\/wp-content\/uploads\/2025\/11\/cropped-Capture-decran-2025-11-28-a-15.19.07.png\",\"width\":1855,\"height\":383,\"caption\":\"Stourm\"},\"image\":{\"@id\":\"https:\/\/stourm.news\/#\/schema\/logo\/image\/\"},\"sameAs\":[\"https:\/\/www.facebook.com\/stourmnews\/\"]},{\"@type\":\"Person\",\"@id\":\"https:\/\/stourm.news\/#\/schema\/person\/c3e1dc65988632e190969234ef046cf9\",\"name\":\"La r\u00e9daction\",\"image\":{\"@type\":\"ImageObject\",\"inLanguage\":\"fr-FR\",\"@id\":\"https:\/\/stourm.news\/#\/schema\/person\/image\/\",\"url\":\"https:\/\/secure.gravatar.com\/avatar\/7463443f194b6b5fb706b074ca0ef59a0cfcfd720cb47764b0ec5a952ce422b3?s=96&d=mm&r=g\",\"contentUrl\":\"https:\/\/secure.gravatar.com\/avatar\/7463443f194b6b5fb706b074ca0ef59a0cfcfd720cb47764b0ec5a952ce422b3?s=96&d=mm&r=g\",\"caption\":\"La r\u00e9daction\"},\"sameAs\":[\"https:\/\/stourm.news\"],\"url\":\"https:\/\/stourm.news\/?author=1\"}]}<\/script>\n<!-- \/ Yoast SEO plugin. -->","yoast_head_json":{"title":"Brest : \u00ab On vient au travail avec la boule au ventre \u00bb, \u00e0 la S\u00e9cu du quartier multiculturel de Bellevue, les incivilit\u00e9s grimpent en fl\u00e8che - STOURM","robots":{"index":"index","follow":"follow","max-snippet":"max-snippet:-1","max-image-preview":"max-image-preview:large","max-video-preview":"max-video-preview:-1"},"canonical":"https:\/\/stourm.news\/?p=1371","og_locale":"fr_FR","og_type":"article","og_title":"Brest : \u00ab On vient au travail avec la boule au ventre \u00bb, \u00e0 la S\u00e9cu du quartier multiculturel de Bellevue, les incivilit\u00e9s grimpent en fl\u00e8che - STOURM","og_description":"Suite au comportement violent d\u2019un assur\u00e9, l\u2019accueil de la CPAM, dans le quartier de Bellevue \u00e0 Brest, est rest\u00e9 ferm\u00e9 vendredi et lundi matin. Face \u00e0 ces incivilit\u00e9s r\u00e9currentes, les agents d\u2019accueil craignent pour leur s\u00e9curit\u00e9. Vendredi 10 mai 2024, 9 h 15. Dans les locaux de la Caisse primaire d\u2019assurance maladie (CPAM) de la [&hellip;]","og_url":"https:\/\/stourm.news\/?p=1371","og_site_name":"STOURM","article_publisher":"https:\/\/www.facebook.com\/stourmnews\/","article_published_time":"2024-05-14T05:07:14+00:00","og_image":[{"width":960,"height":600,"url":"https:\/\/stourm.news\/wp-content\/uploads\/2024\/05\/66423c3d3e468a4fee13ca09.jpg","type":"image\/jpeg"}],"author":"La r\u00e9daction","twitter_card":"summary_large_image","twitter_misc":{"\u00c9crit par":"La r\u00e9daction","Dur\u00e9e de lecture estim\u00e9e":"1 minute"},"schema":{"@context":"https:\/\/schema.org","@graph":[{"@type":"Article","@id":"https:\/\/stourm.news\/?p=1371#article","isPartOf":{"@id":"https:\/\/stourm.news\/?p=1371"},"author":{"name":"La r\u00e9daction","@id":"https:\/\/stourm.news\/#\/schema\/person\/c3e1dc65988632e190969234ef046cf9"},"headline":"Brest : \u00ab On vient au travail avec la boule au ventre \u00bb, \u00e0 la S\u00e9cu du quartier multiculturel de Bellevue, les incivilit\u00e9s grimpent en fl\u00e8che","datePublished":"2024-05-14T05:07:14+00:00","mainEntityOfPage":{"@id":"https:\/\/stourm.news\/?p=1371"},"wordCount":191,"commentCount":0,"publisher":{"@id":"https:\/\/stourm.news\/#organization"},"image":{"@id":"https:\/\/stourm.news\/?p=1371#primaryimage"},"thumbnailUrl":"https:\/\/stourm.news\/wp-content\/uploads\/2024\/05\/66423c3d3e468a4fee13ca09.jpg","articleSection":["Agression","Finist\u00e8re","Revue de presse"],"inLanguage":"fr-FR","potentialAction":[{"@type":"CommentAction","name":"Comment","target":["https:\/\/stourm.news\/?p=1371#respond"]}]},{"@type":"WebPage","@id":"https:\/\/stourm.news\/?p=1371","url":"https:\/\/stourm.news\/?p=1371","name":"Brest : \u00ab On vient au travail avec la boule au ventre \u00bb, \u00e0 la S\u00e9cu du quartier multiculturel de Bellevue, les incivilit\u00e9s grimpent en fl\u00e8che - STOURM","isPartOf":{"@id":"https:\/\/stourm.news\/#website"},"primaryImageOfPage":{"@id":"https:\/\/stourm.news\/?p=1371#primaryimage"},"image":{"@id":"https:\/\/stourm.news\/?p=1371#primaryimage"},"thumbnailUrl":"https:\/\/stourm.news\/wp-content\/uploads\/2024\/05\/66423c3d3e468a4fee13ca09.jpg","datePublished":"2024-05-14T05:07:14+00:00","breadcrumb":{"@id":"https:\/\/stourm.news\/?p=1371#breadcrumb"},"inLanguage":"fr-FR","potentialAction":[{"@type":"ReadAction","target":["https:\/\/stourm.news\/?p=1371"]}]},{"@type":"ImageObject","inLanguage":"fr-FR","@id":"https:\/\/stourm.news\/?p=1371#primaryimage","url":"https:\/\/stourm.news\/wp-content\/uploads\/2024\/05\/66423c3d3e468a4fee13ca09.jpg","contentUrl":"https:\/\/stourm.news\/wp-content\/uploads\/2024\/05\/66423c3d3e468a4fee13ca09.jpg","width":960,"height":600},{"@type":"BreadcrumbList","@id":"https:\/\/stourm.news\/?p=1371#breadcrumb","itemListElement":[{"@type":"ListItem","position":1,"name":"Accueil","item":"https:\/\/stourm.news\/"},{"@type":"ListItem","position":2,"name":"Brest : \u00ab On vient au travail avec la boule au ventre \u00bb, \u00e0 la S\u00e9cu du quartier multiculturel de Bellevue, les incivilit\u00e9s grimpent en fl\u00e8che"}]},{"@type":"WebSite","@id":"https:\/\/stourm.news\/#website","url":"https:\/\/stourm.news\/","name":"Stourm","description":"Kazetenn Strollad Broadel Breizh","publisher":{"@id":"https:\/\/stourm.news\/#organization"},"potentialAction":[{"@type":"SearchAction","target":{"@type":"EntryPoint","urlTemplate":"https:\/\/stourm.news\/?s={search_term_string}"},"query-input":{"@type":"PropertyValueSpecification","valueRequired":true,"valueName":"search_term_string"}}],"inLanguage":"fr-FR"},{"@type":"Organization","@id":"https:\/\/stourm.news\/#organization","name":"Stourm","url":"https:\/\/stourm.news\/","logo":{"@type":"ImageObject","inLanguage":"fr-FR","@id":"https:\/\/stourm.news\/#\/schema\/logo\/image\/","url":"https:\/\/stourm.news\/wp-content\/uploads\/2025\/11\/cropped-Capture-decran-2025-11-28-a-15.19.07.png","contentUrl":"https:\/\/stourm.news\/wp-content\/uploads\/2025\/11\/cropped-Capture-decran-2025-11-28-a-15.19.07.png","width":1855,"height":383,"caption":"Stourm"},"image":{"@id":"https:\/\/stourm.news\/#\/schema\/logo\/image\/"},"sameAs":["https:\/\/www.facebook.com\/stourmnews\/"]},{"@type":"Person","@id":"https:\/\/stourm.news\/#\/schema\/person\/c3e1dc65988632e190969234ef046cf9","name":"La r\u00e9daction","image":{"@type":"ImageObject","inLanguage":"fr-FR","@id":"https:\/\/stourm.news\/#\/schema\/person\/image\/","url":"https:\/\/secure.gravatar.com\/avatar\/7463443f194b6b5fb706b074ca0ef59a0cfcfd720cb47764b0ec5a952ce422b3?s=96&d=mm&r=g","contentUrl":"https:\/\/secure.gravatar.com\/avatar\/7463443f194b6b5fb706b074ca0ef59a0cfcfd720cb47764b0ec5a952ce422b3?s=96&d=mm&r=g","caption":"La r\u00e9daction"},"sameAs":["https:\/\/stourm.news"],"url":"https:\/\/stourm.news\/?author=1"}]}},"_links":{"self":[{"href":"https:\/\/stourm.news\/index.php?rest_route=\/wp\/v2\/posts\/1371","targetHints":{"allow":["GET"]}}],"collection":[{"href":"https:\/\/stourm.news\/index.php?rest_route=\/wp\/v2\/posts"}],"about":[{"href":"https:\/\/stourm.news\/index.php?rest_route=\/wp\/v2\/types\/post"}],"author":[{"embeddable":true,"href":"https:\/\/stourm.news\/index.php?rest_route=\/wp\/v2\/users\/1"}],"replies":[{"embeddable":true,"href":"https:\/\/stourm.news\/index.php?rest_route=%2Fwp%2Fv2%2Fcomments&post=1371"}],"version-history":[{"count":1,"href":"https:\/\/stourm.news\/index.php?rest_route=\/wp\/v2\/posts\/1371\/revisions"}],"predecessor-version":[{"id":1373,"href":"https:\/\/stourm.news\/index.php?rest_route=\/wp\/v2\/posts\/1371\/revisions\/1373"}],"wp:featuredmedia":[{"embeddable":true,"href":"https:\/\/stourm.news\/index.php?rest_route=\/wp\/v2\/media\/1372"}],"wp:attachment":[{"href":"https:\/\/stourm.news\/index.php?rest_route=%2Fwp%2Fv2%2Fmedia&parent=1371"}],"wp:term":[{"taxonomy":"category","embeddable":true,"href":"https:\/\/stourm.news\/index.php?rest_route=%2Fwp%2Fv2%2Fcategories&post=1371"},{"taxonomy":"post_tag","embeddable":true,"href":"https:\/\/stourm.news\/index.php?rest_route=%2Fwp%2Fv2%2Ftags&post=1371"}],"curies":[{"name":"wp","href":"https:\/\/api.w.org\/{rel}","templated":true}]}}