{"id":1374,"date":"2024-05-14T05:12:12","date_gmt":"2024-05-14T05:12:12","guid":{"rendered":"https:\/\/stourm.news\/?p=1374"},"modified":"2024-05-14T05:12:12","modified_gmt":"2024-05-14T05:12:12","slug":"brest-un-duo-de-clandestins-ivres-agresse-des-policiers-alors-quil-tente-de-voler-une-moto","status":"publish","type":"post","link":"https:\/\/stourm.news\/?p=1374","title":{"rendered":"Brest : un duo de clandestins ivres agresse des policiers alors qu\u2019il tente de voler une moto"},"content":{"rendered":"<p style=\"text-align: justify;\"><strong>Ivres<\/strong>, ils se sont fait pincer \u00e0 Brest, samedi 11 mai 2024, apr\u00e8s avoir tent\u00e9 de <strong>voler<\/strong> un deux-roues, une petite cylindr\u00e9e de 50 cm3. C\u2019est le propri\u00e9taire de la moto qui a contrari\u00e9 l\u2019initiative des deux hommes de 29 et 32 ans, en les prenant en photo, alors que le duo essayait de faire d\u00e9marrer la b\u00e9cane en jouant, pince en main, avec les fils du d\u00e9marreur.<\/p>\n<p style=\"text-align: justify;\">Esquivant <strong>un coup de poing<\/strong>, le propri\u00e9taire va mettre en fuite le tandem sans emploi <strong>et ayant des ant\u00e9c\u00e9dents judiciaires<\/strong>. Pas pour longtemps. Alert\u00e9e, une patrouille de police va rapidement interpeller les mis en cause, pas du genre \u00e0 se laisser faire pour autant : le plus jeune va<strong> ass\u00e9ner un coup de pied<\/strong> et saisir <strong>les parties intimes<\/strong> d\u2019un des fonctionnaires. Le genre d\u2019excentricit\u00e9 que go\u00fbte moyennement la Justice.<\/p>\n<p style=\"text-align: justify;\">Plac\u00e9s en garde \u00e0 vue, les mis en cause,<strong> de nationalit\u00e9 \u00e9trang\u00e8re et sans titre de s\u00e9jour<\/strong>, devront s\u2019expliquer mardi 14 mai 2024 en comparution imm\u00e9diate. Dans l\u2019attente de leur jugement, ils ont \u00e9t\u00e9 plac\u00e9s en d\u00e9tention provisoire.<\/p>\n<p>Source : <a href=\"https:\/\/www.letelegramme.fr\/finistere\/brest-29200\/a-brest-le-duo-ivre-se-fait-pincer-alors-quil-tente-de-voler-une-moto-6583342.php\">Le T\u00e9l\u00e9gramme<\/a><\/p>\n","protected":false},"excerpt":{"rendered":"<p>Ivres, ils se sont fait pincer \u00e0 Brest, samedi 11 mai 2024, apr\u00e8s avoir tent\u00e9 de voler un deux-roues, une petite cylindr\u00e9e de 50 cm3. C\u2019est le propri\u00e9taire de la moto qui a contrari\u00e9 l\u2019initiative des deux hommes de 29 et 32 ans, en les prenant en photo, alors que le duo essayait de faire [&hellip;]<\/p>\n","protected":false},"author":1,"featured_media":1375,"comment_status":"open","ping_status":"open","sticky":false,"template":"","format":"standard","meta":{"sb_editor_width":"","footnotes":""},"categories":[31,52,38,33,62],"tags":[],"class_list":["post-1374","post","type-post","status-publish","format-standard","has-post-thumbnail","hentry","category-agression","category-faits-divers","category-finistere","category-immigration","category-revue-de-presse"],"relative_dates":{"created":"2 ans ago","modified":"2 ans ago"},"yoast_head":"<!-- This site is optimized with the Yoast SEO plugin v26.3 - https:\/\/yoast.com\/wordpress\/plugins\/seo\/ -->\n<title>Brest : un duo de clandestins ivres agresse des policiers alors qu\u2019il tente de voler une moto - STOURM<\/title>\n<meta name=\"robots\" content=\"index, follow, max-snippet:-1, max-image-preview:large, max-video-preview:-1\" \/>\n<link rel=\"canonical\" href=\"https:\/\/stourm.news\/?p=1374\" \/>\n<meta property=\"og:locale\" content=\"fr_FR\" \/>\n<meta property=\"og:type\" content=\"article\" \/>\n<meta property=\"og:title\" content=\"Brest : un duo de clandestins ivres agresse des policiers alors qu\u2019il tente de voler une moto - STOURM\" \/>\n<meta property=\"og:description\" content=\"Ivres, ils se sont fait pincer \u00e0 Brest, samedi 11 mai 2024, apr\u00e8s avoir tent\u00e9 de voler un deux-roues, une petite cylindr\u00e9e de 50 cm3. C\u2019est le propri\u00e9taire de la moto qui a contrari\u00e9 l\u2019initiative des deux hommes de 29 et 32 ans, en les prenant en photo, alors que le duo essayait de faire [&hellip;]\" \/>\n<meta property=\"og:url\" content=\"https:\/\/stourm.news\/?p=1374\" \/>\n<meta property=\"og:site_name\" content=\"STOURM\" \/>\n<meta property=\"article:publisher\" content=\"https:\/\/www.facebook.com\/stourmnews\/\" \/>\n<meta property=\"article:published_time\" content=\"2024-05-14T05:12:12+00:00\" \/>\n<meta property=\"og:image\" content=\"https:\/\/stourm.news\/wp-content\/uploads\/2024\/05\/664239c97b4003070e20718a.jpg\" \/>\n\t<meta property=\"og:image:width\" content=\"960\" \/>\n\t<meta property=\"og:image:height\" content=\"600\" \/>\n\t<meta property=\"og:image:type\" content=\"image\/jpeg\" \/>\n<meta name=\"author\" content=\"La r\u00e9daction\" \/>\n<meta name=\"twitter:card\" content=\"summary_large_image\" \/>\n<meta name=\"twitter:label1\" content=\"\u00c9crit par\" \/>\n\t<meta name=\"twitter:data1\" content=\"La r\u00e9daction\" \/>\n\t<meta name=\"twitter:label2\" content=\"Dur\u00e9e de lecture estim\u00e9e\" \/>\n\t<meta name=\"twitter:data2\" content=\"1 minute\" \/>\n<script type=\"application\/ld+json\" class=\"yoast-schema-graph\">{\"@context\":\"https:\/\/schema.org\",\"@graph\":[{\"@type\":\"Article\",\"@id\":\"https:\/\/stourm.news\/?p=1374#article\",\"isPartOf\":{\"@id\":\"https:\/\/stourm.news\/?p=1374\"},\"author\":{\"name\":\"La r\u00e9daction\",\"@id\":\"https:\/\/stourm.news\/#\/schema\/person\/c3e1dc65988632e190969234ef046cf9\"},\"headline\":\"Brest : un duo de clandestins ivres agresse des policiers alors qu\u2019il tente de voler une moto\",\"datePublished\":\"2024-05-14T05:12:12+00:00\",\"mainEntityOfPage\":{\"@id\":\"https:\/\/stourm.news\/?p=1374\"},\"wordCount\":211,\"commentCount\":0,\"publisher\":{\"@id\":\"https:\/\/stourm.news\/#organization\"},\"image\":{\"@id\":\"https:\/\/stourm.news\/?p=1374#primaryimage\"},\"thumbnailUrl\":\"https:\/\/stourm.news\/wp-content\/uploads\/2024\/05\/664239c97b4003070e20718a.jpg\",\"articleSection\":[\"Agression\",\"Faits divers\",\"Finist\u00e8re\",\"Immigration\",\"Revue de presse\"],\"inLanguage\":\"fr-FR\",\"potentialAction\":[{\"@type\":\"CommentAction\",\"name\":\"Comment\",\"target\":[\"https:\/\/stourm.news\/?p=1374#respond\"]}]},{\"@type\":\"WebPage\",\"@id\":\"https:\/\/stourm.news\/?p=1374\",\"url\":\"https:\/\/stourm.news\/?p=1374\",\"name\":\"Brest : un duo de clandestins ivres agresse des policiers alors qu\u2019il tente de voler une moto - STOURM\",\"isPartOf\":{\"@id\":\"https:\/\/stourm.news\/#website\"},\"primaryImageOfPage\":{\"@id\":\"https:\/\/stourm.news\/?p=1374#primaryimage\"},\"image\":{\"@id\":\"https:\/\/stourm.news\/?p=1374#primaryimage\"},\"thumbnailUrl\":\"https:\/\/stourm.news\/wp-content\/uploads\/2024\/05\/664239c97b4003070e20718a.jpg\",\"datePublished\":\"2024-05-14T05:12:12+00:00\",\"breadcrumb\":{\"@id\":\"https:\/\/stourm.news\/?p=1374#breadcrumb\"},\"inLanguage\":\"fr-FR\",\"potentialAction\":[{\"@type\":\"ReadAction\",\"target\":[\"https:\/\/stourm.news\/?p=1374\"]}]},{\"@type\":\"ImageObject\",\"inLanguage\":\"fr-FR\",\"@id\":\"https:\/\/stourm.news\/?p=1374#primaryimage\",\"url\":\"https:\/\/stourm.news\/wp-content\/uploads\/2024\/05\/664239c97b4003070e20718a.jpg\",\"contentUrl\":\"https:\/\/stourm.news\/wp-content\/uploads\/2024\/05\/664239c97b4003070e20718a.jpg\",\"width\":960,\"height\":600},{\"@type\":\"BreadcrumbList\",\"@id\":\"https:\/\/stourm.news\/?p=1374#breadcrumb\",\"itemListElement\":[{\"@type\":\"ListItem\",\"position\":1,\"name\":\"Accueil\",\"item\":\"https:\/\/stourm.news\/\"},{\"@type\":\"ListItem\",\"position\":2,\"name\":\"Brest : un duo de clandestins ivres agresse des policiers alors qu\u2019il tente de voler une moto\"}]},{\"@type\":\"WebSite\",\"@id\":\"https:\/\/stourm.news\/#website\",\"url\":\"https:\/\/stourm.news\/\",\"name\":\"Stourm\",\"description\":\"Kazetenn Strollad Broadel Breizh\",\"publisher\":{\"@id\":\"https:\/\/stourm.news\/#organization\"},\"potentialAction\":[{\"@type\":\"SearchAction\",\"target\":{\"@type\":\"EntryPoint\",\"urlTemplate\":\"https:\/\/stourm.news\/?s={search_term_string}\"},\"query-input\":{\"@type\":\"PropertyValueSpecification\",\"valueRequired\":true,\"valueName\":\"search_term_string\"}}],\"inLanguage\":\"fr-FR\"},{\"@type\":\"Organization\",\"@id\":\"https:\/\/stourm.news\/#organization\",\"name\":\"Stourm\",\"url\":\"https:\/\/stourm.news\/\",\"logo\":{\"@type\":\"ImageObject\",\"inLanguage\":\"fr-FR\",\"@id\":\"https:\/\/stourm.news\/#\/schema\/logo\/image\/\",\"url\":\"https:\/\/stourm.news\/wp-content\/uploads\/2025\/11\/cropped-Capture-decran-2025-11-28-a-15.19.07.png\",\"contentUrl\":\"https:\/\/stourm.news\/wp-content\/uploads\/2025\/11\/cropped-Capture-decran-2025-11-28-a-15.19.07.png\",\"width\":1855,\"height\":383,\"caption\":\"Stourm\"},\"image\":{\"@id\":\"https:\/\/stourm.news\/#\/schema\/logo\/image\/\"},\"sameAs\":[\"https:\/\/www.facebook.com\/stourmnews\/\"]},{\"@type\":\"Person\",\"@id\":\"https:\/\/stourm.news\/#\/schema\/person\/c3e1dc65988632e190969234ef046cf9\",\"name\":\"La r\u00e9daction\",\"image\":{\"@type\":\"ImageObject\",\"inLanguage\":\"fr-FR\",\"@id\":\"https:\/\/stourm.news\/#\/schema\/person\/image\/\",\"url\":\"https:\/\/secure.gravatar.com\/avatar\/7463443f194b6b5fb706b074ca0ef59a0cfcfd720cb47764b0ec5a952ce422b3?s=96&d=mm&r=g\",\"contentUrl\":\"https:\/\/secure.gravatar.com\/avatar\/7463443f194b6b5fb706b074ca0ef59a0cfcfd720cb47764b0ec5a952ce422b3?s=96&d=mm&r=g\",\"caption\":\"La r\u00e9daction\"},\"sameAs\":[\"https:\/\/stourm.news\"],\"url\":\"https:\/\/stourm.news\/?author=1\"}]}<\/script>\n<!-- \/ Yoast SEO plugin. -->","yoast_head_json":{"title":"Brest : un duo de clandestins ivres agresse des policiers alors qu\u2019il tente de voler une moto - STOURM","robots":{"index":"index","follow":"follow","max-snippet":"max-snippet:-1","max-image-preview":"max-image-preview:large","max-video-preview":"max-video-preview:-1"},"canonical":"https:\/\/stourm.news\/?p=1374","og_locale":"fr_FR","og_type":"article","og_title":"Brest : un duo de clandestins ivres agresse des policiers alors qu\u2019il tente de voler une moto - STOURM","og_description":"Ivres, ils se sont fait pincer \u00e0 Brest, samedi 11 mai 2024, apr\u00e8s avoir tent\u00e9 de voler un deux-roues, une petite cylindr\u00e9e de 50 cm3. C\u2019est le propri\u00e9taire de la moto qui a contrari\u00e9 l\u2019initiative des deux hommes de 29 et 32 ans, en les prenant en photo, alors que le duo essayait de faire [&hellip;]","og_url":"https:\/\/stourm.news\/?p=1374","og_site_name":"STOURM","article_publisher":"https:\/\/www.facebook.com\/stourmnews\/","article_published_time":"2024-05-14T05:12:12+00:00","og_image":[{"width":960,"height":600,"url":"https:\/\/stourm.news\/wp-content\/uploads\/2024\/05\/664239c97b4003070e20718a.jpg","type":"image\/jpeg"}],"author":"La r\u00e9daction","twitter_card":"summary_large_image","twitter_misc":{"\u00c9crit par":"La r\u00e9daction","Dur\u00e9e de lecture estim\u00e9e":"1 minute"},"schema":{"@context":"https:\/\/schema.org","@graph":[{"@type":"Article","@id":"https:\/\/stourm.news\/?p=1374#article","isPartOf":{"@id":"https:\/\/stourm.news\/?p=1374"},"author":{"name":"La r\u00e9daction","@id":"https:\/\/stourm.news\/#\/schema\/person\/c3e1dc65988632e190969234ef046cf9"},"headline":"Brest : un duo de clandestins ivres agresse des policiers alors qu\u2019il tente de voler une moto","datePublished":"2024-05-14T05:12:12+00:00","mainEntityOfPage":{"@id":"https:\/\/stourm.news\/?p=1374"},"wordCount":211,"commentCount":0,"publisher":{"@id":"https:\/\/stourm.news\/#organization"},"image":{"@id":"https:\/\/stourm.news\/?p=1374#primaryimage"},"thumbnailUrl":"https:\/\/stourm.news\/wp-content\/uploads\/2024\/05\/664239c97b4003070e20718a.jpg","articleSection":["Agression","Faits divers","Finist\u00e8re","Immigration","Revue de presse"],"inLanguage":"fr-FR","potentialAction":[{"@type":"CommentAction","name":"Comment","target":["https:\/\/stourm.news\/?p=1374#respond"]}]},{"@type":"WebPage","@id":"https:\/\/stourm.news\/?p=1374","url":"https:\/\/stourm.news\/?p=1374","name":"Brest : un duo de clandestins ivres agresse des policiers alors qu\u2019il tente de voler une moto - STOURM","isPartOf":{"@id":"https:\/\/stourm.news\/#website"},"primaryImageOfPage":{"@id":"https:\/\/stourm.news\/?p=1374#primaryimage"},"image":{"@id":"https:\/\/stourm.news\/?p=1374#primaryimage"},"thumbnailUrl":"https:\/\/stourm.news\/wp-content\/uploads\/2024\/05\/664239c97b4003070e20718a.jpg","datePublished":"2024-05-14T05:12:12+00:00","breadcrumb":{"@id":"https:\/\/stourm.news\/?p=1374#breadcrumb"},"inLanguage":"fr-FR","potentialAction":[{"@type":"ReadAction","target":["https:\/\/stourm.news\/?p=1374"]}]},{"@type":"ImageObject","inLanguage":"fr-FR","@id":"https:\/\/stourm.news\/?p=1374#primaryimage","url":"https:\/\/stourm.news\/wp-content\/uploads\/2024\/05\/664239c97b4003070e20718a.jpg","contentUrl":"https:\/\/stourm.news\/wp-content\/uploads\/2024\/05\/664239c97b4003070e20718a.jpg","width":960,"height":600},{"@type":"BreadcrumbList","@id":"https:\/\/stourm.news\/?p=1374#breadcrumb","itemListElement":[{"@type":"ListItem","position":1,"name":"Accueil","item":"https:\/\/stourm.news\/"},{"@type":"ListItem","position":2,"name":"Brest : un duo de clandestins ivres agresse des policiers alors qu\u2019il tente de voler une moto"}]},{"@type":"WebSite","@id":"https:\/\/stourm.news\/#website","url":"https:\/\/stourm.news\/","name":"Stourm","description":"Kazetenn Strollad Broadel Breizh","publisher":{"@id":"https:\/\/stourm.news\/#organization"},"potentialAction":[{"@type":"SearchAction","target":{"@type":"EntryPoint","urlTemplate":"https:\/\/stourm.news\/?s={search_term_string}"},"query-input":{"@type":"PropertyValueSpecification","valueRequired":true,"valueName":"search_term_string"}}],"inLanguage":"fr-FR"},{"@type":"Organization","@id":"https:\/\/stourm.news\/#organization","name":"Stourm","url":"https:\/\/stourm.news\/","logo":{"@type":"ImageObject","inLanguage":"fr-FR","@id":"https:\/\/stourm.news\/#\/schema\/logo\/image\/","url":"https:\/\/stourm.news\/wp-content\/uploads\/2025\/11\/cropped-Capture-decran-2025-11-28-a-15.19.07.png","contentUrl":"https:\/\/stourm.news\/wp-content\/uploads\/2025\/11\/cropped-Capture-decran-2025-11-28-a-15.19.07.png","width":1855,"height":383,"caption":"Stourm"},"image":{"@id":"https:\/\/stourm.news\/#\/schema\/logo\/image\/"},"sameAs":["https:\/\/www.facebook.com\/stourmnews\/"]},{"@type":"Person","@id":"https:\/\/stourm.news\/#\/schema\/person\/c3e1dc65988632e190969234ef046cf9","name":"La r\u00e9daction","image":{"@type":"ImageObject","inLanguage":"fr-FR","@id":"https:\/\/stourm.news\/#\/schema\/person\/image\/","url":"https:\/\/secure.gravatar.com\/avatar\/7463443f194b6b5fb706b074ca0ef59a0cfcfd720cb47764b0ec5a952ce422b3?s=96&d=mm&r=g","contentUrl":"https:\/\/secure.gravatar.com\/avatar\/7463443f194b6b5fb706b074ca0ef59a0cfcfd720cb47764b0ec5a952ce422b3?s=96&d=mm&r=g","caption":"La r\u00e9daction"},"sameAs":["https:\/\/stourm.news"],"url":"https:\/\/stourm.news\/?author=1"}]}},"_links":{"self":[{"href":"https:\/\/stourm.news\/index.php?rest_route=\/wp\/v2\/posts\/1374","targetHints":{"allow":["GET"]}}],"collection":[{"href":"https:\/\/stourm.news\/index.php?rest_route=\/wp\/v2\/posts"}],"about":[{"href":"https:\/\/stourm.news\/index.php?rest_route=\/wp\/v2\/types\/post"}],"author":[{"embeddable":true,"href":"https:\/\/stourm.news\/index.php?rest_route=\/wp\/v2\/users\/1"}],"replies":[{"embeddable":true,"href":"https:\/\/stourm.news\/index.php?rest_route=%2Fwp%2Fv2%2Fcomments&post=1374"}],"version-history":[{"count":1,"href":"https:\/\/stourm.news\/index.php?rest_route=\/wp\/v2\/posts\/1374\/revisions"}],"predecessor-version":[{"id":1376,"href":"https:\/\/stourm.news\/index.php?rest_route=\/wp\/v2\/posts\/1374\/revisions\/1376"}],"wp:featuredmedia":[{"embeddable":true,"href":"https:\/\/stourm.news\/index.php?rest_route=\/wp\/v2\/media\/1375"}],"wp:attachment":[{"href":"https:\/\/stourm.news\/index.php?rest_route=%2Fwp%2Fv2%2Fmedia&parent=1374"}],"wp:term":[{"taxonomy":"category","embeddable":true,"href":"https:\/\/stourm.news\/index.php?rest_route=%2Fwp%2Fv2%2Fcategories&post=1374"},{"taxonomy":"post_tag","embeddable":true,"href":"https:\/\/stourm.news\/index.php?rest_route=%2Fwp%2Fv2%2Ftags&post=1374"}],"curies":[{"name":"wp","href":"https:\/\/api.w.org\/{rel}","templated":true}]}}