{"id":1384,"date":"2024-05-15T05:06:02","date_gmt":"2024-05-15T05:06:02","guid":{"rendered":"https:\/\/stourm.news\/?p=1384"},"modified":"2024-05-15T05:06:02","modified_gmt":"2024-05-15T05:06:02","slug":"culpabilisation-antiblanche-a-gourin-max-relouzat-mene-un-combat-contre-linjustice-et-lesclavage","status":"publish","type":"post","link":"https:\/\/stourm.news\/?p=1384","title":{"rendered":"Culpabilisation antiblanche : \u00e0 Gourin, Max Relouzat m\u00e8ne un combat contre l\u2019injustice et l\u2019esclavage"},"content":{"rendered":"<p style=\"text-align: justify;\">Breton d\u2019origine martiniquaise et \u00ab enfant du monde \u00bb, Max Relouzat \u00e9tait \u00e0 la m\u00e9diath\u00e8que de Gourin, samedi 11 mai 2024, pour donner une conf\u00e9rence sur l\u2019esclavage et le devoir de m\u00e9moire.<\/p>\n<p style=\"text-align: justify;\">\u00c0 l\u2019occasion de la Journ\u00e9e comm\u00e9morative de l\u2019esclavage et de son abolition, la m\u00e9diath\u00e8que de Gourin recevait, le lendemain, samedi 11 mai 2024, Max Relouzat, pr\u00e9sident de l\u2019association M\u00e9moires des esclavages, pour donner une conf\u00e9rence sur l\u2019esclavage.<\/p>\n<p style=\"text-align: justify;\">Source : <a href=\"https:\/\/www.letelegramme.fr\/morbihan\/gourin-56110\/en-conference-a-gourin-max-relouzat-mene-un-combat-contre-linjustice-et-lesclavage-6583793.php\">Le T\u00e9l\u00e9gramme<\/a><\/p>\n","protected":false},"excerpt":{"rendered":"<p>Breton d\u2019origine martiniquaise et \u00ab enfant du monde \u00bb, Max Relouzat \u00e9tait \u00e0 la m\u00e9diath\u00e8que de Gourin, samedi 11 mai 2024, pour donner une conf\u00e9rence sur l\u2019esclavage et le devoir de m\u00e9moire. \u00c0 l\u2019occasion de la Journ\u00e9e comm\u00e9morative de l\u2019esclavage et de son abolition, la m\u00e9diath\u00e8que de Gourin recevait, le lendemain, samedi 11 mai 2024, [&hellip;]<\/p>\n","protected":false},"author":1,"featured_media":1385,"comment_status":"open","ping_status":"open","sticky":false,"template":"","format":"standard","meta":{"sb_editor_width":"","footnotes":""},"categories":[36,40,62],"tags":[],"class_list":["post-1384","post","type-post","status-publish","format-standard","has-post-thumbnail","hentry","category-extreme-gauche","category-morbihan","category-revue-de-presse"],"relative_dates":{"created":"2 ans ago","modified":"2 ans ago"},"yoast_head":"<!-- This site is optimized with the Yoast SEO plugin v26.3 - https:\/\/yoast.com\/wordpress\/plugins\/seo\/ -->\n<title>Culpabilisation antiblanche : \u00e0 Gourin, Max Relouzat m\u00e8ne un combat contre l\u2019injustice et l\u2019esclavage - STOURM<\/title>\n<meta name=\"robots\" content=\"index, follow, max-snippet:-1, max-image-preview:large, max-video-preview:-1\" \/>\n<link rel=\"canonical\" href=\"https:\/\/stourm.news\/?p=1384\" \/>\n<meta property=\"og:locale\" content=\"fr_FR\" \/>\n<meta property=\"og:type\" content=\"article\" \/>\n<meta property=\"og:title\" content=\"Culpabilisation antiblanche : \u00e0 Gourin, Max Relouzat m\u00e8ne un combat contre l\u2019injustice et l\u2019esclavage - STOURM\" \/>\n<meta property=\"og:description\" content=\"Breton d\u2019origine martiniquaise et \u00ab enfant du monde \u00bb, Max Relouzat \u00e9tait \u00e0 la m\u00e9diath\u00e8que de Gourin, samedi 11 mai 2024, pour donner une conf\u00e9rence sur l\u2019esclavage et le devoir de m\u00e9moire. \u00c0 l\u2019occasion de la Journ\u00e9e comm\u00e9morative de l\u2019esclavage et de son abolition, la m\u00e9diath\u00e8que de Gourin recevait, le lendemain, samedi 11 mai 2024, [&hellip;]\" \/>\n<meta property=\"og:url\" content=\"https:\/\/stourm.news\/?p=1384\" \/>\n<meta property=\"og:site_name\" content=\"STOURM\" \/>\n<meta property=\"article:publisher\" content=\"https:\/\/www.facebook.com\/stourmnews\/\" \/>\n<meta property=\"article:published_time\" content=\"2024-05-15T05:06:02+00:00\" \/>\n<meta property=\"og:image\" content=\"https:\/\/stourm.news\/wp-content\/uploads\/2024\/05\/6643690ac1df0f269e229402.jpg\" \/>\n\t<meta property=\"og:image:width\" content=\"960\" \/>\n\t<meta property=\"og:image:height\" content=\"600\" \/>\n\t<meta property=\"og:image:type\" content=\"image\/jpeg\" \/>\n<meta name=\"author\" content=\"La r\u00e9daction\" \/>\n<meta name=\"twitter:card\" content=\"summary_large_image\" \/>\n<meta name=\"twitter:label1\" content=\"\u00c9crit par\" \/>\n\t<meta name=\"twitter:data1\" content=\"La r\u00e9daction\" \/>\n\t<meta name=\"twitter:label2\" content=\"Dur\u00e9e de lecture estim\u00e9e\" \/>\n\t<meta name=\"twitter:data2\" content=\"1 minute\" \/>\n<script type=\"application\/ld+json\" class=\"yoast-schema-graph\">{\"@context\":\"https:\/\/schema.org\",\"@graph\":[{\"@type\":\"Article\",\"@id\":\"https:\/\/stourm.news\/?p=1384#article\",\"isPartOf\":{\"@id\":\"https:\/\/stourm.news\/?p=1384\"},\"author\":{\"name\":\"La r\u00e9daction\",\"@id\":\"https:\/\/stourm.news\/#\/schema\/person\/c3e1dc65988632e190969234ef046cf9\"},\"headline\":\"Culpabilisation antiblanche : \u00e0 Gourin, Max Relouzat m\u00e8ne un combat contre l\u2019injustice et l\u2019esclavage\",\"datePublished\":\"2024-05-15T05:06:02+00:00\",\"mainEntityOfPage\":{\"@id\":\"https:\/\/stourm.news\/?p=1384\"},\"wordCount\":98,\"commentCount\":0,\"publisher\":{\"@id\":\"https:\/\/stourm.news\/#organization\"},\"image\":{\"@id\":\"https:\/\/stourm.news\/?p=1384#primaryimage\"},\"thumbnailUrl\":\"https:\/\/stourm.news\/wp-content\/uploads\/2024\/05\/6643690ac1df0f269e229402.jpg\",\"articleSection\":[\"Extr\u00eame-gauche\",\"Morbihan\",\"Revue de presse\"],\"inLanguage\":\"fr-FR\",\"potentialAction\":[{\"@type\":\"CommentAction\",\"name\":\"Comment\",\"target\":[\"https:\/\/stourm.news\/?p=1384#respond\"]}]},{\"@type\":\"WebPage\",\"@id\":\"https:\/\/stourm.news\/?p=1384\",\"url\":\"https:\/\/stourm.news\/?p=1384\",\"name\":\"Culpabilisation antiblanche : \u00e0 Gourin, Max Relouzat m\u00e8ne un combat contre l\u2019injustice et l\u2019esclavage - STOURM\",\"isPartOf\":{\"@id\":\"https:\/\/stourm.news\/#website\"},\"primaryImageOfPage\":{\"@id\":\"https:\/\/stourm.news\/?p=1384#primaryimage\"},\"image\":{\"@id\":\"https:\/\/stourm.news\/?p=1384#primaryimage\"},\"thumbnailUrl\":\"https:\/\/stourm.news\/wp-content\/uploads\/2024\/05\/6643690ac1df0f269e229402.jpg\",\"datePublished\":\"2024-05-15T05:06:02+00:00\",\"breadcrumb\":{\"@id\":\"https:\/\/stourm.news\/?p=1384#breadcrumb\"},\"inLanguage\":\"fr-FR\",\"potentialAction\":[{\"@type\":\"ReadAction\",\"target\":[\"https:\/\/stourm.news\/?p=1384\"]}]},{\"@type\":\"ImageObject\",\"inLanguage\":\"fr-FR\",\"@id\":\"https:\/\/stourm.news\/?p=1384#primaryimage\",\"url\":\"https:\/\/stourm.news\/wp-content\/uploads\/2024\/05\/6643690ac1df0f269e229402.jpg\",\"contentUrl\":\"https:\/\/stourm.news\/wp-content\/uploads\/2024\/05\/6643690ac1df0f269e229402.jpg\",\"width\":960,\"height\":600,\"caption\":\"Claire Le Men\u00e9, responsable de la m\u00e9diath\u00e8que de Gourin, a accueilli samedi le Quimp\u00e9rois d'origine martiniquaise Max Relouzat, connu pour son engagement politique et social.\"},{\"@type\":\"BreadcrumbList\",\"@id\":\"https:\/\/stourm.news\/?p=1384#breadcrumb\",\"itemListElement\":[{\"@type\":\"ListItem\",\"position\":1,\"name\":\"Accueil\",\"item\":\"https:\/\/stourm.news\/\"},{\"@type\":\"ListItem\",\"position\":2,\"name\":\"Culpabilisation antiblanche : \u00e0 Gourin, Max Relouzat m\u00e8ne un combat contre l\u2019injustice et l\u2019esclavage\"}]},{\"@type\":\"WebSite\",\"@id\":\"https:\/\/stourm.news\/#website\",\"url\":\"https:\/\/stourm.news\/\",\"name\":\"Stourm\",\"description\":\"Kazetenn Strollad Broadel Breizh\",\"publisher\":{\"@id\":\"https:\/\/stourm.news\/#organization\"},\"potentialAction\":[{\"@type\":\"SearchAction\",\"target\":{\"@type\":\"EntryPoint\",\"urlTemplate\":\"https:\/\/stourm.news\/?s={search_term_string}\"},\"query-input\":{\"@type\":\"PropertyValueSpecification\",\"valueRequired\":true,\"valueName\":\"search_term_string\"}}],\"inLanguage\":\"fr-FR\"},{\"@type\":\"Organization\",\"@id\":\"https:\/\/stourm.news\/#organization\",\"name\":\"Stourm\",\"url\":\"https:\/\/stourm.news\/\",\"logo\":{\"@type\":\"ImageObject\",\"inLanguage\":\"fr-FR\",\"@id\":\"https:\/\/stourm.news\/#\/schema\/logo\/image\/\",\"url\":\"https:\/\/stourm.news\/wp-content\/uploads\/2025\/11\/cropped-Capture-decran-2025-11-28-a-15.19.07.png\",\"contentUrl\":\"https:\/\/stourm.news\/wp-content\/uploads\/2025\/11\/cropped-Capture-decran-2025-11-28-a-15.19.07.png\",\"width\":1855,\"height\":383,\"caption\":\"Stourm\"},\"image\":{\"@id\":\"https:\/\/stourm.news\/#\/schema\/logo\/image\/\"},\"sameAs\":[\"https:\/\/www.facebook.com\/stourmnews\/\"]},{\"@type\":\"Person\",\"@id\":\"https:\/\/stourm.news\/#\/schema\/person\/c3e1dc65988632e190969234ef046cf9\",\"name\":\"La r\u00e9daction\",\"image\":{\"@type\":\"ImageObject\",\"inLanguage\":\"fr-FR\",\"@id\":\"https:\/\/stourm.news\/#\/schema\/person\/image\/\",\"url\":\"https:\/\/secure.gravatar.com\/avatar\/7463443f194b6b5fb706b074ca0ef59a0cfcfd720cb47764b0ec5a952ce422b3?s=96&d=mm&r=g\",\"contentUrl\":\"https:\/\/secure.gravatar.com\/avatar\/7463443f194b6b5fb706b074ca0ef59a0cfcfd720cb47764b0ec5a952ce422b3?s=96&d=mm&r=g\",\"caption\":\"La r\u00e9daction\"},\"sameAs\":[\"https:\/\/stourm.news\"],\"url\":\"https:\/\/stourm.news\/?author=1\"}]}<\/script>\n<!-- \/ Yoast SEO plugin. -->","yoast_head_json":{"title":"Culpabilisation antiblanche : \u00e0 Gourin, Max Relouzat m\u00e8ne un combat contre l\u2019injustice et l\u2019esclavage - STOURM","robots":{"index":"index","follow":"follow","max-snippet":"max-snippet:-1","max-image-preview":"max-image-preview:large","max-video-preview":"max-video-preview:-1"},"canonical":"https:\/\/stourm.news\/?p=1384","og_locale":"fr_FR","og_type":"article","og_title":"Culpabilisation antiblanche : \u00e0 Gourin, Max Relouzat m\u00e8ne un combat contre l\u2019injustice et l\u2019esclavage - STOURM","og_description":"Breton d\u2019origine martiniquaise et \u00ab enfant du monde \u00bb, Max Relouzat \u00e9tait \u00e0 la m\u00e9diath\u00e8que de Gourin, samedi 11 mai 2024, pour donner une conf\u00e9rence sur l\u2019esclavage et le devoir de m\u00e9moire. \u00c0 l\u2019occasion de la Journ\u00e9e comm\u00e9morative de l\u2019esclavage et de son abolition, la m\u00e9diath\u00e8que de Gourin recevait, le lendemain, samedi 11 mai 2024, [&hellip;]","og_url":"https:\/\/stourm.news\/?p=1384","og_site_name":"STOURM","article_publisher":"https:\/\/www.facebook.com\/stourmnews\/","article_published_time":"2024-05-15T05:06:02+00:00","og_image":[{"width":960,"height":600,"url":"https:\/\/stourm.news\/wp-content\/uploads\/2024\/05\/6643690ac1df0f269e229402.jpg","type":"image\/jpeg"}],"author":"La r\u00e9daction","twitter_card":"summary_large_image","twitter_misc":{"\u00c9crit par":"La r\u00e9daction","Dur\u00e9e de lecture estim\u00e9e":"1 minute"},"schema":{"@context":"https:\/\/schema.org","@graph":[{"@type":"Article","@id":"https:\/\/stourm.news\/?p=1384#article","isPartOf":{"@id":"https:\/\/stourm.news\/?p=1384"},"author":{"name":"La r\u00e9daction","@id":"https:\/\/stourm.news\/#\/schema\/person\/c3e1dc65988632e190969234ef046cf9"},"headline":"Culpabilisation antiblanche : \u00e0 Gourin, Max Relouzat m\u00e8ne un combat contre l\u2019injustice et l\u2019esclavage","datePublished":"2024-05-15T05:06:02+00:00","mainEntityOfPage":{"@id":"https:\/\/stourm.news\/?p=1384"},"wordCount":98,"commentCount":0,"publisher":{"@id":"https:\/\/stourm.news\/#organization"},"image":{"@id":"https:\/\/stourm.news\/?p=1384#primaryimage"},"thumbnailUrl":"https:\/\/stourm.news\/wp-content\/uploads\/2024\/05\/6643690ac1df0f269e229402.jpg","articleSection":["Extr\u00eame-gauche","Morbihan","Revue de presse"],"inLanguage":"fr-FR","potentialAction":[{"@type":"CommentAction","name":"Comment","target":["https:\/\/stourm.news\/?p=1384#respond"]}]},{"@type":"WebPage","@id":"https:\/\/stourm.news\/?p=1384","url":"https:\/\/stourm.news\/?p=1384","name":"Culpabilisation antiblanche : \u00e0 Gourin, Max Relouzat m\u00e8ne un combat contre l\u2019injustice et l\u2019esclavage - STOURM","isPartOf":{"@id":"https:\/\/stourm.news\/#website"},"primaryImageOfPage":{"@id":"https:\/\/stourm.news\/?p=1384#primaryimage"},"image":{"@id":"https:\/\/stourm.news\/?p=1384#primaryimage"},"thumbnailUrl":"https:\/\/stourm.news\/wp-content\/uploads\/2024\/05\/6643690ac1df0f269e229402.jpg","datePublished":"2024-05-15T05:06:02+00:00","breadcrumb":{"@id":"https:\/\/stourm.news\/?p=1384#breadcrumb"},"inLanguage":"fr-FR","potentialAction":[{"@type":"ReadAction","target":["https:\/\/stourm.news\/?p=1384"]}]},{"@type":"ImageObject","inLanguage":"fr-FR","@id":"https:\/\/stourm.news\/?p=1384#primaryimage","url":"https:\/\/stourm.news\/wp-content\/uploads\/2024\/05\/6643690ac1df0f269e229402.jpg","contentUrl":"https:\/\/stourm.news\/wp-content\/uploads\/2024\/05\/6643690ac1df0f269e229402.jpg","width":960,"height":600,"caption":"Claire Le Men\u00e9, responsable de la m\u00e9diath\u00e8que de Gourin, a accueilli samedi le Quimp\u00e9rois d'origine martiniquaise Max Relouzat, connu pour son engagement politique et social."},{"@type":"BreadcrumbList","@id":"https:\/\/stourm.news\/?p=1384#breadcrumb","itemListElement":[{"@type":"ListItem","position":1,"name":"Accueil","item":"https:\/\/stourm.news\/"},{"@type":"ListItem","position":2,"name":"Culpabilisation antiblanche : \u00e0 Gourin, Max Relouzat m\u00e8ne un combat contre l\u2019injustice et l\u2019esclavage"}]},{"@type":"WebSite","@id":"https:\/\/stourm.news\/#website","url":"https:\/\/stourm.news\/","name":"Stourm","description":"Kazetenn Strollad Broadel Breizh","publisher":{"@id":"https:\/\/stourm.news\/#organization"},"potentialAction":[{"@type":"SearchAction","target":{"@type":"EntryPoint","urlTemplate":"https:\/\/stourm.news\/?s={search_term_string}"},"query-input":{"@type":"PropertyValueSpecification","valueRequired":true,"valueName":"search_term_string"}}],"inLanguage":"fr-FR"},{"@type":"Organization","@id":"https:\/\/stourm.news\/#organization","name":"Stourm","url":"https:\/\/stourm.news\/","logo":{"@type":"ImageObject","inLanguage":"fr-FR","@id":"https:\/\/stourm.news\/#\/schema\/logo\/image\/","url":"https:\/\/stourm.news\/wp-content\/uploads\/2025\/11\/cropped-Capture-decran-2025-11-28-a-15.19.07.png","contentUrl":"https:\/\/stourm.news\/wp-content\/uploads\/2025\/11\/cropped-Capture-decran-2025-11-28-a-15.19.07.png","width":1855,"height":383,"caption":"Stourm"},"image":{"@id":"https:\/\/stourm.news\/#\/schema\/logo\/image\/"},"sameAs":["https:\/\/www.facebook.com\/stourmnews\/"]},{"@type":"Person","@id":"https:\/\/stourm.news\/#\/schema\/person\/c3e1dc65988632e190969234ef046cf9","name":"La r\u00e9daction","image":{"@type":"ImageObject","inLanguage":"fr-FR","@id":"https:\/\/stourm.news\/#\/schema\/person\/image\/","url":"https:\/\/secure.gravatar.com\/avatar\/7463443f194b6b5fb706b074ca0ef59a0cfcfd720cb47764b0ec5a952ce422b3?s=96&d=mm&r=g","contentUrl":"https:\/\/secure.gravatar.com\/avatar\/7463443f194b6b5fb706b074ca0ef59a0cfcfd720cb47764b0ec5a952ce422b3?s=96&d=mm&r=g","caption":"La r\u00e9daction"},"sameAs":["https:\/\/stourm.news"],"url":"https:\/\/stourm.news\/?author=1"}]}},"_links":{"self":[{"href":"https:\/\/stourm.news\/index.php?rest_route=\/wp\/v2\/posts\/1384","targetHints":{"allow":["GET"]}}],"collection":[{"href":"https:\/\/stourm.news\/index.php?rest_route=\/wp\/v2\/posts"}],"about":[{"href":"https:\/\/stourm.news\/index.php?rest_route=\/wp\/v2\/types\/post"}],"author":[{"embeddable":true,"href":"https:\/\/stourm.news\/index.php?rest_route=\/wp\/v2\/users\/1"}],"replies":[{"embeddable":true,"href":"https:\/\/stourm.news\/index.php?rest_route=%2Fwp%2Fv2%2Fcomments&post=1384"}],"version-history":[{"count":1,"href":"https:\/\/stourm.news\/index.php?rest_route=\/wp\/v2\/posts\/1384\/revisions"}],"predecessor-version":[{"id":1386,"href":"https:\/\/stourm.news\/index.php?rest_route=\/wp\/v2\/posts\/1384\/revisions\/1386"}],"wp:featuredmedia":[{"embeddable":true,"href":"https:\/\/stourm.news\/index.php?rest_route=\/wp\/v2\/media\/1385"}],"wp:attachment":[{"href":"https:\/\/stourm.news\/index.php?rest_route=%2Fwp%2Fv2%2Fmedia&parent=1384"}],"wp:term":[{"taxonomy":"category","embeddable":true,"href":"https:\/\/stourm.news\/index.php?rest_route=%2Fwp%2Fv2%2Fcategories&post=1384"},{"taxonomy":"post_tag","embeddable":true,"href":"https:\/\/stourm.news\/index.php?rest_route=%2Fwp%2Fv2%2Ftags&post=1384"}],"curies":[{"name":"wp","href":"https:\/\/api.w.org\/{rel}","templated":true}]}}