{"id":1387,"date":"2024-05-15T05:11:40","date_gmt":"2024-05-15T05:11:40","guid":{"rendered":"https:\/\/stourm.news\/?p=1387"},"modified":"2024-05-15T05:12:11","modified_gmt":"2024-05-15T05:12:11","slug":"avec-son-sabre-il-ma-menace-et-traite-de-poucave-la-colere-dun-agent-de-la-ville-de-rennes","status":"publish","type":"post","link":"https:\/\/stourm.news\/?p=1387","title":{"rendered":"\u00ab\u00a0Avec son sabre, il m&rsquo;a menac\u00e9 et trait\u00e9 de poucave\u00a0\u00bb : la col\u00e8re d&rsquo;un agent de la Ville de Rennes"},"content":{"rendered":"<p style=\"text-align: justify;\">C\u2019est sous une averse de pluie que Pierre* est venu manifester son d\u00e9sarroi et sa col\u00e8re, devant l\u2019h\u00f4tel de Rennes M\u00e9tropole, mardi 14 mai 2024.<\/p>\n<p style=\"text-align: justify;\">Agent territorial depuis une vingtaine d\u2019ann\u00e9es, il est venu avec ses coll\u00e8gues pour d\u00e9noncer <strong>\u00ab les incivilit\u00e9s \u00bb<\/strong> que les agents de la Ville subissent \u00ab depuis le mois de novembre avec <strong>certains dealers<\/strong> du Blosne \u00bb.<\/p>\n<p style=\"text-align: justify;\"><strong>Fouilles, surveillance renforc\u00e9e, intimidations<\/strong>\u2026 Il devient difficile pour les \u00e9quipes de ne pas venir travailler la boule au ventre. Une situation qui avait men\u00e9 le syndicat SUD, puis la CGT, \u00e0 d\u00e9poser un pr\u00e9avis de gr\u00e8ve, vendredi 26 avril.<\/p>\n<blockquote>\n<p style=\"text-align: justify;\">On ne peut plus faire notre boulot correctement. Soit on est interpell\u00e9, soit menac\u00e9 ou agress\u00e9 avec des armes.<\/p>\n<p style=\"text-align: justify;\">Pierre<br \/>\nAgent territorial Rennes M\u00e9tropole<\/p>\n<\/blockquote>\n<p style=\"text-align: justify;\"><strong>Un sabre et des insultes<\/strong><\/p>\n<p style=\"text-align: justify;\">Et les <strong>menaces<\/strong>, Pierre en sait quelque chose puisqu\u2019il en a lui-m\u00eame \u00e9t\u00e9 victime. La sc\u00e8ne s\u2019est d\u00e9roul\u00e9e vendredi 10 mai, peu avant 9 h.<\/p>\n<blockquote>\n<p style=\"text-align: justify;\">J&rsquo;\u00e9tais \u00e0 Italie, je vidais les poubelles. Puis, j&rsquo;ai vu un gars avec un sabre dans les mains et il m&rsquo;a donn\u00e9 des noms d&rsquo;oiseaux.<\/p>\n<p style=\"text-align: justify;\">Pierre<br \/>\nAgent territorial Rennes M\u00e9tropole<\/p>\n<\/blockquote>\n<p style=\"text-align: justify;\">Face \u00e0 cette situation inqui\u00e9tante, Pierre d\u00e9cide de s\u2019\u00e9loigner. \u00ab J\u2019ai dit \u00e0 mon coll\u00e8gue de partir pour se mettre en s\u00e9curit\u00e9. \u00bb Alors que les deux hommes poursuivent leur travail plus loin, la personne arm\u00e9e revient \u00e0 la charge.<\/p>\n<blockquote>\n<p style=\"text-align: justify;\">Il \u00e9tait agressif. Il pensait que j&rsquo;\u00e9tais un flic. Il m&rsquo;a menac\u00e9 et m&rsquo;a trait\u00e9 de poucave et de balance.<\/p>\n<p style=\"text-align: justify;\">Pierre<br \/>\nAgent territorial Rennes M\u00e9tropole<\/p>\n<\/blockquote>\n<p style=\"text-align: justify;\">Pierre et son coll\u00e8gue n\u2019ont donc pas eu d\u2019autres choix que de partir. L\u2019individu, qui cherchait visiblement \u00e0 emp\u00eacher les agents de vider les corbeilles, a \u00e9galement film\u00e9 Pierre \u00e0 deux reprises.<\/p>\n<p style=\"text-align: justify;\">Une pratique qui avait d\u00e9j\u00e0 \u00e9t\u00e9 d\u00e9nonc\u00e9e par le service des espaces verts, fin avril, \u00e0 travers des t\u00e9moignages recueillis par actu Rennes.<\/p>\n<p style=\"text-align: justify;\">Apr\u00e8s cet \u00e9v\u00e8nement, Pierre a d\u00e9cid\u00e9 de porter plainte. \u00ab J\u2019ai appris que la mairie a aussi d\u00e9pos\u00e9 une plainte \u00bb, souligne l\u2019homme.<\/p>\n<p style=\"text-align: justify;\">La section syndicale SUD Ville et M\u00e9tropole de Rennes a rapport\u00e9 que les agents de la propret\u00e9 ont \u00e0 nouveau \u00e9t\u00e9 \u00ab trait\u00e9s de balances \u00bb, lundi 13 mai et ont d\u00fb quitter la place de Serbie.<\/p>\n<p style=\"text-align: justify;\">*pr\u00e9nom d\u2019emprunt<\/p>\n","protected":false},"excerpt":{"rendered":"<p>C\u2019est sous une averse de pluie que Pierre* est venu manifester son d\u00e9sarroi et sa col\u00e8re, devant l\u2019h\u00f4tel de Rennes M\u00e9tropole, mardi 14 mai 2024. Agent territorial depuis une vingtaine d\u2019ann\u00e9es, il est venu avec ses coll\u00e8gues pour d\u00e9noncer \u00ab les incivilit\u00e9s \u00bb que les agents de la Ville subissent \u00ab depuis le mois de [&hellip;]<\/p>\n","protected":false},"author":1,"featured_media":1388,"comment_status":"open","ping_status":"open","sticky":false,"template":"","format":"standard","meta":{"sb_editor_width":"","footnotes":""},"categories":[31,41,62],"tags":[],"class_list":["post-1387","post","type-post","status-publish","format-standard","has-post-thumbnail","hentry","category-agression","category-ille-et-vilaine","category-revue-de-presse"],"relative_dates":{"created":"2 ans ago","modified":"2 ans ago"},"yoast_head":"<!-- This site is optimized with the Yoast SEO plugin v26.3 - https:\/\/yoast.com\/wordpress\/plugins\/seo\/ -->\n<title>&quot;Avec son sabre, il m&#039;a menac\u00e9 et trait\u00e9 de poucave&quot; : la col\u00e8re d&#039;un agent de la Ville de Rennes - STOURM<\/title>\n<meta name=\"robots\" content=\"index, follow, max-snippet:-1, max-image-preview:large, max-video-preview:-1\" \/>\n<link rel=\"canonical\" href=\"https:\/\/stourm.news\/?p=1387\" \/>\n<meta property=\"og:locale\" content=\"fr_FR\" \/>\n<meta property=\"og:type\" content=\"article\" \/>\n<meta property=\"og:title\" content=\"&quot;Avec son sabre, il m&#039;a menac\u00e9 et trait\u00e9 de poucave&quot; : la col\u00e8re d&#039;un agent de la Ville de Rennes - STOURM\" \/>\n<meta property=\"og:description\" content=\"C\u2019est sous une averse de pluie que Pierre* est venu manifester son d\u00e9sarroi et sa col\u00e8re, devant l\u2019h\u00f4tel de Rennes M\u00e9tropole, mardi 14 mai 2024. Agent territorial depuis une vingtaine d\u2019ann\u00e9es, il est venu avec ses coll\u00e8gues pour d\u00e9noncer \u00ab les incivilit\u00e9s \u00bb que les agents de la Ville subissent \u00ab depuis le mois de [&hellip;]\" \/>\n<meta property=\"og:url\" content=\"https:\/\/stourm.news\/?p=1387\" \/>\n<meta property=\"og:site_name\" content=\"STOURM\" \/>\n<meta property=\"article:publisher\" content=\"https:\/\/www.facebook.com\/stourmnews\/\" \/>\n<meta property=\"article:published_time\" content=\"2024-05-15T05:11:40+00:00\" \/>\n<meta property=\"article:modified_time\" content=\"2024-05-15T05:12:11+00:00\" \/>\n<meta property=\"og:image\" content=\"https:\/\/stourm.news\/wp-content\/uploads\/2024\/05\/manif-agents-territoriaux-rennes-metropole-sos-garessions-incivilites-12-960x640-1.jpg\" \/>\n\t<meta property=\"og:image:width\" content=\"960\" \/>\n\t<meta property=\"og:image:height\" content=\"640\" \/>\n\t<meta property=\"og:image:type\" content=\"image\/jpeg\" \/>\n<meta name=\"author\" content=\"La r\u00e9daction\" \/>\n<meta name=\"twitter:card\" content=\"summary_large_image\" \/>\n<meta name=\"twitter:label1\" content=\"\u00c9crit par\" \/>\n\t<meta name=\"twitter:data1\" content=\"La r\u00e9daction\" \/>\n\t<meta name=\"twitter:label2\" content=\"Dur\u00e9e de lecture estim\u00e9e\" \/>\n\t<meta name=\"twitter:data2\" content=\"2 minutes\" \/>\n<script type=\"application\/ld+json\" class=\"yoast-schema-graph\">{\"@context\":\"https:\/\/schema.org\",\"@graph\":[{\"@type\":\"Article\",\"@id\":\"https:\/\/stourm.news\/?p=1387#article\",\"isPartOf\":{\"@id\":\"https:\/\/stourm.news\/?p=1387\"},\"author\":{\"name\":\"La r\u00e9daction\",\"@id\":\"https:\/\/stourm.news\/#\/schema\/person\/c3e1dc65988632e190969234ef046cf9\"},\"headline\":\"\u00ab\u00a0Avec son sabre, il m&rsquo;a menac\u00e9 et trait\u00e9 de poucave\u00a0\u00bb : la col\u00e8re d&rsquo;un agent de la Ville de Rennes\",\"datePublished\":\"2024-05-15T05:11:40+00:00\",\"dateModified\":\"2024-05-15T05:12:11+00:00\",\"mainEntityOfPage\":{\"@id\":\"https:\/\/stourm.news\/?p=1387\"},\"wordCount\":421,\"commentCount\":0,\"publisher\":{\"@id\":\"https:\/\/stourm.news\/#organization\"},\"image\":{\"@id\":\"https:\/\/stourm.news\/?p=1387#primaryimage\"},\"thumbnailUrl\":\"https:\/\/stourm.news\/wp-content\/uploads\/2024\/05\/manif-agents-territoriaux-rennes-metropole-sos-garessions-incivilites-12-960x640-1.jpg\",\"articleSection\":[\"Agression\",\"Ille-et-Vilaine\",\"Revue de presse\"],\"inLanguage\":\"fr-FR\",\"potentialAction\":[{\"@type\":\"CommentAction\",\"name\":\"Comment\",\"target\":[\"https:\/\/stourm.news\/?p=1387#respond\"]}]},{\"@type\":\"WebPage\",\"@id\":\"https:\/\/stourm.news\/?p=1387\",\"url\":\"https:\/\/stourm.news\/?p=1387\",\"name\":\"\\\"Avec son sabre, il m'a menac\u00e9 et trait\u00e9 de poucave\\\" : la col\u00e8re d'un agent de la Ville de Rennes - STOURM\",\"isPartOf\":{\"@id\":\"https:\/\/stourm.news\/#website\"},\"primaryImageOfPage\":{\"@id\":\"https:\/\/stourm.news\/?p=1387#primaryimage\"},\"image\":{\"@id\":\"https:\/\/stourm.news\/?p=1387#primaryimage\"},\"thumbnailUrl\":\"https:\/\/stourm.news\/wp-content\/uploads\/2024\/05\/manif-agents-territoriaux-rennes-metropole-sos-garessions-incivilites-12-960x640-1.jpg\",\"datePublished\":\"2024-05-15T05:11:40+00:00\",\"dateModified\":\"2024-05-15T05:12:11+00:00\",\"breadcrumb\":{\"@id\":\"https:\/\/stourm.news\/?p=1387#breadcrumb\"},\"inLanguage\":\"fr-FR\",\"potentialAction\":[{\"@type\":\"ReadAction\",\"target\":[\"https:\/\/stourm.news\/?p=1387\"]}]},{\"@type\":\"ImageObject\",\"inLanguage\":\"fr-FR\",\"@id\":\"https:\/\/stourm.news\/?p=1387#primaryimage\",\"url\":\"https:\/\/stourm.news\/wp-content\/uploads\/2024\/05\/manif-agents-territoriaux-rennes-metropole-sos-garessions-incivilites-12-960x640-1.jpg\",\"contentUrl\":\"https:\/\/stourm.news\/wp-content\/uploads\/2024\/05\/manif-agents-territoriaux-rennes-metropole-sos-garessions-incivilites-12-960x640-1.jpg\",\"width\":960,\"height\":640},{\"@type\":\"BreadcrumbList\",\"@id\":\"https:\/\/stourm.news\/?p=1387#breadcrumb\",\"itemListElement\":[{\"@type\":\"ListItem\",\"position\":1,\"name\":\"Accueil\",\"item\":\"https:\/\/stourm.news\/\"},{\"@type\":\"ListItem\",\"position\":2,\"name\":\"\u00ab\u00a0Avec son sabre, il m&rsquo;a menac\u00e9 et trait\u00e9 de poucave\u00a0\u00bb : la col\u00e8re d&rsquo;un agent de la Ville de Rennes\"}]},{\"@type\":\"WebSite\",\"@id\":\"https:\/\/stourm.news\/#website\",\"url\":\"https:\/\/stourm.news\/\",\"name\":\"Stourm\",\"description\":\"Kazetenn Strollad Broadel Breizh\",\"publisher\":{\"@id\":\"https:\/\/stourm.news\/#organization\"},\"potentialAction\":[{\"@type\":\"SearchAction\",\"target\":{\"@type\":\"EntryPoint\",\"urlTemplate\":\"https:\/\/stourm.news\/?s={search_term_string}\"},\"query-input\":{\"@type\":\"PropertyValueSpecification\",\"valueRequired\":true,\"valueName\":\"search_term_string\"}}],\"inLanguage\":\"fr-FR\"},{\"@type\":\"Organization\",\"@id\":\"https:\/\/stourm.news\/#organization\",\"name\":\"Stourm\",\"url\":\"https:\/\/stourm.news\/\",\"logo\":{\"@type\":\"ImageObject\",\"inLanguage\":\"fr-FR\",\"@id\":\"https:\/\/stourm.news\/#\/schema\/logo\/image\/\",\"url\":\"https:\/\/stourm.news\/wp-content\/uploads\/2025\/11\/cropped-Capture-decran-2025-11-28-a-15.19.07.png\",\"contentUrl\":\"https:\/\/stourm.news\/wp-content\/uploads\/2025\/11\/cropped-Capture-decran-2025-11-28-a-15.19.07.png\",\"width\":1855,\"height\":383,\"caption\":\"Stourm\"},\"image\":{\"@id\":\"https:\/\/stourm.news\/#\/schema\/logo\/image\/\"},\"sameAs\":[\"https:\/\/www.facebook.com\/stourmnews\/\"]},{\"@type\":\"Person\",\"@id\":\"https:\/\/stourm.news\/#\/schema\/person\/c3e1dc65988632e190969234ef046cf9\",\"name\":\"La r\u00e9daction\",\"image\":{\"@type\":\"ImageObject\",\"inLanguage\":\"fr-FR\",\"@id\":\"https:\/\/stourm.news\/#\/schema\/person\/image\/\",\"url\":\"https:\/\/secure.gravatar.com\/avatar\/7463443f194b6b5fb706b074ca0ef59a0cfcfd720cb47764b0ec5a952ce422b3?s=96&d=mm&r=g\",\"contentUrl\":\"https:\/\/secure.gravatar.com\/avatar\/7463443f194b6b5fb706b074ca0ef59a0cfcfd720cb47764b0ec5a952ce422b3?s=96&d=mm&r=g\",\"caption\":\"La r\u00e9daction\"},\"sameAs\":[\"https:\/\/stourm.news\"],\"url\":\"https:\/\/stourm.news\/?author=1\"}]}<\/script>\n<!-- \/ Yoast SEO plugin. -->","yoast_head_json":{"title":"\"Avec son sabre, il m'a menac\u00e9 et trait\u00e9 de poucave\" : la col\u00e8re d'un agent de la Ville de Rennes - STOURM","robots":{"index":"index","follow":"follow","max-snippet":"max-snippet:-1","max-image-preview":"max-image-preview:large","max-video-preview":"max-video-preview:-1"},"canonical":"https:\/\/stourm.news\/?p=1387","og_locale":"fr_FR","og_type":"article","og_title":"\"Avec son sabre, il m'a menac\u00e9 et trait\u00e9 de poucave\" : la col\u00e8re d'un agent de la Ville de Rennes - STOURM","og_description":"C\u2019est sous une averse de pluie que Pierre* est venu manifester son d\u00e9sarroi et sa col\u00e8re, devant l\u2019h\u00f4tel de Rennes M\u00e9tropole, mardi 14 mai 2024. Agent territorial depuis une vingtaine d\u2019ann\u00e9es, il est venu avec ses coll\u00e8gues pour d\u00e9noncer \u00ab les incivilit\u00e9s \u00bb que les agents de la Ville subissent \u00ab depuis le mois de [&hellip;]","og_url":"https:\/\/stourm.news\/?p=1387","og_site_name":"STOURM","article_publisher":"https:\/\/www.facebook.com\/stourmnews\/","article_published_time":"2024-05-15T05:11:40+00:00","article_modified_time":"2024-05-15T05:12:11+00:00","og_image":[{"width":960,"height":640,"url":"https:\/\/stourm.news\/wp-content\/uploads\/2024\/05\/manif-agents-territoriaux-rennes-metropole-sos-garessions-incivilites-12-960x640-1.jpg","type":"image\/jpeg"}],"author":"La r\u00e9daction","twitter_card":"summary_large_image","twitter_misc":{"\u00c9crit par":"La r\u00e9daction","Dur\u00e9e de lecture estim\u00e9e":"2 minutes"},"schema":{"@context":"https:\/\/schema.org","@graph":[{"@type":"Article","@id":"https:\/\/stourm.news\/?p=1387#article","isPartOf":{"@id":"https:\/\/stourm.news\/?p=1387"},"author":{"name":"La r\u00e9daction","@id":"https:\/\/stourm.news\/#\/schema\/person\/c3e1dc65988632e190969234ef046cf9"},"headline":"\u00ab\u00a0Avec son sabre, il m&rsquo;a menac\u00e9 et trait\u00e9 de poucave\u00a0\u00bb : la col\u00e8re d&rsquo;un agent de la Ville de Rennes","datePublished":"2024-05-15T05:11:40+00:00","dateModified":"2024-05-15T05:12:11+00:00","mainEntityOfPage":{"@id":"https:\/\/stourm.news\/?p=1387"},"wordCount":421,"commentCount":0,"publisher":{"@id":"https:\/\/stourm.news\/#organization"},"image":{"@id":"https:\/\/stourm.news\/?p=1387#primaryimage"},"thumbnailUrl":"https:\/\/stourm.news\/wp-content\/uploads\/2024\/05\/manif-agents-territoriaux-rennes-metropole-sos-garessions-incivilites-12-960x640-1.jpg","articleSection":["Agression","Ille-et-Vilaine","Revue de presse"],"inLanguage":"fr-FR","potentialAction":[{"@type":"CommentAction","name":"Comment","target":["https:\/\/stourm.news\/?p=1387#respond"]}]},{"@type":"WebPage","@id":"https:\/\/stourm.news\/?p=1387","url":"https:\/\/stourm.news\/?p=1387","name":"\"Avec son sabre, il m'a menac\u00e9 et trait\u00e9 de poucave\" : la col\u00e8re d'un agent de la Ville de Rennes - STOURM","isPartOf":{"@id":"https:\/\/stourm.news\/#website"},"primaryImageOfPage":{"@id":"https:\/\/stourm.news\/?p=1387#primaryimage"},"image":{"@id":"https:\/\/stourm.news\/?p=1387#primaryimage"},"thumbnailUrl":"https:\/\/stourm.news\/wp-content\/uploads\/2024\/05\/manif-agents-territoriaux-rennes-metropole-sos-garessions-incivilites-12-960x640-1.jpg","datePublished":"2024-05-15T05:11:40+00:00","dateModified":"2024-05-15T05:12:11+00:00","breadcrumb":{"@id":"https:\/\/stourm.news\/?p=1387#breadcrumb"},"inLanguage":"fr-FR","potentialAction":[{"@type":"ReadAction","target":["https:\/\/stourm.news\/?p=1387"]}]},{"@type":"ImageObject","inLanguage":"fr-FR","@id":"https:\/\/stourm.news\/?p=1387#primaryimage","url":"https:\/\/stourm.news\/wp-content\/uploads\/2024\/05\/manif-agents-territoriaux-rennes-metropole-sos-garessions-incivilites-12-960x640-1.jpg","contentUrl":"https:\/\/stourm.news\/wp-content\/uploads\/2024\/05\/manif-agents-territoriaux-rennes-metropole-sos-garessions-incivilites-12-960x640-1.jpg","width":960,"height":640},{"@type":"BreadcrumbList","@id":"https:\/\/stourm.news\/?p=1387#breadcrumb","itemListElement":[{"@type":"ListItem","position":1,"name":"Accueil","item":"https:\/\/stourm.news\/"},{"@type":"ListItem","position":2,"name":"\u00ab\u00a0Avec son sabre, il m&rsquo;a menac\u00e9 et trait\u00e9 de poucave\u00a0\u00bb : la col\u00e8re d&rsquo;un agent de la Ville de Rennes"}]},{"@type":"WebSite","@id":"https:\/\/stourm.news\/#website","url":"https:\/\/stourm.news\/","name":"Stourm","description":"Kazetenn Strollad Broadel Breizh","publisher":{"@id":"https:\/\/stourm.news\/#organization"},"potentialAction":[{"@type":"SearchAction","target":{"@type":"EntryPoint","urlTemplate":"https:\/\/stourm.news\/?s={search_term_string}"},"query-input":{"@type":"PropertyValueSpecification","valueRequired":true,"valueName":"search_term_string"}}],"inLanguage":"fr-FR"},{"@type":"Organization","@id":"https:\/\/stourm.news\/#organization","name":"Stourm","url":"https:\/\/stourm.news\/","logo":{"@type":"ImageObject","inLanguage":"fr-FR","@id":"https:\/\/stourm.news\/#\/schema\/logo\/image\/","url":"https:\/\/stourm.news\/wp-content\/uploads\/2025\/11\/cropped-Capture-decran-2025-11-28-a-15.19.07.png","contentUrl":"https:\/\/stourm.news\/wp-content\/uploads\/2025\/11\/cropped-Capture-decran-2025-11-28-a-15.19.07.png","width":1855,"height":383,"caption":"Stourm"},"image":{"@id":"https:\/\/stourm.news\/#\/schema\/logo\/image\/"},"sameAs":["https:\/\/www.facebook.com\/stourmnews\/"]},{"@type":"Person","@id":"https:\/\/stourm.news\/#\/schema\/person\/c3e1dc65988632e190969234ef046cf9","name":"La r\u00e9daction","image":{"@type":"ImageObject","inLanguage":"fr-FR","@id":"https:\/\/stourm.news\/#\/schema\/person\/image\/","url":"https:\/\/secure.gravatar.com\/avatar\/7463443f194b6b5fb706b074ca0ef59a0cfcfd720cb47764b0ec5a952ce422b3?s=96&d=mm&r=g","contentUrl":"https:\/\/secure.gravatar.com\/avatar\/7463443f194b6b5fb706b074ca0ef59a0cfcfd720cb47764b0ec5a952ce422b3?s=96&d=mm&r=g","caption":"La r\u00e9daction"},"sameAs":["https:\/\/stourm.news"],"url":"https:\/\/stourm.news\/?author=1"}]}},"_links":{"self":[{"href":"https:\/\/stourm.news\/index.php?rest_route=\/wp\/v2\/posts\/1387","targetHints":{"allow":["GET"]}}],"collection":[{"href":"https:\/\/stourm.news\/index.php?rest_route=\/wp\/v2\/posts"}],"about":[{"href":"https:\/\/stourm.news\/index.php?rest_route=\/wp\/v2\/types\/post"}],"author":[{"embeddable":true,"href":"https:\/\/stourm.news\/index.php?rest_route=\/wp\/v2\/users\/1"}],"replies":[{"embeddable":true,"href":"https:\/\/stourm.news\/index.php?rest_route=%2Fwp%2Fv2%2Fcomments&post=1387"}],"version-history":[{"count":1,"href":"https:\/\/stourm.news\/index.php?rest_route=\/wp\/v2\/posts\/1387\/revisions"}],"predecessor-version":[{"id":1389,"href":"https:\/\/stourm.news\/index.php?rest_route=\/wp\/v2\/posts\/1387\/revisions\/1389"}],"wp:featuredmedia":[{"embeddable":true,"href":"https:\/\/stourm.news\/index.php?rest_route=\/wp\/v2\/media\/1388"}],"wp:attachment":[{"href":"https:\/\/stourm.news\/index.php?rest_route=%2Fwp%2Fv2%2Fmedia&parent=1387"}],"wp:term":[{"taxonomy":"category","embeddable":true,"href":"https:\/\/stourm.news\/index.php?rest_route=%2Fwp%2Fv2%2Fcategories&post=1387"},{"taxonomy":"post_tag","embeddable":true,"href":"https:\/\/stourm.news\/index.php?rest_route=%2Fwp%2Fv2%2Ftags&post=1387"}],"curies":[{"name":"wp","href":"https:\/\/api.w.org\/{rel}","templated":true}]}}