{"id":1402,"date":"2024-05-16T08:53:21","date_gmt":"2024-05-16T08:53:21","guid":{"rendered":"https:\/\/stourm.news\/?p=1402"},"modified":"2024-05-16T08:53:21","modified_gmt":"2024-05-16T08:53:21","slug":"le-pnb-apporte-son-soutien-au-patriote-irlandais-malachy-steenson","status":"publish","type":"post","link":"https:\/\/stourm.news\/?p=1402","title":{"rendered":"Le PNB apporte son soutien au patriote irlandais Malachy Steenson"},"content":{"rendered":"<p style=\"text-align: justify;\">Le patriote irlandais Malachy Steenson a \u00e9t\u00e9 la victime d&rsquo;une tentative d&rsquo;assassinat par un individu affili\u00e9 \u00e0 l&rsquo;extr\u00eame-gauche. Le Parti National Breton a r\u00e9agi et exprim\u00e9 son soutien.<\/p>\n<p style=\"text-align: justify;\"><em><strong>\ud83d\udea8BREAKING\ud83d\udea8 &#8211; Please share<\/strong><\/em><br \/>\n<em><strong>Le candidat \u00e0 l&rsquo;eurod\u00e9put\u00e9 de Dublin @MalachySteenson parle en exclusivit\u00e9 \u00e0 The Liberal de la tentative d&rsquo;assassinat dont il a \u00e9t\u00e9 victime aujourd&rsquo;hui \ud83d\ude33.<\/strong><\/em><\/p>\n<blockquote class=\"twitter-tweet\">\n<p dir=\"ltr\" lang=\"en\">\ud83d\udea8BREAKING\ud83d\udea8 &#8211; Please share<br \/>\nDublin MEP candidate <a href=\"https:\/\/twitter.com\/MalachySteenson?ref_src=twsrc%5Etfw\">@MalachySteenson<\/a> speaks exclusively to The Liberal about the assassination attempt on his life today \ud83d\ude33<br \/>\nFollow us for videos and share <a href=\"https:\/\/t.co\/Lfc70XpQS6\">pic.twitter.com\/Lfc70XpQS6<\/a><\/p>\n<p>\u2014 TheLiberal.ie (@TheLiberal_ie) <a href=\"https:\/\/twitter.com\/TheLiberal_ie\/status\/1790825604608098720?ref_src=twsrc%5Etfw\">May 15, 2024<\/a><\/p><\/blockquote>\n<p><script async src=\"https:\/\/platform.twitter.com\/widgets.js\" charset=\"utf-8\"><\/script>Communiqu\u00e9 du Parti National Breton :<\/p>\n<blockquote>\n<p style=\"text-align: justify;\"><span style=\"font-size: 14pt; color: #000000;\">The Breton National Party expresses its support for MalachySteenson, an Irish patriot who was the victim of an assassination attempt by an individual affiliated with the far left. Be strong, victory is at hand !<\/span><\/p>\n<p style=\"text-align: justify;\"><span style=\"font-size: 14pt; color: #000000;\">Le Parti National Breton exprime son soutien \u00e0 MalachySteenson, patriote irlandais victime d&rsquo;une tentative d&rsquo;assassinat par un individu affili\u00e9 \u00e0 l&rsquo;extr\u00eame gauche. Soyez forts, la victoire est proche !<\/span><\/p>\n<\/blockquote>\n<p style=\"text-align: justify;\">C&rsquo;est l&rsquo;engagement pour la pr\u00e9servation de l&rsquo;int\u00e9grit\u00e9 du peuple irlandais sur sa terre face \u00e0 la politique d&rsquo;immigration massive qui est \u00e0 l&rsquo;origine de cette tentative d&rsquo;assassinat politique.<\/p>\n<p style=\"text-align: right;\"><strong>Ewen Broc&rsquo;han<\/strong><\/p>\n","protected":false},"excerpt":{"rendered":"<p>Le patriote irlandais Malachy Steenson a \u00e9t\u00e9 la victime d&rsquo;une tentative d&rsquo;assassinat par un individu affili\u00e9 \u00e0 l&rsquo;extr\u00eame-gauche. Le Parti National Breton a r\u00e9agi et exprim\u00e9 son soutien. \ud83d\udea8BREAKING\ud83d\udea8 &#8211; Please share Le candidat \u00e0 l&rsquo;eurod\u00e9put\u00e9 de Dublin @MalachySteenson parle en exclusivit\u00e9 \u00e0 The Liberal de la tentative d&rsquo;assassinat dont il a \u00e9t\u00e9 victime aujourd&rsquo;hui [&hellip;]<\/p>\n","protected":false},"author":1,"featured_media":1403,"comment_status":"open","ping_status":"open","sticky":false,"template":"","format":"standard","meta":{"sb_editor_width":"","footnotes":""},"categories":[58,49],"tags":[],"class_list":["post-1402","post","type-post","status-publish","format-standard","has-post-thumbnail","hentry","category-breizh","category-vie-du-parti"],"relative_dates":{"created":"2 ans ago","modified":"2 ans ago"},"yoast_head":"<!-- This site is optimized with the Yoast SEO plugin v26.3 - https:\/\/yoast.com\/wordpress\/plugins\/seo\/ -->\n<title>Le PNB apporte son soutien au patriote irlandais Malachy Steenson - STOURM<\/title>\n<meta name=\"robots\" content=\"index, follow, max-snippet:-1, max-image-preview:large, max-video-preview:-1\" \/>\n<link rel=\"canonical\" href=\"https:\/\/stourm.news\/?p=1402\" \/>\n<meta property=\"og:locale\" content=\"fr_FR\" \/>\n<meta property=\"og:type\" content=\"article\" \/>\n<meta property=\"og:title\" content=\"Le PNB apporte son soutien au patriote irlandais Malachy Steenson - STOURM\" \/>\n<meta property=\"og:description\" content=\"Le patriote irlandais Malachy Steenson a \u00e9t\u00e9 la victime d&rsquo;une tentative d&rsquo;assassinat par un individu affili\u00e9 \u00e0 l&rsquo;extr\u00eame-gauche. Le Parti National Breton a r\u00e9agi et exprim\u00e9 son soutien. \ud83d\udea8BREAKING\ud83d\udea8 &#8211; Please share Le candidat \u00e0 l&rsquo;eurod\u00e9put\u00e9 de Dublin @MalachySteenson parle en exclusivit\u00e9 \u00e0 The Liberal de la tentative d&rsquo;assassinat dont il a \u00e9t\u00e9 victime aujourd&rsquo;hui [&hellip;]\" \/>\n<meta property=\"og:url\" content=\"https:\/\/stourm.news\/?p=1402\" \/>\n<meta property=\"og:site_name\" content=\"STOURM\" \/>\n<meta property=\"article:publisher\" content=\"https:\/\/www.facebook.com\/stourmnews\/\" \/>\n<meta property=\"article:published_time\" content=\"2024-05-16T08:53:21+00:00\" \/>\n<meta property=\"og:image\" content=\"https:\/\/stourm.news\/wp-content\/uploads\/2024\/05\/2e9c95c7-1f47-48c9-8e28-bbe702b4f1e1.jpg\" \/>\n\t<meta property=\"og:image:width\" content=\"960\" \/>\n\t<meta property=\"og:image:height\" content=\"640\" \/>\n\t<meta property=\"og:image:type\" content=\"image\/jpeg\" \/>\n<meta name=\"author\" content=\"La r\u00e9daction\" \/>\n<meta name=\"twitter:card\" content=\"summary_large_image\" \/>\n<meta name=\"twitter:label1\" content=\"\u00c9crit par\" \/>\n\t<meta name=\"twitter:data1\" content=\"La r\u00e9daction\" \/>\n\t<meta name=\"twitter:label2\" content=\"Dur\u00e9e de lecture estim\u00e9e\" \/>\n\t<meta name=\"twitter:data2\" content=\"1 minute\" \/>\n<script type=\"application\/ld+json\" class=\"yoast-schema-graph\">{\"@context\":\"https:\/\/schema.org\",\"@graph\":[{\"@type\":\"Article\",\"@id\":\"https:\/\/stourm.news\/?p=1402#article\",\"isPartOf\":{\"@id\":\"https:\/\/stourm.news\/?p=1402\"},\"author\":{\"name\":\"La r\u00e9daction\",\"@id\":\"https:\/\/stourm.news\/#\/schema\/person\/c3e1dc65988632e190969234ef046cf9\"},\"headline\":\"Le PNB apporte son soutien au patriote irlandais Malachy Steenson\",\"datePublished\":\"2024-05-16T08:53:21+00:00\",\"mainEntityOfPage\":{\"@id\":\"https:\/\/stourm.news\/?p=1402\"},\"wordCount\":214,\"commentCount\":0,\"publisher\":{\"@id\":\"https:\/\/stourm.news\/#organization\"},\"image\":{\"@id\":\"https:\/\/stourm.news\/?p=1402#primaryimage\"},\"thumbnailUrl\":\"https:\/\/stourm.news\/wp-content\/uploads\/2024\/05\/2e9c95c7-1f47-48c9-8e28-bbe702b4f1e1.jpg\",\"articleSection\":[\"Breizh\",\"Vie du Parti\"],\"inLanguage\":\"fr-FR\",\"potentialAction\":[{\"@type\":\"CommentAction\",\"name\":\"Comment\",\"target\":[\"https:\/\/stourm.news\/?p=1402#respond\"]}]},{\"@type\":\"WebPage\",\"@id\":\"https:\/\/stourm.news\/?p=1402\",\"url\":\"https:\/\/stourm.news\/?p=1402\",\"name\":\"Le PNB apporte son soutien au patriote irlandais Malachy Steenson - STOURM\",\"isPartOf\":{\"@id\":\"https:\/\/stourm.news\/#website\"},\"primaryImageOfPage\":{\"@id\":\"https:\/\/stourm.news\/?p=1402#primaryimage\"},\"image\":{\"@id\":\"https:\/\/stourm.news\/?p=1402#primaryimage\"},\"thumbnailUrl\":\"https:\/\/stourm.news\/wp-content\/uploads\/2024\/05\/2e9c95c7-1f47-48c9-8e28-bbe702b4f1e1.jpg\",\"datePublished\":\"2024-05-16T08:53:21+00:00\",\"breadcrumb\":{\"@id\":\"https:\/\/stourm.news\/?p=1402#breadcrumb\"},\"inLanguage\":\"fr-FR\",\"potentialAction\":[{\"@type\":\"ReadAction\",\"target\":[\"https:\/\/stourm.news\/?p=1402\"]}]},{\"@type\":\"ImageObject\",\"inLanguage\":\"fr-FR\",\"@id\":\"https:\/\/stourm.news\/?p=1402#primaryimage\",\"url\":\"https:\/\/stourm.news\/wp-content\/uploads\/2024\/05\/2e9c95c7-1f47-48c9-8e28-bbe702b4f1e1.jpg\",\"contentUrl\":\"https:\/\/stourm.news\/wp-content\/uploads\/2024\/05\/2e9c95c7-1f47-48c9-8e28-bbe702b4f1e1.jpg\",\"width\":960,\"height\":640},{\"@type\":\"BreadcrumbList\",\"@id\":\"https:\/\/stourm.news\/?p=1402#breadcrumb\",\"itemListElement\":[{\"@type\":\"ListItem\",\"position\":1,\"name\":\"Accueil\",\"item\":\"https:\/\/stourm.news\/\"},{\"@type\":\"ListItem\",\"position\":2,\"name\":\"Le PNB apporte son soutien au patriote irlandais Malachy Steenson\"}]},{\"@type\":\"WebSite\",\"@id\":\"https:\/\/stourm.news\/#website\",\"url\":\"https:\/\/stourm.news\/\",\"name\":\"Stourm\",\"description\":\"Kazetenn Strollad Broadel Breizh\",\"publisher\":{\"@id\":\"https:\/\/stourm.news\/#organization\"},\"potentialAction\":[{\"@type\":\"SearchAction\",\"target\":{\"@type\":\"EntryPoint\",\"urlTemplate\":\"https:\/\/stourm.news\/?s={search_term_string}\"},\"query-input\":{\"@type\":\"PropertyValueSpecification\",\"valueRequired\":true,\"valueName\":\"search_term_string\"}}],\"inLanguage\":\"fr-FR\"},{\"@type\":\"Organization\",\"@id\":\"https:\/\/stourm.news\/#organization\",\"name\":\"Stourm\",\"url\":\"https:\/\/stourm.news\/\",\"logo\":{\"@type\":\"ImageObject\",\"inLanguage\":\"fr-FR\",\"@id\":\"https:\/\/stourm.news\/#\/schema\/logo\/image\/\",\"url\":\"https:\/\/stourm.news\/wp-content\/uploads\/2025\/11\/cropped-Capture-decran-2025-11-28-a-15.19.07.png\",\"contentUrl\":\"https:\/\/stourm.news\/wp-content\/uploads\/2025\/11\/cropped-Capture-decran-2025-11-28-a-15.19.07.png\",\"width\":1855,\"height\":383,\"caption\":\"Stourm\"},\"image\":{\"@id\":\"https:\/\/stourm.news\/#\/schema\/logo\/image\/\"},\"sameAs\":[\"https:\/\/www.facebook.com\/stourmnews\/\"]},{\"@type\":\"Person\",\"@id\":\"https:\/\/stourm.news\/#\/schema\/person\/c3e1dc65988632e190969234ef046cf9\",\"name\":\"La r\u00e9daction\",\"image\":{\"@type\":\"ImageObject\",\"inLanguage\":\"fr-FR\",\"@id\":\"https:\/\/stourm.news\/#\/schema\/person\/image\/\",\"url\":\"https:\/\/secure.gravatar.com\/avatar\/7463443f194b6b5fb706b074ca0ef59a0cfcfd720cb47764b0ec5a952ce422b3?s=96&d=mm&r=g\",\"contentUrl\":\"https:\/\/secure.gravatar.com\/avatar\/7463443f194b6b5fb706b074ca0ef59a0cfcfd720cb47764b0ec5a952ce422b3?s=96&d=mm&r=g\",\"caption\":\"La r\u00e9daction\"},\"sameAs\":[\"https:\/\/stourm.news\"],\"url\":\"https:\/\/stourm.news\/?author=1\"}]}<\/script>\n<!-- \/ Yoast SEO plugin. -->","yoast_head_json":{"title":"Le PNB apporte son soutien au patriote irlandais Malachy Steenson - STOURM","robots":{"index":"index","follow":"follow","max-snippet":"max-snippet:-1","max-image-preview":"max-image-preview:large","max-video-preview":"max-video-preview:-1"},"canonical":"https:\/\/stourm.news\/?p=1402","og_locale":"fr_FR","og_type":"article","og_title":"Le PNB apporte son soutien au patriote irlandais Malachy Steenson - STOURM","og_description":"Le patriote irlandais Malachy Steenson a \u00e9t\u00e9 la victime d&rsquo;une tentative d&rsquo;assassinat par un individu affili\u00e9 \u00e0 l&rsquo;extr\u00eame-gauche. Le Parti National Breton a r\u00e9agi et exprim\u00e9 son soutien. \ud83d\udea8BREAKING\ud83d\udea8 &#8211; Please share Le candidat \u00e0 l&rsquo;eurod\u00e9put\u00e9 de Dublin @MalachySteenson parle en exclusivit\u00e9 \u00e0 The Liberal de la tentative d&rsquo;assassinat dont il a \u00e9t\u00e9 victime aujourd&rsquo;hui [&hellip;]","og_url":"https:\/\/stourm.news\/?p=1402","og_site_name":"STOURM","article_publisher":"https:\/\/www.facebook.com\/stourmnews\/","article_published_time":"2024-05-16T08:53:21+00:00","og_image":[{"width":960,"height":640,"url":"https:\/\/stourm.news\/wp-content\/uploads\/2024\/05\/2e9c95c7-1f47-48c9-8e28-bbe702b4f1e1.jpg","type":"image\/jpeg"}],"author":"La r\u00e9daction","twitter_card":"summary_large_image","twitter_misc":{"\u00c9crit par":"La r\u00e9daction","Dur\u00e9e de lecture estim\u00e9e":"1 minute"},"schema":{"@context":"https:\/\/schema.org","@graph":[{"@type":"Article","@id":"https:\/\/stourm.news\/?p=1402#article","isPartOf":{"@id":"https:\/\/stourm.news\/?p=1402"},"author":{"name":"La r\u00e9daction","@id":"https:\/\/stourm.news\/#\/schema\/person\/c3e1dc65988632e190969234ef046cf9"},"headline":"Le PNB apporte son soutien au patriote irlandais Malachy Steenson","datePublished":"2024-05-16T08:53:21+00:00","mainEntityOfPage":{"@id":"https:\/\/stourm.news\/?p=1402"},"wordCount":214,"commentCount":0,"publisher":{"@id":"https:\/\/stourm.news\/#organization"},"image":{"@id":"https:\/\/stourm.news\/?p=1402#primaryimage"},"thumbnailUrl":"https:\/\/stourm.news\/wp-content\/uploads\/2024\/05\/2e9c95c7-1f47-48c9-8e28-bbe702b4f1e1.jpg","articleSection":["Breizh","Vie du Parti"],"inLanguage":"fr-FR","potentialAction":[{"@type":"CommentAction","name":"Comment","target":["https:\/\/stourm.news\/?p=1402#respond"]}]},{"@type":"WebPage","@id":"https:\/\/stourm.news\/?p=1402","url":"https:\/\/stourm.news\/?p=1402","name":"Le PNB apporte son soutien au patriote irlandais Malachy Steenson - STOURM","isPartOf":{"@id":"https:\/\/stourm.news\/#website"},"primaryImageOfPage":{"@id":"https:\/\/stourm.news\/?p=1402#primaryimage"},"image":{"@id":"https:\/\/stourm.news\/?p=1402#primaryimage"},"thumbnailUrl":"https:\/\/stourm.news\/wp-content\/uploads\/2024\/05\/2e9c95c7-1f47-48c9-8e28-bbe702b4f1e1.jpg","datePublished":"2024-05-16T08:53:21+00:00","breadcrumb":{"@id":"https:\/\/stourm.news\/?p=1402#breadcrumb"},"inLanguage":"fr-FR","potentialAction":[{"@type":"ReadAction","target":["https:\/\/stourm.news\/?p=1402"]}]},{"@type":"ImageObject","inLanguage":"fr-FR","@id":"https:\/\/stourm.news\/?p=1402#primaryimage","url":"https:\/\/stourm.news\/wp-content\/uploads\/2024\/05\/2e9c95c7-1f47-48c9-8e28-bbe702b4f1e1.jpg","contentUrl":"https:\/\/stourm.news\/wp-content\/uploads\/2024\/05\/2e9c95c7-1f47-48c9-8e28-bbe702b4f1e1.jpg","width":960,"height":640},{"@type":"BreadcrumbList","@id":"https:\/\/stourm.news\/?p=1402#breadcrumb","itemListElement":[{"@type":"ListItem","position":1,"name":"Accueil","item":"https:\/\/stourm.news\/"},{"@type":"ListItem","position":2,"name":"Le PNB apporte son soutien au patriote irlandais Malachy Steenson"}]},{"@type":"WebSite","@id":"https:\/\/stourm.news\/#website","url":"https:\/\/stourm.news\/","name":"Stourm","description":"Kazetenn Strollad Broadel Breizh","publisher":{"@id":"https:\/\/stourm.news\/#organization"},"potentialAction":[{"@type":"SearchAction","target":{"@type":"EntryPoint","urlTemplate":"https:\/\/stourm.news\/?s={search_term_string}"},"query-input":{"@type":"PropertyValueSpecification","valueRequired":true,"valueName":"search_term_string"}}],"inLanguage":"fr-FR"},{"@type":"Organization","@id":"https:\/\/stourm.news\/#organization","name":"Stourm","url":"https:\/\/stourm.news\/","logo":{"@type":"ImageObject","inLanguage":"fr-FR","@id":"https:\/\/stourm.news\/#\/schema\/logo\/image\/","url":"https:\/\/stourm.news\/wp-content\/uploads\/2025\/11\/cropped-Capture-decran-2025-11-28-a-15.19.07.png","contentUrl":"https:\/\/stourm.news\/wp-content\/uploads\/2025\/11\/cropped-Capture-decran-2025-11-28-a-15.19.07.png","width":1855,"height":383,"caption":"Stourm"},"image":{"@id":"https:\/\/stourm.news\/#\/schema\/logo\/image\/"},"sameAs":["https:\/\/www.facebook.com\/stourmnews\/"]},{"@type":"Person","@id":"https:\/\/stourm.news\/#\/schema\/person\/c3e1dc65988632e190969234ef046cf9","name":"La r\u00e9daction","image":{"@type":"ImageObject","inLanguage":"fr-FR","@id":"https:\/\/stourm.news\/#\/schema\/person\/image\/","url":"https:\/\/secure.gravatar.com\/avatar\/7463443f194b6b5fb706b074ca0ef59a0cfcfd720cb47764b0ec5a952ce422b3?s=96&d=mm&r=g","contentUrl":"https:\/\/secure.gravatar.com\/avatar\/7463443f194b6b5fb706b074ca0ef59a0cfcfd720cb47764b0ec5a952ce422b3?s=96&d=mm&r=g","caption":"La r\u00e9daction"},"sameAs":["https:\/\/stourm.news"],"url":"https:\/\/stourm.news\/?author=1"}]}},"_links":{"self":[{"href":"https:\/\/stourm.news\/index.php?rest_route=\/wp\/v2\/posts\/1402","targetHints":{"allow":["GET"]}}],"collection":[{"href":"https:\/\/stourm.news\/index.php?rest_route=\/wp\/v2\/posts"}],"about":[{"href":"https:\/\/stourm.news\/index.php?rest_route=\/wp\/v2\/types\/post"}],"author":[{"embeddable":true,"href":"https:\/\/stourm.news\/index.php?rest_route=\/wp\/v2\/users\/1"}],"replies":[{"embeddable":true,"href":"https:\/\/stourm.news\/index.php?rest_route=%2Fwp%2Fv2%2Fcomments&post=1402"}],"version-history":[{"count":1,"href":"https:\/\/stourm.news\/index.php?rest_route=\/wp\/v2\/posts\/1402\/revisions"}],"predecessor-version":[{"id":1404,"href":"https:\/\/stourm.news\/index.php?rest_route=\/wp\/v2\/posts\/1402\/revisions\/1404"}],"wp:featuredmedia":[{"embeddable":true,"href":"https:\/\/stourm.news\/index.php?rest_route=\/wp\/v2\/media\/1403"}],"wp:attachment":[{"href":"https:\/\/stourm.news\/index.php?rest_route=%2Fwp%2Fv2%2Fmedia&parent=1402"}],"wp:term":[{"taxonomy":"category","embeddable":true,"href":"https:\/\/stourm.news\/index.php?rest_route=%2Fwp%2Fv2%2Fcategories&post=1402"},{"taxonomy":"post_tag","embeddable":true,"href":"https:\/\/stourm.news\/index.php?rest_route=%2Fwp%2Fv2%2Ftags&post=1402"}],"curies":[{"name":"wp","href":"https:\/\/api.w.org\/{rel}","templated":true}]}}