{"id":1409,"date":"2024-05-17T02:35:39","date_gmt":"2024-05-17T02:35:39","guid":{"rendered":"https:\/\/stourm.news\/?p=1409"},"modified":"2024-05-17T02:35:39","modified_gmt":"2024-05-17T02:35:39","slug":"morlaix-menace-dexpulsion-alhassane-le-guineen-va-pouvoir-rester-en-bretagne","status":"publish","type":"post","link":"https:\/\/stourm.news\/?p=1409","title":{"rendered":"Morlaix : menac\u00e9 d&rsquo;expulsion, Alhassane, le guin\u00e9en, va pouvoir rester en Bretagne"},"content":{"rendered":"<p style=\"text-align: justify;\">Vis\u00e9 par une obligation de quitter le territoire fran\u00e7ais,<strong> Alhassane Kaba<\/strong> a remport\u00e9 son combat face \u00e0 la pr\u00e9fecture du Finist\u00e8re. Le jeune <strong>Guin\u00e9en<\/strong> de 21 ans avait saisi la justice pour d\u00e9fendre son droit de vivre en Bretagne, l\u00e0 o\u00f9 il a construit sa vie, au sein d&rsquo;une famille qui l&rsquo;a recueilli il y a 5 ans.<\/p>\n<p style=\"text-align: justify;\">Quand son avocate l&rsquo;a appel\u00e9 pour lui annoncer qu&rsquo;il avait obtenu son titre de s\u00e9jour, Alhassane Kaba a eu un peu de mal \u00e0 y croire. \u00ab\u00a0Vous rigolez ou quoi ?\u00a0\u00bb a r\u00e9pondu le jeune <strong>Guin\u00e9en<\/strong> de 21 ans, sous le coup d&rsquo;une menace d&rsquo;expulsion.<\/p>\n<p style=\"text-align: justify;\">Ce 15 mai 2024, le tribunal administratif de Rennes a tranch\u00e9 en sa faveur et d\u00e9bout\u00e9 la pr\u00e9fecture du Finist\u00e8re qui avait prononc\u00e9 une obligation de quitter le territoire fran\u00e7ais (OQTF) en janvier dernier.<\/p>\n<p style=\"text-align: justify;\">Dans sa d\u00e9cision, le tribunal demande \u00e9galement que la mention \u00ab\u00a0vie priv\u00e9e et familiale\u00a0\u00bb soit indiqu\u00e9e sur le titre de s\u00e9jour. \u00ab\u00a0Ce qui n&rsquo;est pas rien, t\u00e9moigne Sandrine Corre, la maman de c\u0153ur d&rsquo;Alhassane. Contrairement \u00e0 ce qu&rsquo;affirmait l&rsquo;avocat de la pr\u00e9fecture lors de l&rsquo;audience, \u00e0 savoir qu&rsquo;Alhassane n&rsquo;avait aucun lien avec nous, la justice reconna\u00eet qu&rsquo;il fait partie de notre famille. <strong>Car, oui, c&rsquo;est notre gamin<\/strong>\u00ab\u00a0.<\/p>\n<p style=\"text-align: justify;\">Depuis 5 ans, le jeune homme partage la vie de cette famille bretonne, pr\u00e8s de Morlaix. <strong>Elle lui a ouvert grand la porte<\/strong> et avec elle, la promesse de jours meilleurs. Lui qui a grandi dans la rue en Guin\u00e9e Conakry a trouv\u00e9 ici de quoi se b\u00e2tir un avenir. \u00ab\u00a0Et \u00e0 21 ans, il va enfin pouvoir d\u00e9marrer sa vie tranquillement, \u00eatre libre, confie Sandrine. On est fous de joie et boulevers\u00e9s en m\u00eame temps. On est tellement heureux pour lui\u00a0\u00bb.<\/p>\n<p style=\"text-align: justify;\">C&rsquo;est entour\u00e9 de sa famille d&rsquo;accueil, de ses parrain et marraine civils<strong> et d&rsquo;Anna\u00efg, sa petite amie<\/strong>, qu&rsquo;Alhassane a c\u00e9l\u00e9br\u00e9 son droit de rester en France. \u00ab\u00a0J&rsquo;avoue que tout au long de la journ\u00e9e d&rsquo;hier, je me suis quand m\u00eame dit : est-ce que c&rsquo;est bien vrai, tout \u00e7a&rsquo;, sourit-il. Je suis sur un nuage. Apr\u00e8s 5 ans de combat, c&rsquo;est dingue, c&rsquo;est \u00e9pique\u00a0\u00bb.<\/p>\n<p style=\"text-align: justify;\">Alhassane, lui, a promis une grande f\u00eate \u00e0 ses amis cet \u00e9t\u00e9. Ceux et celles dont il n&rsquo;imaginait pas se s\u00e9parer s&rsquo;il avait \u00e9t\u00e9 contraint de retourner dans un pays o\u00f9 il ne conna\u00eet personne. \u00ab\u00a0<strong>Ma vie est ici<\/strong>, r\u00e9p\u00e8te-t-il, et d\u00e9sormais, c&rsquo;est l&rsquo;avenir qui s&rsquo;ouvre \u00e0 moi\u00a0\u00bb.<\/p>\n<p>Source : <a href=\"https:\/\/france3-regions.francetvinfo.fr\/bretagne\/finistere\/morlaix\/on-est-fous-de-joie-menace-d-expulsion-malgre-une-integration-reussie-alhassane-va-pouvoir-rester-en-france-2970689.html\">France 3 Bretagne<\/a><\/p>\n","protected":false},"excerpt":{"rendered":"<p>Vis\u00e9 par une obligation de quitter le territoire fran\u00e7ais, Alhassane Kaba a remport\u00e9 son combat face \u00e0 la pr\u00e9fecture du Finist\u00e8re. Le jeune Guin\u00e9en de 21 ans avait saisi la justice pour d\u00e9fendre son droit de vivre en Bretagne, l\u00e0 o\u00f9 il a construit sa vie, au sein d&rsquo;une famille qui l&rsquo;a recueilli il y [&hellip;]<\/p>\n","protected":false},"author":1,"featured_media":1410,"comment_status":"open","ping_status":"open","sticky":false,"template":"","format":"standard","meta":{"sb_editor_width":"","footnotes":""},"categories":[38,33,62],"tags":[],"class_list":["post-1409","post","type-post","status-publish","format-standard","has-post-thumbnail","hentry","category-finistere","category-immigration","category-revue-de-presse"],"relative_dates":{"created":"2 ans ago","modified":"2 ans ago"},"yoast_head":"<!-- This site is optimized with the Yoast SEO plugin v26.3 - https:\/\/yoast.com\/wordpress\/plugins\/seo\/ -->\n<title>Morlaix : menac\u00e9 d&#039;expulsion, Alhassane, le guin\u00e9en, va pouvoir rester en Bretagne - STOURM<\/title>\n<meta name=\"robots\" content=\"index, follow, max-snippet:-1, max-image-preview:large, max-video-preview:-1\" \/>\n<link rel=\"canonical\" href=\"https:\/\/stourm.news\/?p=1409\" \/>\n<meta property=\"og:locale\" content=\"fr_FR\" \/>\n<meta property=\"og:type\" content=\"article\" \/>\n<meta property=\"og:title\" content=\"Morlaix : menac\u00e9 d&#039;expulsion, Alhassane, le guin\u00e9en, va pouvoir rester en Bretagne - STOURM\" \/>\n<meta property=\"og:description\" content=\"Vis\u00e9 par une obligation de quitter le territoire fran\u00e7ais, Alhassane Kaba a remport\u00e9 son combat face \u00e0 la pr\u00e9fecture du Finist\u00e8re. Le jeune Guin\u00e9en de 21 ans avait saisi la justice pour d\u00e9fendre son droit de vivre en Bretagne, l\u00e0 o\u00f9 il a construit sa vie, au sein d&rsquo;une famille qui l&rsquo;a recueilli il y [&hellip;]\" \/>\n<meta property=\"og:url\" content=\"https:\/\/stourm.news\/?p=1409\" \/>\n<meta property=\"og:site_name\" content=\"STOURM\" \/>\n<meta property=\"article:publisher\" content=\"https:\/\/www.facebook.com\/stourmnews\/\" \/>\n<meta property=\"article:published_time\" content=\"2024-05-17T02:35:39+00:00\" \/>\n<meta property=\"og:image\" content=\"https:\/\/stourm.news\/wp-content\/uploads\/2024\/05\/alhassane-6645e95dc131a271155125.jpg\" \/>\n\t<meta property=\"og:image:width\" content=\"600\" \/>\n\t<meta property=\"og:image:height\" content=\"400\" \/>\n\t<meta property=\"og:image:type\" content=\"image\/jpeg\" \/>\n<meta name=\"author\" content=\"La r\u00e9daction\" \/>\n<meta name=\"twitter:card\" content=\"summary_large_image\" \/>\n<meta name=\"twitter:label1\" content=\"\u00c9crit par\" \/>\n\t<meta name=\"twitter:data1\" content=\"La r\u00e9daction\" \/>\n\t<meta name=\"twitter:label2\" content=\"Dur\u00e9e de lecture estim\u00e9e\" \/>\n\t<meta name=\"twitter:data2\" content=\"3 minutes\" \/>\n<script type=\"application\/ld+json\" class=\"yoast-schema-graph\">{\"@context\":\"https:\/\/schema.org\",\"@graph\":[{\"@type\":\"Article\",\"@id\":\"https:\/\/stourm.news\/?p=1409#article\",\"isPartOf\":{\"@id\":\"https:\/\/stourm.news\/?p=1409\"},\"author\":{\"name\":\"La r\u00e9daction\",\"@id\":\"https:\/\/stourm.news\/#\/schema\/person\/c3e1dc65988632e190969234ef046cf9\"},\"headline\":\"Morlaix : menac\u00e9 d&rsquo;expulsion, Alhassane, le guin\u00e9en, va pouvoir rester en Bretagne\",\"datePublished\":\"2024-05-17T02:35:39+00:00\",\"mainEntityOfPage\":{\"@id\":\"https:\/\/stourm.news\/?p=1409\"},\"wordCount\":464,\"commentCount\":0,\"publisher\":{\"@id\":\"https:\/\/stourm.news\/#organization\"},\"image\":{\"@id\":\"https:\/\/stourm.news\/?p=1409#primaryimage\"},\"thumbnailUrl\":\"https:\/\/stourm.news\/wp-content\/uploads\/2024\/05\/alhassane-6645e95dc131a271155125.jpg\",\"articleSection\":[\"Finist\u00e8re\",\"Immigration\",\"Revue de presse\"],\"inLanguage\":\"fr-FR\",\"potentialAction\":[{\"@type\":\"CommentAction\",\"name\":\"Comment\",\"target\":[\"https:\/\/stourm.news\/?p=1409#respond\"]}]},{\"@type\":\"WebPage\",\"@id\":\"https:\/\/stourm.news\/?p=1409\",\"url\":\"https:\/\/stourm.news\/?p=1409\",\"name\":\"Morlaix : menac\u00e9 d'expulsion, Alhassane, le guin\u00e9en, va pouvoir rester en Bretagne - STOURM\",\"isPartOf\":{\"@id\":\"https:\/\/stourm.news\/#website\"},\"primaryImageOfPage\":{\"@id\":\"https:\/\/stourm.news\/?p=1409#primaryimage\"},\"image\":{\"@id\":\"https:\/\/stourm.news\/?p=1409#primaryimage\"},\"thumbnailUrl\":\"https:\/\/stourm.news\/wp-content\/uploads\/2024\/05\/alhassane-6645e95dc131a271155125.jpg\",\"datePublished\":\"2024-05-17T02:35:39+00:00\",\"breadcrumb\":{\"@id\":\"https:\/\/stourm.news\/?p=1409#breadcrumb\"},\"inLanguage\":\"fr-FR\",\"potentialAction\":[{\"@type\":\"ReadAction\",\"target\":[\"https:\/\/stourm.news\/?p=1409\"]}]},{\"@type\":\"ImageObject\",\"inLanguage\":\"fr-FR\",\"@id\":\"https:\/\/stourm.news\/?p=1409#primaryimage\",\"url\":\"https:\/\/stourm.news\/wp-content\/uploads\/2024\/05\/alhassane-6645e95dc131a271155125.jpg\",\"contentUrl\":\"https:\/\/stourm.news\/wp-content\/uploads\/2024\/05\/alhassane-6645e95dc131a271155125.jpg\",\"width\":600,\"height\":400},{\"@type\":\"BreadcrumbList\",\"@id\":\"https:\/\/stourm.news\/?p=1409#breadcrumb\",\"itemListElement\":[{\"@type\":\"ListItem\",\"position\":1,\"name\":\"Accueil\",\"item\":\"https:\/\/stourm.news\/\"},{\"@type\":\"ListItem\",\"position\":2,\"name\":\"Morlaix : menac\u00e9 d&rsquo;expulsion, Alhassane, le guin\u00e9en, va pouvoir rester en Bretagne\"}]},{\"@type\":\"WebSite\",\"@id\":\"https:\/\/stourm.news\/#website\",\"url\":\"https:\/\/stourm.news\/\",\"name\":\"Stourm\",\"description\":\"Kazetenn Strollad Broadel Breizh\",\"publisher\":{\"@id\":\"https:\/\/stourm.news\/#organization\"},\"potentialAction\":[{\"@type\":\"SearchAction\",\"target\":{\"@type\":\"EntryPoint\",\"urlTemplate\":\"https:\/\/stourm.news\/?s={search_term_string}\"},\"query-input\":{\"@type\":\"PropertyValueSpecification\",\"valueRequired\":true,\"valueName\":\"search_term_string\"}}],\"inLanguage\":\"fr-FR\"},{\"@type\":\"Organization\",\"@id\":\"https:\/\/stourm.news\/#organization\",\"name\":\"Stourm\",\"url\":\"https:\/\/stourm.news\/\",\"logo\":{\"@type\":\"ImageObject\",\"inLanguage\":\"fr-FR\",\"@id\":\"https:\/\/stourm.news\/#\/schema\/logo\/image\/\",\"url\":\"https:\/\/stourm.news\/wp-content\/uploads\/2025\/11\/cropped-Capture-decran-2025-11-28-a-15.19.07.png\",\"contentUrl\":\"https:\/\/stourm.news\/wp-content\/uploads\/2025\/11\/cropped-Capture-decran-2025-11-28-a-15.19.07.png\",\"width\":1855,\"height\":383,\"caption\":\"Stourm\"},\"image\":{\"@id\":\"https:\/\/stourm.news\/#\/schema\/logo\/image\/\"},\"sameAs\":[\"https:\/\/www.facebook.com\/stourmnews\/\"]},{\"@type\":\"Person\",\"@id\":\"https:\/\/stourm.news\/#\/schema\/person\/c3e1dc65988632e190969234ef046cf9\",\"name\":\"La r\u00e9daction\",\"image\":{\"@type\":\"ImageObject\",\"inLanguage\":\"fr-FR\",\"@id\":\"https:\/\/stourm.news\/#\/schema\/person\/image\/\",\"url\":\"https:\/\/secure.gravatar.com\/avatar\/7463443f194b6b5fb706b074ca0ef59a0cfcfd720cb47764b0ec5a952ce422b3?s=96&d=mm&r=g\",\"contentUrl\":\"https:\/\/secure.gravatar.com\/avatar\/7463443f194b6b5fb706b074ca0ef59a0cfcfd720cb47764b0ec5a952ce422b3?s=96&d=mm&r=g\",\"caption\":\"La r\u00e9daction\"},\"sameAs\":[\"https:\/\/stourm.news\"],\"url\":\"https:\/\/stourm.news\/?author=1\"}]}<\/script>\n<!-- \/ Yoast SEO plugin. -->","yoast_head_json":{"title":"Morlaix : menac\u00e9 d'expulsion, Alhassane, le guin\u00e9en, va pouvoir rester en Bretagne - STOURM","robots":{"index":"index","follow":"follow","max-snippet":"max-snippet:-1","max-image-preview":"max-image-preview:large","max-video-preview":"max-video-preview:-1"},"canonical":"https:\/\/stourm.news\/?p=1409","og_locale":"fr_FR","og_type":"article","og_title":"Morlaix : menac\u00e9 d'expulsion, Alhassane, le guin\u00e9en, va pouvoir rester en Bretagne - STOURM","og_description":"Vis\u00e9 par une obligation de quitter le territoire fran\u00e7ais, Alhassane Kaba a remport\u00e9 son combat face \u00e0 la pr\u00e9fecture du Finist\u00e8re. Le jeune Guin\u00e9en de 21 ans avait saisi la justice pour d\u00e9fendre son droit de vivre en Bretagne, l\u00e0 o\u00f9 il a construit sa vie, au sein d&rsquo;une famille qui l&rsquo;a recueilli il y [&hellip;]","og_url":"https:\/\/stourm.news\/?p=1409","og_site_name":"STOURM","article_publisher":"https:\/\/www.facebook.com\/stourmnews\/","article_published_time":"2024-05-17T02:35:39+00:00","og_image":[{"width":600,"height":400,"url":"https:\/\/stourm.news\/wp-content\/uploads\/2024\/05\/alhassane-6645e95dc131a271155125.jpg","type":"image\/jpeg"}],"author":"La r\u00e9daction","twitter_card":"summary_large_image","twitter_misc":{"\u00c9crit par":"La r\u00e9daction","Dur\u00e9e de lecture estim\u00e9e":"3 minutes"},"schema":{"@context":"https:\/\/schema.org","@graph":[{"@type":"Article","@id":"https:\/\/stourm.news\/?p=1409#article","isPartOf":{"@id":"https:\/\/stourm.news\/?p=1409"},"author":{"name":"La r\u00e9daction","@id":"https:\/\/stourm.news\/#\/schema\/person\/c3e1dc65988632e190969234ef046cf9"},"headline":"Morlaix : menac\u00e9 d&rsquo;expulsion, Alhassane, le guin\u00e9en, va pouvoir rester en Bretagne","datePublished":"2024-05-17T02:35:39+00:00","mainEntityOfPage":{"@id":"https:\/\/stourm.news\/?p=1409"},"wordCount":464,"commentCount":0,"publisher":{"@id":"https:\/\/stourm.news\/#organization"},"image":{"@id":"https:\/\/stourm.news\/?p=1409#primaryimage"},"thumbnailUrl":"https:\/\/stourm.news\/wp-content\/uploads\/2024\/05\/alhassane-6645e95dc131a271155125.jpg","articleSection":["Finist\u00e8re","Immigration","Revue de presse"],"inLanguage":"fr-FR","potentialAction":[{"@type":"CommentAction","name":"Comment","target":["https:\/\/stourm.news\/?p=1409#respond"]}]},{"@type":"WebPage","@id":"https:\/\/stourm.news\/?p=1409","url":"https:\/\/stourm.news\/?p=1409","name":"Morlaix : menac\u00e9 d'expulsion, Alhassane, le guin\u00e9en, va pouvoir rester en Bretagne - STOURM","isPartOf":{"@id":"https:\/\/stourm.news\/#website"},"primaryImageOfPage":{"@id":"https:\/\/stourm.news\/?p=1409#primaryimage"},"image":{"@id":"https:\/\/stourm.news\/?p=1409#primaryimage"},"thumbnailUrl":"https:\/\/stourm.news\/wp-content\/uploads\/2024\/05\/alhassane-6645e95dc131a271155125.jpg","datePublished":"2024-05-17T02:35:39+00:00","breadcrumb":{"@id":"https:\/\/stourm.news\/?p=1409#breadcrumb"},"inLanguage":"fr-FR","potentialAction":[{"@type":"ReadAction","target":["https:\/\/stourm.news\/?p=1409"]}]},{"@type":"ImageObject","inLanguage":"fr-FR","@id":"https:\/\/stourm.news\/?p=1409#primaryimage","url":"https:\/\/stourm.news\/wp-content\/uploads\/2024\/05\/alhassane-6645e95dc131a271155125.jpg","contentUrl":"https:\/\/stourm.news\/wp-content\/uploads\/2024\/05\/alhassane-6645e95dc131a271155125.jpg","width":600,"height":400},{"@type":"BreadcrumbList","@id":"https:\/\/stourm.news\/?p=1409#breadcrumb","itemListElement":[{"@type":"ListItem","position":1,"name":"Accueil","item":"https:\/\/stourm.news\/"},{"@type":"ListItem","position":2,"name":"Morlaix : menac\u00e9 d&rsquo;expulsion, Alhassane, le guin\u00e9en, va pouvoir rester en Bretagne"}]},{"@type":"WebSite","@id":"https:\/\/stourm.news\/#website","url":"https:\/\/stourm.news\/","name":"Stourm","description":"Kazetenn Strollad Broadel Breizh","publisher":{"@id":"https:\/\/stourm.news\/#organization"},"potentialAction":[{"@type":"SearchAction","target":{"@type":"EntryPoint","urlTemplate":"https:\/\/stourm.news\/?s={search_term_string}"},"query-input":{"@type":"PropertyValueSpecification","valueRequired":true,"valueName":"search_term_string"}}],"inLanguage":"fr-FR"},{"@type":"Organization","@id":"https:\/\/stourm.news\/#organization","name":"Stourm","url":"https:\/\/stourm.news\/","logo":{"@type":"ImageObject","inLanguage":"fr-FR","@id":"https:\/\/stourm.news\/#\/schema\/logo\/image\/","url":"https:\/\/stourm.news\/wp-content\/uploads\/2025\/11\/cropped-Capture-decran-2025-11-28-a-15.19.07.png","contentUrl":"https:\/\/stourm.news\/wp-content\/uploads\/2025\/11\/cropped-Capture-decran-2025-11-28-a-15.19.07.png","width":1855,"height":383,"caption":"Stourm"},"image":{"@id":"https:\/\/stourm.news\/#\/schema\/logo\/image\/"},"sameAs":["https:\/\/www.facebook.com\/stourmnews\/"]},{"@type":"Person","@id":"https:\/\/stourm.news\/#\/schema\/person\/c3e1dc65988632e190969234ef046cf9","name":"La r\u00e9daction","image":{"@type":"ImageObject","inLanguage":"fr-FR","@id":"https:\/\/stourm.news\/#\/schema\/person\/image\/","url":"https:\/\/secure.gravatar.com\/avatar\/7463443f194b6b5fb706b074ca0ef59a0cfcfd720cb47764b0ec5a952ce422b3?s=96&d=mm&r=g","contentUrl":"https:\/\/secure.gravatar.com\/avatar\/7463443f194b6b5fb706b074ca0ef59a0cfcfd720cb47764b0ec5a952ce422b3?s=96&d=mm&r=g","caption":"La r\u00e9daction"},"sameAs":["https:\/\/stourm.news"],"url":"https:\/\/stourm.news\/?author=1"}]}},"_links":{"self":[{"href":"https:\/\/stourm.news\/index.php?rest_route=\/wp\/v2\/posts\/1409","targetHints":{"allow":["GET"]}}],"collection":[{"href":"https:\/\/stourm.news\/index.php?rest_route=\/wp\/v2\/posts"}],"about":[{"href":"https:\/\/stourm.news\/index.php?rest_route=\/wp\/v2\/types\/post"}],"author":[{"embeddable":true,"href":"https:\/\/stourm.news\/index.php?rest_route=\/wp\/v2\/users\/1"}],"replies":[{"embeddable":true,"href":"https:\/\/stourm.news\/index.php?rest_route=%2Fwp%2Fv2%2Fcomments&post=1409"}],"version-history":[{"count":1,"href":"https:\/\/stourm.news\/index.php?rest_route=\/wp\/v2\/posts\/1409\/revisions"}],"predecessor-version":[{"id":1411,"href":"https:\/\/stourm.news\/index.php?rest_route=\/wp\/v2\/posts\/1409\/revisions\/1411"}],"wp:featuredmedia":[{"embeddable":true,"href":"https:\/\/stourm.news\/index.php?rest_route=\/wp\/v2\/media\/1410"}],"wp:attachment":[{"href":"https:\/\/stourm.news\/index.php?rest_route=%2Fwp%2Fv2%2Fmedia&parent=1409"}],"wp:term":[{"taxonomy":"category","embeddable":true,"href":"https:\/\/stourm.news\/index.php?rest_route=%2Fwp%2Fv2%2Fcategories&post=1409"},{"taxonomy":"post_tag","embeddable":true,"href":"https:\/\/stourm.news\/index.php?rest_route=%2Fwp%2Fv2%2Ftags&post=1409"}],"curies":[{"name":"wp","href":"https:\/\/api.w.org\/{rel}","templated":true}]}}