{"id":1412,"date":"2024-05-17T05:18:33","date_gmt":"2024-05-17T05:18:33","guid":{"rendered":"https:\/\/stourm.news\/?p=1412"},"modified":"2024-05-17T05:18:33","modified_gmt":"2024-05-17T05:18:33","slug":"kanaky-toute-defaite-de-letat-francais-est-une-victoire-pour-la-bretagne-et-son-identite-editorial","status":"publish","type":"post","link":"https:\/\/stourm.news\/?p=1412","title":{"rendered":"Kanaky : toute d\u00e9faite de l&rsquo;Etat fran\u00e7ais est une victoire pour la Bretagne et son identit\u00e9 (Editorial)"},"content":{"rendered":"<p style=\"text-align: justify;\">Le soul\u00e8vement du peuple kanak a plong\u00e9 l&rsquo;Etat fran\u00e7ais dans une crise dont les implications vont bien au del\u00e0 de la Kanaky. Cette crise r\u00e9sulte de la violation de l&rsquo;accord moral qui existait entre l&rsquo;Etat fran\u00e7ais, engag\u00e9 dans un processus de d\u00e9colonisation depuis 1988, et la nation kanak.<\/p>\n<p style=\"text-align: justify;\">Cette violation est command\u00e9e par une pression grandissante sur les derni\u00e8res positions de l&rsquo;imp\u00e9rialisme fran\u00e7ais, un sentiment d&rsquo;urgence s&rsquo;\u00e9tant empar\u00e9 des dirigeants fran\u00e7ais face \u00e0 son reflux en Afrique de l&rsquo;Ouest et au Proche-Orient, mais aussi face \u00e0 la logique de bloc dict\u00e9e par les puissances am\u00e9ricaine et chinoise qui divise de plus en plus le Pacifique.<\/p>\n<p style=\"text-align: justify;\">Brutalement \u00e9vinc\u00e9e du Mali, du Niger et du Burkina Faso apr\u00e8s ses \u00e9checs en Syrie et en Libye, la France a vu sa strat\u00e9gie d&rsquo;ing\u00e9rence dans le Pacifique \u00eatre stopp\u00e9e par les Etats-Unis en 2021 lorsque Washington a mis son veto sur le contrat de vente de sous-marins \u00e0 l&rsquo;Australie. Face \u00e0 la mont\u00e9e en puissance de la Chine, la France escomptait d\u00e9coupler partiellement l&rsquo;Australie de l&rsquo;Am\u00e9rique au plan strat\u00e9gique et, en formant un groupe autonome quoique alli\u00e9 aux USA, cr\u00e9er un espace dans le Pacifique entre la Chine et l&rsquo;Am\u00e9rique o\u00f9 l&rsquo;imp\u00e9rialisme fran\u00e7ais pourrait avancer ses pions.<\/p>\n<p style=\"text-align: justify;\">L&rsquo;autre volet de cette strat\u00e9gie consistait \u00e0 pr\u00e9tendre offrir une \u00ab\u00a0aide\u00a0\u00bb face au \u00ab\u00a0changement climatique\u00a0\u00bb \u00e0 des nations insulaires pauvres, comme le Vanuatu ou la Papouasie, et obtenir, gr\u00e2ce \u00e0 cette corruption qui ne dit pas son nom, un appui diplomatique pour les diverses initiatives fran\u00e7aises dans la r\u00e9gion. Mais pour s&rsquo;adresser aux nations oc\u00e9aniennes, tr\u00e8s sensibles \u00e0 la cause kanak en tant que peuples lib\u00e9r\u00e9es de la colonisation europ\u00e9ennes, la France devait solder la question de la Nouvelle-Cal\u00e9donie pour s&rsquo;assurer de ne pas \u00eatre prise \u00e0 revers dans son pr\u00e9carr\u00e9 colonial. En prenant le parti ouvert des colons fran\u00e7ais de Noum\u00e9a, l&rsquo;Etat fran\u00e7ais est donc pass\u00e9 en force et proclamer, sans l&rsquo;avis du peuple kanak, la relance du processus de colonisation.<\/p>\n<p><img fetchpriority=\"high\" decoding=\"async\" class=\"alignnone size-medium\" src=\"https:\/\/la1ere.francetvinfo.fr\/image\/au6C3tDVsuY2L4FaBU_GEXFnieg\/930x620\/outremer\/2023\/07\/26\/64c0a8ca84ca3_hf-pr-discours-sec-1a-frame-93026.jpg\" width=\"930\" height=\"620\" \/><\/p>\n<p style=\"text-align: center;\"><em>Discours d&rsquo;Emmanuel Macron annon\u00e7ant la recolonisation de la Kanaky<\/em><\/p>\n<p style=\"text-align: justify;\">Face \u00e0 cette provocation, les Kanaks ont r\u00e9agi avec force et cibl\u00e9 le parti colonial sur l&rsquo;\u00eele, ce \u00e0 quoi le r\u00e9gime colonial fran\u00e7ais a ripost\u00e9 par une traditionnelle politique de pacification sauvage, d\u00e9ployant l&rsquo;arm\u00e9e fran\u00e7aise, elle-m\u00eame appuy\u00e9e par des bandes de colons fran\u00e7ais que Paris avait arm\u00e9s \u00e0 dessein ces derniers temps pour \u00e9craser la nation kanak. Pas moins de 100,000 armes circulent ainsi sur l&rsquo;\u00eele.<\/p>\n<p><img decoding=\"async\" class=\"alignnone size-medium\" src=\"https:\/\/cdn-s-www.ledauphine.com\/images\/585A0C5B-7289-4115-9DF9-30A9C6445858\/NW_raw\/le-regime-de-l-etat-d-urgence-a-ete-instaure-en-nouvelle-caledonie-pour-tenter-d-endiger-la-vague-de-violence-photo-afp-delphine-mayeur-1715799982.jpg\" width=\"1600\" height=\"1067\" \/><\/p>\n<p style=\"text-align: center;\"><em><strong>Milices coloniales fran\u00e7aises \u00e0 Noum\u00e9a<\/strong><\/em><\/p>\n<p style=\"text-align: justify;\">D\u00e9j\u00e0 \u00e9vinc\u00e9e de ses anciennes zones d&rsquo;influence, le Pacifique, d\u00e9sormais centre de l&rsquo;\u00e9conomie mondiale, est un espace o\u00f9 la France tente d\u00e9sesp\u00e9r\u00e9ment de maintenir une pr\u00e9sence pour faire croire \u00e0 l&rsquo;illusion de la puissance. Sa strat\u00e9gie s&rsquo;est transform\u00e9e en campagne de pacification coloniale au beau milieu du 21e si\u00e8cle, un d\u00e9sastre qui aura t\u00f4t fait de l&rsquo;isoler vis-\u00e0-vis des nations de l&rsquo;Asie-Pacifique qui n&rsquo;ont pas oubli\u00e9 la sauvagerie du colonialisme fran\u00e7ais, notamment en Indochine.<\/p>\n<p style=\"text-align: justify;\">T\u00f4t ou tard, la Chine et les USA, tous les deux historiquement hostiles au colonialisme europ\u00e9en, s&rsquo;assureront que la France rentre dans le rang. Pour la Chine, se pr\u00e9senter dans l&rsquo;Asie-Pacifique en garante des droits des nations lib\u00e9r\u00e9es du colonialisme est un angle cardinal de sa diplomatie, tandis que les USA veilleront \u00e0 ne pas \u00eatre associ\u00e9s par la propagande chinoise aux vestiges du colonialisme europ\u00e9en. D\u00e9j\u00e0 priv\u00e9e de l&rsquo;appui australien, la France se retrouve isol\u00e9e, accul\u00e9e, m\u00eame si, selon l&rsquo;attitude traditionnelle des Fran\u00e7ais arrogants, consentir \u00e0 la d\u00e9faite ne se fera pas sans un d\u00e9sastre final, certainement appuy\u00e9s par tous ceux qui veulent liquider cet intrus qui a trop longtemps sem\u00e9 le d\u00e9sordre dans le Pacifique.<\/p>\n<p><img decoding=\"async\" class=\"alignnone size-medium\" src=\"https:\/\/english.news.cn\/20230906\/5c9523ad91b44c3a9bd3890852b89bf6\/3e1bc014152c430e9b8ead45730dad48.JPG\" width=\"1024\" height=\"602\" \/><\/p>\n<p style=\"text-align: justify;\">Comme le disait le diction r\u00e9volutionnaire irlandais, <strong>\u00ab\u00a0French difficulties, Breton opportunities\u00a0\u00bb<\/strong>. Pour la premi\u00e8re fois depuis tr\u00e8s longtemps, un soul\u00e8vement s\u00e9paratiste, de forme anticoloniale, s&rsquo;est form\u00e9e contre l&rsquo;Etat fran\u00e7ais \u00e0 un tournant d\u00e9cisif pour l&rsquo;imp\u00e9rialisme fran\u00e7ais au plan global. Pour la Bretagne nationale, la position a \u00e9t\u00e9 d&rsquo;\u00e9vidence d\u00e8s le d\u00e9but : <strong>un soutien ferme<\/strong> \u00e0 la cause r\u00e9volutionnaire de la nation kanak face \u00e0 la r\u00e9publique fran\u00e7aise, au syst\u00e8me fran\u00e7ais, non seulement pour des raisons politiques, mais aussi pour des raisons de principes.\u00a0 L&rsquo;Etat fran\u00e7ais, engag\u00e9 dans la destruction de la nation bretonne depuis notre annexion, ne se maintient partout que gr\u00e2ce \u00e0 un syst\u00e8me \u00e0 d\u00e9truire les nations qu&rsquo;elle occupe. C&rsquo;est cet \u00e9tat qui organise la colonisation de peuplement en Bretagne m\u00eame afin de s&rsquo;y maintenir, tout comme en Kanaky. Tout \u00e9chec de cet \u00e9tat renforce les positions de la Bretagne nationale dans sa propre lutte pour l&rsquo;ind\u00e9pendance et la pr\u00e9servation de son identit\u00e9.<\/p>\n<p style=\"text-align: justify;\">L&rsquo;attitude r\u00e9volutionnaire ne doit donc pas varier : partout o\u00f9 la r\u00e9publique fran\u00e7aise fait face \u00e0 un adversaire, cet adversaire trouvera chez les patriotes bretons des amis. Il s&rsquo;agit de la position historique de l&rsquo;Emsav et cette position n&rsquo;a pas de raison de varier, jusqu&rsquo;\u00e0 la victoire finale des Bretons contre la France qui les occupe.<\/p>\n<p style=\"text-align: right;\"><strong>Ewen Broc&rsquo;han<\/strong><\/p>\n<p>&nbsp;<\/p>\n<p>&nbsp;<\/p>\n<p>&nbsp;<\/p>\n","protected":false},"excerpt":{"rendered":"<p>Le soul\u00e8vement du peuple kanak a plong\u00e9 l&rsquo;Etat fran\u00e7ais dans une crise dont les implications vont bien au del\u00e0 de la Kanaky. Cette crise r\u00e9sulte de la violation de l&rsquo;accord moral qui existait entre l&rsquo;Etat fran\u00e7ais, engag\u00e9 dans un processus de d\u00e9colonisation depuis 1988, et la nation kanak. Cette violation est command\u00e9e par une pression [&hellip;]<\/p>\n","protected":false},"author":1,"featured_media":1413,"comment_status":"open","ping_status":"open","sticky":false,"template":"","format":"standard","meta":{"sb_editor_width":"","footnotes":""},"categories":[63,65],"tags":[],"class_list":["post-1412","post","type-post","status-publish","format-standard","has-post-thumbnail","hentry","category-editorial","category-principale"],"relative_dates":{"created":"2 ans ago","modified":"2 ans ago"},"yoast_head":"<!-- This site is optimized with the Yoast SEO plugin v26.3 - https:\/\/yoast.com\/wordpress\/plugins\/seo\/ -->\n<title>Kanaky : toute d\u00e9faite de l&#039;Etat fran\u00e7ais est une victoire pour la Bretagne et son identit\u00e9 (Editorial) - STOURM<\/title>\n<meta name=\"robots\" content=\"index, follow, max-snippet:-1, max-image-preview:large, max-video-preview:-1\" \/>\n<link rel=\"canonical\" href=\"https:\/\/stourm.news\/?p=1412\" \/>\n<meta property=\"og:locale\" content=\"fr_FR\" \/>\n<meta property=\"og:type\" content=\"article\" \/>\n<meta property=\"og:title\" content=\"Kanaky : toute d\u00e9faite de l&#039;Etat fran\u00e7ais est une victoire pour la Bretagne et son identit\u00e9 (Editorial) - STOURM\" \/>\n<meta property=\"og:description\" content=\"Le soul\u00e8vement du peuple kanak a plong\u00e9 l&rsquo;Etat fran\u00e7ais dans une crise dont les implications vont bien au del\u00e0 de la Kanaky. Cette crise r\u00e9sulte de la violation de l&rsquo;accord moral qui existait entre l&rsquo;Etat fran\u00e7ais, engag\u00e9 dans un processus de d\u00e9colonisation depuis 1988, et la nation kanak. Cette violation est command\u00e9e par une pression [&hellip;]\" \/>\n<meta property=\"og:url\" content=\"https:\/\/stourm.news\/?p=1412\" \/>\n<meta property=\"og:site_name\" content=\"STOURM\" \/>\n<meta property=\"article:publisher\" content=\"https:\/\/www.facebook.com\/stourmnews\/\" \/>\n<meta property=\"article:published_time\" content=\"2024-05-17T05:18:33+00:00\" \/>\n<meta property=\"og:image\" content=\"https:\/\/stourm.news\/wp-content\/uploads\/2024\/05\/Designer-2024-05-17T140657.817.jpg\" \/>\n\t<meta property=\"og:image:width\" content=\"979\" \/>\n\t<meta property=\"og:image:height\" content=\"668\" \/>\n\t<meta property=\"og:image:type\" content=\"image\/jpeg\" \/>\n<meta name=\"author\" content=\"La r\u00e9daction\" \/>\n<meta name=\"twitter:card\" content=\"summary_large_image\" \/>\n<meta name=\"twitter:label1\" content=\"\u00c9crit par\" \/>\n\t<meta name=\"twitter:data1\" content=\"La r\u00e9daction\" \/>\n\t<meta name=\"twitter:label2\" content=\"Dur\u00e9e de lecture estim\u00e9e\" \/>\n\t<meta name=\"twitter:data2\" content=\"5 minutes\" \/>\n<script type=\"application\/ld+json\" class=\"yoast-schema-graph\">{\"@context\":\"https:\/\/schema.org\",\"@graph\":[{\"@type\":\"Article\",\"@id\":\"https:\/\/stourm.news\/?p=1412#article\",\"isPartOf\":{\"@id\":\"https:\/\/stourm.news\/?p=1412\"},\"author\":{\"name\":\"La r\u00e9daction\",\"@id\":\"https:\/\/stourm.news\/#\/schema\/person\/c3e1dc65988632e190969234ef046cf9\"},\"headline\":\"Kanaky : toute d\u00e9faite de l&rsquo;Etat fran\u00e7ais est une victoire pour la Bretagne et son identit\u00e9 (Editorial)\",\"datePublished\":\"2024-05-17T05:18:33+00:00\",\"mainEntityOfPage\":{\"@id\":\"https:\/\/stourm.news\/?p=1412\"},\"wordCount\":964,\"commentCount\":1,\"publisher\":{\"@id\":\"https:\/\/stourm.news\/#organization\"},\"image\":{\"@id\":\"https:\/\/stourm.news\/?p=1412#primaryimage\"},\"thumbnailUrl\":\"https:\/\/stourm.news\/wp-content\/uploads\/2024\/05\/Designer-2024-05-17T140657.817.jpg\",\"articleSection\":[\"Editorial\",\"Principale\"],\"inLanguage\":\"fr-FR\",\"potentialAction\":[{\"@type\":\"CommentAction\",\"name\":\"Comment\",\"target\":[\"https:\/\/stourm.news\/?p=1412#respond\"]}]},{\"@type\":\"WebPage\",\"@id\":\"https:\/\/stourm.news\/?p=1412\",\"url\":\"https:\/\/stourm.news\/?p=1412\",\"name\":\"Kanaky : toute d\u00e9faite de l'Etat fran\u00e7ais est une victoire pour la Bretagne et son identit\u00e9 (Editorial) - STOURM\",\"isPartOf\":{\"@id\":\"https:\/\/stourm.news\/#website\"},\"primaryImageOfPage\":{\"@id\":\"https:\/\/stourm.news\/?p=1412#primaryimage\"},\"image\":{\"@id\":\"https:\/\/stourm.news\/?p=1412#primaryimage\"},\"thumbnailUrl\":\"https:\/\/stourm.news\/wp-content\/uploads\/2024\/05\/Designer-2024-05-17T140657.817.jpg\",\"datePublished\":\"2024-05-17T05:18:33+00:00\",\"breadcrumb\":{\"@id\":\"https:\/\/stourm.news\/?p=1412#breadcrumb\"},\"inLanguage\":\"fr-FR\",\"potentialAction\":[{\"@type\":\"ReadAction\",\"target\":[\"https:\/\/stourm.news\/?p=1412\"]}]},{\"@type\":\"ImageObject\",\"inLanguage\":\"fr-FR\",\"@id\":\"https:\/\/stourm.news\/?p=1412#primaryimage\",\"url\":\"https:\/\/stourm.news\/wp-content\/uploads\/2024\/05\/Designer-2024-05-17T140657.817.jpg\",\"contentUrl\":\"https:\/\/stourm.news\/wp-content\/uploads\/2024\/05\/Designer-2024-05-17T140657.817.jpg\",\"width\":979,\"height\":668},{\"@type\":\"BreadcrumbList\",\"@id\":\"https:\/\/stourm.news\/?p=1412#breadcrumb\",\"itemListElement\":[{\"@type\":\"ListItem\",\"position\":1,\"name\":\"Accueil\",\"item\":\"https:\/\/stourm.news\/\"},{\"@type\":\"ListItem\",\"position\":2,\"name\":\"Kanaky : toute d\u00e9faite de l&rsquo;Etat fran\u00e7ais est une victoire pour la Bretagne et son identit\u00e9 (Editorial)\"}]},{\"@type\":\"WebSite\",\"@id\":\"https:\/\/stourm.news\/#website\",\"url\":\"https:\/\/stourm.news\/\",\"name\":\"Stourm\",\"description\":\"Kazetenn Strollad Broadel Breizh\",\"publisher\":{\"@id\":\"https:\/\/stourm.news\/#organization\"},\"potentialAction\":[{\"@type\":\"SearchAction\",\"target\":{\"@type\":\"EntryPoint\",\"urlTemplate\":\"https:\/\/stourm.news\/?s={search_term_string}\"},\"query-input\":{\"@type\":\"PropertyValueSpecification\",\"valueRequired\":true,\"valueName\":\"search_term_string\"}}],\"inLanguage\":\"fr-FR\"},{\"@type\":\"Organization\",\"@id\":\"https:\/\/stourm.news\/#organization\",\"name\":\"Stourm\",\"url\":\"https:\/\/stourm.news\/\",\"logo\":{\"@type\":\"ImageObject\",\"inLanguage\":\"fr-FR\",\"@id\":\"https:\/\/stourm.news\/#\/schema\/logo\/image\/\",\"url\":\"https:\/\/stourm.news\/wp-content\/uploads\/2025\/11\/cropped-Capture-decran-2025-11-28-a-15.19.07.png\",\"contentUrl\":\"https:\/\/stourm.news\/wp-content\/uploads\/2025\/11\/cropped-Capture-decran-2025-11-28-a-15.19.07.png\",\"width\":1855,\"height\":383,\"caption\":\"Stourm\"},\"image\":{\"@id\":\"https:\/\/stourm.news\/#\/schema\/logo\/image\/\"},\"sameAs\":[\"https:\/\/www.facebook.com\/stourmnews\/\"]},{\"@type\":\"Person\",\"@id\":\"https:\/\/stourm.news\/#\/schema\/person\/c3e1dc65988632e190969234ef046cf9\",\"name\":\"La r\u00e9daction\",\"image\":{\"@type\":\"ImageObject\",\"inLanguage\":\"fr-FR\",\"@id\":\"https:\/\/stourm.news\/#\/schema\/person\/image\/\",\"url\":\"https:\/\/secure.gravatar.com\/avatar\/7463443f194b6b5fb706b074ca0ef59a0cfcfd720cb47764b0ec5a952ce422b3?s=96&d=mm&r=g\",\"contentUrl\":\"https:\/\/secure.gravatar.com\/avatar\/7463443f194b6b5fb706b074ca0ef59a0cfcfd720cb47764b0ec5a952ce422b3?s=96&d=mm&r=g\",\"caption\":\"La r\u00e9daction\"},\"sameAs\":[\"https:\/\/stourm.news\"],\"url\":\"https:\/\/stourm.news\/?author=1\"}]}<\/script>\n<!-- \/ Yoast SEO plugin. -->","yoast_head_json":{"title":"Kanaky : toute d\u00e9faite de l'Etat fran\u00e7ais est une victoire pour la Bretagne et son identit\u00e9 (Editorial) - STOURM","robots":{"index":"index","follow":"follow","max-snippet":"max-snippet:-1","max-image-preview":"max-image-preview:large","max-video-preview":"max-video-preview:-1"},"canonical":"https:\/\/stourm.news\/?p=1412","og_locale":"fr_FR","og_type":"article","og_title":"Kanaky : toute d\u00e9faite de l'Etat fran\u00e7ais est une victoire pour la Bretagne et son identit\u00e9 (Editorial) - STOURM","og_description":"Le soul\u00e8vement du peuple kanak a plong\u00e9 l&rsquo;Etat fran\u00e7ais dans une crise dont les implications vont bien au del\u00e0 de la Kanaky. Cette crise r\u00e9sulte de la violation de l&rsquo;accord moral qui existait entre l&rsquo;Etat fran\u00e7ais, engag\u00e9 dans un processus de d\u00e9colonisation depuis 1988, et la nation kanak. Cette violation est command\u00e9e par une pression [&hellip;]","og_url":"https:\/\/stourm.news\/?p=1412","og_site_name":"STOURM","article_publisher":"https:\/\/www.facebook.com\/stourmnews\/","article_published_time":"2024-05-17T05:18:33+00:00","og_image":[{"width":979,"height":668,"url":"https:\/\/stourm.news\/wp-content\/uploads\/2024\/05\/Designer-2024-05-17T140657.817.jpg","type":"image\/jpeg"}],"author":"La r\u00e9daction","twitter_card":"summary_large_image","twitter_misc":{"\u00c9crit par":"La r\u00e9daction","Dur\u00e9e de lecture estim\u00e9e":"5 minutes"},"schema":{"@context":"https:\/\/schema.org","@graph":[{"@type":"Article","@id":"https:\/\/stourm.news\/?p=1412#article","isPartOf":{"@id":"https:\/\/stourm.news\/?p=1412"},"author":{"name":"La r\u00e9daction","@id":"https:\/\/stourm.news\/#\/schema\/person\/c3e1dc65988632e190969234ef046cf9"},"headline":"Kanaky : toute d\u00e9faite de l&rsquo;Etat fran\u00e7ais est une victoire pour la Bretagne et son identit\u00e9 (Editorial)","datePublished":"2024-05-17T05:18:33+00:00","mainEntityOfPage":{"@id":"https:\/\/stourm.news\/?p=1412"},"wordCount":964,"commentCount":1,"publisher":{"@id":"https:\/\/stourm.news\/#organization"},"image":{"@id":"https:\/\/stourm.news\/?p=1412#primaryimage"},"thumbnailUrl":"https:\/\/stourm.news\/wp-content\/uploads\/2024\/05\/Designer-2024-05-17T140657.817.jpg","articleSection":["Editorial","Principale"],"inLanguage":"fr-FR","potentialAction":[{"@type":"CommentAction","name":"Comment","target":["https:\/\/stourm.news\/?p=1412#respond"]}]},{"@type":"WebPage","@id":"https:\/\/stourm.news\/?p=1412","url":"https:\/\/stourm.news\/?p=1412","name":"Kanaky : toute d\u00e9faite de l'Etat fran\u00e7ais est une victoire pour la Bretagne et son identit\u00e9 (Editorial) - STOURM","isPartOf":{"@id":"https:\/\/stourm.news\/#website"},"primaryImageOfPage":{"@id":"https:\/\/stourm.news\/?p=1412#primaryimage"},"image":{"@id":"https:\/\/stourm.news\/?p=1412#primaryimage"},"thumbnailUrl":"https:\/\/stourm.news\/wp-content\/uploads\/2024\/05\/Designer-2024-05-17T140657.817.jpg","datePublished":"2024-05-17T05:18:33+00:00","breadcrumb":{"@id":"https:\/\/stourm.news\/?p=1412#breadcrumb"},"inLanguage":"fr-FR","potentialAction":[{"@type":"ReadAction","target":["https:\/\/stourm.news\/?p=1412"]}]},{"@type":"ImageObject","inLanguage":"fr-FR","@id":"https:\/\/stourm.news\/?p=1412#primaryimage","url":"https:\/\/stourm.news\/wp-content\/uploads\/2024\/05\/Designer-2024-05-17T140657.817.jpg","contentUrl":"https:\/\/stourm.news\/wp-content\/uploads\/2024\/05\/Designer-2024-05-17T140657.817.jpg","width":979,"height":668},{"@type":"BreadcrumbList","@id":"https:\/\/stourm.news\/?p=1412#breadcrumb","itemListElement":[{"@type":"ListItem","position":1,"name":"Accueil","item":"https:\/\/stourm.news\/"},{"@type":"ListItem","position":2,"name":"Kanaky : toute d\u00e9faite de l&rsquo;Etat fran\u00e7ais est une victoire pour la Bretagne et son identit\u00e9 (Editorial)"}]},{"@type":"WebSite","@id":"https:\/\/stourm.news\/#website","url":"https:\/\/stourm.news\/","name":"Stourm","description":"Kazetenn Strollad Broadel Breizh","publisher":{"@id":"https:\/\/stourm.news\/#organization"},"potentialAction":[{"@type":"SearchAction","target":{"@type":"EntryPoint","urlTemplate":"https:\/\/stourm.news\/?s={search_term_string}"},"query-input":{"@type":"PropertyValueSpecification","valueRequired":true,"valueName":"search_term_string"}}],"inLanguage":"fr-FR"},{"@type":"Organization","@id":"https:\/\/stourm.news\/#organization","name":"Stourm","url":"https:\/\/stourm.news\/","logo":{"@type":"ImageObject","inLanguage":"fr-FR","@id":"https:\/\/stourm.news\/#\/schema\/logo\/image\/","url":"https:\/\/stourm.news\/wp-content\/uploads\/2025\/11\/cropped-Capture-decran-2025-11-28-a-15.19.07.png","contentUrl":"https:\/\/stourm.news\/wp-content\/uploads\/2025\/11\/cropped-Capture-decran-2025-11-28-a-15.19.07.png","width":1855,"height":383,"caption":"Stourm"},"image":{"@id":"https:\/\/stourm.news\/#\/schema\/logo\/image\/"},"sameAs":["https:\/\/www.facebook.com\/stourmnews\/"]},{"@type":"Person","@id":"https:\/\/stourm.news\/#\/schema\/person\/c3e1dc65988632e190969234ef046cf9","name":"La r\u00e9daction","image":{"@type":"ImageObject","inLanguage":"fr-FR","@id":"https:\/\/stourm.news\/#\/schema\/person\/image\/","url":"https:\/\/secure.gravatar.com\/avatar\/7463443f194b6b5fb706b074ca0ef59a0cfcfd720cb47764b0ec5a952ce422b3?s=96&d=mm&r=g","contentUrl":"https:\/\/secure.gravatar.com\/avatar\/7463443f194b6b5fb706b074ca0ef59a0cfcfd720cb47764b0ec5a952ce422b3?s=96&d=mm&r=g","caption":"La r\u00e9daction"},"sameAs":["https:\/\/stourm.news"],"url":"https:\/\/stourm.news\/?author=1"}]}},"_links":{"self":[{"href":"https:\/\/stourm.news\/index.php?rest_route=\/wp\/v2\/posts\/1412","targetHints":{"allow":["GET"]}}],"collection":[{"href":"https:\/\/stourm.news\/index.php?rest_route=\/wp\/v2\/posts"}],"about":[{"href":"https:\/\/stourm.news\/index.php?rest_route=\/wp\/v2\/types\/post"}],"author":[{"embeddable":true,"href":"https:\/\/stourm.news\/index.php?rest_route=\/wp\/v2\/users\/1"}],"replies":[{"embeddable":true,"href":"https:\/\/stourm.news\/index.php?rest_route=%2Fwp%2Fv2%2Fcomments&post=1412"}],"version-history":[{"count":1,"href":"https:\/\/stourm.news\/index.php?rest_route=\/wp\/v2\/posts\/1412\/revisions"}],"predecessor-version":[{"id":1414,"href":"https:\/\/stourm.news\/index.php?rest_route=\/wp\/v2\/posts\/1412\/revisions\/1414"}],"wp:featuredmedia":[{"embeddable":true,"href":"https:\/\/stourm.news\/index.php?rest_route=\/wp\/v2\/media\/1413"}],"wp:attachment":[{"href":"https:\/\/stourm.news\/index.php?rest_route=%2Fwp%2Fv2%2Fmedia&parent=1412"}],"wp:term":[{"taxonomy":"category","embeddable":true,"href":"https:\/\/stourm.news\/index.php?rest_route=%2Fwp%2Fv2%2Fcategories&post=1412"},{"taxonomy":"post_tag","embeddable":true,"href":"https:\/\/stourm.news\/index.php?rest_route=%2Fwp%2Fv2%2Ftags&post=1412"}],"curies":[{"name":"wp","href":"https:\/\/api.w.org\/{rel}","templated":true}]}}