{"id":1415,"date":"2024-05-17T06:56:03","date_gmt":"2024-05-17T06:56:03","guid":{"rendered":"https:\/\/stourm.news\/?p=1415"},"modified":"2024-05-17T07:09:53","modified_gmt":"2024-05-17T07:09:53","slug":"le-fatras-identitaire-francais-contre-la-nation-bretonne","status":"publish","type":"post","link":"https:\/\/stourm.news\/?p=1415","title":{"rendered":"Le fatras identitaire fran\u00e7ais contre la nation bretonne"},"content":{"rendered":"<p style=\"text-align: justify;\">La capacit\u00e9 du loyalisme fran\u00e7ais a adopt\u00e9 r\u00e9guli\u00e8rement de nouveaux masques ne doit pas \u00eatre sous-estim\u00e9e, qu&rsquo;il s&rsquo;agisse du loyalisme fran\u00e7ais de droite ou de gauche. A l&rsquo;extr\u00eame-droite du spectre hexagonal en Bretagne o\u00f9 il recrute quelques accultur\u00e9s, le loyalisme fran\u00e7ais se revendique parfois d&rsquo;une posture \u00ab\u00a0identitaire\u00a0\u00bb, mot valise qui a l&rsquo;avantage d&rsquo;\u00eatre suffisamment flou pour \u00eatre le lit de l&rsquo;opportunisme.<\/p>\n<p style=\"text-align: justify;\">O\u00f9 commence et ou finit \u00ab\u00a0l&rsquo;identitaire\u00a0\u00bb, nul ne le sait et c&rsquo;est le but : ratisser large, en dehors de conceptions politiques dures et exclusives. C&rsquo;est une posture soci\u00e9tale qui conforte le statu quo \u00e9tatique, donc l&rsquo;Etat fran\u00e7ais et sa soci\u00e9t\u00e9 dont on sait, pr\u00e9cis\u00e9ment, \u00e0 quel point il recherche la destruction de l&rsquo;identit\u00e9 ethnique bretonne. Quoique ce soit en apparence contre-intuitif, l&rsquo;identitarisme soci\u00e9tal d&rsquo;importation hexagonale, par la d\u00e9politisation qu&rsquo;il promeut objectivement puisqu&rsquo;il ne pose pas la question de l&rsquo;Etat breton et de la lib\u00e9ration nationale de la Bretagne, renforce les conditions objectives de la poursuite de la politique anti-identitaire de l&rsquo;Etat fran\u00e7ais.<\/p>\n<p style=\"text-align: justify;\">G\u00e9n\u00e9ralement, cet identitarisme est l&rsquo;euph\u00e9misme utilis\u00e9 par quelques Fran\u00e7ais pour exprimer un racisme par ailleurs frapp\u00e9 d&rsquo;ill\u00e9galit\u00e9 par cet \u00e9tat, pr\u00e9cis\u00e9ment au nom de la lutte contre l&rsquo;affirmation ethno-identitaire qui sert d&rsquo;id\u00e9ologie au r\u00e9gime fran\u00e7ais. Pour ces loyalistes, la France, et ses colons, s&rsquo;ils sont \u00ab\u00a0blancs\u00a0\u00bb, sont chez eux en Bretagne et s&rsquo;ils prennent grand soin d&rsquo;instrumentaliser symboliquement les acquis historiques de l&rsquo;Emsav pour s&rsquo;adresser aux Bretons, ce n&rsquo;est que pour mieux rabattre vers leurs int\u00e9r\u00eats de Fran\u00e7ais, donc, en derni\u00e8re instance, ceux de leur \u00e9tat, l&rsquo;Etat fran\u00e7ais. Cet\u00a0 \u00ab\u00a0internationalisme blanc\u00a0\u00bb s&rsquo;arr\u00eate comme par magie aux fronti\u00e8res fran\u00e7aises car, bien entendu, aucun de ces loyalistes ne proposent de d\u00e9manteler l&rsquo;Etat fran\u00e7ais.<\/p>\n<p style=\"text-align: justify;\">Le politique est ultimement le domaine de l&rsquo;Etat. Il n&rsquo;y a pas de politique en dehors de l&rsquo;Etat et toute lutte politique vise \u00e0 se doter du pouvoir d&rsquo;\u00e9tat. Contrairement aux courtisans du parti colonial fran\u00e7ais, le nationalisme breton, comme projet de constitution d&rsquo;un \u00e9tat breton, n&rsquo;entretient pas la confusion dans les esprits bretons avec des concepts vagues, \u00e0 l&rsquo;instar de l&rsquo;impuissante invocation \u00ab\u00a0identitaire\u00a0\u00bb, mais il clarifie la situation politique et historique en affirmant le conflit entre la Bretagne nationale et l&rsquo;Etat fran\u00e7ais qui occupe notre pays et cherche, depuis toujours, \u00e0 d\u00e9truire notre peuple, d&rsquo;abord culturellement, puis physiquement par la colonisation de peuplement.<\/p>\n<p style=\"text-align: justify;\">Par sa politique migratoire, l&rsquo;Etat fran\u00e7ais est irr\u00e9versiblement cr\u00e9olis\u00e9, quoi qu&rsquo;en disent les adeptes du fatras identitaire hexagonal. La Bretagne, elle, dispose des possibilit\u00e9s de son existence comme peuple. Pour pr\u00e9server sa personnalit\u00e9 ethnique, elle doit rompre d\u00e9finitivement avec l&rsquo;\u00e9tat hexagonal et entamer la lutte pour son propre \u00e9tat, seul garant de son int\u00e9grit\u00e9 ethnique.<\/p>\n<p style=\"text-align: justify;\">Une politique s\u00e9rieuse d\u00e9di\u00e9e \u00e0 la d\u00e9fense de l&rsquo;identit\u00e9 ethno-nationale de la Bretagne implique le combat pour le pouvoir d&rsquo;\u00e9tat, donc la d\u00e9faite de l&rsquo;Etat fran\u00e7ais et du parti colonial en Bretagne. Cette affirmation, parce que trop dure \u00e0 avaler pour les estomacs fragiles des loyalistes, rassemblera les Bretons qui veulent que leur patrie ait un avenir de nation libre. Voyons clair, avan\u00e7ons, affirmons la nationalit\u00e9 bretonne dans le cadre de l&rsquo;Etat breton et soyons ceux qui s\u00e8ment les graines du r\u00e9veil national, comme d&rsquo;autres l&rsquo;ont fait en Irlande et le font ailleurs, que ce soit en Catalogne, en Corse, en Flandre. M\u00e9prisons les suppl\u00e9tifs de l&rsquo;ordre fran\u00e7ais, soyons une avant-garde qui \u00e9veille dans le c\u0153ur de chaque Breton la lutte n\u00e9cessaire pour l&rsquo;ind\u00e9pendance. Au moment o\u00f9 l&rsquo;Etat fran\u00e7ais se l\u00e9zarde de toutes parts, cette position est la seule position de rupture possible, mais aussi la seule qui soit juste.<\/p>\n<p style=\"text-align: right;\"><strong>Ewen Broc&rsquo;han<\/strong><\/p>\n<p>&nbsp;<\/p>\n<p>&nbsp;<\/p>\n<p>&nbsp;<\/p>\n","protected":false},"excerpt":{"rendered":"<p>La capacit\u00e9 du loyalisme fran\u00e7ais a adopt\u00e9 r\u00e9guli\u00e8rement de nouveaux masques ne doit pas \u00eatre sous-estim\u00e9e, qu&rsquo;il s&rsquo;agisse du loyalisme fran\u00e7ais de droite ou de gauche. A l&rsquo;extr\u00eame-droite du spectre hexagonal en Bretagne o\u00f9 il recrute quelques accultur\u00e9s, le loyalisme fran\u00e7ais se revendique parfois d&rsquo;une posture \u00ab\u00a0identitaire\u00a0\u00bb, mot valise qui a l&rsquo;avantage d&rsquo;\u00eatre suffisamment flou [&hellip;]<\/p>\n","protected":false},"author":1,"featured_media":1417,"comment_status":"open","ping_status":"open","sticky":false,"template":"","format":"standard","meta":{"sb_editor_width":"","footnotes":""},"categories":[58,65],"tags":[],"class_list":["post-1415","post","type-post","status-publish","format-standard","has-post-thumbnail","hentry","category-breizh","category-principale"],"relative_dates":{"created":"2 ans ago","modified":"2 ans ago"},"yoast_head":"<!-- This site is optimized with the Yoast SEO plugin v26.3 - https:\/\/yoast.com\/wordpress\/plugins\/seo\/ -->\n<title>Le fatras identitaire fran\u00e7ais contre la nation bretonne - STOURM<\/title>\n<meta name=\"robots\" content=\"index, follow, max-snippet:-1, max-image-preview:large, max-video-preview:-1\" \/>\n<link rel=\"canonical\" href=\"https:\/\/stourm.news\/?p=1415\" \/>\n<meta property=\"og:locale\" content=\"fr_FR\" \/>\n<meta property=\"og:type\" content=\"article\" \/>\n<meta property=\"og:title\" content=\"Le fatras identitaire fran\u00e7ais contre la nation bretonne - STOURM\" \/>\n<meta property=\"og:description\" content=\"La capacit\u00e9 du loyalisme fran\u00e7ais a adopt\u00e9 r\u00e9guli\u00e8rement de nouveaux masques ne doit pas \u00eatre sous-estim\u00e9e, qu&rsquo;il s&rsquo;agisse du loyalisme fran\u00e7ais de droite ou de gauche. A l&rsquo;extr\u00eame-droite du spectre hexagonal en Bretagne o\u00f9 il recrute quelques accultur\u00e9s, le loyalisme fran\u00e7ais se revendique parfois d&rsquo;une posture \u00ab\u00a0identitaire\u00a0\u00bb, mot valise qui a l&rsquo;avantage d&rsquo;\u00eatre suffisamment flou [&hellip;]\" \/>\n<meta property=\"og:url\" content=\"https:\/\/stourm.news\/?p=1415\" \/>\n<meta property=\"og:site_name\" content=\"STOURM\" \/>\n<meta property=\"article:publisher\" content=\"https:\/\/www.facebook.com\/stourmnews\/\" \/>\n<meta property=\"article:published_time\" content=\"2024-05-17T06:56:03+00:00\" \/>\n<meta property=\"article:modified_time\" content=\"2024-05-17T07:09:53+00:00\" \/>\n<meta property=\"og:image\" content=\"https:\/\/stourm.news\/wp-content\/uploads\/2024\/05\/francais-beret-paris-zigzag-e1556895437104.webp\" \/>\n\t<meta property=\"og:image:width\" content=\"800\" \/>\n\t<meta property=\"og:image:height\" content=\"605\" \/>\n\t<meta property=\"og:image:type\" content=\"image\/webp\" \/>\n<meta name=\"author\" content=\"La r\u00e9daction\" \/>\n<meta name=\"twitter:card\" content=\"summary_large_image\" \/>\n<meta name=\"twitter:label1\" content=\"\u00c9crit par\" \/>\n\t<meta name=\"twitter:data1\" content=\"La r\u00e9daction\" \/>\n\t<meta name=\"twitter:label2\" content=\"Dur\u00e9e de lecture estim\u00e9e\" \/>\n\t<meta name=\"twitter:data2\" content=\"4 minutes\" \/>\n<script type=\"application\/ld+json\" class=\"yoast-schema-graph\">{\"@context\":\"https:\/\/schema.org\",\"@graph\":[{\"@type\":\"Article\",\"@id\":\"https:\/\/stourm.news\/?p=1415#article\",\"isPartOf\":{\"@id\":\"https:\/\/stourm.news\/?p=1415\"},\"author\":{\"name\":\"La r\u00e9daction\",\"@id\":\"https:\/\/stourm.news\/#\/schema\/person\/c3e1dc65988632e190969234ef046cf9\"},\"headline\":\"Le fatras identitaire fran\u00e7ais contre la nation bretonne\",\"datePublished\":\"2024-05-17T06:56:03+00:00\",\"dateModified\":\"2024-05-17T07:09:53+00:00\",\"mainEntityOfPage\":{\"@id\":\"https:\/\/stourm.news\/?p=1415\"},\"wordCount\":709,\"commentCount\":0,\"publisher\":{\"@id\":\"https:\/\/stourm.news\/#organization\"},\"image\":{\"@id\":\"https:\/\/stourm.news\/?p=1415#primaryimage\"},\"thumbnailUrl\":\"https:\/\/stourm.news\/wp-content\/uploads\/2024\/05\/francais-beret-paris-zigzag-e1556895437104.webp\",\"articleSection\":[\"Breizh\",\"Principale\"],\"inLanguage\":\"fr-FR\",\"potentialAction\":[{\"@type\":\"CommentAction\",\"name\":\"Comment\",\"target\":[\"https:\/\/stourm.news\/?p=1415#respond\"]}]},{\"@type\":\"WebPage\",\"@id\":\"https:\/\/stourm.news\/?p=1415\",\"url\":\"https:\/\/stourm.news\/?p=1415\",\"name\":\"Le fatras identitaire fran\u00e7ais contre la nation bretonne - STOURM\",\"isPartOf\":{\"@id\":\"https:\/\/stourm.news\/#website\"},\"primaryImageOfPage\":{\"@id\":\"https:\/\/stourm.news\/?p=1415#primaryimage\"},\"image\":{\"@id\":\"https:\/\/stourm.news\/?p=1415#primaryimage\"},\"thumbnailUrl\":\"https:\/\/stourm.news\/wp-content\/uploads\/2024\/05\/francais-beret-paris-zigzag-e1556895437104.webp\",\"datePublished\":\"2024-05-17T06:56:03+00:00\",\"dateModified\":\"2024-05-17T07:09:53+00:00\",\"breadcrumb\":{\"@id\":\"https:\/\/stourm.news\/?p=1415#breadcrumb\"},\"inLanguage\":\"fr-FR\",\"potentialAction\":[{\"@type\":\"ReadAction\",\"target\":[\"https:\/\/stourm.news\/?p=1415\"]}]},{\"@type\":\"ImageObject\",\"inLanguage\":\"fr-FR\",\"@id\":\"https:\/\/stourm.news\/?p=1415#primaryimage\",\"url\":\"https:\/\/stourm.news\/wp-content\/uploads\/2024\/05\/francais-beret-paris-zigzag-e1556895437104.webp\",\"contentUrl\":\"https:\/\/stourm.news\/wp-content\/uploads\/2024\/05\/francais-beret-paris-zigzag-e1556895437104.webp\",\"width\":800,\"height\":605},{\"@type\":\"BreadcrumbList\",\"@id\":\"https:\/\/stourm.news\/?p=1415#breadcrumb\",\"itemListElement\":[{\"@type\":\"ListItem\",\"position\":1,\"name\":\"Accueil\",\"item\":\"https:\/\/stourm.news\/\"},{\"@type\":\"ListItem\",\"position\":2,\"name\":\"Le fatras identitaire fran\u00e7ais contre la nation bretonne\"}]},{\"@type\":\"WebSite\",\"@id\":\"https:\/\/stourm.news\/#website\",\"url\":\"https:\/\/stourm.news\/\",\"name\":\"Stourm\",\"description\":\"Kazetenn Strollad Broadel Breizh\",\"publisher\":{\"@id\":\"https:\/\/stourm.news\/#organization\"},\"potentialAction\":[{\"@type\":\"SearchAction\",\"target\":{\"@type\":\"EntryPoint\",\"urlTemplate\":\"https:\/\/stourm.news\/?s={search_term_string}\"},\"query-input\":{\"@type\":\"PropertyValueSpecification\",\"valueRequired\":true,\"valueName\":\"search_term_string\"}}],\"inLanguage\":\"fr-FR\"},{\"@type\":\"Organization\",\"@id\":\"https:\/\/stourm.news\/#organization\",\"name\":\"Stourm\",\"url\":\"https:\/\/stourm.news\/\",\"logo\":{\"@type\":\"ImageObject\",\"inLanguage\":\"fr-FR\",\"@id\":\"https:\/\/stourm.news\/#\/schema\/logo\/image\/\",\"url\":\"https:\/\/stourm.news\/wp-content\/uploads\/2025\/11\/cropped-Capture-decran-2025-11-28-a-15.19.07.png\",\"contentUrl\":\"https:\/\/stourm.news\/wp-content\/uploads\/2025\/11\/cropped-Capture-decran-2025-11-28-a-15.19.07.png\",\"width\":1855,\"height\":383,\"caption\":\"Stourm\"},\"image\":{\"@id\":\"https:\/\/stourm.news\/#\/schema\/logo\/image\/\"},\"sameAs\":[\"https:\/\/www.facebook.com\/stourmnews\/\"]},{\"@type\":\"Person\",\"@id\":\"https:\/\/stourm.news\/#\/schema\/person\/c3e1dc65988632e190969234ef046cf9\",\"name\":\"La r\u00e9daction\",\"image\":{\"@type\":\"ImageObject\",\"inLanguage\":\"fr-FR\",\"@id\":\"https:\/\/stourm.news\/#\/schema\/person\/image\/\",\"url\":\"https:\/\/secure.gravatar.com\/avatar\/7463443f194b6b5fb706b074ca0ef59a0cfcfd720cb47764b0ec5a952ce422b3?s=96&d=mm&r=g\",\"contentUrl\":\"https:\/\/secure.gravatar.com\/avatar\/7463443f194b6b5fb706b074ca0ef59a0cfcfd720cb47764b0ec5a952ce422b3?s=96&d=mm&r=g\",\"caption\":\"La r\u00e9daction\"},\"sameAs\":[\"https:\/\/stourm.news\"],\"url\":\"https:\/\/stourm.news\/?author=1\"}]}<\/script>\n<!-- \/ Yoast SEO plugin. -->","yoast_head_json":{"title":"Le fatras identitaire fran\u00e7ais contre la nation bretonne - STOURM","robots":{"index":"index","follow":"follow","max-snippet":"max-snippet:-1","max-image-preview":"max-image-preview:large","max-video-preview":"max-video-preview:-1"},"canonical":"https:\/\/stourm.news\/?p=1415","og_locale":"fr_FR","og_type":"article","og_title":"Le fatras identitaire fran\u00e7ais contre la nation bretonne - STOURM","og_description":"La capacit\u00e9 du loyalisme fran\u00e7ais a adopt\u00e9 r\u00e9guli\u00e8rement de nouveaux masques ne doit pas \u00eatre sous-estim\u00e9e, qu&rsquo;il s&rsquo;agisse du loyalisme fran\u00e7ais de droite ou de gauche. A l&rsquo;extr\u00eame-droite du spectre hexagonal en Bretagne o\u00f9 il recrute quelques accultur\u00e9s, le loyalisme fran\u00e7ais se revendique parfois d&rsquo;une posture \u00ab\u00a0identitaire\u00a0\u00bb, mot valise qui a l&rsquo;avantage d&rsquo;\u00eatre suffisamment flou [&hellip;]","og_url":"https:\/\/stourm.news\/?p=1415","og_site_name":"STOURM","article_publisher":"https:\/\/www.facebook.com\/stourmnews\/","article_published_time":"2024-05-17T06:56:03+00:00","article_modified_time":"2024-05-17T07:09:53+00:00","og_image":[{"width":800,"height":605,"url":"https:\/\/stourm.news\/wp-content\/uploads\/2024\/05\/francais-beret-paris-zigzag-e1556895437104.webp","type":"image\/webp"}],"author":"La r\u00e9daction","twitter_card":"summary_large_image","twitter_misc":{"\u00c9crit par":"La r\u00e9daction","Dur\u00e9e de lecture estim\u00e9e":"4 minutes"},"schema":{"@context":"https:\/\/schema.org","@graph":[{"@type":"Article","@id":"https:\/\/stourm.news\/?p=1415#article","isPartOf":{"@id":"https:\/\/stourm.news\/?p=1415"},"author":{"name":"La r\u00e9daction","@id":"https:\/\/stourm.news\/#\/schema\/person\/c3e1dc65988632e190969234ef046cf9"},"headline":"Le fatras identitaire fran\u00e7ais contre la nation bretonne","datePublished":"2024-05-17T06:56:03+00:00","dateModified":"2024-05-17T07:09:53+00:00","mainEntityOfPage":{"@id":"https:\/\/stourm.news\/?p=1415"},"wordCount":709,"commentCount":0,"publisher":{"@id":"https:\/\/stourm.news\/#organization"},"image":{"@id":"https:\/\/stourm.news\/?p=1415#primaryimage"},"thumbnailUrl":"https:\/\/stourm.news\/wp-content\/uploads\/2024\/05\/francais-beret-paris-zigzag-e1556895437104.webp","articleSection":["Breizh","Principale"],"inLanguage":"fr-FR","potentialAction":[{"@type":"CommentAction","name":"Comment","target":["https:\/\/stourm.news\/?p=1415#respond"]}]},{"@type":"WebPage","@id":"https:\/\/stourm.news\/?p=1415","url":"https:\/\/stourm.news\/?p=1415","name":"Le fatras identitaire fran\u00e7ais contre la nation bretonne - STOURM","isPartOf":{"@id":"https:\/\/stourm.news\/#website"},"primaryImageOfPage":{"@id":"https:\/\/stourm.news\/?p=1415#primaryimage"},"image":{"@id":"https:\/\/stourm.news\/?p=1415#primaryimage"},"thumbnailUrl":"https:\/\/stourm.news\/wp-content\/uploads\/2024\/05\/francais-beret-paris-zigzag-e1556895437104.webp","datePublished":"2024-05-17T06:56:03+00:00","dateModified":"2024-05-17T07:09:53+00:00","breadcrumb":{"@id":"https:\/\/stourm.news\/?p=1415#breadcrumb"},"inLanguage":"fr-FR","potentialAction":[{"@type":"ReadAction","target":["https:\/\/stourm.news\/?p=1415"]}]},{"@type":"ImageObject","inLanguage":"fr-FR","@id":"https:\/\/stourm.news\/?p=1415#primaryimage","url":"https:\/\/stourm.news\/wp-content\/uploads\/2024\/05\/francais-beret-paris-zigzag-e1556895437104.webp","contentUrl":"https:\/\/stourm.news\/wp-content\/uploads\/2024\/05\/francais-beret-paris-zigzag-e1556895437104.webp","width":800,"height":605},{"@type":"BreadcrumbList","@id":"https:\/\/stourm.news\/?p=1415#breadcrumb","itemListElement":[{"@type":"ListItem","position":1,"name":"Accueil","item":"https:\/\/stourm.news\/"},{"@type":"ListItem","position":2,"name":"Le fatras identitaire fran\u00e7ais contre la nation bretonne"}]},{"@type":"WebSite","@id":"https:\/\/stourm.news\/#website","url":"https:\/\/stourm.news\/","name":"Stourm","description":"Kazetenn Strollad Broadel Breizh","publisher":{"@id":"https:\/\/stourm.news\/#organization"},"potentialAction":[{"@type":"SearchAction","target":{"@type":"EntryPoint","urlTemplate":"https:\/\/stourm.news\/?s={search_term_string}"},"query-input":{"@type":"PropertyValueSpecification","valueRequired":true,"valueName":"search_term_string"}}],"inLanguage":"fr-FR"},{"@type":"Organization","@id":"https:\/\/stourm.news\/#organization","name":"Stourm","url":"https:\/\/stourm.news\/","logo":{"@type":"ImageObject","inLanguage":"fr-FR","@id":"https:\/\/stourm.news\/#\/schema\/logo\/image\/","url":"https:\/\/stourm.news\/wp-content\/uploads\/2025\/11\/cropped-Capture-decran-2025-11-28-a-15.19.07.png","contentUrl":"https:\/\/stourm.news\/wp-content\/uploads\/2025\/11\/cropped-Capture-decran-2025-11-28-a-15.19.07.png","width":1855,"height":383,"caption":"Stourm"},"image":{"@id":"https:\/\/stourm.news\/#\/schema\/logo\/image\/"},"sameAs":["https:\/\/www.facebook.com\/stourmnews\/"]},{"@type":"Person","@id":"https:\/\/stourm.news\/#\/schema\/person\/c3e1dc65988632e190969234ef046cf9","name":"La r\u00e9daction","image":{"@type":"ImageObject","inLanguage":"fr-FR","@id":"https:\/\/stourm.news\/#\/schema\/person\/image\/","url":"https:\/\/secure.gravatar.com\/avatar\/7463443f194b6b5fb706b074ca0ef59a0cfcfd720cb47764b0ec5a952ce422b3?s=96&d=mm&r=g","contentUrl":"https:\/\/secure.gravatar.com\/avatar\/7463443f194b6b5fb706b074ca0ef59a0cfcfd720cb47764b0ec5a952ce422b3?s=96&d=mm&r=g","caption":"La r\u00e9daction"},"sameAs":["https:\/\/stourm.news"],"url":"https:\/\/stourm.news\/?author=1"}]}},"_links":{"self":[{"href":"https:\/\/stourm.news\/index.php?rest_route=\/wp\/v2\/posts\/1415","targetHints":{"allow":["GET"]}}],"collection":[{"href":"https:\/\/stourm.news\/index.php?rest_route=\/wp\/v2\/posts"}],"about":[{"href":"https:\/\/stourm.news\/index.php?rest_route=\/wp\/v2\/types\/post"}],"author":[{"embeddable":true,"href":"https:\/\/stourm.news\/index.php?rest_route=\/wp\/v2\/users\/1"}],"replies":[{"embeddable":true,"href":"https:\/\/stourm.news\/index.php?rest_route=%2Fwp%2Fv2%2Fcomments&post=1415"}],"version-history":[{"count":5,"href":"https:\/\/stourm.news\/index.php?rest_route=\/wp\/v2\/posts\/1415\/revisions"}],"predecessor-version":[{"id":1422,"href":"https:\/\/stourm.news\/index.php?rest_route=\/wp\/v2\/posts\/1415\/revisions\/1422"}],"wp:featuredmedia":[{"embeddable":true,"href":"https:\/\/stourm.news\/index.php?rest_route=\/wp\/v2\/media\/1417"}],"wp:attachment":[{"href":"https:\/\/stourm.news\/index.php?rest_route=%2Fwp%2Fv2%2Fmedia&parent=1415"}],"wp:term":[{"taxonomy":"category","embeddable":true,"href":"https:\/\/stourm.news\/index.php?rest_route=%2Fwp%2Fv2%2Fcategories&post=1415"},{"taxonomy":"post_tag","embeddable":true,"href":"https:\/\/stourm.news\/index.php?rest_route=%2Fwp%2Fv2%2Ftags&post=1415"}],"curies":[{"name":"wp","href":"https:\/\/api.w.org\/{rel}","templated":true}]}}