{"id":1429,"date":"2024-05-22T07:08:44","date_gmt":"2024-05-22T07:08:44","guid":{"rendered":"https:\/\/stourm.news\/?p=1429"},"modified":"2024-05-22T07:08:44","modified_gmt":"2024-05-22T07:08:44","slug":"morlaix-je-sens-encore-la-lame-fofana-mamadou-condamne-a-deux-ans-ferme-pour-violences-avec-menace-dune-arme","status":"publish","type":"post","link":"https:\/\/stourm.news\/?p=1429","title":{"rendered":"Morlaix : \u00ab Je sens encore la lame ! \u00bb, Fofana Mamadou condamn\u00e9 \u00e0 deux ans ferme pour violences avec menace d\u2019une arme"},"content":{"rendered":"<p style=\"text-align: justify;\">Outre la r\u00e9vocation de six mois d\u2019un jugement pr\u00e9c\u00e9dent, la chambre correctionnelle de Brest a condamn\u00e9, ce mardi 21 mai 2024,<strong> Fofana Mamadou<\/strong> \u00e0 18 mois de prison ferme, pour des faits de <strong>violences<\/strong> commis, ce dimanche 19 mai 2024, devant la mairie de Morlaix.<\/p>\n<p style=\"text-align: justify;\">Ce mardi 21 mai 2024, en comparution imm\u00e9diate devant la chambre correctionnelle de Brest, un homme, \u00e2g\u00e9 de 42 ans devait r\u00e9pondre du d\u00e9lit<strong> de violence avec menace d\u2019une arme<\/strong> commis en \u00e9tat de r\u00e9cidive le dimanche 19 mai 2024, \u00e0 Morlaix. En d\u00e9tention provisoire depuis lors, il \u00e9tait pr\u00e9sent\u00e9 dans le box du tribunal.<\/p>\n<p>Source : <a href=\"https:\/\/www.letelegramme.fr\/finistere\/morlaix-29600\/un-homme-condamne-a-deux-ans-ferme-pour-des-faits-de-violence-avec-menace-dune-arme-en-recidive-6588165.php\">Le T\u00e9l\u00e9gramme<\/a><\/p>\n","protected":false},"excerpt":{"rendered":"<p>Outre la r\u00e9vocation de six mois d\u2019un jugement pr\u00e9c\u00e9dent, la chambre correctionnelle de Brest a condamn\u00e9, ce mardi 21 mai 2024, Fofana Mamadou \u00e0 18 mois de prison ferme, pour des faits de violences commis, ce dimanche 19 mai 2024, devant la mairie de Morlaix. Ce mardi 21 mai 2024, en comparution imm\u00e9diate devant la [&hellip;]<\/p>\n","protected":false},"author":1,"featured_media":1430,"comment_status":"open","ping_status":"open","sticky":false,"template":"","format":"standard","meta":{"sb_editor_width":"","footnotes":""},"categories":[31,38,62],"tags":[],"class_list":["post-1429","post","type-post","status-publish","format-standard","has-post-thumbnail","hentry","category-agression","category-finistere","category-revue-de-presse"],"relative_dates":{"created":"2 ans ago","modified":"2 ans ago"},"yoast_head":"<!-- This site is optimized with the Yoast SEO plugin v26.3 - https:\/\/yoast.com\/wordpress\/plugins\/seo\/ -->\n<title>Morlaix : \u00ab Je sens encore la lame ! \u00bb, Fofana Mamadou condamn\u00e9 \u00e0 deux ans ferme pour violences avec menace d\u2019une arme - STOURM<\/title>\n<meta name=\"robots\" content=\"index, follow, max-snippet:-1, max-image-preview:large, max-video-preview:-1\" \/>\n<link rel=\"canonical\" href=\"https:\/\/stourm.news\/?p=1429\" \/>\n<meta property=\"og:locale\" content=\"fr_FR\" \/>\n<meta property=\"og:type\" content=\"article\" \/>\n<meta property=\"og:title\" content=\"Morlaix : \u00ab Je sens encore la lame ! \u00bb, Fofana Mamadou condamn\u00e9 \u00e0 deux ans ferme pour violences avec menace d\u2019une arme - STOURM\" \/>\n<meta property=\"og:description\" content=\"Outre la r\u00e9vocation de six mois d\u2019un jugement pr\u00e9c\u00e9dent, la chambre correctionnelle de Brest a condamn\u00e9, ce mardi 21 mai 2024, Fofana Mamadou \u00e0 18 mois de prison ferme, pour des faits de violences commis, ce dimanche 19 mai 2024, devant la mairie de Morlaix. Ce mardi 21 mai 2024, en comparution imm\u00e9diate devant la [&hellip;]\" \/>\n<meta property=\"og:url\" content=\"https:\/\/stourm.news\/?p=1429\" \/>\n<meta property=\"og:site_name\" content=\"STOURM\" \/>\n<meta property=\"article:publisher\" content=\"https:\/\/www.facebook.com\/stourmnews\/\" \/>\n<meta property=\"article:published_time\" content=\"2024-05-22T07:08:44+00:00\" \/>\n<meta property=\"og:image\" content=\"https:\/\/stourm.news\/wp-content\/uploads\/2024\/05\/664ccbd18d44a4655d67a900.webp\" \/>\n\t<meta property=\"og:image:width\" content=\"960\" \/>\n\t<meta property=\"og:image:height\" content=\"600\" \/>\n\t<meta property=\"og:image:type\" content=\"image\/webp\" \/>\n<meta name=\"author\" content=\"La r\u00e9daction\" \/>\n<meta name=\"twitter:card\" content=\"summary_large_image\" \/>\n<meta name=\"twitter:label1\" content=\"\u00c9crit par\" \/>\n\t<meta name=\"twitter:data1\" content=\"La r\u00e9daction\" \/>\n\t<meta name=\"twitter:label2\" content=\"Dur\u00e9e de lecture estim\u00e9e\" \/>\n\t<meta name=\"twitter:data2\" content=\"1 minute\" \/>\n<script type=\"application\/ld+json\" class=\"yoast-schema-graph\">{\"@context\":\"https:\/\/schema.org\",\"@graph\":[{\"@type\":\"Article\",\"@id\":\"https:\/\/stourm.news\/?p=1429#article\",\"isPartOf\":{\"@id\":\"https:\/\/stourm.news\/?p=1429\"},\"author\":{\"name\":\"La r\u00e9daction\",\"@id\":\"https:\/\/stourm.news\/#\/schema\/person\/c3e1dc65988632e190969234ef046cf9\"},\"headline\":\"Morlaix : \u00ab Je sens encore la lame ! \u00bb, Fofana Mamadou condamn\u00e9 \u00e0 deux ans ferme pour violences avec menace d\u2019une arme\",\"datePublished\":\"2024-05-22T07:08:44+00:00\",\"mainEntityOfPage\":{\"@id\":\"https:\/\/stourm.news\/?p=1429\"},\"wordCount\":123,\"commentCount\":0,\"publisher\":{\"@id\":\"https:\/\/stourm.news\/#organization\"},\"image\":{\"@id\":\"https:\/\/stourm.news\/?p=1429#primaryimage\"},\"thumbnailUrl\":\"https:\/\/stourm.news\/wp-content\/uploads\/2024\/05\/664ccbd18d44a4655d67a900.webp\",\"articleSection\":[\"Agression\",\"Finist\u00e8re\",\"Revue de presse\"],\"inLanguage\":\"fr-FR\",\"potentialAction\":[{\"@type\":\"CommentAction\",\"name\":\"Comment\",\"target\":[\"https:\/\/stourm.news\/?p=1429#respond\"]}]},{\"@type\":\"WebPage\",\"@id\":\"https:\/\/stourm.news\/?p=1429\",\"url\":\"https:\/\/stourm.news\/?p=1429\",\"name\":\"Morlaix : \u00ab Je sens encore la lame ! \u00bb, Fofana Mamadou condamn\u00e9 \u00e0 deux ans ferme pour violences avec menace d\u2019une arme - STOURM\",\"isPartOf\":{\"@id\":\"https:\/\/stourm.news\/#website\"},\"primaryImageOfPage\":{\"@id\":\"https:\/\/stourm.news\/?p=1429#primaryimage\"},\"image\":{\"@id\":\"https:\/\/stourm.news\/?p=1429#primaryimage\"},\"thumbnailUrl\":\"https:\/\/stourm.news\/wp-content\/uploads\/2024\/05\/664ccbd18d44a4655d67a900.webp\",\"datePublished\":\"2024-05-22T07:08:44+00:00\",\"breadcrumb\":{\"@id\":\"https:\/\/stourm.news\/?p=1429#breadcrumb\"},\"inLanguage\":\"fr-FR\",\"potentialAction\":[{\"@type\":\"ReadAction\",\"target\":[\"https:\/\/stourm.news\/?p=1429\"]}]},{\"@type\":\"ImageObject\",\"inLanguage\":\"fr-FR\",\"@id\":\"https:\/\/stourm.news\/?p=1429#primaryimage\",\"url\":\"https:\/\/stourm.news\/wp-content\/uploads\/2024\/05\/664ccbd18d44a4655d67a900.webp\",\"contentUrl\":\"https:\/\/stourm.news\/wp-content\/uploads\/2024\/05\/664ccbd18d44a4655d67a900.webp\",\"width\":960,\"height\":600},{\"@type\":\"BreadcrumbList\",\"@id\":\"https:\/\/stourm.news\/?p=1429#breadcrumb\",\"itemListElement\":[{\"@type\":\"ListItem\",\"position\":1,\"name\":\"Accueil\",\"item\":\"https:\/\/stourm.news\/\"},{\"@type\":\"ListItem\",\"position\":2,\"name\":\"Morlaix : \u00ab Je sens encore la lame ! \u00bb, Fofana Mamadou condamn\u00e9 \u00e0 deux ans ferme pour violences avec menace d\u2019une arme\"}]},{\"@type\":\"WebSite\",\"@id\":\"https:\/\/stourm.news\/#website\",\"url\":\"https:\/\/stourm.news\/\",\"name\":\"Stourm\",\"description\":\"Kazetenn Strollad Broadel Breizh\",\"publisher\":{\"@id\":\"https:\/\/stourm.news\/#organization\"},\"potentialAction\":[{\"@type\":\"SearchAction\",\"target\":{\"@type\":\"EntryPoint\",\"urlTemplate\":\"https:\/\/stourm.news\/?s={search_term_string}\"},\"query-input\":{\"@type\":\"PropertyValueSpecification\",\"valueRequired\":true,\"valueName\":\"search_term_string\"}}],\"inLanguage\":\"fr-FR\"},{\"@type\":\"Organization\",\"@id\":\"https:\/\/stourm.news\/#organization\",\"name\":\"Stourm\",\"url\":\"https:\/\/stourm.news\/\",\"logo\":{\"@type\":\"ImageObject\",\"inLanguage\":\"fr-FR\",\"@id\":\"https:\/\/stourm.news\/#\/schema\/logo\/image\/\",\"url\":\"https:\/\/stourm.news\/wp-content\/uploads\/2025\/11\/cropped-Capture-decran-2025-11-28-a-15.19.07.png\",\"contentUrl\":\"https:\/\/stourm.news\/wp-content\/uploads\/2025\/11\/cropped-Capture-decran-2025-11-28-a-15.19.07.png\",\"width\":1855,\"height\":383,\"caption\":\"Stourm\"},\"image\":{\"@id\":\"https:\/\/stourm.news\/#\/schema\/logo\/image\/\"},\"sameAs\":[\"https:\/\/www.facebook.com\/stourmnews\/\"]},{\"@type\":\"Person\",\"@id\":\"https:\/\/stourm.news\/#\/schema\/person\/c3e1dc65988632e190969234ef046cf9\",\"name\":\"La r\u00e9daction\",\"image\":{\"@type\":\"ImageObject\",\"inLanguage\":\"fr-FR\",\"@id\":\"https:\/\/stourm.news\/#\/schema\/person\/image\/\",\"url\":\"https:\/\/secure.gravatar.com\/avatar\/7463443f194b6b5fb706b074ca0ef59a0cfcfd720cb47764b0ec5a952ce422b3?s=96&d=mm&r=g\",\"contentUrl\":\"https:\/\/secure.gravatar.com\/avatar\/7463443f194b6b5fb706b074ca0ef59a0cfcfd720cb47764b0ec5a952ce422b3?s=96&d=mm&r=g\",\"caption\":\"La r\u00e9daction\"},\"sameAs\":[\"https:\/\/stourm.news\"],\"url\":\"https:\/\/stourm.news\/?author=1\"}]}<\/script>\n<!-- \/ Yoast SEO plugin. -->","yoast_head_json":{"title":"Morlaix : \u00ab Je sens encore la lame ! \u00bb, Fofana Mamadou condamn\u00e9 \u00e0 deux ans ferme pour violences avec menace d\u2019une arme - STOURM","robots":{"index":"index","follow":"follow","max-snippet":"max-snippet:-1","max-image-preview":"max-image-preview:large","max-video-preview":"max-video-preview:-1"},"canonical":"https:\/\/stourm.news\/?p=1429","og_locale":"fr_FR","og_type":"article","og_title":"Morlaix : \u00ab Je sens encore la lame ! \u00bb, Fofana Mamadou condamn\u00e9 \u00e0 deux ans ferme pour violences avec menace d\u2019une arme - STOURM","og_description":"Outre la r\u00e9vocation de six mois d\u2019un jugement pr\u00e9c\u00e9dent, la chambre correctionnelle de Brest a condamn\u00e9, ce mardi 21 mai 2024, Fofana Mamadou \u00e0 18 mois de prison ferme, pour des faits de violences commis, ce dimanche 19 mai 2024, devant la mairie de Morlaix. Ce mardi 21 mai 2024, en comparution imm\u00e9diate devant la [&hellip;]","og_url":"https:\/\/stourm.news\/?p=1429","og_site_name":"STOURM","article_publisher":"https:\/\/www.facebook.com\/stourmnews\/","article_published_time":"2024-05-22T07:08:44+00:00","og_image":[{"width":960,"height":600,"url":"https:\/\/stourm.news\/wp-content\/uploads\/2024\/05\/664ccbd18d44a4655d67a900.webp","type":"image\/webp"}],"author":"La r\u00e9daction","twitter_card":"summary_large_image","twitter_misc":{"\u00c9crit par":"La r\u00e9daction","Dur\u00e9e de lecture estim\u00e9e":"1 minute"},"schema":{"@context":"https:\/\/schema.org","@graph":[{"@type":"Article","@id":"https:\/\/stourm.news\/?p=1429#article","isPartOf":{"@id":"https:\/\/stourm.news\/?p=1429"},"author":{"name":"La r\u00e9daction","@id":"https:\/\/stourm.news\/#\/schema\/person\/c3e1dc65988632e190969234ef046cf9"},"headline":"Morlaix : \u00ab Je sens encore la lame ! \u00bb, Fofana Mamadou condamn\u00e9 \u00e0 deux ans ferme pour violences avec menace d\u2019une arme","datePublished":"2024-05-22T07:08:44+00:00","mainEntityOfPage":{"@id":"https:\/\/stourm.news\/?p=1429"},"wordCount":123,"commentCount":0,"publisher":{"@id":"https:\/\/stourm.news\/#organization"},"image":{"@id":"https:\/\/stourm.news\/?p=1429#primaryimage"},"thumbnailUrl":"https:\/\/stourm.news\/wp-content\/uploads\/2024\/05\/664ccbd18d44a4655d67a900.webp","articleSection":["Agression","Finist\u00e8re","Revue de presse"],"inLanguage":"fr-FR","potentialAction":[{"@type":"CommentAction","name":"Comment","target":["https:\/\/stourm.news\/?p=1429#respond"]}]},{"@type":"WebPage","@id":"https:\/\/stourm.news\/?p=1429","url":"https:\/\/stourm.news\/?p=1429","name":"Morlaix : \u00ab Je sens encore la lame ! \u00bb, Fofana Mamadou condamn\u00e9 \u00e0 deux ans ferme pour violences avec menace d\u2019une arme - STOURM","isPartOf":{"@id":"https:\/\/stourm.news\/#website"},"primaryImageOfPage":{"@id":"https:\/\/stourm.news\/?p=1429#primaryimage"},"image":{"@id":"https:\/\/stourm.news\/?p=1429#primaryimage"},"thumbnailUrl":"https:\/\/stourm.news\/wp-content\/uploads\/2024\/05\/664ccbd18d44a4655d67a900.webp","datePublished":"2024-05-22T07:08:44+00:00","breadcrumb":{"@id":"https:\/\/stourm.news\/?p=1429#breadcrumb"},"inLanguage":"fr-FR","potentialAction":[{"@type":"ReadAction","target":["https:\/\/stourm.news\/?p=1429"]}]},{"@type":"ImageObject","inLanguage":"fr-FR","@id":"https:\/\/stourm.news\/?p=1429#primaryimage","url":"https:\/\/stourm.news\/wp-content\/uploads\/2024\/05\/664ccbd18d44a4655d67a900.webp","contentUrl":"https:\/\/stourm.news\/wp-content\/uploads\/2024\/05\/664ccbd18d44a4655d67a900.webp","width":960,"height":600},{"@type":"BreadcrumbList","@id":"https:\/\/stourm.news\/?p=1429#breadcrumb","itemListElement":[{"@type":"ListItem","position":1,"name":"Accueil","item":"https:\/\/stourm.news\/"},{"@type":"ListItem","position":2,"name":"Morlaix : \u00ab Je sens encore la lame ! \u00bb, Fofana Mamadou condamn\u00e9 \u00e0 deux ans ferme pour violences avec menace d\u2019une arme"}]},{"@type":"WebSite","@id":"https:\/\/stourm.news\/#website","url":"https:\/\/stourm.news\/","name":"Stourm","description":"Kazetenn Strollad Broadel Breizh","publisher":{"@id":"https:\/\/stourm.news\/#organization"},"potentialAction":[{"@type":"SearchAction","target":{"@type":"EntryPoint","urlTemplate":"https:\/\/stourm.news\/?s={search_term_string}"},"query-input":{"@type":"PropertyValueSpecification","valueRequired":true,"valueName":"search_term_string"}}],"inLanguage":"fr-FR"},{"@type":"Organization","@id":"https:\/\/stourm.news\/#organization","name":"Stourm","url":"https:\/\/stourm.news\/","logo":{"@type":"ImageObject","inLanguage":"fr-FR","@id":"https:\/\/stourm.news\/#\/schema\/logo\/image\/","url":"https:\/\/stourm.news\/wp-content\/uploads\/2025\/11\/cropped-Capture-decran-2025-11-28-a-15.19.07.png","contentUrl":"https:\/\/stourm.news\/wp-content\/uploads\/2025\/11\/cropped-Capture-decran-2025-11-28-a-15.19.07.png","width":1855,"height":383,"caption":"Stourm"},"image":{"@id":"https:\/\/stourm.news\/#\/schema\/logo\/image\/"},"sameAs":["https:\/\/www.facebook.com\/stourmnews\/"]},{"@type":"Person","@id":"https:\/\/stourm.news\/#\/schema\/person\/c3e1dc65988632e190969234ef046cf9","name":"La r\u00e9daction","image":{"@type":"ImageObject","inLanguage":"fr-FR","@id":"https:\/\/stourm.news\/#\/schema\/person\/image\/","url":"https:\/\/secure.gravatar.com\/avatar\/7463443f194b6b5fb706b074ca0ef59a0cfcfd720cb47764b0ec5a952ce422b3?s=96&d=mm&r=g","contentUrl":"https:\/\/secure.gravatar.com\/avatar\/7463443f194b6b5fb706b074ca0ef59a0cfcfd720cb47764b0ec5a952ce422b3?s=96&d=mm&r=g","caption":"La r\u00e9daction"},"sameAs":["https:\/\/stourm.news"],"url":"https:\/\/stourm.news\/?author=1"}]}},"_links":{"self":[{"href":"https:\/\/stourm.news\/index.php?rest_route=\/wp\/v2\/posts\/1429","targetHints":{"allow":["GET"]}}],"collection":[{"href":"https:\/\/stourm.news\/index.php?rest_route=\/wp\/v2\/posts"}],"about":[{"href":"https:\/\/stourm.news\/index.php?rest_route=\/wp\/v2\/types\/post"}],"author":[{"embeddable":true,"href":"https:\/\/stourm.news\/index.php?rest_route=\/wp\/v2\/users\/1"}],"replies":[{"embeddable":true,"href":"https:\/\/stourm.news\/index.php?rest_route=%2Fwp%2Fv2%2Fcomments&post=1429"}],"version-history":[{"count":1,"href":"https:\/\/stourm.news\/index.php?rest_route=\/wp\/v2\/posts\/1429\/revisions"}],"predecessor-version":[{"id":1431,"href":"https:\/\/stourm.news\/index.php?rest_route=\/wp\/v2\/posts\/1429\/revisions\/1431"}],"wp:featuredmedia":[{"embeddable":true,"href":"https:\/\/stourm.news\/index.php?rest_route=\/wp\/v2\/media\/1430"}],"wp:attachment":[{"href":"https:\/\/stourm.news\/index.php?rest_route=%2Fwp%2Fv2%2Fmedia&parent=1429"}],"wp:term":[{"taxonomy":"category","embeddable":true,"href":"https:\/\/stourm.news\/index.php?rest_route=%2Fwp%2Fv2%2Fcategories&post=1429"},{"taxonomy":"post_tag","embeddable":true,"href":"https:\/\/stourm.news\/index.php?rest_route=%2Fwp%2Fv2%2Ftags&post=1429"}],"curies":[{"name":"wp","href":"https:\/\/api.w.org\/{rel}","templated":true}]}}