{"id":1436,"date":"2024-05-23T09:18:29","date_gmt":"2024-05-23T09:18:29","guid":{"rendered":"https:\/\/stourm.news\/?p=1436"},"modified":"2024-05-23T09:18:29","modified_gmt":"2024-05-23T09:18:29","slug":"lorient-ce-jeudi-auront-les-obseques-du-breton-fabrice-moello-assassine-par-le-commando-de-mohamed-amra","status":"publish","type":"post","link":"https:\/\/stourm.news\/?p=1436","title":{"rendered":"Lorient : ce jeudi auront les obs\u00e8ques du Breton Fabrice Moello, assassin\u00e9 par le commando de Mohamed Amra"},"content":{"rendered":"<p style=\"text-align: justify;\"><strong>Fabrice Moello<\/strong>, l\u2019un des deux agents <strong>tu\u00e9s<\/strong> mardi 14 mai 2024 dans l\u2019attaque du fourgon p\u00e9nitentiaire, au p\u00e9age d\u2019Incarville, dans l\u2019Eure, <strong>\u00e9tait originaire d\u2019Hennebont<\/strong>. Ses obs\u00e8ques se d\u00e9rouleront, ce jeudi 23 mai, \u00e0 Kerl\u00e9tu, \u00e0 Lorient, a-t-on appris ce mercredi 22 mai, lors de l\u2019hommage qui lui a \u00e9t\u00e9 rendu ainsi qu\u2019\u00e0 son confr\u00e8re Arnaud Garcia, \u00e0 Caen.<\/p>\n<p style=\"text-align: justify;\"><strong>Fabrice Moello<\/strong> \u00e9tait p\u00e8re <strong>d\u2019Elouan<\/strong> et <strong>Juluan<\/strong>, jumeaux de 21 ans, et exer\u00e7ait sa fonction d\u2019agent p\u00e9nitentiaire depuis 29 ans.<\/p>\n<p>Source : <a href=\"https:\/\/www.letelegramme.fr\/morbihan\/lorient-56100\/les-obseques-de-fabrice-moello-agent-penitentiaire-tue-dans-leure-se-derouleront-a-lorient-jeudi-23-mai-6588919.php\">Le T\u00e9l\u00e9gramme<\/a><\/p>\n","protected":false},"excerpt":{"rendered":"<p>Fabrice Moello, l\u2019un des deux agents tu\u00e9s mardi 14 mai 2024 dans l\u2019attaque du fourgon p\u00e9nitentiaire, au p\u00e9age d\u2019Incarville, dans l\u2019Eure, \u00e9tait originaire d\u2019Hennebont. Ses obs\u00e8ques se d\u00e9rouleront, ce jeudi 23 mai, \u00e0 Kerl\u00e9tu, \u00e0 Lorient, a-t-on appris ce mercredi 22 mai, lors de l\u2019hommage qui lui a \u00e9t\u00e9 rendu ainsi qu\u2019\u00e0 son confr\u00e8re Arnaud [&hellip;]<\/p>\n","protected":false},"author":1,"featured_media":1437,"comment_status":"open","ping_status":"open","sticky":false,"template":"","format":"standard","meta":{"sb_editor_width":"","footnotes":""},"categories":[37,40,62],"tags":[],"class_list":["post-1436","post","type-post","status-publish","format-standard","has-post-thumbnail","hentry","category-homicide","category-morbihan","category-revue-de-presse"],"relative_dates":{"created":"2 ans ago","modified":"2 ans ago"},"yoast_head":"<!-- This site is optimized with the Yoast SEO plugin v26.3 - https:\/\/yoast.com\/wordpress\/plugins\/seo\/ -->\n<title>Lorient : ce jeudi auront les obs\u00e8ques du Breton Fabrice Moello, assassin\u00e9 par le commando de Mohamed Amra - STOURM<\/title>\n<meta name=\"robots\" content=\"index, follow, max-snippet:-1, max-image-preview:large, max-video-preview:-1\" \/>\n<link rel=\"canonical\" href=\"https:\/\/stourm.news\/?p=1436\" \/>\n<meta property=\"og:locale\" content=\"fr_FR\" \/>\n<meta property=\"og:type\" content=\"article\" \/>\n<meta property=\"og:title\" content=\"Lorient : ce jeudi auront les obs\u00e8ques du Breton Fabrice Moello, assassin\u00e9 par le commando de Mohamed Amra - STOURM\" \/>\n<meta property=\"og:description\" content=\"Fabrice Moello, l\u2019un des deux agents tu\u00e9s mardi 14 mai 2024 dans l\u2019attaque du fourgon p\u00e9nitentiaire, au p\u00e9age d\u2019Incarville, dans l\u2019Eure, \u00e9tait originaire d\u2019Hennebont. Ses obs\u00e8ques se d\u00e9rouleront, ce jeudi 23 mai, \u00e0 Kerl\u00e9tu, \u00e0 Lorient, a-t-on appris ce mercredi 22 mai, lors de l\u2019hommage qui lui a \u00e9t\u00e9 rendu ainsi qu\u2019\u00e0 son confr\u00e8re Arnaud [&hellip;]\" \/>\n<meta property=\"og:url\" content=\"https:\/\/stourm.news\/?p=1436\" \/>\n<meta property=\"og:site_name\" content=\"STOURM\" \/>\n<meta property=\"article:publisher\" content=\"https:\/\/www.facebook.com\/stourmnews\/\" \/>\n<meta property=\"article:published_time\" content=\"2024-05-23T09:18:29+00:00\" \/>\n<meta property=\"og:image\" content=\"https:\/\/stourm.news\/wp-content\/uploads\/2024\/05\/18039846.jpg\" \/>\n\t<meta property=\"og:image:width\" content=\"1353\" \/>\n\t<meta property=\"og:image:height\" content=\"759\" \/>\n\t<meta property=\"og:image:type\" content=\"image\/jpeg\" \/>\n<meta name=\"author\" content=\"La r\u00e9daction\" \/>\n<meta name=\"twitter:card\" content=\"summary_large_image\" \/>\n<meta name=\"twitter:label1\" content=\"\u00c9crit par\" \/>\n\t<meta name=\"twitter:data1\" content=\"La r\u00e9daction\" \/>\n\t<meta name=\"twitter:label2\" content=\"Dur\u00e9e de lecture estim\u00e9e\" \/>\n\t<meta name=\"twitter:data2\" content=\"1 minute\" \/>\n<script type=\"application\/ld+json\" class=\"yoast-schema-graph\">{\"@context\":\"https:\/\/schema.org\",\"@graph\":[{\"@type\":\"Article\",\"@id\":\"https:\/\/stourm.news\/?p=1436#article\",\"isPartOf\":{\"@id\":\"https:\/\/stourm.news\/?p=1436\"},\"author\":{\"name\":\"La r\u00e9daction\",\"@id\":\"https:\/\/stourm.news\/#\/schema\/person\/c3e1dc65988632e190969234ef046cf9\"},\"headline\":\"Lorient : ce jeudi auront les obs\u00e8ques du Breton Fabrice Moello, assassin\u00e9 par le commando de Mohamed Amra\",\"datePublished\":\"2024-05-23T09:18:29+00:00\",\"mainEntityOfPage\":{\"@id\":\"https:\/\/stourm.news\/?p=1436\"},\"wordCount\":110,\"commentCount\":0,\"publisher\":{\"@id\":\"https:\/\/stourm.news\/#organization\"},\"image\":{\"@id\":\"https:\/\/stourm.news\/?p=1436#primaryimage\"},\"thumbnailUrl\":\"https:\/\/stourm.news\/wp-content\/uploads\/2024\/05\/18039846.jpg\",\"articleSection\":[\"Homicide\",\"Morbihan\",\"Revue de presse\"],\"inLanguage\":\"fr-FR\",\"potentialAction\":[{\"@type\":\"CommentAction\",\"name\":\"Comment\",\"target\":[\"https:\/\/stourm.news\/?p=1436#respond\"]}]},{\"@type\":\"WebPage\",\"@id\":\"https:\/\/stourm.news\/?p=1436\",\"url\":\"https:\/\/stourm.news\/?p=1436\",\"name\":\"Lorient : ce jeudi auront les obs\u00e8ques du Breton Fabrice Moello, assassin\u00e9 par le commando de Mohamed Amra - STOURM\",\"isPartOf\":{\"@id\":\"https:\/\/stourm.news\/#website\"},\"primaryImageOfPage\":{\"@id\":\"https:\/\/stourm.news\/?p=1436#primaryimage\"},\"image\":{\"@id\":\"https:\/\/stourm.news\/?p=1436#primaryimage\"},\"thumbnailUrl\":\"https:\/\/stourm.news\/wp-content\/uploads\/2024\/05\/18039846.jpg\",\"datePublished\":\"2024-05-23T09:18:29+00:00\",\"breadcrumb\":{\"@id\":\"https:\/\/stourm.news\/?p=1436#breadcrumb\"},\"inLanguage\":\"fr-FR\",\"potentialAction\":[{\"@type\":\"ReadAction\",\"target\":[\"https:\/\/stourm.news\/?p=1436\"]}]},{\"@type\":\"ImageObject\",\"inLanguage\":\"fr-FR\",\"@id\":\"https:\/\/stourm.news\/?p=1436#primaryimage\",\"url\":\"https:\/\/stourm.news\/wp-content\/uploads\/2024\/05\/18039846.jpg\",\"contentUrl\":\"https:\/\/stourm.news\/wp-content\/uploads\/2024\/05\/18039846.jpg\",\"width\":1353,\"height\":759},{\"@type\":\"BreadcrumbList\",\"@id\":\"https:\/\/stourm.news\/?p=1436#breadcrumb\",\"itemListElement\":[{\"@type\":\"ListItem\",\"position\":1,\"name\":\"Accueil\",\"item\":\"https:\/\/stourm.news\/\"},{\"@type\":\"ListItem\",\"position\":2,\"name\":\"Lorient : ce jeudi auront les obs\u00e8ques du Breton Fabrice Moello, assassin\u00e9 par le commando de Mohamed Amra\"}]},{\"@type\":\"WebSite\",\"@id\":\"https:\/\/stourm.news\/#website\",\"url\":\"https:\/\/stourm.news\/\",\"name\":\"Stourm\",\"description\":\"Kazetenn Strollad Broadel Breizh\",\"publisher\":{\"@id\":\"https:\/\/stourm.news\/#organization\"},\"potentialAction\":[{\"@type\":\"SearchAction\",\"target\":{\"@type\":\"EntryPoint\",\"urlTemplate\":\"https:\/\/stourm.news\/?s={search_term_string}\"},\"query-input\":{\"@type\":\"PropertyValueSpecification\",\"valueRequired\":true,\"valueName\":\"search_term_string\"}}],\"inLanguage\":\"fr-FR\"},{\"@type\":\"Organization\",\"@id\":\"https:\/\/stourm.news\/#organization\",\"name\":\"Stourm\",\"url\":\"https:\/\/stourm.news\/\",\"logo\":{\"@type\":\"ImageObject\",\"inLanguage\":\"fr-FR\",\"@id\":\"https:\/\/stourm.news\/#\/schema\/logo\/image\/\",\"url\":\"https:\/\/stourm.news\/wp-content\/uploads\/2025\/11\/cropped-Capture-decran-2025-11-28-a-15.19.07.png\",\"contentUrl\":\"https:\/\/stourm.news\/wp-content\/uploads\/2025\/11\/cropped-Capture-decran-2025-11-28-a-15.19.07.png\",\"width\":1855,\"height\":383,\"caption\":\"Stourm\"},\"image\":{\"@id\":\"https:\/\/stourm.news\/#\/schema\/logo\/image\/\"},\"sameAs\":[\"https:\/\/www.facebook.com\/stourmnews\/\"]},{\"@type\":\"Person\",\"@id\":\"https:\/\/stourm.news\/#\/schema\/person\/c3e1dc65988632e190969234ef046cf9\",\"name\":\"La r\u00e9daction\",\"image\":{\"@type\":\"ImageObject\",\"inLanguage\":\"fr-FR\",\"@id\":\"https:\/\/stourm.news\/#\/schema\/person\/image\/\",\"url\":\"https:\/\/secure.gravatar.com\/avatar\/7463443f194b6b5fb706b074ca0ef59a0cfcfd720cb47764b0ec5a952ce422b3?s=96&d=mm&r=g\",\"contentUrl\":\"https:\/\/secure.gravatar.com\/avatar\/7463443f194b6b5fb706b074ca0ef59a0cfcfd720cb47764b0ec5a952ce422b3?s=96&d=mm&r=g\",\"caption\":\"La r\u00e9daction\"},\"sameAs\":[\"https:\/\/stourm.news\"],\"url\":\"https:\/\/stourm.news\/?author=1\"}]}<\/script>\n<!-- \/ Yoast SEO plugin. -->","yoast_head_json":{"title":"Lorient : ce jeudi auront les obs\u00e8ques du Breton Fabrice Moello, assassin\u00e9 par le commando de Mohamed Amra - STOURM","robots":{"index":"index","follow":"follow","max-snippet":"max-snippet:-1","max-image-preview":"max-image-preview:large","max-video-preview":"max-video-preview:-1"},"canonical":"https:\/\/stourm.news\/?p=1436","og_locale":"fr_FR","og_type":"article","og_title":"Lorient : ce jeudi auront les obs\u00e8ques du Breton Fabrice Moello, assassin\u00e9 par le commando de Mohamed Amra - STOURM","og_description":"Fabrice Moello, l\u2019un des deux agents tu\u00e9s mardi 14 mai 2024 dans l\u2019attaque du fourgon p\u00e9nitentiaire, au p\u00e9age d\u2019Incarville, dans l\u2019Eure, \u00e9tait originaire d\u2019Hennebont. Ses obs\u00e8ques se d\u00e9rouleront, ce jeudi 23 mai, \u00e0 Kerl\u00e9tu, \u00e0 Lorient, a-t-on appris ce mercredi 22 mai, lors de l\u2019hommage qui lui a \u00e9t\u00e9 rendu ainsi qu\u2019\u00e0 son confr\u00e8re Arnaud [&hellip;]","og_url":"https:\/\/stourm.news\/?p=1436","og_site_name":"STOURM","article_publisher":"https:\/\/www.facebook.com\/stourmnews\/","article_published_time":"2024-05-23T09:18:29+00:00","og_image":[{"width":1353,"height":759,"url":"https:\/\/stourm.news\/wp-content\/uploads\/2024\/05\/18039846.jpg","type":"image\/jpeg"}],"author":"La r\u00e9daction","twitter_card":"summary_large_image","twitter_misc":{"\u00c9crit par":"La r\u00e9daction","Dur\u00e9e de lecture estim\u00e9e":"1 minute"},"schema":{"@context":"https:\/\/schema.org","@graph":[{"@type":"Article","@id":"https:\/\/stourm.news\/?p=1436#article","isPartOf":{"@id":"https:\/\/stourm.news\/?p=1436"},"author":{"name":"La r\u00e9daction","@id":"https:\/\/stourm.news\/#\/schema\/person\/c3e1dc65988632e190969234ef046cf9"},"headline":"Lorient : ce jeudi auront les obs\u00e8ques du Breton Fabrice Moello, assassin\u00e9 par le commando de Mohamed Amra","datePublished":"2024-05-23T09:18:29+00:00","mainEntityOfPage":{"@id":"https:\/\/stourm.news\/?p=1436"},"wordCount":110,"commentCount":0,"publisher":{"@id":"https:\/\/stourm.news\/#organization"},"image":{"@id":"https:\/\/stourm.news\/?p=1436#primaryimage"},"thumbnailUrl":"https:\/\/stourm.news\/wp-content\/uploads\/2024\/05\/18039846.jpg","articleSection":["Homicide","Morbihan","Revue de presse"],"inLanguage":"fr-FR","potentialAction":[{"@type":"CommentAction","name":"Comment","target":["https:\/\/stourm.news\/?p=1436#respond"]}]},{"@type":"WebPage","@id":"https:\/\/stourm.news\/?p=1436","url":"https:\/\/stourm.news\/?p=1436","name":"Lorient : ce jeudi auront les obs\u00e8ques du Breton Fabrice Moello, assassin\u00e9 par le commando de Mohamed Amra - STOURM","isPartOf":{"@id":"https:\/\/stourm.news\/#website"},"primaryImageOfPage":{"@id":"https:\/\/stourm.news\/?p=1436#primaryimage"},"image":{"@id":"https:\/\/stourm.news\/?p=1436#primaryimage"},"thumbnailUrl":"https:\/\/stourm.news\/wp-content\/uploads\/2024\/05\/18039846.jpg","datePublished":"2024-05-23T09:18:29+00:00","breadcrumb":{"@id":"https:\/\/stourm.news\/?p=1436#breadcrumb"},"inLanguage":"fr-FR","potentialAction":[{"@type":"ReadAction","target":["https:\/\/stourm.news\/?p=1436"]}]},{"@type":"ImageObject","inLanguage":"fr-FR","@id":"https:\/\/stourm.news\/?p=1436#primaryimage","url":"https:\/\/stourm.news\/wp-content\/uploads\/2024\/05\/18039846.jpg","contentUrl":"https:\/\/stourm.news\/wp-content\/uploads\/2024\/05\/18039846.jpg","width":1353,"height":759},{"@type":"BreadcrumbList","@id":"https:\/\/stourm.news\/?p=1436#breadcrumb","itemListElement":[{"@type":"ListItem","position":1,"name":"Accueil","item":"https:\/\/stourm.news\/"},{"@type":"ListItem","position":2,"name":"Lorient : ce jeudi auront les obs\u00e8ques du Breton Fabrice Moello, assassin\u00e9 par le commando de Mohamed Amra"}]},{"@type":"WebSite","@id":"https:\/\/stourm.news\/#website","url":"https:\/\/stourm.news\/","name":"Stourm","description":"Kazetenn Strollad Broadel Breizh","publisher":{"@id":"https:\/\/stourm.news\/#organization"},"potentialAction":[{"@type":"SearchAction","target":{"@type":"EntryPoint","urlTemplate":"https:\/\/stourm.news\/?s={search_term_string}"},"query-input":{"@type":"PropertyValueSpecification","valueRequired":true,"valueName":"search_term_string"}}],"inLanguage":"fr-FR"},{"@type":"Organization","@id":"https:\/\/stourm.news\/#organization","name":"Stourm","url":"https:\/\/stourm.news\/","logo":{"@type":"ImageObject","inLanguage":"fr-FR","@id":"https:\/\/stourm.news\/#\/schema\/logo\/image\/","url":"https:\/\/stourm.news\/wp-content\/uploads\/2025\/11\/cropped-Capture-decran-2025-11-28-a-15.19.07.png","contentUrl":"https:\/\/stourm.news\/wp-content\/uploads\/2025\/11\/cropped-Capture-decran-2025-11-28-a-15.19.07.png","width":1855,"height":383,"caption":"Stourm"},"image":{"@id":"https:\/\/stourm.news\/#\/schema\/logo\/image\/"},"sameAs":["https:\/\/www.facebook.com\/stourmnews\/"]},{"@type":"Person","@id":"https:\/\/stourm.news\/#\/schema\/person\/c3e1dc65988632e190969234ef046cf9","name":"La r\u00e9daction","image":{"@type":"ImageObject","inLanguage":"fr-FR","@id":"https:\/\/stourm.news\/#\/schema\/person\/image\/","url":"https:\/\/secure.gravatar.com\/avatar\/7463443f194b6b5fb706b074ca0ef59a0cfcfd720cb47764b0ec5a952ce422b3?s=96&d=mm&r=g","contentUrl":"https:\/\/secure.gravatar.com\/avatar\/7463443f194b6b5fb706b074ca0ef59a0cfcfd720cb47764b0ec5a952ce422b3?s=96&d=mm&r=g","caption":"La r\u00e9daction"},"sameAs":["https:\/\/stourm.news"],"url":"https:\/\/stourm.news\/?author=1"}]}},"_links":{"self":[{"href":"https:\/\/stourm.news\/index.php?rest_route=\/wp\/v2\/posts\/1436","targetHints":{"allow":["GET"]}}],"collection":[{"href":"https:\/\/stourm.news\/index.php?rest_route=\/wp\/v2\/posts"}],"about":[{"href":"https:\/\/stourm.news\/index.php?rest_route=\/wp\/v2\/types\/post"}],"author":[{"embeddable":true,"href":"https:\/\/stourm.news\/index.php?rest_route=\/wp\/v2\/users\/1"}],"replies":[{"embeddable":true,"href":"https:\/\/stourm.news\/index.php?rest_route=%2Fwp%2Fv2%2Fcomments&post=1436"}],"version-history":[{"count":1,"href":"https:\/\/stourm.news\/index.php?rest_route=\/wp\/v2\/posts\/1436\/revisions"}],"predecessor-version":[{"id":1438,"href":"https:\/\/stourm.news\/index.php?rest_route=\/wp\/v2\/posts\/1436\/revisions\/1438"}],"wp:featuredmedia":[{"embeddable":true,"href":"https:\/\/stourm.news\/index.php?rest_route=\/wp\/v2\/media\/1437"}],"wp:attachment":[{"href":"https:\/\/stourm.news\/index.php?rest_route=%2Fwp%2Fv2%2Fmedia&parent=1436"}],"wp:term":[{"taxonomy":"category","embeddable":true,"href":"https:\/\/stourm.news\/index.php?rest_route=%2Fwp%2Fv2%2Fcategories&post=1436"},{"taxonomy":"post_tag","embeddable":true,"href":"https:\/\/stourm.news\/index.php?rest_route=%2Fwp%2Fv2%2Ftags&post=1436"}],"curies":[{"name":"wp","href":"https:\/\/api.w.org\/{rel}","templated":true}]}}