{"id":1439,"date":"2024-05-23T09:21:25","date_gmt":"2024-05-23T09:21:25","guid":{"rendered":"https:\/\/stourm.news\/?p=1439"},"modified":"2024-05-23T09:21:25","modified_gmt":"2024-05-23T09:21:25","slug":"un-homme-a-ete-blesse-par-arme-blanche-a-landivisiau-trois-mineurs-convoques-devant-le-juge","status":"publish","type":"post","link":"https:\/\/stourm.news\/?p=1439","title":{"rendered":"Un homme a \u00e9t\u00e9 bless\u00e9 par arme blanche \u00e0 Landivisiau : trois mineurs convoqu\u00e9s devant le juge"},"content":{"rendered":"<p style=\"text-align: justify;\">Une violente altercation a eu lieu, samedi 11 mai 2024, en d\u00e9but de soir\u00e9e, dans le centre-ville de <strong>Landivisiau<\/strong>, pr\u00e8s de la rue des Capucins. Selon nos informations, plusieurs mineurs ont agress\u00e9 un homme majeur. L\u2019un d\u2019entre eux a ass\u00e9n\u00e9 <strong>plusieurs coups de couteau<\/strong> \u00e0 la victime. Le bless\u00e9 a pu \u00eatre secouru sur place par les sapeurs-pompiers, vers 19 h.<\/p>\n<p style=\"text-align: justify;\">Les circonstances exactes de cette bagarre restent floues. Selon les autorit\u00e9s et d\u2019apr\u00e8s les t\u00e9moignages recueillis, l\u2019agression a eu lieu \u00e0 la suite d\u2019un diff\u00e9rend de voisinage.<strong> Trois mineurs<\/strong> ont \u00e9t\u00e9 interpell\u00e9s \u00e0 la Cit\u00e9 marine, puis entendus par les gendarmes au lendemain de l\u2019altercation. Ils sont \u00e9galement tous les trois convoqu\u00e9s devant le juge pour enfants au mois de septembre.<\/p>\n<p style=\"text-align: justify;\">Source : <a href=\"https:\/\/www.letelegramme.fr\/finistere\/morlaix-29600\/un-homme-a-ete-blesse-par-arme-blanche-a-landivisiau-trois-mineurs-convoques-devant-le-juge-6588887.php\">Le T\u00e9l\u00e9gramme<\/a><\/p>\n","protected":false},"excerpt":{"rendered":"<p>Une violente altercation a eu lieu, samedi 11 mai 2024, en d\u00e9but de soir\u00e9e, dans le centre-ville de Landivisiau, pr\u00e8s de la rue des Capucins. Selon nos informations, plusieurs mineurs ont agress\u00e9 un homme majeur. L\u2019un d\u2019entre eux a ass\u00e9n\u00e9 plusieurs coups de couteau \u00e0 la victime. Le bless\u00e9 a pu \u00eatre secouru sur place [&hellip;]<\/p>\n","protected":false},"author":1,"featured_media":1440,"comment_status":"open","ping_status":"open","sticky":false,"template":"","format":"standard","meta":{"sb_editor_width":"","footnotes":""},"categories":[31,38,62],"tags":[],"class_list":["post-1439","post","type-post","status-publish","format-standard","has-post-thumbnail","hentry","category-agression","category-finistere","category-revue-de-presse"],"relative_dates":{"created":"2 ans ago","modified":"2 ans ago"},"yoast_head":"<!-- This site is optimized with the Yoast SEO plugin v26.3 - https:\/\/yoast.com\/wordpress\/plugins\/seo\/ -->\n<title>Un homme a \u00e9t\u00e9 bless\u00e9 par arme blanche \u00e0 Landivisiau : trois mineurs convoqu\u00e9s devant le juge - STOURM<\/title>\n<meta name=\"robots\" content=\"index, follow, max-snippet:-1, max-image-preview:large, max-video-preview:-1\" \/>\n<link rel=\"canonical\" href=\"https:\/\/stourm.news\/?p=1439\" \/>\n<meta property=\"og:locale\" content=\"fr_FR\" \/>\n<meta property=\"og:type\" content=\"article\" \/>\n<meta property=\"og:title\" content=\"Un homme a \u00e9t\u00e9 bless\u00e9 par arme blanche \u00e0 Landivisiau : trois mineurs convoqu\u00e9s devant le juge - STOURM\" \/>\n<meta property=\"og:description\" content=\"Une violente altercation a eu lieu, samedi 11 mai 2024, en d\u00e9but de soir\u00e9e, dans le centre-ville de Landivisiau, pr\u00e8s de la rue des Capucins. Selon nos informations, plusieurs mineurs ont agress\u00e9 un homme majeur. L\u2019un d\u2019entre eux a ass\u00e9n\u00e9 plusieurs coups de couteau \u00e0 la victime. Le bless\u00e9 a pu \u00eatre secouru sur place [&hellip;]\" \/>\n<meta property=\"og:url\" content=\"https:\/\/stourm.news\/?p=1439\" \/>\n<meta property=\"og:site_name\" content=\"STOURM\" \/>\n<meta property=\"article:publisher\" content=\"https:\/\/www.facebook.com\/stourmnews\/\" \/>\n<meta property=\"article:published_time\" content=\"2024-05-23T09:21:25+00:00\" \/>\n<meta property=\"og:image\" content=\"https:\/\/stourm.news\/wp-content\/uploads\/2024\/05\/664e27fa1242f2039b0173e7.webp\" \/>\n\t<meta property=\"og:image:width\" content=\"1200\" \/>\n\t<meta property=\"og:image:height\" content=\"750\" \/>\n\t<meta property=\"og:image:type\" content=\"image\/webp\" \/>\n<meta name=\"author\" content=\"La r\u00e9daction\" \/>\n<meta name=\"twitter:card\" content=\"summary_large_image\" \/>\n<meta name=\"twitter:label1\" content=\"\u00c9crit par\" \/>\n\t<meta name=\"twitter:data1\" content=\"La r\u00e9daction\" \/>\n\t<meta name=\"twitter:label2\" content=\"Dur\u00e9e de lecture estim\u00e9e\" \/>\n\t<meta name=\"twitter:data2\" content=\"1 minute\" \/>\n<script type=\"application\/ld+json\" class=\"yoast-schema-graph\">{\"@context\":\"https:\/\/schema.org\",\"@graph\":[{\"@type\":\"Article\",\"@id\":\"https:\/\/stourm.news\/?p=1439#article\",\"isPartOf\":{\"@id\":\"https:\/\/stourm.news\/?p=1439\"},\"author\":{\"name\":\"La r\u00e9daction\",\"@id\":\"https:\/\/stourm.news\/#\/schema\/person\/c3e1dc65988632e190969234ef046cf9\"},\"headline\":\"Un homme a \u00e9t\u00e9 bless\u00e9 par arme blanche \u00e0 Landivisiau : trois mineurs convoqu\u00e9s devant le juge\",\"datePublished\":\"2024-05-23T09:21:25+00:00\",\"mainEntityOfPage\":{\"@id\":\"https:\/\/stourm.news\/?p=1439\"},\"wordCount\":153,\"commentCount\":0,\"publisher\":{\"@id\":\"https:\/\/stourm.news\/#organization\"},\"image\":{\"@id\":\"https:\/\/stourm.news\/?p=1439#primaryimage\"},\"thumbnailUrl\":\"https:\/\/stourm.news\/wp-content\/uploads\/2024\/05\/664e27fa1242f2039b0173e7.webp\",\"articleSection\":[\"Agression\",\"Finist\u00e8re\",\"Revue de presse\"],\"inLanguage\":\"fr-FR\",\"potentialAction\":[{\"@type\":\"CommentAction\",\"name\":\"Comment\",\"target\":[\"https:\/\/stourm.news\/?p=1439#respond\"]}]},{\"@type\":\"WebPage\",\"@id\":\"https:\/\/stourm.news\/?p=1439\",\"url\":\"https:\/\/stourm.news\/?p=1439\",\"name\":\"Un homme a \u00e9t\u00e9 bless\u00e9 par arme blanche \u00e0 Landivisiau : trois mineurs convoqu\u00e9s devant le juge - STOURM\",\"isPartOf\":{\"@id\":\"https:\/\/stourm.news\/#website\"},\"primaryImageOfPage\":{\"@id\":\"https:\/\/stourm.news\/?p=1439#primaryimage\"},\"image\":{\"@id\":\"https:\/\/stourm.news\/?p=1439#primaryimage\"},\"thumbnailUrl\":\"https:\/\/stourm.news\/wp-content\/uploads\/2024\/05\/664e27fa1242f2039b0173e7.webp\",\"datePublished\":\"2024-05-23T09:21:25+00:00\",\"breadcrumb\":{\"@id\":\"https:\/\/stourm.news\/?p=1439#breadcrumb\"},\"inLanguage\":\"fr-FR\",\"potentialAction\":[{\"@type\":\"ReadAction\",\"target\":[\"https:\/\/stourm.news\/?p=1439\"]}]},{\"@type\":\"ImageObject\",\"inLanguage\":\"fr-FR\",\"@id\":\"https:\/\/stourm.news\/?p=1439#primaryimage\",\"url\":\"https:\/\/stourm.news\/wp-content\/uploads\/2024\/05\/664e27fa1242f2039b0173e7.webp\",\"contentUrl\":\"https:\/\/stourm.news\/wp-content\/uploads\/2024\/05\/664e27fa1242f2039b0173e7.webp\",\"width\":1200,\"height\":750},{\"@type\":\"BreadcrumbList\",\"@id\":\"https:\/\/stourm.news\/?p=1439#breadcrumb\",\"itemListElement\":[{\"@type\":\"ListItem\",\"position\":1,\"name\":\"Accueil\",\"item\":\"https:\/\/stourm.news\/\"},{\"@type\":\"ListItem\",\"position\":2,\"name\":\"Un homme a \u00e9t\u00e9 bless\u00e9 par arme blanche \u00e0 Landivisiau : trois mineurs convoqu\u00e9s devant le juge\"}]},{\"@type\":\"WebSite\",\"@id\":\"https:\/\/stourm.news\/#website\",\"url\":\"https:\/\/stourm.news\/\",\"name\":\"Stourm\",\"description\":\"Kazetenn Strollad Broadel Breizh\",\"publisher\":{\"@id\":\"https:\/\/stourm.news\/#organization\"},\"potentialAction\":[{\"@type\":\"SearchAction\",\"target\":{\"@type\":\"EntryPoint\",\"urlTemplate\":\"https:\/\/stourm.news\/?s={search_term_string}\"},\"query-input\":{\"@type\":\"PropertyValueSpecification\",\"valueRequired\":true,\"valueName\":\"search_term_string\"}}],\"inLanguage\":\"fr-FR\"},{\"@type\":\"Organization\",\"@id\":\"https:\/\/stourm.news\/#organization\",\"name\":\"Stourm\",\"url\":\"https:\/\/stourm.news\/\",\"logo\":{\"@type\":\"ImageObject\",\"inLanguage\":\"fr-FR\",\"@id\":\"https:\/\/stourm.news\/#\/schema\/logo\/image\/\",\"url\":\"https:\/\/stourm.news\/wp-content\/uploads\/2025\/11\/cropped-Capture-decran-2025-11-28-a-15.19.07.png\",\"contentUrl\":\"https:\/\/stourm.news\/wp-content\/uploads\/2025\/11\/cropped-Capture-decran-2025-11-28-a-15.19.07.png\",\"width\":1855,\"height\":383,\"caption\":\"Stourm\"},\"image\":{\"@id\":\"https:\/\/stourm.news\/#\/schema\/logo\/image\/\"},\"sameAs\":[\"https:\/\/www.facebook.com\/stourmnews\/\"]},{\"@type\":\"Person\",\"@id\":\"https:\/\/stourm.news\/#\/schema\/person\/c3e1dc65988632e190969234ef046cf9\",\"name\":\"La r\u00e9daction\",\"image\":{\"@type\":\"ImageObject\",\"inLanguage\":\"fr-FR\",\"@id\":\"https:\/\/stourm.news\/#\/schema\/person\/image\/\",\"url\":\"https:\/\/secure.gravatar.com\/avatar\/7463443f194b6b5fb706b074ca0ef59a0cfcfd720cb47764b0ec5a952ce422b3?s=96&d=mm&r=g\",\"contentUrl\":\"https:\/\/secure.gravatar.com\/avatar\/7463443f194b6b5fb706b074ca0ef59a0cfcfd720cb47764b0ec5a952ce422b3?s=96&d=mm&r=g\",\"caption\":\"La r\u00e9daction\"},\"sameAs\":[\"https:\/\/stourm.news\"],\"url\":\"https:\/\/stourm.news\/?author=1\"}]}<\/script>\n<!-- \/ Yoast SEO plugin. -->","yoast_head_json":{"title":"Un homme a \u00e9t\u00e9 bless\u00e9 par arme blanche \u00e0 Landivisiau : trois mineurs convoqu\u00e9s devant le juge - STOURM","robots":{"index":"index","follow":"follow","max-snippet":"max-snippet:-1","max-image-preview":"max-image-preview:large","max-video-preview":"max-video-preview:-1"},"canonical":"https:\/\/stourm.news\/?p=1439","og_locale":"fr_FR","og_type":"article","og_title":"Un homme a \u00e9t\u00e9 bless\u00e9 par arme blanche \u00e0 Landivisiau : trois mineurs convoqu\u00e9s devant le juge - STOURM","og_description":"Une violente altercation a eu lieu, samedi 11 mai 2024, en d\u00e9but de soir\u00e9e, dans le centre-ville de Landivisiau, pr\u00e8s de la rue des Capucins. Selon nos informations, plusieurs mineurs ont agress\u00e9 un homme majeur. L\u2019un d\u2019entre eux a ass\u00e9n\u00e9 plusieurs coups de couteau \u00e0 la victime. Le bless\u00e9 a pu \u00eatre secouru sur place [&hellip;]","og_url":"https:\/\/stourm.news\/?p=1439","og_site_name":"STOURM","article_publisher":"https:\/\/www.facebook.com\/stourmnews\/","article_published_time":"2024-05-23T09:21:25+00:00","og_image":[{"width":1200,"height":750,"url":"https:\/\/stourm.news\/wp-content\/uploads\/2024\/05\/664e27fa1242f2039b0173e7.webp","type":"image\/webp"}],"author":"La r\u00e9daction","twitter_card":"summary_large_image","twitter_misc":{"\u00c9crit par":"La r\u00e9daction","Dur\u00e9e de lecture estim\u00e9e":"1 minute"},"schema":{"@context":"https:\/\/schema.org","@graph":[{"@type":"Article","@id":"https:\/\/stourm.news\/?p=1439#article","isPartOf":{"@id":"https:\/\/stourm.news\/?p=1439"},"author":{"name":"La r\u00e9daction","@id":"https:\/\/stourm.news\/#\/schema\/person\/c3e1dc65988632e190969234ef046cf9"},"headline":"Un homme a \u00e9t\u00e9 bless\u00e9 par arme blanche \u00e0 Landivisiau : trois mineurs convoqu\u00e9s devant le juge","datePublished":"2024-05-23T09:21:25+00:00","mainEntityOfPage":{"@id":"https:\/\/stourm.news\/?p=1439"},"wordCount":153,"commentCount":0,"publisher":{"@id":"https:\/\/stourm.news\/#organization"},"image":{"@id":"https:\/\/stourm.news\/?p=1439#primaryimage"},"thumbnailUrl":"https:\/\/stourm.news\/wp-content\/uploads\/2024\/05\/664e27fa1242f2039b0173e7.webp","articleSection":["Agression","Finist\u00e8re","Revue de presse"],"inLanguage":"fr-FR","potentialAction":[{"@type":"CommentAction","name":"Comment","target":["https:\/\/stourm.news\/?p=1439#respond"]}]},{"@type":"WebPage","@id":"https:\/\/stourm.news\/?p=1439","url":"https:\/\/stourm.news\/?p=1439","name":"Un homme a \u00e9t\u00e9 bless\u00e9 par arme blanche \u00e0 Landivisiau : trois mineurs convoqu\u00e9s devant le juge - STOURM","isPartOf":{"@id":"https:\/\/stourm.news\/#website"},"primaryImageOfPage":{"@id":"https:\/\/stourm.news\/?p=1439#primaryimage"},"image":{"@id":"https:\/\/stourm.news\/?p=1439#primaryimage"},"thumbnailUrl":"https:\/\/stourm.news\/wp-content\/uploads\/2024\/05\/664e27fa1242f2039b0173e7.webp","datePublished":"2024-05-23T09:21:25+00:00","breadcrumb":{"@id":"https:\/\/stourm.news\/?p=1439#breadcrumb"},"inLanguage":"fr-FR","potentialAction":[{"@type":"ReadAction","target":["https:\/\/stourm.news\/?p=1439"]}]},{"@type":"ImageObject","inLanguage":"fr-FR","@id":"https:\/\/stourm.news\/?p=1439#primaryimage","url":"https:\/\/stourm.news\/wp-content\/uploads\/2024\/05\/664e27fa1242f2039b0173e7.webp","contentUrl":"https:\/\/stourm.news\/wp-content\/uploads\/2024\/05\/664e27fa1242f2039b0173e7.webp","width":1200,"height":750},{"@type":"BreadcrumbList","@id":"https:\/\/stourm.news\/?p=1439#breadcrumb","itemListElement":[{"@type":"ListItem","position":1,"name":"Accueil","item":"https:\/\/stourm.news\/"},{"@type":"ListItem","position":2,"name":"Un homme a \u00e9t\u00e9 bless\u00e9 par arme blanche \u00e0 Landivisiau : trois mineurs convoqu\u00e9s devant le juge"}]},{"@type":"WebSite","@id":"https:\/\/stourm.news\/#website","url":"https:\/\/stourm.news\/","name":"Stourm","description":"Kazetenn Strollad Broadel Breizh","publisher":{"@id":"https:\/\/stourm.news\/#organization"},"potentialAction":[{"@type":"SearchAction","target":{"@type":"EntryPoint","urlTemplate":"https:\/\/stourm.news\/?s={search_term_string}"},"query-input":{"@type":"PropertyValueSpecification","valueRequired":true,"valueName":"search_term_string"}}],"inLanguage":"fr-FR"},{"@type":"Organization","@id":"https:\/\/stourm.news\/#organization","name":"Stourm","url":"https:\/\/stourm.news\/","logo":{"@type":"ImageObject","inLanguage":"fr-FR","@id":"https:\/\/stourm.news\/#\/schema\/logo\/image\/","url":"https:\/\/stourm.news\/wp-content\/uploads\/2025\/11\/cropped-Capture-decran-2025-11-28-a-15.19.07.png","contentUrl":"https:\/\/stourm.news\/wp-content\/uploads\/2025\/11\/cropped-Capture-decran-2025-11-28-a-15.19.07.png","width":1855,"height":383,"caption":"Stourm"},"image":{"@id":"https:\/\/stourm.news\/#\/schema\/logo\/image\/"},"sameAs":["https:\/\/www.facebook.com\/stourmnews\/"]},{"@type":"Person","@id":"https:\/\/stourm.news\/#\/schema\/person\/c3e1dc65988632e190969234ef046cf9","name":"La r\u00e9daction","image":{"@type":"ImageObject","inLanguage":"fr-FR","@id":"https:\/\/stourm.news\/#\/schema\/person\/image\/","url":"https:\/\/secure.gravatar.com\/avatar\/7463443f194b6b5fb706b074ca0ef59a0cfcfd720cb47764b0ec5a952ce422b3?s=96&d=mm&r=g","contentUrl":"https:\/\/secure.gravatar.com\/avatar\/7463443f194b6b5fb706b074ca0ef59a0cfcfd720cb47764b0ec5a952ce422b3?s=96&d=mm&r=g","caption":"La r\u00e9daction"},"sameAs":["https:\/\/stourm.news"],"url":"https:\/\/stourm.news\/?author=1"}]}},"_links":{"self":[{"href":"https:\/\/stourm.news\/index.php?rest_route=\/wp\/v2\/posts\/1439","targetHints":{"allow":["GET"]}}],"collection":[{"href":"https:\/\/stourm.news\/index.php?rest_route=\/wp\/v2\/posts"}],"about":[{"href":"https:\/\/stourm.news\/index.php?rest_route=\/wp\/v2\/types\/post"}],"author":[{"embeddable":true,"href":"https:\/\/stourm.news\/index.php?rest_route=\/wp\/v2\/users\/1"}],"replies":[{"embeddable":true,"href":"https:\/\/stourm.news\/index.php?rest_route=%2Fwp%2Fv2%2Fcomments&post=1439"}],"version-history":[{"count":1,"href":"https:\/\/stourm.news\/index.php?rest_route=\/wp\/v2\/posts\/1439\/revisions"}],"predecessor-version":[{"id":1441,"href":"https:\/\/stourm.news\/index.php?rest_route=\/wp\/v2\/posts\/1439\/revisions\/1441"}],"wp:featuredmedia":[{"embeddable":true,"href":"https:\/\/stourm.news\/index.php?rest_route=\/wp\/v2\/media\/1440"}],"wp:attachment":[{"href":"https:\/\/stourm.news\/index.php?rest_route=%2Fwp%2Fv2%2Fmedia&parent=1439"}],"wp:term":[{"taxonomy":"category","embeddable":true,"href":"https:\/\/stourm.news\/index.php?rest_route=%2Fwp%2Fv2%2Fcategories&post=1439"},{"taxonomy":"post_tag","embeddable":true,"href":"https:\/\/stourm.news\/index.php?rest_route=%2Fwp%2Fv2%2Ftags&post=1439"}],"curies":[{"name":"wp","href":"https:\/\/api.w.org\/{rel}","templated":true}]}}