{"id":1456,"date":"2024-05-24T07:08:07","date_gmt":"2024-05-24T07:08:07","guid":{"rendered":"https:\/\/stourm.news\/?p=1456"},"modified":"2024-05-24T07:09:27","modified_gmt":"2024-05-24T07:09:27","slug":"1456","status":"publish","type":"post","link":"https:\/\/stourm.news\/?p=1456","title":{"rendered":"Paimpol : le projet d&rsquo;\u00e9cole maternelle Diwan verra le jour en septembre 2025"},"content":{"rendered":"<p style=\"text-align: justify;\">La 9e \u00e9dition de La Redadeg est pass\u00e9e par la commune mercredi matin. Arrivant de Paimpol, encadr\u00e9 par des v\u00e9hicules pour la s\u00e9curit\u00e9, les coureurs \u00e0 pied accompagnant le t\u00e9moin, passent le relais \u00e0 Rose-Marie pour le kilom\u00e8tre achet\u00e9<strong> par le comit\u00e9 Diwan<\/strong>.<\/p>\n<p style=\"text-align: justify;\">Un coup de projecteur bien orient\u00e9 pour <strong>la future \u00e9cole Diwan de Tr\u00e9guier<\/strong> qui ouvrira <strong>en septembre 2025<\/strong>, annonce Fanny Labbay. Nous avons trouv\u00e9 un b\u00e2timent qui a un potentiel de trois classes \u00e0 d\u00e9velopper. L\u2019offre d\u2019achat est valid\u00e9e et accept\u00e9e.<\/p>\n<p style=\"text-align: justify;\">La bretonnante, maman de cinq jeunes enfants, n\u2019a pas baiss\u00e9 les bras depuis 2017 quand elle lan\u00e7ait son projet, seule devant les buts. On cherche des familles int\u00e9ress\u00e9es pour inscrire leurs enfants n\u00e9s \u00e0 partir de 2020, pour la maternelle. Selon l\u2019\u00e9volution de l\u2019\u00e9cole, nous ouvrirons des classes jusqu\u2019au CM2. Fanny Labbay lance<strong> un appel aux donateurs<\/strong> pour financer cette petite \u00e9cole qui ne demande qu\u2019\u00e0 grandir. <strong>Ces dons sont d\u00e9ductibles des imp\u00f4ts.<\/strong><\/p>\n<p style=\"text-align: justify;\">Contact : t\u00e9l. 06 63 58 28 5<\/p>\n<p>Source : <a href=\"https:\/\/saint-brieuc.maville.com\/actu\/actudet_-treguier.-la-redadeg-annonce-une-ecole-diwan-a-treguier-_dep-6300841_actu.Htm\">Ouest-France<\/a><\/p>\n","protected":false},"excerpt":{"rendered":"<p>La 9e \u00e9dition de La Redadeg est pass\u00e9e par la commune mercredi matin. Arrivant de Paimpol, encadr\u00e9 par des v\u00e9hicules pour la s\u00e9curit\u00e9, les coureurs \u00e0 pied accompagnant le t\u00e9moin, passent le relais \u00e0 Rose-Marie pour le kilom\u00e8tre achet\u00e9 par le comit\u00e9 Diwan. Un coup de projecteur bien orient\u00e9 pour la future \u00e9cole Diwan de [&hellip;]<\/p>\n","protected":false},"author":1,"featured_media":1457,"comment_status":"open","ping_status":"open","sticky":false,"template":"","format":"standard","meta":{"sb_editor_width":"","footnotes":""},"categories":[58,65],"tags":[],"class_list":["post-1456","post","type-post","status-publish","format-standard","has-post-thumbnail","hentry","category-breizh","category-principale"],"relative_dates":{"created":"2 ans ago","modified":"2 ans ago"},"yoast_head":"<!-- This site is optimized with the Yoast SEO plugin v26.3 - https:\/\/yoast.com\/wordpress\/plugins\/seo\/ -->\n<title>Paimpol : le projet d&#039;\u00e9cole maternelle Diwan verra le jour en septembre 2025 - STOURM<\/title>\n<meta name=\"robots\" content=\"index, follow, max-snippet:-1, max-image-preview:large, max-video-preview:-1\" \/>\n<link rel=\"canonical\" href=\"https:\/\/stourm.news\/?p=1456\" \/>\n<meta property=\"og:locale\" content=\"fr_FR\" \/>\n<meta property=\"og:type\" content=\"article\" \/>\n<meta property=\"og:title\" content=\"Paimpol : le projet d&#039;\u00e9cole maternelle Diwan verra le jour en septembre 2025 - STOURM\" \/>\n<meta property=\"og:description\" content=\"La 9e \u00e9dition de La Redadeg est pass\u00e9e par la commune mercredi matin. Arrivant de Paimpol, encadr\u00e9 par des v\u00e9hicules pour la s\u00e9curit\u00e9, les coureurs \u00e0 pied accompagnant le t\u00e9moin, passent le relais \u00e0 Rose-Marie pour le kilom\u00e8tre achet\u00e9 par le comit\u00e9 Diwan. Un coup de projecteur bien orient\u00e9 pour la future \u00e9cole Diwan de [&hellip;]\" \/>\n<meta property=\"og:url\" content=\"https:\/\/stourm.news\/?p=1456\" \/>\n<meta property=\"og:site_name\" content=\"STOURM\" \/>\n<meta property=\"article:publisher\" content=\"https:\/\/www.facebook.com\/stourmnews\/\" \/>\n<meta property=\"article:published_time\" content=\"2024-05-24T07:08:07+00:00\" \/>\n<meta property=\"article:modified_time\" content=\"2024-05-24T07:09:27+00:00\" \/>\n<meta property=\"og:image\" content=\"https:\/\/stourm.news\/wp-content\/uploads\/2024\/05\/P34249355D6300841G.webp\" \/>\n\t<meta property=\"og:image:width\" content=\"1024\" \/>\n\t<meta property=\"og:image:height\" content=\"605\" \/>\n\t<meta property=\"og:image:type\" content=\"image\/webp\" \/>\n<meta name=\"author\" content=\"La r\u00e9daction\" \/>\n<meta name=\"twitter:card\" content=\"summary_large_image\" \/>\n<meta name=\"twitter:label1\" content=\"\u00c9crit par\" \/>\n\t<meta name=\"twitter:data1\" content=\"La r\u00e9daction\" \/>\n\t<meta name=\"twitter:label2\" content=\"Dur\u00e9e de lecture estim\u00e9e\" \/>\n\t<meta name=\"twitter:data2\" content=\"2 minutes\" \/>\n<script type=\"application\/ld+json\" class=\"yoast-schema-graph\">{\"@context\":\"https:\/\/schema.org\",\"@graph\":[{\"@type\":\"Article\",\"@id\":\"https:\/\/stourm.news\/?p=1456#article\",\"isPartOf\":{\"@id\":\"https:\/\/stourm.news\/?p=1456\"},\"author\":{\"name\":\"La r\u00e9daction\",\"@id\":\"https:\/\/stourm.news\/#\/schema\/person\/c3e1dc65988632e190969234ef046cf9\"},\"headline\":\"Paimpol : le projet d&rsquo;\u00e9cole maternelle Diwan verra le jour en septembre 2025\",\"datePublished\":\"2024-05-24T07:08:07+00:00\",\"dateModified\":\"2024-05-24T07:09:27+00:00\",\"mainEntityOfPage\":{\"@id\":\"https:\/\/stourm.news\/?p=1456\"},\"wordCount\":189,\"commentCount\":0,\"publisher\":{\"@id\":\"https:\/\/stourm.news\/#organization\"},\"image\":{\"@id\":\"https:\/\/stourm.news\/?p=1456#primaryimage\"},\"thumbnailUrl\":\"https:\/\/stourm.news\/wp-content\/uploads\/2024\/05\/P34249355D6300841G.webp\",\"articleSection\":[\"Breizh\",\"Principale\"],\"inLanguage\":\"fr-FR\",\"potentialAction\":[{\"@type\":\"CommentAction\",\"name\":\"Comment\",\"target\":[\"https:\/\/stourm.news\/?p=1456#respond\"]}]},{\"@type\":\"WebPage\",\"@id\":\"https:\/\/stourm.news\/?p=1456\",\"url\":\"https:\/\/stourm.news\/?p=1456\",\"name\":\"Paimpol : le projet d'\u00e9cole maternelle Diwan verra le jour en septembre 2025 - STOURM\",\"isPartOf\":{\"@id\":\"https:\/\/stourm.news\/#website\"},\"primaryImageOfPage\":{\"@id\":\"https:\/\/stourm.news\/?p=1456#primaryimage\"},\"image\":{\"@id\":\"https:\/\/stourm.news\/?p=1456#primaryimage\"},\"thumbnailUrl\":\"https:\/\/stourm.news\/wp-content\/uploads\/2024\/05\/P34249355D6300841G.webp\",\"datePublished\":\"2024-05-24T07:08:07+00:00\",\"dateModified\":\"2024-05-24T07:09:27+00:00\",\"breadcrumb\":{\"@id\":\"https:\/\/stourm.news\/?p=1456#breadcrumb\"},\"inLanguage\":\"fr-FR\",\"potentialAction\":[{\"@type\":\"ReadAction\",\"target\":[\"https:\/\/stourm.news\/?p=1456\"]}]},{\"@type\":\"ImageObject\",\"inLanguage\":\"fr-FR\",\"@id\":\"https:\/\/stourm.news\/?p=1456#primaryimage\",\"url\":\"https:\/\/stourm.news\/wp-content\/uploads\/2024\/05\/P34249355D6300841G.webp\",\"contentUrl\":\"https:\/\/stourm.news\/wp-content\/uploads\/2024\/05\/P34249355D6300841G.webp\",\"width\":1024,\"height\":605},{\"@type\":\"BreadcrumbList\",\"@id\":\"https:\/\/stourm.news\/?p=1456#breadcrumb\",\"itemListElement\":[{\"@type\":\"ListItem\",\"position\":1,\"name\":\"Accueil\",\"item\":\"https:\/\/stourm.news\/\"},{\"@type\":\"ListItem\",\"position\":2,\"name\":\"Paimpol : le projet d&rsquo;\u00e9cole maternelle Diwan verra le jour en septembre 2025\"}]},{\"@type\":\"WebSite\",\"@id\":\"https:\/\/stourm.news\/#website\",\"url\":\"https:\/\/stourm.news\/\",\"name\":\"Stourm\",\"description\":\"Kazetenn Strollad Broadel Breizh\",\"publisher\":{\"@id\":\"https:\/\/stourm.news\/#organization\"},\"potentialAction\":[{\"@type\":\"SearchAction\",\"target\":{\"@type\":\"EntryPoint\",\"urlTemplate\":\"https:\/\/stourm.news\/?s={search_term_string}\"},\"query-input\":{\"@type\":\"PropertyValueSpecification\",\"valueRequired\":true,\"valueName\":\"search_term_string\"}}],\"inLanguage\":\"fr-FR\"},{\"@type\":\"Organization\",\"@id\":\"https:\/\/stourm.news\/#organization\",\"name\":\"Stourm\",\"url\":\"https:\/\/stourm.news\/\",\"logo\":{\"@type\":\"ImageObject\",\"inLanguage\":\"fr-FR\",\"@id\":\"https:\/\/stourm.news\/#\/schema\/logo\/image\/\",\"url\":\"https:\/\/stourm.news\/wp-content\/uploads\/2025\/11\/cropped-Capture-decran-2025-11-28-a-15.19.07.png\",\"contentUrl\":\"https:\/\/stourm.news\/wp-content\/uploads\/2025\/11\/cropped-Capture-decran-2025-11-28-a-15.19.07.png\",\"width\":1855,\"height\":383,\"caption\":\"Stourm\"},\"image\":{\"@id\":\"https:\/\/stourm.news\/#\/schema\/logo\/image\/\"},\"sameAs\":[\"https:\/\/www.facebook.com\/stourmnews\/\"]},{\"@type\":\"Person\",\"@id\":\"https:\/\/stourm.news\/#\/schema\/person\/c3e1dc65988632e190969234ef046cf9\",\"name\":\"La r\u00e9daction\",\"image\":{\"@type\":\"ImageObject\",\"inLanguage\":\"fr-FR\",\"@id\":\"https:\/\/stourm.news\/#\/schema\/person\/image\/\",\"url\":\"https:\/\/secure.gravatar.com\/avatar\/7463443f194b6b5fb706b074ca0ef59a0cfcfd720cb47764b0ec5a952ce422b3?s=96&d=mm&r=g\",\"contentUrl\":\"https:\/\/secure.gravatar.com\/avatar\/7463443f194b6b5fb706b074ca0ef59a0cfcfd720cb47764b0ec5a952ce422b3?s=96&d=mm&r=g\",\"caption\":\"La r\u00e9daction\"},\"sameAs\":[\"https:\/\/stourm.news\"],\"url\":\"https:\/\/stourm.news\/?author=1\"}]}<\/script>\n<!-- \/ Yoast SEO plugin. -->","yoast_head_json":{"title":"Paimpol : le projet d'\u00e9cole maternelle Diwan verra le jour en septembre 2025 - STOURM","robots":{"index":"index","follow":"follow","max-snippet":"max-snippet:-1","max-image-preview":"max-image-preview:large","max-video-preview":"max-video-preview:-1"},"canonical":"https:\/\/stourm.news\/?p=1456","og_locale":"fr_FR","og_type":"article","og_title":"Paimpol : le projet d'\u00e9cole maternelle Diwan verra le jour en septembre 2025 - STOURM","og_description":"La 9e \u00e9dition de La Redadeg est pass\u00e9e par la commune mercredi matin. Arrivant de Paimpol, encadr\u00e9 par des v\u00e9hicules pour la s\u00e9curit\u00e9, les coureurs \u00e0 pied accompagnant le t\u00e9moin, passent le relais \u00e0 Rose-Marie pour le kilom\u00e8tre achet\u00e9 par le comit\u00e9 Diwan. Un coup de projecteur bien orient\u00e9 pour la future \u00e9cole Diwan de [&hellip;]","og_url":"https:\/\/stourm.news\/?p=1456","og_site_name":"STOURM","article_publisher":"https:\/\/www.facebook.com\/stourmnews\/","article_published_time":"2024-05-24T07:08:07+00:00","article_modified_time":"2024-05-24T07:09:27+00:00","og_image":[{"width":1024,"height":605,"url":"https:\/\/stourm.news\/wp-content\/uploads\/2024\/05\/P34249355D6300841G.webp","type":"image\/webp"}],"author":"La r\u00e9daction","twitter_card":"summary_large_image","twitter_misc":{"\u00c9crit par":"La r\u00e9daction","Dur\u00e9e de lecture estim\u00e9e":"2 minutes"},"schema":{"@context":"https:\/\/schema.org","@graph":[{"@type":"Article","@id":"https:\/\/stourm.news\/?p=1456#article","isPartOf":{"@id":"https:\/\/stourm.news\/?p=1456"},"author":{"name":"La r\u00e9daction","@id":"https:\/\/stourm.news\/#\/schema\/person\/c3e1dc65988632e190969234ef046cf9"},"headline":"Paimpol : le projet d&rsquo;\u00e9cole maternelle Diwan verra le jour en septembre 2025","datePublished":"2024-05-24T07:08:07+00:00","dateModified":"2024-05-24T07:09:27+00:00","mainEntityOfPage":{"@id":"https:\/\/stourm.news\/?p=1456"},"wordCount":189,"commentCount":0,"publisher":{"@id":"https:\/\/stourm.news\/#organization"},"image":{"@id":"https:\/\/stourm.news\/?p=1456#primaryimage"},"thumbnailUrl":"https:\/\/stourm.news\/wp-content\/uploads\/2024\/05\/P34249355D6300841G.webp","articleSection":["Breizh","Principale"],"inLanguage":"fr-FR","potentialAction":[{"@type":"CommentAction","name":"Comment","target":["https:\/\/stourm.news\/?p=1456#respond"]}]},{"@type":"WebPage","@id":"https:\/\/stourm.news\/?p=1456","url":"https:\/\/stourm.news\/?p=1456","name":"Paimpol : le projet d'\u00e9cole maternelle Diwan verra le jour en septembre 2025 - STOURM","isPartOf":{"@id":"https:\/\/stourm.news\/#website"},"primaryImageOfPage":{"@id":"https:\/\/stourm.news\/?p=1456#primaryimage"},"image":{"@id":"https:\/\/stourm.news\/?p=1456#primaryimage"},"thumbnailUrl":"https:\/\/stourm.news\/wp-content\/uploads\/2024\/05\/P34249355D6300841G.webp","datePublished":"2024-05-24T07:08:07+00:00","dateModified":"2024-05-24T07:09:27+00:00","breadcrumb":{"@id":"https:\/\/stourm.news\/?p=1456#breadcrumb"},"inLanguage":"fr-FR","potentialAction":[{"@type":"ReadAction","target":["https:\/\/stourm.news\/?p=1456"]}]},{"@type":"ImageObject","inLanguage":"fr-FR","@id":"https:\/\/stourm.news\/?p=1456#primaryimage","url":"https:\/\/stourm.news\/wp-content\/uploads\/2024\/05\/P34249355D6300841G.webp","contentUrl":"https:\/\/stourm.news\/wp-content\/uploads\/2024\/05\/P34249355D6300841G.webp","width":1024,"height":605},{"@type":"BreadcrumbList","@id":"https:\/\/stourm.news\/?p=1456#breadcrumb","itemListElement":[{"@type":"ListItem","position":1,"name":"Accueil","item":"https:\/\/stourm.news\/"},{"@type":"ListItem","position":2,"name":"Paimpol : le projet d&rsquo;\u00e9cole maternelle Diwan verra le jour en septembre 2025"}]},{"@type":"WebSite","@id":"https:\/\/stourm.news\/#website","url":"https:\/\/stourm.news\/","name":"Stourm","description":"Kazetenn Strollad Broadel Breizh","publisher":{"@id":"https:\/\/stourm.news\/#organization"},"potentialAction":[{"@type":"SearchAction","target":{"@type":"EntryPoint","urlTemplate":"https:\/\/stourm.news\/?s={search_term_string}"},"query-input":{"@type":"PropertyValueSpecification","valueRequired":true,"valueName":"search_term_string"}}],"inLanguage":"fr-FR"},{"@type":"Organization","@id":"https:\/\/stourm.news\/#organization","name":"Stourm","url":"https:\/\/stourm.news\/","logo":{"@type":"ImageObject","inLanguage":"fr-FR","@id":"https:\/\/stourm.news\/#\/schema\/logo\/image\/","url":"https:\/\/stourm.news\/wp-content\/uploads\/2025\/11\/cropped-Capture-decran-2025-11-28-a-15.19.07.png","contentUrl":"https:\/\/stourm.news\/wp-content\/uploads\/2025\/11\/cropped-Capture-decran-2025-11-28-a-15.19.07.png","width":1855,"height":383,"caption":"Stourm"},"image":{"@id":"https:\/\/stourm.news\/#\/schema\/logo\/image\/"},"sameAs":["https:\/\/www.facebook.com\/stourmnews\/"]},{"@type":"Person","@id":"https:\/\/stourm.news\/#\/schema\/person\/c3e1dc65988632e190969234ef046cf9","name":"La r\u00e9daction","image":{"@type":"ImageObject","inLanguage":"fr-FR","@id":"https:\/\/stourm.news\/#\/schema\/person\/image\/","url":"https:\/\/secure.gravatar.com\/avatar\/7463443f194b6b5fb706b074ca0ef59a0cfcfd720cb47764b0ec5a952ce422b3?s=96&d=mm&r=g","contentUrl":"https:\/\/secure.gravatar.com\/avatar\/7463443f194b6b5fb706b074ca0ef59a0cfcfd720cb47764b0ec5a952ce422b3?s=96&d=mm&r=g","caption":"La r\u00e9daction"},"sameAs":["https:\/\/stourm.news"],"url":"https:\/\/stourm.news\/?author=1"}]}},"_links":{"self":[{"href":"https:\/\/stourm.news\/index.php?rest_route=\/wp\/v2\/posts\/1456","targetHints":{"allow":["GET"]}}],"collection":[{"href":"https:\/\/stourm.news\/index.php?rest_route=\/wp\/v2\/posts"}],"about":[{"href":"https:\/\/stourm.news\/index.php?rest_route=\/wp\/v2\/types\/post"}],"author":[{"embeddable":true,"href":"https:\/\/stourm.news\/index.php?rest_route=\/wp\/v2\/users\/1"}],"replies":[{"embeddable":true,"href":"https:\/\/stourm.news\/index.php?rest_route=%2Fwp%2Fv2%2Fcomments&post=1456"}],"version-history":[{"count":3,"href":"https:\/\/stourm.news\/index.php?rest_route=\/wp\/v2\/posts\/1456\/revisions"}],"predecessor-version":[{"id":1460,"href":"https:\/\/stourm.news\/index.php?rest_route=\/wp\/v2\/posts\/1456\/revisions\/1460"}],"wp:featuredmedia":[{"embeddable":true,"href":"https:\/\/stourm.news\/index.php?rest_route=\/wp\/v2\/media\/1457"}],"wp:attachment":[{"href":"https:\/\/stourm.news\/index.php?rest_route=%2Fwp%2Fv2%2Fmedia&parent=1456"}],"wp:term":[{"taxonomy":"category","embeddable":true,"href":"https:\/\/stourm.news\/index.php?rest_route=%2Fwp%2Fv2%2Fcategories&post=1456"},{"taxonomy":"post_tag","embeddable":true,"href":"https:\/\/stourm.news\/index.php?rest_route=%2Fwp%2Fv2%2Ftags&post=1456"}],"curies":[{"name":"wp","href":"https:\/\/api.w.org\/{rel}","templated":true}]}}