{"id":1461,"date":"2024-05-24T10:41:11","date_gmt":"2024-05-24T10:41:11","guid":{"rendered":"https:\/\/stourm.news\/?p=1461"},"modified":"2024-05-24T10:55:18","modified_gmt":"2024-05-24T10:55:18","slug":"les-nietzscheens-francais-du-dimanche-face-au-separatisme-revolutionnaire","status":"publish","type":"post","link":"https:\/\/stourm.news\/?p=1461","title":{"rendered":"Les nietzsch\u00e9ens fran\u00e7ais du dimanche face au s\u00e9paratisme r\u00e9volutionnaire"},"content":{"rendered":"<p style=\"text-align: justify;\">Nous voyons se cristalliser chez certains partisans de l&rsquo;extr\u00eame-droite fran\u00e7aise dite \u00ab\u00a0identitaire\u00a0\u00bb l&rsquo;accusation de \u00ab\u00a0tiers-mondisme\u00a0\u00bb jet\u00e9e au hasard, ici et l\u00e0, contre ceux qui contestent les injustices qui leur sont faites par le syst\u00e8me fran\u00e7ais, l&rsquo;Etat fran\u00e7ais. La fonction d&rsquo;une telle accusation n&rsquo;est pas de r\u00e9pondre \u00e0 une r\u00e9alit\u00e9 objective, mais d&rsquo;associer au \u00ab\u00a0tiers monde\u00a0\u00bb, comprendre au barbare \u00e9tranger, toute opposition \u00e0 l&rsquo;ordre en place que d\u00e9fend consciemment ou inconsciemment l&rsquo;extr\u00eame-droite hexagonale.<\/p>\n<p><strong>\u00ab\u00a0La soumission comme force\u00a0\u00bb<\/strong><\/p>\n<p style=\"text-align: justify;\">Un exemple de la subversion identitaire fran\u00e7aise se retrouve en Corse. Le m\u00e9dia Breizh-Info, qui diffuse en Bretagne ces th\u00e8ses insanes, donnait <a href=\"https:\/\/www.breizh-info.com\/2024\/05\/23\/233186\/nicolas-battini-le-nationalisme-corse-doit-operer-un-redeploiement-en-termes-de-priorite-revendicative-interiew\/\">hier encore<\/a> la parole \u00e0 l&rsquo;un des tenants de ce verbiage :<\/p>\n<blockquote>\n<p style=\"text-align: justify;\">L\u2019ind\u00e9pendantisme avait une motivation identitaire. L\u2019ind\u00e9pendance \u00e9tait pens\u00e9e pour sauvegarder l\u2019identit\u00e9 culturelle des Corses, menac\u00e9e dans ce narratif par la France et ses politiques. Or, face \u00e0 l\u2019islamisme et au wokisme, l\u2019ind\u00e9pendantisme se rend. Structur\u00e9 qu\u2019il est autour d\u2019un postulat tiers-mondiste sanctifiant les peuples du Sud, il interdit tout positionnement vis-\u00e0-vis de ce qui en \u00e9mane. Il court-circuite en amont le refus de l\u2019islamisation de la Corse et de l\u2019Europe. D\u2019o\u00f9 la n\u00e9cessit\u00e9 de rompre et de d\u00e9velopper une doctrine nationaliste, <strong>plus mod\u00e9r\u00e9e sur la question institutionnelle<\/strong>, qui permet d\u2019armer conceptuellement les Corses face \u00e0 ces grands p\u00e9rils.<\/p>\n<\/blockquote>\n<p style=\"text-align: justify;\">La lutte pour l&rsquo;ind\u00e9pendance de la Corse d\u00e9natur\u00e9e par des partisans du \u00ab\u00a0tiers-mondisme\u00a0\u00bb ? Que la Corse affirme sa force en se soumettant \u00e0 l&rsquo;Etat fran\u00e7ais et acte de la suj\u00e9tion de la nation corse \u00e0 la France !<\/p>\n<p style=\"text-align: justify;\">Qui peut donner du cr\u00e9dit \u00e0 pareil syllogisme ? L&rsquo;Etat fran\u00e7ais et ses factions, toujours friandes de suppl\u00e9tifs ! Si l&rsquo;immigration met en p\u00e9ril la Corse, elle est mise en \u0153uvre par l&rsquo;Etat fran\u00e7ais qui dispose des pouvoirs r\u00e9galiens sur le territoire corse. Conforter l&rsquo;autorit\u00e9 de cet \u00e9tat \u00e9tranger ne fait que nourrir les causes qui rendent possible cette immigration, donc la dilution de la personnalit\u00e9 corse. Une telle politique n&rsquo;est pas politique de force, mais de soumission. Tant psychologiquement que politiquement, l&rsquo;immigration de masse impos\u00e9e par l&rsquo;Etat fran\u00e7ais impose de se lib\u00e9rer de cet \u00e9tat, d&rsquo;affirmer la nationalit\u00e9 corse avec une \u00e9nergie redoubl\u00e9e et de porter ce sentiment national \u00e0 sa conclusion historique logique : l&rsquo;ind\u00e9pendance.<\/p>\n<p><strong>Nietzsch\u00e9isme du dimanche<\/strong><\/p>\n<p style=\"text-align: justify;\">Ainsi, au nom de cette accusation brouillonne de \u00ab\u00a0tiers-mondisme\u00a0\u00bb, un peuple ne devrait plus se r\u00e9volter contre l&rsquo;Etat fran\u00e7ais car il ne serait alors plus qu&rsquo;une \u00ab\u00a0victime\u00a0\u00bb qui se lamente aux c\u00f4t\u00e9s des immigr\u00e9s. S&rsquo;en suit, selon cette bouillie pseudo intellectuelle, l&rsquo;ordre de se contenter de l&rsquo;existant puisque contester l&rsquo;injustice, voire l&rsquo;oppression, reviendrait \u00e0 revendiquer sa propre faiblesse, antichambre du \u00ab\u00a0tiers-monde\u00a0\u00bb allog\u00e8ne.<\/p>\n<p style=\"text-align: justify;\">Arr\u00eatons-nous sur le caract\u00e8re impraticable de cette absurdit\u00e9 : \u00e0 chaque injustice subie, une personne devrait r\u00e9primer son envie de d\u00e9noncer ce qu&rsquo;il endure, renoncer \u00e0 d\u00e9fier celui qui l&rsquo;\u00e9crase, bref, \u00e0 accepter docilement et en silence sa subordination, car il vaudrait mieux demeurer faible en pratique que de le reconna\u00eetre pour mieux y mettre fin. Appliqu\u00e9e \u00e0 une nation, face \u00e0 l&rsquo;Etat fran\u00e7ais et sa r\u00e9pression, un peuple devrait baisser les yeux et lui ob\u00e9ir. Cette curieuse \u00e9cole nietzsch\u00e9enne reprend \u00e0 son compte le mot du Christ : \u00ab\u00a0Si l&rsquo;on vous frappe, tendez l&rsquo;autre joue !\u00a0\u00bb.<\/p>\n<p style=\"text-align: justify;\">Qui accepterait de subir en silence les abus d&rsquo;un individu sans y mettre fin et sans obtenir r\u00e9paration pour le pr\u00e9judice subi ? De m\u00eame, quelle r\u00e9volution n&rsquo;est pas n\u00e9e d&rsquo;un sentiment de profonde injustice devenu intol\u00e9rable \u00e0 l&rsquo;honneur d&rsquo;un peuple ? C&rsquo;est bien \u00e0 la perte de tout honneur national et personnel, \u00e0 une humiliante soumission face \u00e0 l&rsquo;intol\u00e9rable, qu&rsquo;invite cette sommation quasiment bouddhiste \u00e0 ne pas d\u00e9noncer l&rsquo;injustice \u00e0 laquelle font face les peuples \u00e9cras\u00e9s par l&rsquo;Etat fran\u00e7ais.<\/p>\n<p><strong>Hypocrisie fran\u00e7aise<\/strong><\/p>\n<p style=\"text-align: justify;\">Heureusement pour l&rsquo;Irlande r\u00e9volutionnaire, les nationalistes irlandais ont d&rsquo;abord d\u00e9nonc\u00e9 dans leur presse l&rsquo;injustice historique inflig\u00e9e \u00e0 leur nation par l&rsquo;imp\u00e9rialisme britannique, avant de rallier \u00e0 eux tous les fils de l&rsquo;Irlande pr\u00eats \u00e0 lutter pour renverser le tyran anglais. Sans ce cri de ralliement contre l&rsquo;oppression, jamais les Irlandais ne seraient redevenus ma\u00eetres de leur patrie apr\u00e8s avoir vaincu, les armes \u00e0 la main, le premier empire colonial du monde. Heureusement aussi pour les r\u00e9volutionnaires d&rsquo;Indochine qui ne se sont pas content\u00e9s de m\u00e9diter comme des moines sur l&rsquo;oppression fran\u00e7aise qui les frappait, pr\u00e9f\u00e9rant secouer le joug de l&rsquo;ennemi honni en enflammant les masses contre lui.<\/p>\n<p style=\"text-align: justify;\">Quand les hypocrites phraseurs de l&rsquo;extr\u00eame-droite fran\u00e7aise agitent ce terme de \u00ab\u00a0tiers-mondisme\u00a0\u00bb pour d\u00e9nigrer ceux qui s&rsquo;opposent \u00e0 l&rsquo;imp\u00e9rialisme fran\u00e7ais, c&rsquo;est concr\u00e8tement pour culpabiliser les forces de r\u00e9sistance afin qu&rsquo;elles restent docilement soumises \u00e0 l&rsquo;ordre fran\u00e7ais en place. Cette accusation bourgeoise, id\u00e9aliste et d\u00e9politisante, vise \u00e0 d\u00e9l\u00e9gitimer ceux qui ont une action r\u00e9volutionnaire effective contre l&rsquo;Etat fran\u00e7ais. Loin d&rsquo;\u00eatre un appel \u00e0 la force, c&rsquo;est l&rsquo;acceptation docile de la faiblesse que cette logorrh\u00e9e tente de susciter.<\/p>\n<p style=\"text-align: justify;\">La position qui est celle des nationalistes bretons sur la situation en Kanaky le prouve : tandis que les litt\u00e9rateurs hexagonaux se victimisent en d\u00e9non\u00e7ant le \u00ab\u00a0racisme antiblanc\u00a0\u00bb des ind\u00e9pendantistes kanaks, le parti colonial se disant \u00e0 pr\u00e9sent victimes des colonis\u00e9s, ils d\u00e9noncent les nationalistes bretons qui, dans le m\u00eame temps et en coh\u00e9rence, soutiennent le soul\u00e8vement kanak contre l&rsquo;ennemi commun qu&rsquo;est l&rsquo;Etat fran\u00e7ais. Un soul\u00e8vement que seraient bien incapables de mener les m\u00eames litt\u00e9rateurs qui parlent de \u00ab\u00a0guerre civile\u00a0\u00bb quotidiennement en croyant incarner, sur Twitter, le Surhomme nietzsch\u00e9en.<\/p>\n<p><strong>Domestiques dociles de la bourgeoise fran\u00e7aise<\/strong><\/p>\n<p style=\"text-align: justify;\">Nous voyons ici que ces Fran\u00e7ais n&rsquo;ont qu&rsquo;une activit\u00e9 individuelle narcissique que les r\u00e9seaux sociaux permettent d&rsquo;agglom\u00e9rer en une horde hurlante d&rsquo;impuissance. Voil\u00e0 ce qu&rsquo;est l&rsquo;extr\u00eame-droite \u00ab\u00a0identitaire\u00a0\u00bb hexagonale.<\/p>\n<p style=\"text-align: justify;\">C&rsquo;est l&rsquo;engagement r\u00e9volutionnaire pratique qui est preuve de force. Lorsqu&rsquo;ils voient des forces anim\u00e9es d&rsquo;une volont\u00e9 r\u00e9volutionnaire tourn\u00e9e contre leur \u00e9tat et la soci\u00e9t\u00e9 qu&rsquo;il leur impose, ces domestiques dociles de l&rsquo;ordre fran\u00e7ais ont pour r\u00e9flexe de s&rsquo;en prendre \u00e0 ceux qui attaquent leurs propres ma\u00eetres avec l&rsquo;arme des faibles : la culpabilisation.<\/p>\n<p style=\"text-align: justify;\">Ne soyons pas dupes et agissons en nationalistes et en fermes militants de l&rsquo;Etat breton. L&rsquo;Etat fran\u00e7ais est l&rsquo;ennemi, c&rsquo;est lui que les r\u00e9volutionnaires bretons ont le devoir d&rsquo;abattre, que cela plaise ou pas \u00e0 ses domestiques. Pour y parvenir, ils tendront la main \u00e0 tous ses ennemis, jusqu&rsquo;\u00e0 la victoire finale et la proclamation de l&rsquo;Etat breton. Voil\u00e0 notre politique de force.<\/p>\n<p style=\"text-align: right;\"><strong>Ewen Broc&rsquo;han<\/strong><\/p>\n","protected":false},"excerpt":{"rendered":"<p>Nous voyons se cristalliser chez certains partisans de l&rsquo;extr\u00eame-droite fran\u00e7aise dite \u00ab\u00a0identitaire\u00a0\u00bb l&rsquo;accusation de \u00ab\u00a0tiers-mondisme\u00a0\u00bb jet\u00e9e au hasard, ici et l\u00e0, contre ceux qui contestent les injustices qui leur sont faites par le syst\u00e8me fran\u00e7ais, l&rsquo;Etat fran\u00e7ais. La fonction d&rsquo;une telle accusation n&rsquo;est pas de r\u00e9pondre \u00e0 une r\u00e9alit\u00e9 objective, mais d&rsquo;associer au \u00ab\u00a0tiers monde\u00a0\u00bb, [&hellip;]<\/p>\n","protected":false},"author":1,"featured_media":1463,"comment_status":"open","ping_status":"open","sticky":false,"template":"","format":"standard","meta":{"sb_editor_width":"","footnotes":""},"categories":[58,65,70],"tags":[],"class_list":["post-1461","post","type-post","status-publish","format-standard","has-post-thumbnail","hentry","category-breizh","category-principale","category-tribune"],"relative_dates":{"created":"2 ans ago","modified":"2 ans ago"},"yoast_head":"<!-- This site is optimized with the Yoast SEO plugin v26.3 - https:\/\/yoast.com\/wordpress\/plugins\/seo\/ -->\n<title>Les nietzsch\u00e9ens fran\u00e7ais du dimanche face au s\u00e9paratisme r\u00e9volutionnaire - STOURM<\/title>\n<meta name=\"robots\" content=\"index, follow, max-snippet:-1, max-image-preview:large, max-video-preview:-1\" \/>\n<link rel=\"canonical\" href=\"https:\/\/stourm.news\/?p=1461\" \/>\n<meta property=\"og:locale\" content=\"fr_FR\" \/>\n<meta property=\"og:type\" content=\"article\" \/>\n<meta property=\"og:title\" content=\"Les nietzsch\u00e9ens fran\u00e7ais du dimanche face au s\u00e9paratisme r\u00e9volutionnaire - STOURM\" \/>\n<meta property=\"og:description\" content=\"Nous voyons se cristalliser chez certains partisans de l&rsquo;extr\u00eame-droite fran\u00e7aise dite \u00ab\u00a0identitaire\u00a0\u00bb l&rsquo;accusation de \u00ab\u00a0tiers-mondisme\u00a0\u00bb jet\u00e9e au hasard, ici et l\u00e0, contre ceux qui contestent les injustices qui leur sont faites par le syst\u00e8me fran\u00e7ais, l&rsquo;Etat fran\u00e7ais. La fonction d&rsquo;une telle accusation n&rsquo;est pas de r\u00e9pondre \u00e0 une r\u00e9alit\u00e9 objective, mais d&rsquo;associer au \u00ab\u00a0tiers monde\u00a0\u00bb, [&hellip;]\" \/>\n<meta property=\"og:url\" content=\"https:\/\/stourm.news\/?p=1461\" \/>\n<meta property=\"og:site_name\" content=\"STOURM\" \/>\n<meta property=\"article:publisher\" content=\"https:\/\/www.facebook.com\/stourmnews\/\" \/>\n<meta property=\"article:published_time\" content=\"2024-05-24T10:41:11+00:00\" \/>\n<meta property=\"article:modified_time\" content=\"2024-05-24T10:55:18+00:00\" \/>\n<meta property=\"og:image\" content=\"https:\/\/stourm.news\/wp-content\/uploads\/2024\/05\/methode_sundaytimes_prod_web_bin_5c62efa4-bb39-11e8-932b-420233c3f158-scaled.jpg\" \/>\n\t<meta property=\"og:image:width\" content=\"2560\" \/>\n\t<meta property=\"og:image:height\" content=\"1440\" \/>\n\t<meta property=\"og:image:type\" content=\"image\/jpeg\" \/>\n<meta name=\"author\" content=\"La r\u00e9daction\" \/>\n<meta name=\"twitter:card\" content=\"summary_large_image\" \/>\n<meta name=\"twitter:label1\" content=\"\u00c9crit par\" \/>\n\t<meta name=\"twitter:data1\" content=\"La r\u00e9daction\" \/>\n\t<meta name=\"twitter:label2\" content=\"Dur\u00e9e de lecture estim\u00e9e\" \/>\n\t<meta name=\"twitter:data2\" content=\"5 minutes\" \/>\n<script type=\"application\/ld+json\" class=\"yoast-schema-graph\">{\"@context\":\"https:\/\/schema.org\",\"@graph\":[{\"@type\":\"Article\",\"@id\":\"https:\/\/stourm.news\/?p=1461#article\",\"isPartOf\":{\"@id\":\"https:\/\/stourm.news\/?p=1461\"},\"author\":{\"name\":\"La r\u00e9daction\",\"@id\":\"https:\/\/stourm.news\/#\/schema\/person\/c3e1dc65988632e190969234ef046cf9\"},\"headline\":\"Les nietzsch\u00e9ens fran\u00e7ais du dimanche face au s\u00e9paratisme r\u00e9volutionnaire\",\"datePublished\":\"2024-05-24T10:41:11+00:00\",\"dateModified\":\"2024-05-24T10:55:18+00:00\",\"mainEntityOfPage\":{\"@id\":\"https:\/\/stourm.news\/?p=1461\"},\"wordCount\":1221,\"commentCount\":0,\"publisher\":{\"@id\":\"https:\/\/stourm.news\/#organization\"},\"image\":{\"@id\":\"https:\/\/stourm.news\/?p=1461#primaryimage\"},\"thumbnailUrl\":\"https:\/\/stourm.news\/wp-content\/uploads\/2024\/05\/methode_sundaytimes_prod_web_bin_5c62efa4-bb39-11e8-932b-420233c3f158-scaled.jpg\",\"articleSection\":[\"Breizh\",\"Principale\",\"Tribune\"],\"inLanguage\":\"fr-FR\",\"potentialAction\":[{\"@type\":\"CommentAction\",\"name\":\"Comment\",\"target\":[\"https:\/\/stourm.news\/?p=1461#respond\"]}]},{\"@type\":\"WebPage\",\"@id\":\"https:\/\/stourm.news\/?p=1461\",\"url\":\"https:\/\/stourm.news\/?p=1461\",\"name\":\"Les nietzsch\u00e9ens fran\u00e7ais du dimanche face au s\u00e9paratisme r\u00e9volutionnaire - STOURM\",\"isPartOf\":{\"@id\":\"https:\/\/stourm.news\/#website\"},\"primaryImageOfPage\":{\"@id\":\"https:\/\/stourm.news\/?p=1461#primaryimage\"},\"image\":{\"@id\":\"https:\/\/stourm.news\/?p=1461#primaryimage\"},\"thumbnailUrl\":\"https:\/\/stourm.news\/wp-content\/uploads\/2024\/05\/methode_sundaytimes_prod_web_bin_5c62efa4-bb39-11e8-932b-420233c3f158-scaled.jpg\",\"datePublished\":\"2024-05-24T10:41:11+00:00\",\"dateModified\":\"2024-05-24T10:55:18+00:00\",\"breadcrumb\":{\"@id\":\"https:\/\/stourm.news\/?p=1461#breadcrumb\"},\"inLanguage\":\"fr-FR\",\"potentialAction\":[{\"@type\":\"ReadAction\",\"target\":[\"https:\/\/stourm.news\/?p=1461\"]}]},{\"@type\":\"ImageObject\",\"inLanguage\":\"fr-FR\",\"@id\":\"https:\/\/stourm.news\/?p=1461#primaryimage\",\"url\":\"https:\/\/stourm.news\/wp-content\/uploads\/2024\/05\/methode_sundaytimes_prod_web_bin_5c62efa4-bb39-11e8-932b-420233c3f158-scaled.jpg\",\"contentUrl\":\"https:\/\/stourm.news\/wp-content\/uploads\/2024\/05\/methode_sundaytimes_prod_web_bin_5c62efa4-bb39-11e8-932b-420233c3f158-scaled.jpg\",\"width\":2560,\"height\":1440,\"caption\":\"FF8X8R FRIEDRICH W. NIETZSCHE \/n(1844-1900). German philosopher and poet. Etching by Hans Olde.\"},{\"@type\":\"BreadcrumbList\",\"@id\":\"https:\/\/stourm.news\/?p=1461#breadcrumb\",\"itemListElement\":[{\"@type\":\"ListItem\",\"position\":1,\"name\":\"Accueil\",\"item\":\"https:\/\/stourm.news\/\"},{\"@type\":\"ListItem\",\"position\":2,\"name\":\"Les nietzsch\u00e9ens fran\u00e7ais du dimanche face au s\u00e9paratisme r\u00e9volutionnaire\"}]},{\"@type\":\"WebSite\",\"@id\":\"https:\/\/stourm.news\/#website\",\"url\":\"https:\/\/stourm.news\/\",\"name\":\"Stourm\",\"description\":\"Kazetenn Strollad Broadel Breizh\",\"publisher\":{\"@id\":\"https:\/\/stourm.news\/#organization\"},\"potentialAction\":[{\"@type\":\"SearchAction\",\"target\":{\"@type\":\"EntryPoint\",\"urlTemplate\":\"https:\/\/stourm.news\/?s={search_term_string}\"},\"query-input\":{\"@type\":\"PropertyValueSpecification\",\"valueRequired\":true,\"valueName\":\"search_term_string\"}}],\"inLanguage\":\"fr-FR\"},{\"@type\":\"Organization\",\"@id\":\"https:\/\/stourm.news\/#organization\",\"name\":\"Stourm\",\"url\":\"https:\/\/stourm.news\/\",\"logo\":{\"@type\":\"ImageObject\",\"inLanguage\":\"fr-FR\",\"@id\":\"https:\/\/stourm.news\/#\/schema\/logo\/image\/\",\"url\":\"https:\/\/stourm.news\/wp-content\/uploads\/2025\/11\/cropped-Capture-decran-2025-11-28-a-15.19.07.png\",\"contentUrl\":\"https:\/\/stourm.news\/wp-content\/uploads\/2025\/11\/cropped-Capture-decran-2025-11-28-a-15.19.07.png\",\"width\":1855,\"height\":383,\"caption\":\"Stourm\"},\"image\":{\"@id\":\"https:\/\/stourm.news\/#\/schema\/logo\/image\/\"},\"sameAs\":[\"https:\/\/www.facebook.com\/stourmnews\/\"]},{\"@type\":\"Person\",\"@id\":\"https:\/\/stourm.news\/#\/schema\/person\/c3e1dc65988632e190969234ef046cf9\",\"name\":\"La r\u00e9daction\",\"image\":{\"@type\":\"ImageObject\",\"inLanguage\":\"fr-FR\",\"@id\":\"https:\/\/stourm.news\/#\/schema\/person\/image\/\",\"url\":\"https:\/\/secure.gravatar.com\/avatar\/7463443f194b6b5fb706b074ca0ef59a0cfcfd720cb47764b0ec5a952ce422b3?s=96&d=mm&r=g\",\"contentUrl\":\"https:\/\/secure.gravatar.com\/avatar\/7463443f194b6b5fb706b074ca0ef59a0cfcfd720cb47764b0ec5a952ce422b3?s=96&d=mm&r=g\",\"caption\":\"La r\u00e9daction\"},\"sameAs\":[\"https:\/\/stourm.news\"],\"url\":\"https:\/\/stourm.news\/?author=1\"}]}<\/script>\n<!-- \/ Yoast SEO plugin. -->","yoast_head_json":{"title":"Les nietzsch\u00e9ens fran\u00e7ais du dimanche face au s\u00e9paratisme r\u00e9volutionnaire - STOURM","robots":{"index":"index","follow":"follow","max-snippet":"max-snippet:-1","max-image-preview":"max-image-preview:large","max-video-preview":"max-video-preview:-1"},"canonical":"https:\/\/stourm.news\/?p=1461","og_locale":"fr_FR","og_type":"article","og_title":"Les nietzsch\u00e9ens fran\u00e7ais du dimanche face au s\u00e9paratisme r\u00e9volutionnaire - STOURM","og_description":"Nous voyons se cristalliser chez certains partisans de l&rsquo;extr\u00eame-droite fran\u00e7aise dite \u00ab\u00a0identitaire\u00a0\u00bb l&rsquo;accusation de \u00ab\u00a0tiers-mondisme\u00a0\u00bb jet\u00e9e au hasard, ici et l\u00e0, contre ceux qui contestent les injustices qui leur sont faites par le syst\u00e8me fran\u00e7ais, l&rsquo;Etat fran\u00e7ais. La fonction d&rsquo;une telle accusation n&rsquo;est pas de r\u00e9pondre \u00e0 une r\u00e9alit\u00e9 objective, mais d&rsquo;associer au \u00ab\u00a0tiers monde\u00a0\u00bb, [&hellip;]","og_url":"https:\/\/stourm.news\/?p=1461","og_site_name":"STOURM","article_publisher":"https:\/\/www.facebook.com\/stourmnews\/","article_published_time":"2024-05-24T10:41:11+00:00","article_modified_time":"2024-05-24T10:55:18+00:00","og_image":[{"width":2560,"height":1440,"url":"https:\/\/stourm.news\/wp-content\/uploads\/2024\/05\/methode_sundaytimes_prod_web_bin_5c62efa4-bb39-11e8-932b-420233c3f158-scaled.jpg","type":"image\/jpeg"}],"author":"La r\u00e9daction","twitter_card":"summary_large_image","twitter_misc":{"\u00c9crit par":"La r\u00e9daction","Dur\u00e9e de lecture estim\u00e9e":"5 minutes"},"schema":{"@context":"https:\/\/schema.org","@graph":[{"@type":"Article","@id":"https:\/\/stourm.news\/?p=1461#article","isPartOf":{"@id":"https:\/\/stourm.news\/?p=1461"},"author":{"name":"La r\u00e9daction","@id":"https:\/\/stourm.news\/#\/schema\/person\/c3e1dc65988632e190969234ef046cf9"},"headline":"Les nietzsch\u00e9ens fran\u00e7ais du dimanche face au s\u00e9paratisme r\u00e9volutionnaire","datePublished":"2024-05-24T10:41:11+00:00","dateModified":"2024-05-24T10:55:18+00:00","mainEntityOfPage":{"@id":"https:\/\/stourm.news\/?p=1461"},"wordCount":1221,"commentCount":0,"publisher":{"@id":"https:\/\/stourm.news\/#organization"},"image":{"@id":"https:\/\/stourm.news\/?p=1461#primaryimage"},"thumbnailUrl":"https:\/\/stourm.news\/wp-content\/uploads\/2024\/05\/methode_sundaytimes_prod_web_bin_5c62efa4-bb39-11e8-932b-420233c3f158-scaled.jpg","articleSection":["Breizh","Principale","Tribune"],"inLanguage":"fr-FR","potentialAction":[{"@type":"CommentAction","name":"Comment","target":["https:\/\/stourm.news\/?p=1461#respond"]}]},{"@type":"WebPage","@id":"https:\/\/stourm.news\/?p=1461","url":"https:\/\/stourm.news\/?p=1461","name":"Les nietzsch\u00e9ens fran\u00e7ais du dimanche face au s\u00e9paratisme r\u00e9volutionnaire - STOURM","isPartOf":{"@id":"https:\/\/stourm.news\/#website"},"primaryImageOfPage":{"@id":"https:\/\/stourm.news\/?p=1461#primaryimage"},"image":{"@id":"https:\/\/stourm.news\/?p=1461#primaryimage"},"thumbnailUrl":"https:\/\/stourm.news\/wp-content\/uploads\/2024\/05\/methode_sundaytimes_prod_web_bin_5c62efa4-bb39-11e8-932b-420233c3f158-scaled.jpg","datePublished":"2024-05-24T10:41:11+00:00","dateModified":"2024-05-24T10:55:18+00:00","breadcrumb":{"@id":"https:\/\/stourm.news\/?p=1461#breadcrumb"},"inLanguage":"fr-FR","potentialAction":[{"@type":"ReadAction","target":["https:\/\/stourm.news\/?p=1461"]}]},{"@type":"ImageObject","inLanguage":"fr-FR","@id":"https:\/\/stourm.news\/?p=1461#primaryimage","url":"https:\/\/stourm.news\/wp-content\/uploads\/2024\/05\/methode_sundaytimes_prod_web_bin_5c62efa4-bb39-11e8-932b-420233c3f158-scaled.jpg","contentUrl":"https:\/\/stourm.news\/wp-content\/uploads\/2024\/05\/methode_sundaytimes_prod_web_bin_5c62efa4-bb39-11e8-932b-420233c3f158-scaled.jpg","width":2560,"height":1440,"caption":"FF8X8R FRIEDRICH W. NIETZSCHE \/n(1844-1900). German philosopher and poet. Etching by Hans Olde."},{"@type":"BreadcrumbList","@id":"https:\/\/stourm.news\/?p=1461#breadcrumb","itemListElement":[{"@type":"ListItem","position":1,"name":"Accueil","item":"https:\/\/stourm.news\/"},{"@type":"ListItem","position":2,"name":"Les nietzsch\u00e9ens fran\u00e7ais du dimanche face au s\u00e9paratisme r\u00e9volutionnaire"}]},{"@type":"WebSite","@id":"https:\/\/stourm.news\/#website","url":"https:\/\/stourm.news\/","name":"Stourm","description":"Kazetenn Strollad Broadel Breizh","publisher":{"@id":"https:\/\/stourm.news\/#organization"},"potentialAction":[{"@type":"SearchAction","target":{"@type":"EntryPoint","urlTemplate":"https:\/\/stourm.news\/?s={search_term_string}"},"query-input":{"@type":"PropertyValueSpecification","valueRequired":true,"valueName":"search_term_string"}}],"inLanguage":"fr-FR"},{"@type":"Organization","@id":"https:\/\/stourm.news\/#organization","name":"Stourm","url":"https:\/\/stourm.news\/","logo":{"@type":"ImageObject","inLanguage":"fr-FR","@id":"https:\/\/stourm.news\/#\/schema\/logo\/image\/","url":"https:\/\/stourm.news\/wp-content\/uploads\/2025\/11\/cropped-Capture-decran-2025-11-28-a-15.19.07.png","contentUrl":"https:\/\/stourm.news\/wp-content\/uploads\/2025\/11\/cropped-Capture-decran-2025-11-28-a-15.19.07.png","width":1855,"height":383,"caption":"Stourm"},"image":{"@id":"https:\/\/stourm.news\/#\/schema\/logo\/image\/"},"sameAs":["https:\/\/www.facebook.com\/stourmnews\/"]},{"@type":"Person","@id":"https:\/\/stourm.news\/#\/schema\/person\/c3e1dc65988632e190969234ef046cf9","name":"La r\u00e9daction","image":{"@type":"ImageObject","inLanguage":"fr-FR","@id":"https:\/\/stourm.news\/#\/schema\/person\/image\/","url":"https:\/\/secure.gravatar.com\/avatar\/7463443f194b6b5fb706b074ca0ef59a0cfcfd720cb47764b0ec5a952ce422b3?s=96&d=mm&r=g","contentUrl":"https:\/\/secure.gravatar.com\/avatar\/7463443f194b6b5fb706b074ca0ef59a0cfcfd720cb47764b0ec5a952ce422b3?s=96&d=mm&r=g","caption":"La r\u00e9daction"},"sameAs":["https:\/\/stourm.news"],"url":"https:\/\/stourm.news\/?author=1"}]}},"_links":{"self":[{"href":"https:\/\/stourm.news\/index.php?rest_route=\/wp\/v2\/posts\/1461","targetHints":{"allow":["GET"]}}],"collection":[{"href":"https:\/\/stourm.news\/index.php?rest_route=\/wp\/v2\/posts"}],"about":[{"href":"https:\/\/stourm.news\/index.php?rest_route=\/wp\/v2\/types\/post"}],"author":[{"embeddable":true,"href":"https:\/\/stourm.news\/index.php?rest_route=\/wp\/v2\/users\/1"}],"replies":[{"embeddable":true,"href":"https:\/\/stourm.news\/index.php?rest_route=%2Fwp%2Fv2%2Fcomments&post=1461"}],"version-history":[{"count":7,"href":"https:\/\/stourm.news\/index.php?rest_route=\/wp\/v2\/posts\/1461\/revisions"}],"predecessor-version":[{"id":1469,"href":"https:\/\/stourm.news\/index.php?rest_route=\/wp\/v2\/posts\/1461\/revisions\/1469"}],"wp:featuredmedia":[{"embeddable":true,"href":"https:\/\/stourm.news\/index.php?rest_route=\/wp\/v2\/media\/1463"}],"wp:attachment":[{"href":"https:\/\/stourm.news\/index.php?rest_route=%2Fwp%2Fv2%2Fmedia&parent=1461"}],"wp:term":[{"taxonomy":"category","embeddable":true,"href":"https:\/\/stourm.news\/index.php?rest_route=%2Fwp%2Fv2%2Fcategories&post=1461"},{"taxonomy":"post_tag","embeddable":true,"href":"https:\/\/stourm.news\/index.php?rest_route=%2Fwp%2Fv2%2Ftags&post=1461"}],"curies":[{"name":"wp","href":"https:\/\/api.w.org\/{rel}","templated":true}]}}