{"id":1475,"date":"2024-05-29T11:19:03","date_gmt":"2024-05-29T11:19:03","guid":{"rendered":"https:\/\/stourm.news\/?p=1475"},"modified":"2024-05-29T11:19:03","modified_gmt":"2024-05-29T11:19:03","slug":"le-pnb-appelle-a-se-joindre-aux-rassemblements-pour-la-fin-de-la-repression-linguistique-menee-par-letat-francais","status":"publish","type":"post","link":"https:\/\/stourm.news\/?p=1475","title":{"rendered":"Le PNB appelle \u00e0 se joindre aux rassemblements pour la fin de la r\u00e9pression linguistique men\u00e9e par l&rsquo;Etat fran\u00e7ais"},"content":{"rendered":"<p style=\"text-align: justify;\">Le samedi 01 juin 2024 auront lieu des rassemblements devant les cinq pr\u00e9fectures fran\u00e7aises de Bretagne pour la fin de la politique de r\u00e9pression linguistique men\u00e9e par l&rsquo;Etat fran\u00e7ais. Le Parti National Breton appelle \u00e0 se joindre \u00e0 ces rassemblements.<\/p>\n<blockquote>\n<p style=\"text-align: justify;\"><em>En mai 2021, \u00e9tait vot\u00e9e la loi relative \u00e0 la protection patrimoniale des langues r\u00e9gionales et \u00e0 leur promotion dite \u00ab Loi Molac \u00bb que le Conseil constitutionnel censurait partiellement dans la foul\u00e9e.<\/em><\/p>\n<p style=\"text-align: justify;\"><em>Depuis, une interpr\u00e9tation restrictive de l\u2019article 2 de la Constitution (qui indique notamment que la langue de la R\u00e9publique est le fran\u00e7ais) continue \u00e0 \u00eatre syst\u00e9matiquement oppos\u00e9e \u00e0 chaque avanc\u00e9e possible pour nos langues, <strong>et les probl\u00e8mes se multiplient.<\/strong><\/em><\/p>\n<p style=\"text-align: justify;\"><em>La situation des Fa\u00f1ch, I\u00f1aki, A\u00f1a, Art\u00fas n\u2019est toujours pas \u00e9claircie et la libert\u00e9 de choisir le pr\u00e9nom de son enfant avec un signe dit \u00ab diacritique \u00bb est <strong>syst\u00e9matiquement remise en question.<\/strong><\/em><\/p>\n<p style=\"text-align: justify;\"><em>Les collectivit\u00e9s publiques souhaitant d\u00e9velopper l\u2019usage de nos langues dans leurs institutions <strong>ont \u00e9t\u00e9 syst\u00e9matiquement attaqu\u00e9es et leurs d\u00e9lib\u00e9rations annul\u00e9es<\/strong> au Conseil d\u2019\u00c9tat ou au tribunal administratif (Polyn\u00e9sie fran\u00e7aise, Communes catalanes d\u2019Elne, Port-Vendres, Am\u00e9lie-les-Bains et Tarerach, Collectivit\u00e9 territoriale de Corse, reconnaissance de coofficialit\u00e9 du Cr\u00e9ole en Martinique).<\/em><\/p>\n<p style=\"text-align: justify;\"><em>La situation se d\u00e9grade dans l\u2019enseignement avec :<\/em><\/p>\n<ul>\n<li style=\"text-align: justify;\"><em>l\u2019 \u00ab oubli \u00bb des langues r\u00e9gionales lors des r\u00e9formes du coll\u00e8ge, r\u00e9formes du lyc\u00e9e, \u00ab choc des savoirs \u00bb et maintenant lors de la r\u00e9forme annonc\u00e9e de la formation des enseignants ;<\/em><\/li>\n<li><em>leur disparition pour les \u00e9preuves DNL (Disciplines Non Linguistiques) du baccalaur\u00e9at et seule la lutte a permis le maintien de la pr\u00e9sentation en langues r\u00e9gionales des sujets des \u00e9preuves du brevet pour cette ann\u00e9e ;<\/em><\/li>\n<li><em>la non-application de la g\u00e9n\u00e9ralisation de l\u2019enseignement des langues r\u00e9gionales \u00e0 tous les \u00e9l\u00e8ves d\u2019un territoire qui le souhaite, inscrite dans la loi en 2021, car aucun moyen suppl\u00e9mentaire permettant d\u2019atteindre cet objectif n\u2019a \u00e9t\u00e9 engag\u00e9 par le Minist\u00e8re de l\u2019\u00c9ducation Nationale ;<\/em><\/li>\n<li><em>les alertes de la chambre r\u00e9gionale des comptes de Bretagne pointant l\u2019ins\u00e9curit\u00e9 juridique de la circulaire de l\u2019\u00c9ducation Nationale de 2021 (cens\u00e9e prot\u00e9ger l\u2019enseignement par immersion, suite \u00e0 la censure du Conseil constitutionnel) avec sa possible remise en question \u00e0 tout moment par un nouveau gouvernement,<\/em><\/li>\n<li><em>le blocage de la contractualisation de Scola Corsa et le non-renouvellement des conventions avec Seaska ou Diwan.<\/em><\/li>\n<\/ul>\n<p style=\"text-align: justify;\"><em>Nos langues ne peuvent vivre dans cette <strong>pr\u00e9carit\u00e9<\/strong>. Elles ont besoin que ce qui a \u00e9t\u00e9 construit jusqu\u2019\u00e0 pr\u00e9sent ne puisse pas \u00eatre remis en cause. Elles ont besoin que les projets d\u2019avenir soient consolid\u00e9s. Elles ont besoin d\u2019une s\u00e9curit\u00e9 juridique qui n\u00e9cessite d\u00e8s \u00e0 pr\u00e9sent une modification de la Constitution.<\/em><\/p>\n<p style=\"text-align: justify;\"><em>C\u2019est pourquoi le collectif Pour que vivent nos langues appelle \u00e0 des rassemblements au Pays Basque, en Bretagne, Corse, Alsace, Catalogne, dans l\u2019espace occitan et les diff\u00e9rents territoires concern\u00e9s, le samedi 1\u1d49\u02b3 juin 2024 pour demander une modification de la constitution maintenant ! Pour que nos langues vivent et que nous puissions vivre dans nos langues !<\/em><\/p>\n<\/blockquote>\n<p><img fetchpriority=\"high\" decoding=\"async\" class=\"alignnone wp-image-1476 size-full\" src=\"https:\/\/stourm.news\/wp-content\/uploads\/2024\/05\/IMG_20240526_190914_664.jpg\" alt=\"\" width=\"960\" height=\"1280\" srcset=\"https:\/\/stourm.news\/wp-content\/uploads\/2024\/05\/IMG_20240526_190914_664.jpg 960w, https:\/\/stourm.news\/wp-content\/uploads\/2024\/05\/IMG_20240526_190914_664-225x300.jpg 225w, https:\/\/stourm.news\/wp-content\/uploads\/2024\/05\/IMG_20240526_190914_664-768x1024.jpg 768w\" sizes=\"(max-width: 960px) 100vw, 960px\" \/><\/p>\n","protected":false},"excerpt":{"rendered":"<p>Le samedi 01 juin 2024 auront lieu des rassemblements devant les cinq pr\u00e9fectures fran\u00e7aises de Bretagne pour la fin de la politique de r\u00e9pression linguistique men\u00e9e par l&rsquo;Etat fran\u00e7ais. Le Parti National Breton appelle \u00e0 se joindre \u00e0 ces rassemblements. En mai 2021, \u00e9tait vot\u00e9e la loi relative \u00e0 la protection patrimoniale des langues r\u00e9gionales [&hellip;]<\/p>\n","protected":false},"author":1,"featured_media":1476,"comment_status":"open","ping_status":"open","sticky":false,"template":"","format":"standard","meta":{"sb_editor_width":"","footnotes":""},"categories":[58,65],"tags":[],"class_list":["post-1475","post","type-post","status-publish","format-standard","has-post-thumbnail","hentry","category-breizh","category-principale"],"relative_dates":{"created":"2 ans ago","modified":"2 ans ago"},"yoast_head":"<!-- This site is optimized with the Yoast SEO plugin v26.3 - https:\/\/yoast.com\/wordpress\/plugins\/seo\/ -->\n<title>Le PNB appelle \u00e0 se joindre aux rassemblements pour la fin de la r\u00e9pression linguistique men\u00e9e par l&#039;Etat fran\u00e7ais - STOURM<\/title>\n<meta name=\"robots\" content=\"index, follow, max-snippet:-1, max-image-preview:large, max-video-preview:-1\" \/>\n<link rel=\"canonical\" href=\"https:\/\/stourm.news\/?p=1475\" \/>\n<meta property=\"og:locale\" content=\"fr_FR\" \/>\n<meta property=\"og:type\" content=\"article\" \/>\n<meta property=\"og:title\" content=\"Le PNB appelle \u00e0 se joindre aux rassemblements pour la fin de la r\u00e9pression linguistique men\u00e9e par l&#039;Etat fran\u00e7ais - STOURM\" \/>\n<meta property=\"og:description\" content=\"Le samedi 01 juin 2024 auront lieu des rassemblements devant les cinq pr\u00e9fectures fran\u00e7aises de Bretagne pour la fin de la politique de r\u00e9pression linguistique men\u00e9e par l&rsquo;Etat fran\u00e7ais. Le Parti National Breton appelle \u00e0 se joindre \u00e0 ces rassemblements. En mai 2021, \u00e9tait vot\u00e9e la loi relative \u00e0 la protection patrimoniale des langues r\u00e9gionales [&hellip;]\" \/>\n<meta property=\"og:url\" content=\"https:\/\/stourm.news\/?p=1475\" \/>\n<meta property=\"og:site_name\" content=\"STOURM\" \/>\n<meta property=\"article:publisher\" content=\"https:\/\/www.facebook.com\/stourmnews\/\" \/>\n<meta property=\"article:published_time\" content=\"2024-05-29T11:19:03+00:00\" \/>\n<meta property=\"og:image\" content=\"https:\/\/stourm.news\/wp-content\/uploads\/2024\/05\/IMG_20240526_190914_664.jpg\" \/>\n\t<meta property=\"og:image:width\" content=\"960\" \/>\n\t<meta property=\"og:image:height\" content=\"1280\" \/>\n\t<meta property=\"og:image:type\" content=\"image\/jpeg\" \/>\n<meta name=\"author\" content=\"La r\u00e9daction\" \/>\n<meta name=\"twitter:card\" content=\"summary_large_image\" \/>\n<meta name=\"twitter:label1\" content=\"\u00c9crit par\" \/>\n\t<meta name=\"twitter:data1\" content=\"La r\u00e9daction\" \/>\n\t<meta name=\"twitter:label2\" content=\"Dur\u00e9e de lecture estim\u00e9e\" \/>\n\t<meta name=\"twitter:data2\" content=\"1 minute\" \/>\n<script type=\"application\/ld+json\" class=\"yoast-schema-graph\">{\"@context\":\"https:\/\/schema.org\",\"@graph\":[{\"@type\":\"Article\",\"@id\":\"https:\/\/stourm.news\/?p=1475#article\",\"isPartOf\":{\"@id\":\"https:\/\/stourm.news\/?p=1475\"},\"author\":{\"name\":\"La r\u00e9daction\",\"@id\":\"https:\/\/stourm.news\/#\/schema\/person\/c3e1dc65988632e190969234ef046cf9\"},\"headline\":\"Le PNB appelle \u00e0 se joindre aux rassemblements pour la fin de la r\u00e9pression linguistique men\u00e9e par l&rsquo;Etat fran\u00e7ais\",\"datePublished\":\"2024-05-29T11:19:03+00:00\",\"mainEntityOfPage\":{\"@id\":\"https:\/\/stourm.news\/?p=1475\"},\"wordCount\":553,\"commentCount\":0,\"publisher\":{\"@id\":\"https:\/\/stourm.news\/#organization\"},\"image\":{\"@id\":\"https:\/\/stourm.news\/?p=1475#primaryimage\"},\"thumbnailUrl\":\"https:\/\/stourm.news\/wp-content\/uploads\/2024\/05\/IMG_20240526_190914_664.jpg\",\"articleSection\":[\"Breizh\",\"Principale\"],\"inLanguage\":\"fr-FR\",\"potentialAction\":[{\"@type\":\"CommentAction\",\"name\":\"Comment\",\"target\":[\"https:\/\/stourm.news\/?p=1475#respond\"]}]},{\"@type\":\"WebPage\",\"@id\":\"https:\/\/stourm.news\/?p=1475\",\"url\":\"https:\/\/stourm.news\/?p=1475\",\"name\":\"Le PNB appelle \u00e0 se joindre aux rassemblements pour la fin de la r\u00e9pression linguistique men\u00e9e par l'Etat fran\u00e7ais - STOURM\",\"isPartOf\":{\"@id\":\"https:\/\/stourm.news\/#website\"},\"primaryImageOfPage\":{\"@id\":\"https:\/\/stourm.news\/?p=1475#primaryimage\"},\"image\":{\"@id\":\"https:\/\/stourm.news\/?p=1475#primaryimage\"},\"thumbnailUrl\":\"https:\/\/stourm.news\/wp-content\/uploads\/2024\/05\/IMG_20240526_190914_664.jpg\",\"datePublished\":\"2024-05-29T11:19:03+00:00\",\"breadcrumb\":{\"@id\":\"https:\/\/stourm.news\/?p=1475#breadcrumb\"},\"inLanguage\":\"fr-FR\",\"potentialAction\":[{\"@type\":\"ReadAction\",\"target\":[\"https:\/\/stourm.news\/?p=1475\"]}]},{\"@type\":\"ImageObject\",\"inLanguage\":\"fr-FR\",\"@id\":\"https:\/\/stourm.news\/?p=1475#primaryimage\",\"url\":\"https:\/\/stourm.news\/wp-content\/uploads\/2024\/05\/IMG_20240526_190914_664.jpg\",\"contentUrl\":\"https:\/\/stourm.news\/wp-content\/uploads\/2024\/05\/IMG_20240526_190914_664.jpg\",\"width\":960,\"height\":1280},{\"@type\":\"BreadcrumbList\",\"@id\":\"https:\/\/stourm.news\/?p=1475#breadcrumb\",\"itemListElement\":[{\"@type\":\"ListItem\",\"position\":1,\"name\":\"Accueil\",\"item\":\"https:\/\/stourm.news\/\"},{\"@type\":\"ListItem\",\"position\":2,\"name\":\"Le PNB appelle \u00e0 se joindre aux rassemblements pour la fin de la r\u00e9pression linguistique men\u00e9e par l&rsquo;Etat fran\u00e7ais\"}]},{\"@type\":\"WebSite\",\"@id\":\"https:\/\/stourm.news\/#website\",\"url\":\"https:\/\/stourm.news\/\",\"name\":\"Stourm\",\"description\":\"Kazetenn Strollad Broadel Breizh\",\"publisher\":{\"@id\":\"https:\/\/stourm.news\/#organization\"},\"potentialAction\":[{\"@type\":\"SearchAction\",\"target\":{\"@type\":\"EntryPoint\",\"urlTemplate\":\"https:\/\/stourm.news\/?s={search_term_string}\"},\"query-input\":{\"@type\":\"PropertyValueSpecification\",\"valueRequired\":true,\"valueName\":\"search_term_string\"}}],\"inLanguage\":\"fr-FR\"},{\"@type\":\"Organization\",\"@id\":\"https:\/\/stourm.news\/#organization\",\"name\":\"Stourm\",\"url\":\"https:\/\/stourm.news\/\",\"logo\":{\"@type\":\"ImageObject\",\"inLanguage\":\"fr-FR\",\"@id\":\"https:\/\/stourm.news\/#\/schema\/logo\/image\/\",\"url\":\"https:\/\/stourm.news\/wp-content\/uploads\/2025\/11\/cropped-Capture-decran-2025-11-28-a-15.19.07.png\",\"contentUrl\":\"https:\/\/stourm.news\/wp-content\/uploads\/2025\/11\/cropped-Capture-decran-2025-11-28-a-15.19.07.png\",\"width\":1855,\"height\":383,\"caption\":\"Stourm\"},\"image\":{\"@id\":\"https:\/\/stourm.news\/#\/schema\/logo\/image\/\"},\"sameAs\":[\"https:\/\/www.facebook.com\/stourmnews\/\"]},{\"@type\":\"Person\",\"@id\":\"https:\/\/stourm.news\/#\/schema\/person\/c3e1dc65988632e190969234ef046cf9\",\"name\":\"La r\u00e9daction\",\"image\":{\"@type\":\"ImageObject\",\"inLanguage\":\"fr-FR\",\"@id\":\"https:\/\/stourm.news\/#\/schema\/person\/image\/\",\"url\":\"https:\/\/secure.gravatar.com\/avatar\/7463443f194b6b5fb706b074ca0ef59a0cfcfd720cb47764b0ec5a952ce422b3?s=96&d=mm&r=g\",\"contentUrl\":\"https:\/\/secure.gravatar.com\/avatar\/7463443f194b6b5fb706b074ca0ef59a0cfcfd720cb47764b0ec5a952ce422b3?s=96&d=mm&r=g\",\"caption\":\"La r\u00e9daction\"},\"sameAs\":[\"https:\/\/stourm.news\"],\"url\":\"https:\/\/stourm.news\/?author=1\"}]}<\/script>\n<!-- \/ Yoast SEO plugin. -->","yoast_head_json":{"title":"Le PNB appelle \u00e0 se joindre aux rassemblements pour la fin de la r\u00e9pression linguistique men\u00e9e par l'Etat fran\u00e7ais - STOURM","robots":{"index":"index","follow":"follow","max-snippet":"max-snippet:-1","max-image-preview":"max-image-preview:large","max-video-preview":"max-video-preview:-1"},"canonical":"https:\/\/stourm.news\/?p=1475","og_locale":"fr_FR","og_type":"article","og_title":"Le PNB appelle \u00e0 se joindre aux rassemblements pour la fin de la r\u00e9pression linguistique men\u00e9e par l'Etat fran\u00e7ais - STOURM","og_description":"Le samedi 01 juin 2024 auront lieu des rassemblements devant les cinq pr\u00e9fectures fran\u00e7aises de Bretagne pour la fin de la politique de r\u00e9pression linguistique men\u00e9e par l&rsquo;Etat fran\u00e7ais. Le Parti National Breton appelle \u00e0 se joindre \u00e0 ces rassemblements. En mai 2021, \u00e9tait vot\u00e9e la loi relative \u00e0 la protection patrimoniale des langues r\u00e9gionales [&hellip;]","og_url":"https:\/\/stourm.news\/?p=1475","og_site_name":"STOURM","article_publisher":"https:\/\/www.facebook.com\/stourmnews\/","article_published_time":"2024-05-29T11:19:03+00:00","og_image":[{"width":960,"height":1280,"url":"https:\/\/stourm.news\/wp-content\/uploads\/2024\/05\/IMG_20240526_190914_664.jpg","type":"image\/jpeg"}],"author":"La r\u00e9daction","twitter_card":"summary_large_image","twitter_misc":{"\u00c9crit par":"La r\u00e9daction","Dur\u00e9e de lecture estim\u00e9e":"1 minute"},"schema":{"@context":"https:\/\/schema.org","@graph":[{"@type":"Article","@id":"https:\/\/stourm.news\/?p=1475#article","isPartOf":{"@id":"https:\/\/stourm.news\/?p=1475"},"author":{"name":"La r\u00e9daction","@id":"https:\/\/stourm.news\/#\/schema\/person\/c3e1dc65988632e190969234ef046cf9"},"headline":"Le PNB appelle \u00e0 se joindre aux rassemblements pour la fin de la r\u00e9pression linguistique men\u00e9e par l&rsquo;Etat fran\u00e7ais","datePublished":"2024-05-29T11:19:03+00:00","mainEntityOfPage":{"@id":"https:\/\/stourm.news\/?p=1475"},"wordCount":553,"commentCount":0,"publisher":{"@id":"https:\/\/stourm.news\/#organization"},"image":{"@id":"https:\/\/stourm.news\/?p=1475#primaryimage"},"thumbnailUrl":"https:\/\/stourm.news\/wp-content\/uploads\/2024\/05\/IMG_20240526_190914_664.jpg","articleSection":["Breizh","Principale"],"inLanguage":"fr-FR","potentialAction":[{"@type":"CommentAction","name":"Comment","target":["https:\/\/stourm.news\/?p=1475#respond"]}]},{"@type":"WebPage","@id":"https:\/\/stourm.news\/?p=1475","url":"https:\/\/stourm.news\/?p=1475","name":"Le PNB appelle \u00e0 se joindre aux rassemblements pour la fin de la r\u00e9pression linguistique men\u00e9e par l'Etat fran\u00e7ais - STOURM","isPartOf":{"@id":"https:\/\/stourm.news\/#website"},"primaryImageOfPage":{"@id":"https:\/\/stourm.news\/?p=1475#primaryimage"},"image":{"@id":"https:\/\/stourm.news\/?p=1475#primaryimage"},"thumbnailUrl":"https:\/\/stourm.news\/wp-content\/uploads\/2024\/05\/IMG_20240526_190914_664.jpg","datePublished":"2024-05-29T11:19:03+00:00","breadcrumb":{"@id":"https:\/\/stourm.news\/?p=1475#breadcrumb"},"inLanguage":"fr-FR","potentialAction":[{"@type":"ReadAction","target":["https:\/\/stourm.news\/?p=1475"]}]},{"@type":"ImageObject","inLanguage":"fr-FR","@id":"https:\/\/stourm.news\/?p=1475#primaryimage","url":"https:\/\/stourm.news\/wp-content\/uploads\/2024\/05\/IMG_20240526_190914_664.jpg","contentUrl":"https:\/\/stourm.news\/wp-content\/uploads\/2024\/05\/IMG_20240526_190914_664.jpg","width":960,"height":1280},{"@type":"BreadcrumbList","@id":"https:\/\/stourm.news\/?p=1475#breadcrumb","itemListElement":[{"@type":"ListItem","position":1,"name":"Accueil","item":"https:\/\/stourm.news\/"},{"@type":"ListItem","position":2,"name":"Le PNB appelle \u00e0 se joindre aux rassemblements pour la fin de la r\u00e9pression linguistique men\u00e9e par l&rsquo;Etat fran\u00e7ais"}]},{"@type":"WebSite","@id":"https:\/\/stourm.news\/#website","url":"https:\/\/stourm.news\/","name":"Stourm","description":"Kazetenn Strollad Broadel Breizh","publisher":{"@id":"https:\/\/stourm.news\/#organization"},"potentialAction":[{"@type":"SearchAction","target":{"@type":"EntryPoint","urlTemplate":"https:\/\/stourm.news\/?s={search_term_string}"},"query-input":{"@type":"PropertyValueSpecification","valueRequired":true,"valueName":"search_term_string"}}],"inLanguage":"fr-FR"},{"@type":"Organization","@id":"https:\/\/stourm.news\/#organization","name":"Stourm","url":"https:\/\/stourm.news\/","logo":{"@type":"ImageObject","inLanguage":"fr-FR","@id":"https:\/\/stourm.news\/#\/schema\/logo\/image\/","url":"https:\/\/stourm.news\/wp-content\/uploads\/2025\/11\/cropped-Capture-decran-2025-11-28-a-15.19.07.png","contentUrl":"https:\/\/stourm.news\/wp-content\/uploads\/2025\/11\/cropped-Capture-decran-2025-11-28-a-15.19.07.png","width":1855,"height":383,"caption":"Stourm"},"image":{"@id":"https:\/\/stourm.news\/#\/schema\/logo\/image\/"},"sameAs":["https:\/\/www.facebook.com\/stourmnews\/"]},{"@type":"Person","@id":"https:\/\/stourm.news\/#\/schema\/person\/c3e1dc65988632e190969234ef046cf9","name":"La r\u00e9daction","image":{"@type":"ImageObject","inLanguage":"fr-FR","@id":"https:\/\/stourm.news\/#\/schema\/person\/image\/","url":"https:\/\/secure.gravatar.com\/avatar\/7463443f194b6b5fb706b074ca0ef59a0cfcfd720cb47764b0ec5a952ce422b3?s=96&d=mm&r=g","contentUrl":"https:\/\/secure.gravatar.com\/avatar\/7463443f194b6b5fb706b074ca0ef59a0cfcfd720cb47764b0ec5a952ce422b3?s=96&d=mm&r=g","caption":"La r\u00e9daction"},"sameAs":["https:\/\/stourm.news"],"url":"https:\/\/stourm.news\/?author=1"}]}},"_links":{"self":[{"href":"https:\/\/stourm.news\/index.php?rest_route=\/wp\/v2\/posts\/1475","targetHints":{"allow":["GET"]}}],"collection":[{"href":"https:\/\/stourm.news\/index.php?rest_route=\/wp\/v2\/posts"}],"about":[{"href":"https:\/\/stourm.news\/index.php?rest_route=\/wp\/v2\/types\/post"}],"author":[{"embeddable":true,"href":"https:\/\/stourm.news\/index.php?rest_route=\/wp\/v2\/users\/1"}],"replies":[{"embeddable":true,"href":"https:\/\/stourm.news\/index.php?rest_route=%2Fwp%2Fv2%2Fcomments&post=1475"}],"version-history":[{"count":1,"href":"https:\/\/stourm.news\/index.php?rest_route=\/wp\/v2\/posts\/1475\/revisions"}],"predecessor-version":[{"id":1477,"href":"https:\/\/stourm.news\/index.php?rest_route=\/wp\/v2\/posts\/1475\/revisions\/1477"}],"wp:featuredmedia":[{"embeddable":true,"href":"https:\/\/stourm.news\/index.php?rest_route=\/wp\/v2\/media\/1476"}],"wp:attachment":[{"href":"https:\/\/stourm.news\/index.php?rest_route=%2Fwp%2Fv2%2Fmedia&parent=1475"}],"wp:term":[{"taxonomy":"category","embeddable":true,"href":"https:\/\/stourm.news\/index.php?rest_route=%2Fwp%2Fv2%2Fcategories&post=1475"},{"taxonomy":"post_tag","embeddable":true,"href":"https:\/\/stourm.news\/index.php?rest_route=%2Fwp%2Fv2%2Ftags&post=1475"}],"curies":[{"name":"wp","href":"https:\/\/api.w.org\/{rel}","templated":true}]}}