{"id":1478,"date":"2024-05-30T06:28:29","date_gmt":"2024-05-30T06:28:29","guid":{"rendered":"https:\/\/stourm.news\/?p=1478"},"modified":"2024-05-30T06:28:29","modified_gmt":"2024-05-30T06:28:29","slug":"ni-gauche-ni-droite-lennemi-de-la-nation-bretonne-cest-letat-francais-editorial","status":"publish","type":"post","link":"https:\/\/stourm.news\/?p=1478","title":{"rendered":"Ni gauche, ni droite : l&rsquo;ennemi de la nation bretonne, c&rsquo;est l&rsquo;Etat fran\u00e7ais ! (Editorial)"},"content":{"rendered":"<p style=\"text-align: justify;\">Hier, nous diffusions sur <em><strong>Stourm!<\/strong><\/em> une vid\u00e9o portant sur le traitement m\u00e9diatique fran\u00e7ais de la situation en Kanaky du commentateur fran\u00e7ais Usul, d&rsquo;orientation trotskiste et proche, quoique critique, de la France Insoumise. Cette vid\u00e9o offrait le seul point de vue critique du d\u00e9ferlement de propagande contre les Kanaks et leur lutte. En arri\u00e8re-fond, les tentatives d\u00e9sesp\u00e9r\u00e9s de l&rsquo;imp\u00e9rialisme fran\u00e7ais de se maintenir dans le Pacifique.<\/p>\n<p><strong>S&rsquo;informer partout, sans exclusive<\/strong><\/p>\n<p style=\"text-align: justify;\">Quelques commentateurs\u00a0 d&rsquo;extr\u00eame-droite, fran\u00e7ais d&rsquo;origine ou culturellement ali\u00e9n\u00e9s, ont vivement r\u00e9agi. Usul, en tant que militant d&rsquo;extr\u00eame-gauche, serait \u00ab\u00a0anti-Blancs\u00a0\u00bb. Partant, ce qu&rsquo;il a \u00e0 dire ne doit pas \u00eatre \u00e9cout\u00e9. Telle n&rsquo;est pas la fonction d&rsquo;un m\u00e9dia comme le notre dont l&rsquo;objectif est de d\u00e9fendre le point de vue national breton sur l&rsquo;actualit\u00e9. Une information doit \u00eatre \u00e9valu\u00e9e pour sa qualit\u00e9 dans un contexte donn\u00e9e, pas en fonction de l&rsquo;identit\u00e9 du messager qui la communique.<\/p>\n<p style=\"text-align: justify;\">Quoi que l&rsquo;on pense de l&rsquo;extr\u00eame-gauche fran\u00e7aise en g\u00e9n\u00e9ral ou d&rsquo;Usul, en particulier, un point de vue anticolonial n&rsquo;allait pas apparaitre spontan\u00e9ment au sein de l&rsquo;extr\u00eame-droite fran\u00e7aise qui, au contraire et sans surprise, a appel\u00e9 \u00e0 maintenir co\u00fbte que co\u00fbte l&rsquo;imp\u00e9rialisme fran\u00e7ais en Kanaky afin de pr\u00e9server sur place le syst\u00e8me fran\u00e7ais et sa soci\u00e9t\u00e9. Les Bretons conscients de leur nationalit\u00e9, sujets eux-m\u00eames d&rsquo;une politique coloniale dict\u00e9e par Paris, ont pu trouver dans cette analyse des \u00e9l\u00e9ments de comparaison pertinents avec leur situation politique et historique.<\/p>\n<p><strong>Soulever les contradictions internes<\/strong><\/p>\n<p style=\"text-align: justify;\">Il y a plus. La position d&rsquo;Usul est en r\u00e9alit\u00e9 tr\u00e8s en d\u00e9calage avec le discours de la gauche hexagonale. Officiellement, les Kanaks sont des citoyens fran\u00e7ais qui disposent de l&rsquo;\u00e9galit\u00e9 de droits. Usul admet que la seule \u00e9galit\u00e9 de droits ne suffit pas \u00e0 rendre l\u00e9gitime l&rsquo;occupation fran\u00e7aise, car il existe une l\u00e9gitimit\u00e9 qui pr\u00e9c\u00e8de la l\u00e9galit\u00e9, \u00e0 savoir la l\u00e9gitimit\u00e9 historique et culturelle d&rsquo;un peuple sur sa terre. Cette position identitaire est tr\u00e8s loin des positions actuelles de la gauche hexagonale, surtout d\u00e8s lors que cela concerne la Bretagne : c&rsquo;est bien au nom de cette \u00e9galit\u00e9 l\u00e9gale \u00ab\u00a0de tous les Fran\u00e7ais\u00a0\u00bb que la gauche fran\u00e7aise a justifi\u00e9 et justifierait le maintien de la pr\u00e9sence fran\u00e7aise, donc des colons et de leurs structures en Bretagne.<\/p>\n<p style=\"text-align: justify;\">Utiliser cette critique venue de l&rsquo;extr\u00eame-gauche fran\u00e7aise pour l&rsquo;appliquer \u00e0 la Bretagne permet de souligner les contradictions de celle-ci d\u00e8s lors qu&rsquo;on \u00e9tend ce raisonnement \u00e0 notre pays, un pays europ\u00e9en. On verrait l&rsquo;impossibilit\u00e9 de cette gauche hexagonale, fonci\u00e8rement imp\u00e9rialiste depuis 1789, de penser le colonialisme entre peuples blancs dans ce qui reste consid\u00e9r\u00e9 comme le \u00ab\u00a0pr\u00e9 carr\u00e9\u00a0\u00bb hexagonal, tout comme nous serions fond\u00e9s \u00e0 le faire du discours sur la \u00ab\u00a0solidarit\u00e9 blanche\u00a0\u00bb port\u00e9e par une certaine extr\u00eame-droite hexagonale qui, en fait, se r\u00e9sumerait \u00e0 une solidarit\u00e9 des Fran\u00e7ais contre les Bretons.<\/p>\n<p><strong>D\u00e9monter les impostures de l&rsquo;extr\u00eame-droite fran\u00e7aise<\/strong><\/p>\n<p style=\"text-align: justify;\">Nous avons pu entrevoir ce que serait l&rsquo;attitude de l&rsquo;Etat fran\u00e7ais si les Bretons se mobilisaient contre l&rsquo;occupation fran\u00e7aise de leur pays. Nous subirions la m\u00eame propagande, la m\u00eame justification de la r\u00e9pression, la m\u00eame invisibilisation m\u00e9diatique, les m\u00eames appels \u00e0 \u00e9craser notre patrie et notre peuple par la force. Nous verrions que la \u00ab\u00a0solidarit\u00e9 blanche\u00a0\u00bb invoqu\u00e9e par cette extr\u00eame-droite hexagonale serait \u00e0 sens unique et ne s&rsquo;exercerait que par les Fran\u00e7ais, pour les Fran\u00e7ais \u00e9tablis chez nous et qu&rsquo;en r\u00e9alit\u00e9 elle ne vaudrait par pour des Bretons.<\/p>\n<p style=\"text-align: justify;\">Les motivations des uns et des autres ne d\u00e9termine pas la position objective de l&rsquo;Etat fran\u00e7ais qui seul produit du politique, le seul acteur historique qui importe pour des nationalistes bretons confront\u00e9s \u00e0 cet \u00e9tat. Ce qui pousse certains individus proches de l&rsquo;extr\u00eame-droite hexagonale \u00e0 souhaiter la r\u00e9pression \u00e9tatique des Kanaks \u00e0 17,000 kilom\u00e8tres, principalement par frustration devant leur propre impuissance en m\u00ealant confus\u00e9ment immigration afro-maghr\u00e9bine et r\u00e9sistance anticoloniale, n&rsquo;a pas de pertinence en soi.<\/p>\n<p style=\"text-align: justify;\">Leur r\u00f4le objectif consiste \u00e0 soutenir la politique de l&rsquo;Etat fran\u00e7ais sur place. Le racialisme opportuniste de certains Fran\u00e7ais chez nous ne vaut pas mieux politiquement que l&rsquo;internationalisme des marxistes. Les deux nient notre nationalit\u00e9 et pr\u00e9textent de leur cause pour la d\u00e9clarer sans objet, voire ill\u00e9gitime. Que ce soit par racisme pour ce qui les concerne, ou au nom d&rsquo;un l\u00e9galisme de fa\u00e7ade pour ce qui concerne le gouvernement fran\u00e7ais et les macronistes, en Kanaky le r\u00e9sultat objectif est identique : maintenir l&rsquo;imp\u00e9rialisme fran\u00e7ais dans le Pacifique. <strong>Demain, il serait identique en Bretagne.<\/strong><\/p>\n<p><strong>Rappeler qui est l&rsquo;ennemi principal<\/strong><\/p>\n<p style=\"text-align: justify;\">Le nationalisme breton n&rsquo;a pour seule mission que de d\u00e9fendre les int\u00e9r\u00eats de son peuple, ce qui suppose de combattre la pr\u00e9sence fran\u00e7aise sur notre terre et d&rsquo;en chasser l&rsquo;Etat fran\u00e7ais. Toute force qui combat cet \u00e9tat, a fortiori dans des termes s\u00e9paratistes, contribue \u00e0 l&rsquo;avancement de notre propre lutte pour l&rsquo;ind\u00e9pendance et la survie de notre peuple, aujourd&rsquo;hui gravement menac\u00e9 par la politique de l&rsquo;Etat fran\u00e7ais. Tout le reste n&rsquo;a aucune valeur politique pour l&rsquo;Emsav.<\/p>\n<p style=\"text-align: justify;\">L&rsquo;ennemi supr\u00eame de la nation bretonne est l&rsquo;Etat fran\u00e7ais. Ainsi en a-t-il d\u00e9cid\u00e9 en nous envahissant, nous annexant, nous colonisant. Sur ce point, sa politique est constante. La t\u00e2che politique principale qui nous incombe, parall\u00e8lement \u00e0 l&rsquo;\u00e9veil de la nationalit\u00e9 bretonne dans les masses qui la conditionne, est de d\u00e9signer constamment cet ennemi et de travailler \u00e0 sa d\u00e9faite finale. Tout ce qui s&rsquo;oppose \u00e0 notre lutte contre l&rsquo;Etat fran\u00e7ais, fondamentalement ou conjoncturellement, doit \u00eatre confront\u00e9 par les nationalistes bretons.<\/p>\n<p style=\"text-align: justify;\">Il faut toujours revenir \u00e0 cette d\u00e9finition historique de la lutte nationale dans chaque situation : pour ou contre l&rsquo;Etat fran\u00e7ais ? Nous r\u00e9pondons contre, partout et tout le temps, en toute coh\u00e9rence.<\/p>\n<p style=\"text-align: right;\"><strong>Ewen Broc&rsquo;han<\/strong><\/p>\n<p>&nbsp;<\/p>\n","protected":false},"excerpt":{"rendered":"<p>Hier, nous diffusions sur Stourm! une vid\u00e9o portant sur le traitement m\u00e9diatique fran\u00e7ais de la situation en Kanaky du commentateur fran\u00e7ais Usul, d&rsquo;orientation trotskiste et proche, quoique critique, de la France Insoumise. Cette vid\u00e9o offrait le seul point de vue critique du d\u00e9ferlement de propagande contre les Kanaks et leur lutte. En arri\u00e8re-fond, les tentatives [&hellip;]<\/p>\n","protected":false},"author":1,"featured_media":1480,"comment_status":"open","ping_status":"open","sticky":false,"template":"","format":"standard","meta":{"sb_editor_width":"","footnotes":""},"categories":[63,65],"tags":[],"class_list":["post-1478","post","type-post","status-publish","format-standard","has-post-thumbnail","hentry","category-editorial","category-principale"],"relative_dates":{"created":"2 ans ago","modified":"2 ans ago"},"yoast_head":"<!-- This site is optimized with the Yoast SEO plugin v26.3 - https:\/\/yoast.com\/wordpress\/plugins\/seo\/ -->\n<title>Ni gauche, ni droite : l&#039;ennemi de la nation bretonne, c&#039;est l&#039;Etat fran\u00e7ais ! (Editorial) - STOURM<\/title>\n<meta name=\"robots\" content=\"index, follow, max-snippet:-1, max-image-preview:large, max-video-preview:-1\" \/>\n<link rel=\"canonical\" href=\"https:\/\/stourm.news\/?p=1478\" \/>\n<meta property=\"og:locale\" content=\"fr_FR\" \/>\n<meta property=\"og:type\" content=\"article\" \/>\n<meta property=\"og:title\" content=\"Ni gauche, ni droite : l&#039;ennemi de la nation bretonne, c&#039;est l&#039;Etat fran\u00e7ais ! (Editorial) - STOURM\" \/>\n<meta property=\"og:description\" content=\"Hier, nous diffusions sur Stourm! une vid\u00e9o portant sur le traitement m\u00e9diatique fran\u00e7ais de la situation en Kanaky du commentateur fran\u00e7ais Usul, d&rsquo;orientation trotskiste et proche, quoique critique, de la France Insoumise. Cette vid\u00e9o offrait le seul point de vue critique du d\u00e9ferlement de propagande contre les Kanaks et leur lutte. En arri\u00e8re-fond, les tentatives [&hellip;]\" \/>\n<meta property=\"og:url\" content=\"https:\/\/stourm.news\/?p=1478\" \/>\n<meta property=\"og:site_name\" content=\"STOURM\" \/>\n<meta property=\"article:publisher\" content=\"https:\/\/www.facebook.com\/stourmnews\/\" \/>\n<meta property=\"article:published_time\" content=\"2024-05-30T06:28:29+00:00\" \/>\n<meta property=\"og:image\" content=\"https:\/\/stourm.news\/wp-content\/uploads\/2024\/05\/le-pen-bardellou-ccharuel-scaled.jpg\" \/>\n\t<meta property=\"og:image:width\" content=\"2560\" \/>\n\t<meta property=\"og:image:height\" content=\"1920\" \/>\n\t<meta property=\"og:image:type\" content=\"image\/jpeg\" \/>\n<meta name=\"author\" content=\"La r\u00e9daction\" \/>\n<meta name=\"twitter:card\" content=\"summary_large_image\" \/>\n<meta name=\"twitter:label1\" content=\"\u00c9crit par\" \/>\n\t<meta name=\"twitter:data1\" content=\"La r\u00e9daction\" \/>\n\t<meta name=\"twitter:label2\" content=\"Dur\u00e9e de lecture estim\u00e9e\" \/>\n\t<meta name=\"twitter:data2\" content=\"5 minutes\" \/>\n<script type=\"application\/ld+json\" class=\"yoast-schema-graph\">{\"@context\":\"https:\/\/schema.org\",\"@graph\":[{\"@type\":\"Article\",\"@id\":\"https:\/\/stourm.news\/?p=1478#article\",\"isPartOf\":{\"@id\":\"https:\/\/stourm.news\/?p=1478\"},\"author\":{\"name\":\"La r\u00e9daction\",\"@id\":\"https:\/\/stourm.news\/#\/schema\/person\/c3e1dc65988632e190969234ef046cf9\"},\"headline\":\"Ni gauche, ni droite : l&rsquo;ennemi de la nation bretonne, c&rsquo;est l&rsquo;Etat fran\u00e7ais ! (Editorial)\",\"datePublished\":\"2024-05-30T06:28:29+00:00\",\"mainEntityOfPage\":{\"@id\":\"https:\/\/stourm.news\/?p=1478\"},\"wordCount\":1092,\"commentCount\":0,\"publisher\":{\"@id\":\"https:\/\/stourm.news\/#organization\"},\"image\":{\"@id\":\"https:\/\/stourm.news\/?p=1478#primaryimage\"},\"thumbnailUrl\":\"https:\/\/stourm.news\/wp-content\/uploads\/2024\/05\/le-pen-bardellou-ccharuel-scaled.jpg\",\"articleSection\":[\"Editorial\",\"Principale\"],\"inLanguage\":\"fr-FR\",\"potentialAction\":[{\"@type\":\"CommentAction\",\"name\":\"Comment\",\"target\":[\"https:\/\/stourm.news\/?p=1478#respond\"]}]},{\"@type\":\"WebPage\",\"@id\":\"https:\/\/stourm.news\/?p=1478\",\"url\":\"https:\/\/stourm.news\/?p=1478\",\"name\":\"Ni gauche, ni droite : l'ennemi de la nation bretonne, c'est l'Etat fran\u00e7ais ! (Editorial) - STOURM\",\"isPartOf\":{\"@id\":\"https:\/\/stourm.news\/#website\"},\"primaryImageOfPage\":{\"@id\":\"https:\/\/stourm.news\/?p=1478#primaryimage\"},\"image\":{\"@id\":\"https:\/\/stourm.news\/?p=1478#primaryimage\"},\"thumbnailUrl\":\"https:\/\/stourm.news\/wp-content\/uploads\/2024\/05\/le-pen-bardellou-ccharuel-scaled.jpg\",\"datePublished\":\"2024-05-30T06:28:29+00:00\",\"breadcrumb\":{\"@id\":\"https:\/\/stourm.news\/?p=1478#breadcrumb\"},\"inLanguage\":\"fr-FR\",\"potentialAction\":[{\"@type\":\"ReadAction\",\"target\":[\"https:\/\/stourm.news\/?p=1478\"]}]},{\"@type\":\"ImageObject\",\"inLanguage\":\"fr-FR\",\"@id\":\"https:\/\/stourm.news\/?p=1478#primaryimage\",\"url\":\"https:\/\/stourm.news\/wp-content\/uploads\/2024\/05\/le-pen-bardellou-ccharuel-scaled.jpg\",\"contentUrl\":\"https:\/\/stourm.news\/wp-content\/uploads\/2024\/05\/le-pen-bardellou-ccharuel-scaled.jpg\",\"width\":2560,\"height\":1920},{\"@type\":\"BreadcrumbList\",\"@id\":\"https:\/\/stourm.news\/?p=1478#breadcrumb\",\"itemListElement\":[{\"@type\":\"ListItem\",\"position\":1,\"name\":\"Accueil\",\"item\":\"https:\/\/stourm.news\/\"},{\"@type\":\"ListItem\",\"position\":2,\"name\":\"Ni gauche, ni droite : l&rsquo;ennemi de la nation bretonne, c&rsquo;est l&rsquo;Etat fran\u00e7ais ! (Editorial)\"}]},{\"@type\":\"WebSite\",\"@id\":\"https:\/\/stourm.news\/#website\",\"url\":\"https:\/\/stourm.news\/\",\"name\":\"Stourm\",\"description\":\"Kazetenn Strollad Broadel Breizh\",\"publisher\":{\"@id\":\"https:\/\/stourm.news\/#organization\"},\"potentialAction\":[{\"@type\":\"SearchAction\",\"target\":{\"@type\":\"EntryPoint\",\"urlTemplate\":\"https:\/\/stourm.news\/?s={search_term_string}\"},\"query-input\":{\"@type\":\"PropertyValueSpecification\",\"valueRequired\":true,\"valueName\":\"search_term_string\"}}],\"inLanguage\":\"fr-FR\"},{\"@type\":\"Organization\",\"@id\":\"https:\/\/stourm.news\/#organization\",\"name\":\"Stourm\",\"url\":\"https:\/\/stourm.news\/\",\"logo\":{\"@type\":\"ImageObject\",\"inLanguage\":\"fr-FR\",\"@id\":\"https:\/\/stourm.news\/#\/schema\/logo\/image\/\",\"url\":\"https:\/\/stourm.news\/wp-content\/uploads\/2025\/11\/cropped-Capture-decran-2025-11-28-a-15.19.07.png\",\"contentUrl\":\"https:\/\/stourm.news\/wp-content\/uploads\/2025\/11\/cropped-Capture-decran-2025-11-28-a-15.19.07.png\",\"width\":1855,\"height\":383,\"caption\":\"Stourm\"},\"image\":{\"@id\":\"https:\/\/stourm.news\/#\/schema\/logo\/image\/\"},\"sameAs\":[\"https:\/\/www.facebook.com\/stourmnews\/\"]},{\"@type\":\"Person\",\"@id\":\"https:\/\/stourm.news\/#\/schema\/person\/c3e1dc65988632e190969234ef046cf9\",\"name\":\"La r\u00e9daction\",\"image\":{\"@type\":\"ImageObject\",\"inLanguage\":\"fr-FR\",\"@id\":\"https:\/\/stourm.news\/#\/schema\/person\/image\/\",\"url\":\"https:\/\/secure.gravatar.com\/avatar\/7463443f194b6b5fb706b074ca0ef59a0cfcfd720cb47764b0ec5a952ce422b3?s=96&d=mm&r=g\",\"contentUrl\":\"https:\/\/secure.gravatar.com\/avatar\/7463443f194b6b5fb706b074ca0ef59a0cfcfd720cb47764b0ec5a952ce422b3?s=96&d=mm&r=g\",\"caption\":\"La r\u00e9daction\"},\"sameAs\":[\"https:\/\/stourm.news\"],\"url\":\"https:\/\/stourm.news\/?author=1\"}]}<\/script>\n<!-- \/ Yoast SEO plugin. -->","yoast_head_json":{"title":"Ni gauche, ni droite : l'ennemi de la nation bretonne, c'est l'Etat fran\u00e7ais ! (Editorial) - STOURM","robots":{"index":"index","follow":"follow","max-snippet":"max-snippet:-1","max-image-preview":"max-image-preview:large","max-video-preview":"max-video-preview:-1"},"canonical":"https:\/\/stourm.news\/?p=1478","og_locale":"fr_FR","og_type":"article","og_title":"Ni gauche, ni droite : l'ennemi de la nation bretonne, c'est l'Etat fran\u00e7ais ! (Editorial) - STOURM","og_description":"Hier, nous diffusions sur Stourm! une vid\u00e9o portant sur le traitement m\u00e9diatique fran\u00e7ais de la situation en Kanaky du commentateur fran\u00e7ais Usul, d&rsquo;orientation trotskiste et proche, quoique critique, de la France Insoumise. Cette vid\u00e9o offrait le seul point de vue critique du d\u00e9ferlement de propagande contre les Kanaks et leur lutte. En arri\u00e8re-fond, les tentatives [&hellip;]","og_url":"https:\/\/stourm.news\/?p=1478","og_site_name":"STOURM","article_publisher":"https:\/\/www.facebook.com\/stourmnews\/","article_published_time":"2024-05-30T06:28:29+00:00","og_image":[{"width":2560,"height":1920,"url":"https:\/\/stourm.news\/wp-content\/uploads\/2024\/05\/le-pen-bardellou-ccharuel-scaled.jpg","type":"image\/jpeg"}],"author":"La r\u00e9daction","twitter_card":"summary_large_image","twitter_misc":{"\u00c9crit par":"La r\u00e9daction","Dur\u00e9e de lecture estim\u00e9e":"5 minutes"},"schema":{"@context":"https:\/\/schema.org","@graph":[{"@type":"Article","@id":"https:\/\/stourm.news\/?p=1478#article","isPartOf":{"@id":"https:\/\/stourm.news\/?p=1478"},"author":{"name":"La r\u00e9daction","@id":"https:\/\/stourm.news\/#\/schema\/person\/c3e1dc65988632e190969234ef046cf9"},"headline":"Ni gauche, ni droite : l&rsquo;ennemi de la nation bretonne, c&rsquo;est l&rsquo;Etat fran\u00e7ais ! (Editorial)","datePublished":"2024-05-30T06:28:29+00:00","mainEntityOfPage":{"@id":"https:\/\/stourm.news\/?p=1478"},"wordCount":1092,"commentCount":0,"publisher":{"@id":"https:\/\/stourm.news\/#organization"},"image":{"@id":"https:\/\/stourm.news\/?p=1478#primaryimage"},"thumbnailUrl":"https:\/\/stourm.news\/wp-content\/uploads\/2024\/05\/le-pen-bardellou-ccharuel-scaled.jpg","articleSection":["Editorial","Principale"],"inLanguage":"fr-FR","potentialAction":[{"@type":"CommentAction","name":"Comment","target":["https:\/\/stourm.news\/?p=1478#respond"]}]},{"@type":"WebPage","@id":"https:\/\/stourm.news\/?p=1478","url":"https:\/\/stourm.news\/?p=1478","name":"Ni gauche, ni droite : l'ennemi de la nation bretonne, c'est l'Etat fran\u00e7ais ! (Editorial) - STOURM","isPartOf":{"@id":"https:\/\/stourm.news\/#website"},"primaryImageOfPage":{"@id":"https:\/\/stourm.news\/?p=1478#primaryimage"},"image":{"@id":"https:\/\/stourm.news\/?p=1478#primaryimage"},"thumbnailUrl":"https:\/\/stourm.news\/wp-content\/uploads\/2024\/05\/le-pen-bardellou-ccharuel-scaled.jpg","datePublished":"2024-05-30T06:28:29+00:00","breadcrumb":{"@id":"https:\/\/stourm.news\/?p=1478#breadcrumb"},"inLanguage":"fr-FR","potentialAction":[{"@type":"ReadAction","target":["https:\/\/stourm.news\/?p=1478"]}]},{"@type":"ImageObject","inLanguage":"fr-FR","@id":"https:\/\/stourm.news\/?p=1478#primaryimage","url":"https:\/\/stourm.news\/wp-content\/uploads\/2024\/05\/le-pen-bardellou-ccharuel-scaled.jpg","contentUrl":"https:\/\/stourm.news\/wp-content\/uploads\/2024\/05\/le-pen-bardellou-ccharuel-scaled.jpg","width":2560,"height":1920},{"@type":"BreadcrumbList","@id":"https:\/\/stourm.news\/?p=1478#breadcrumb","itemListElement":[{"@type":"ListItem","position":1,"name":"Accueil","item":"https:\/\/stourm.news\/"},{"@type":"ListItem","position":2,"name":"Ni gauche, ni droite : l&rsquo;ennemi de la nation bretonne, c&rsquo;est l&rsquo;Etat fran\u00e7ais ! (Editorial)"}]},{"@type":"WebSite","@id":"https:\/\/stourm.news\/#website","url":"https:\/\/stourm.news\/","name":"Stourm","description":"Kazetenn Strollad Broadel Breizh","publisher":{"@id":"https:\/\/stourm.news\/#organization"},"potentialAction":[{"@type":"SearchAction","target":{"@type":"EntryPoint","urlTemplate":"https:\/\/stourm.news\/?s={search_term_string}"},"query-input":{"@type":"PropertyValueSpecification","valueRequired":true,"valueName":"search_term_string"}}],"inLanguage":"fr-FR"},{"@type":"Organization","@id":"https:\/\/stourm.news\/#organization","name":"Stourm","url":"https:\/\/stourm.news\/","logo":{"@type":"ImageObject","inLanguage":"fr-FR","@id":"https:\/\/stourm.news\/#\/schema\/logo\/image\/","url":"https:\/\/stourm.news\/wp-content\/uploads\/2025\/11\/cropped-Capture-decran-2025-11-28-a-15.19.07.png","contentUrl":"https:\/\/stourm.news\/wp-content\/uploads\/2025\/11\/cropped-Capture-decran-2025-11-28-a-15.19.07.png","width":1855,"height":383,"caption":"Stourm"},"image":{"@id":"https:\/\/stourm.news\/#\/schema\/logo\/image\/"},"sameAs":["https:\/\/www.facebook.com\/stourmnews\/"]},{"@type":"Person","@id":"https:\/\/stourm.news\/#\/schema\/person\/c3e1dc65988632e190969234ef046cf9","name":"La r\u00e9daction","image":{"@type":"ImageObject","inLanguage":"fr-FR","@id":"https:\/\/stourm.news\/#\/schema\/person\/image\/","url":"https:\/\/secure.gravatar.com\/avatar\/7463443f194b6b5fb706b074ca0ef59a0cfcfd720cb47764b0ec5a952ce422b3?s=96&d=mm&r=g","contentUrl":"https:\/\/secure.gravatar.com\/avatar\/7463443f194b6b5fb706b074ca0ef59a0cfcfd720cb47764b0ec5a952ce422b3?s=96&d=mm&r=g","caption":"La r\u00e9daction"},"sameAs":["https:\/\/stourm.news"],"url":"https:\/\/stourm.news\/?author=1"}]}},"_links":{"self":[{"href":"https:\/\/stourm.news\/index.php?rest_route=\/wp\/v2\/posts\/1478","targetHints":{"allow":["GET"]}}],"collection":[{"href":"https:\/\/stourm.news\/index.php?rest_route=\/wp\/v2\/posts"}],"about":[{"href":"https:\/\/stourm.news\/index.php?rest_route=\/wp\/v2\/types\/post"}],"author":[{"embeddable":true,"href":"https:\/\/stourm.news\/index.php?rest_route=\/wp\/v2\/users\/1"}],"replies":[{"embeddable":true,"href":"https:\/\/stourm.news\/index.php?rest_route=%2Fwp%2Fv2%2Fcomments&post=1478"}],"version-history":[{"count":1,"href":"https:\/\/stourm.news\/index.php?rest_route=\/wp\/v2\/posts\/1478\/revisions"}],"predecessor-version":[{"id":1481,"href":"https:\/\/stourm.news\/index.php?rest_route=\/wp\/v2\/posts\/1478\/revisions\/1481"}],"wp:featuredmedia":[{"embeddable":true,"href":"https:\/\/stourm.news\/index.php?rest_route=\/wp\/v2\/media\/1480"}],"wp:attachment":[{"href":"https:\/\/stourm.news\/index.php?rest_route=%2Fwp%2Fv2%2Fmedia&parent=1478"}],"wp:term":[{"taxonomy":"category","embeddable":true,"href":"https:\/\/stourm.news\/index.php?rest_route=%2Fwp%2Fv2%2Fcategories&post=1478"},{"taxonomy":"post_tag","embeddable":true,"href":"https:\/\/stourm.news\/index.php?rest_route=%2Fwp%2Fv2%2Ftags&post=1478"}],"curies":[{"name":"wp","href":"https:\/\/api.w.org\/{rel}","templated":true}]}}