{"id":1483,"date":"2024-05-30T08:57:56","date_gmt":"2024-05-30T08:57:56","guid":{"rendered":"https:\/\/stourm.news\/?p=1483"},"modified":"2024-05-30T08:59:47","modified_gmt":"2024-05-30T08:59:47","slug":"le-rheu-lancienne-residence-pour-personnes-agees-va-accueillir-des-mineurs-non-accompagnes-pres-de-rennes","status":"publish","type":"post","link":"https:\/\/stourm.news\/?p=1483","title":{"rendered":"Le Rheu : L\u2019ancienne r\u00e9sidence pour personnes \u00e2g\u00e9es va accueillir des mineurs non accompagn\u00e9s pr\u00e8s de Rennes"},"content":{"rendered":"<p style=\"text-align: justify;\">Une quarantaine de mineurs non accompagn\u00e9s (MNA) vont \u00eatre accueillis dans la r\u00e9sidence du Champ du moulin, au Rheu (Ille-et-Vilaine), vide depuis plusieurs semaines. Un accueil uniquement de nuit, de mi-juin \u00e0 septembre 2024.<\/p>\n<p style=\"text-align: justify;\">\u00c0 la toute fin du conseil municipal du Rheu (Ille-et-Vilaine), lundi 27 mai 2024, la maire, Chantal P\u00e9tard-Voisin, en a fait l\u2019annonce. \u00c0 la demande du conseil d\u00e9partemental, une quarantaine de mineurs non accompagn\u00e9s (MNA) seront accueillis de nuit, entre 20 h et 8 h, dans la r\u00e9sidence du Champ du Moulin, de mi-juin \u00e0 septembre 2024.<\/p>\n<p style=\"text-align: justify;\">Source : <a href=\"https:\/\/www.ouest-france.fr\/bretagne\/le-rheu-35650\/lancienne-residence-pour-personnes-agees-va-accueillir-des-mineurs-non-accompagnes-pres-de-rennes-548c6bf4-1cd4-11ef-9302-e3fef0044a0c\">Ouest-France\u00a0<\/a><\/p>\n","protected":false},"excerpt":{"rendered":"<p>Une quarantaine de mineurs non accompagn\u00e9s (MNA) vont \u00eatre accueillis dans la r\u00e9sidence du Champ du moulin, au Rheu (Ille-et-Vilaine), vide depuis plusieurs semaines. Un accueil uniquement de nuit, de mi-juin \u00e0 septembre 2024. \u00c0 la toute fin du conseil municipal du Rheu (Ille-et-Vilaine), lundi 27 mai 2024, la maire, Chantal P\u00e9tard-Voisin, en a fait [&hellip;]<\/p>\n","protected":false},"author":1,"featured_media":1486,"comment_status":"open","ping_status":"open","sticky":false,"template":"","format":"standard","meta":{"sb_editor_width":"","footnotes":""},"categories":[41,33,62],"tags":[],"class_list":["post-1483","post","type-post","status-publish","format-standard","has-post-thumbnail","hentry","category-ille-et-vilaine","category-immigration","category-revue-de-presse"],"relative_dates":{"created":"2 ans ago","modified":"2 ans ago"},"yoast_head":"<!-- This site is optimized with the Yoast SEO plugin v26.3 - https:\/\/yoast.com\/wordpress\/plugins\/seo\/ -->\n<title>Le Rheu : L\u2019ancienne r\u00e9sidence pour personnes \u00e2g\u00e9es va accueillir des mineurs non accompagn\u00e9s pr\u00e8s de Rennes - STOURM<\/title>\n<meta name=\"robots\" content=\"index, follow, max-snippet:-1, max-image-preview:large, max-video-preview:-1\" \/>\n<link rel=\"canonical\" href=\"https:\/\/stourm.news\/?p=1483\" \/>\n<meta property=\"og:locale\" content=\"fr_FR\" \/>\n<meta property=\"og:type\" content=\"article\" \/>\n<meta property=\"og:title\" content=\"Le Rheu : L\u2019ancienne r\u00e9sidence pour personnes \u00e2g\u00e9es va accueillir des mineurs non accompagn\u00e9s pr\u00e8s de Rennes - STOURM\" \/>\n<meta property=\"og:description\" content=\"Une quarantaine de mineurs non accompagn\u00e9s (MNA) vont \u00eatre accueillis dans la r\u00e9sidence du Champ du moulin, au Rheu (Ille-et-Vilaine), vide depuis plusieurs semaines. Un accueil uniquement de nuit, de mi-juin \u00e0 septembre 2024. \u00c0 la toute fin du conseil municipal du Rheu (Ille-et-Vilaine), lundi 27 mai 2024, la maire, Chantal P\u00e9tard-Voisin, en a fait [&hellip;]\" \/>\n<meta property=\"og:url\" content=\"https:\/\/stourm.news\/?p=1483\" \/>\n<meta property=\"og:site_name\" content=\"STOURM\" \/>\n<meta property=\"article:publisher\" content=\"https:\/\/www.facebook.com\/stourmnews\/\" \/>\n<meta property=\"article:published_time\" content=\"2024-05-30T08:57:56+00:00\" \/>\n<meta property=\"article:modified_time\" content=\"2024-05-30T08:59:47+00:00\" \/>\n<meta property=\"og:image\" content=\"https:\/\/stourm.news\/wp-content\/uploads\/2024\/05\/Capture-decran-2032.png\" \/>\n\t<meta property=\"og:image:width\" content=\"911\" \/>\n\t<meta property=\"og:image:height\" content=\"606\" \/>\n\t<meta property=\"og:image:type\" content=\"image\/png\" \/>\n<meta name=\"author\" content=\"La r\u00e9daction\" \/>\n<meta name=\"twitter:card\" content=\"summary_large_image\" \/>\n<meta name=\"twitter:label1\" content=\"\u00c9crit par\" \/>\n\t<meta name=\"twitter:data1\" content=\"La r\u00e9daction\" \/>\n\t<meta name=\"twitter:label2\" content=\"Dur\u00e9e de lecture estim\u00e9e\" \/>\n\t<meta name=\"twitter:data2\" content=\"1 minute\" \/>\n<script type=\"application\/ld+json\" class=\"yoast-schema-graph\">{\"@context\":\"https:\/\/schema.org\",\"@graph\":[{\"@type\":\"Article\",\"@id\":\"https:\/\/stourm.news\/?p=1483#article\",\"isPartOf\":{\"@id\":\"https:\/\/stourm.news\/?p=1483\"},\"author\":{\"name\":\"La r\u00e9daction\",\"@id\":\"https:\/\/stourm.news\/#\/schema\/person\/c3e1dc65988632e190969234ef046cf9\"},\"headline\":\"Le Rheu : L\u2019ancienne r\u00e9sidence pour personnes \u00e2g\u00e9es va accueillir des mineurs non accompagn\u00e9s pr\u00e8s de Rennes\",\"datePublished\":\"2024-05-30T08:57:56+00:00\",\"dateModified\":\"2024-05-30T08:59:47+00:00\",\"mainEntityOfPage\":{\"@id\":\"https:\/\/stourm.news\/?p=1483\"},\"wordCount\":111,\"commentCount\":0,\"publisher\":{\"@id\":\"https:\/\/stourm.news\/#organization\"},\"image\":{\"@id\":\"https:\/\/stourm.news\/?p=1483#primaryimage\"},\"thumbnailUrl\":\"https:\/\/stourm.news\/wp-content\/uploads\/2024\/05\/Capture-decran-2032.png\",\"articleSection\":[\"Ille-et-Vilaine\",\"Immigration\",\"Revue de presse\"],\"inLanguage\":\"fr-FR\",\"potentialAction\":[{\"@type\":\"CommentAction\",\"name\":\"Comment\",\"target\":[\"https:\/\/stourm.news\/?p=1483#respond\"]}]},{\"@type\":\"WebPage\",\"@id\":\"https:\/\/stourm.news\/?p=1483\",\"url\":\"https:\/\/stourm.news\/?p=1483\",\"name\":\"Le Rheu : L\u2019ancienne r\u00e9sidence pour personnes \u00e2g\u00e9es va accueillir des mineurs non accompagn\u00e9s pr\u00e8s de Rennes - STOURM\",\"isPartOf\":{\"@id\":\"https:\/\/stourm.news\/#website\"},\"primaryImageOfPage\":{\"@id\":\"https:\/\/stourm.news\/?p=1483#primaryimage\"},\"image\":{\"@id\":\"https:\/\/stourm.news\/?p=1483#primaryimage\"},\"thumbnailUrl\":\"https:\/\/stourm.news\/wp-content\/uploads\/2024\/05\/Capture-decran-2032.png\",\"datePublished\":\"2024-05-30T08:57:56+00:00\",\"dateModified\":\"2024-05-30T08:59:47+00:00\",\"breadcrumb\":{\"@id\":\"https:\/\/stourm.news\/?p=1483#breadcrumb\"},\"inLanguage\":\"fr-FR\",\"potentialAction\":[{\"@type\":\"ReadAction\",\"target\":[\"https:\/\/stourm.news\/?p=1483\"]}]},{\"@type\":\"ImageObject\",\"inLanguage\":\"fr-FR\",\"@id\":\"https:\/\/stourm.news\/?p=1483#primaryimage\",\"url\":\"https:\/\/stourm.news\/wp-content\/uploads\/2024\/05\/Capture-decran-2032.png\",\"contentUrl\":\"https:\/\/stourm.news\/wp-content\/uploads\/2024\/05\/Capture-decran-2032.png\",\"width\":911,\"height\":606},{\"@type\":\"BreadcrumbList\",\"@id\":\"https:\/\/stourm.news\/?p=1483#breadcrumb\",\"itemListElement\":[{\"@type\":\"ListItem\",\"position\":1,\"name\":\"Accueil\",\"item\":\"https:\/\/stourm.news\/\"},{\"@type\":\"ListItem\",\"position\":2,\"name\":\"Le Rheu : L\u2019ancienne r\u00e9sidence pour personnes \u00e2g\u00e9es va accueillir des mineurs non accompagn\u00e9s pr\u00e8s de Rennes\"}]},{\"@type\":\"WebSite\",\"@id\":\"https:\/\/stourm.news\/#website\",\"url\":\"https:\/\/stourm.news\/\",\"name\":\"Stourm\",\"description\":\"Kazetenn Strollad Broadel Breizh\",\"publisher\":{\"@id\":\"https:\/\/stourm.news\/#organization\"},\"potentialAction\":[{\"@type\":\"SearchAction\",\"target\":{\"@type\":\"EntryPoint\",\"urlTemplate\":\"https:\/\/stourm.news\/?s={search_term_string}\"},\"query-input\":{\"@type\":\"PropertyValueSpecification\",\"valueRequired\":true,\"valueName\":\"search_term_string\"}}],\"inLanguage\":\"fr-FR\"},{\"@type\":\"Organization\",\"@id\":\"https:\/\/stourm.news\/#organization\",\"name\":\"Stourm\",\"url\":\"https:\/\/stourm.news\/\",\"logo\":{\"@type\":\"ImageObject\",\"inLanguage\":\"fr-FR\",\"@id\":\"https:\/\/stourm.news\/#\/schema\/logo\/image\/\",\"url\":\"https:\/\/stourm.news\/wp-content\/uploads\/2025\/11\/cropped-Capture-decran-2025-11-28-a-15.19.07.png\",\"contentUrl\":\"https:\/\/stourm.news\/wp-content\/uploads\/2025\/11\/cropped-Capture-decran-2025-11-28-a-15.19.07.png\",\"width\":1855,\"height\":383,\"caption\":\"Stourm\"},\"image\":{\"@id\":\"https:\/\/stourm.news\/#\/schema\/logo\/image\/\"},\"sameAs\":[\"https:\/\/www.facebook.com\/stourmnews\/\"]},{\"@type\":\"Person\",\"@id\":\"https:\/\/stourm.news\/#\/schema\/person\/c3e1dc65988632e190969234ef046cf9\",\"name\":\"La r\u00e9daction\",\"image\":{\"@type\":\"ImageObject\",\"inLanguage\":\"fr-FR\",\"@id\":\"https:\/\/stourm.news\/#\/schema\/person\/image\/\",\"url\":\"https:\/\/secure.gravatar.com\/avatar\/7463443f194b6b5fb706b074ca0ef59a0cfcfd720cb47764b0ec5a952ce422b3?s=96&d=mm&r=g\",\"contentUrl\":\"https:\/\/secure.gravatar.com\/avatar\/7463443f194b6b5fb706b074ca0ef59a0cfcfd720cb47764b0ec5a952ce422b3?s=96&d=mm&r=g\",\"caption\":\"La r\u00e9daction\"},\"sameAs\":[\"https:\/\/stourm.news\"],\"url\":\"https:\/\/stourm.news\/?author=1\"}]}<\/script>\n<!-- \/ Yoast SEO plugin. -->","yoast_head_json":{"title":"Le Rheu : L\u2019ancienne r\u00e9sidence pour personnes \u00e2g\u00e9es va accueillir des mineurs non accompagn\u00e9s pr\u00e8s de Rennes - STOURM","robots":{"index":"index","follow":"follow","max-snippet":"max-snippet:-1","max-image-preview":"max-image-preview:large","max-video-preview":"max-video-preview:-1"},"canonical":"https:\/\/stourm.news\/?p=1483","og_locale":"fr_FR","og_type":"article","og_title":"Le Rheu : L\u2019ancienne r\u00e9sidence pour personnes \u00e2g\u00e9es va accueillir des mineurs non accompagn\u00e9s pr\u00e8s de Rennes - STOURM","og_description":"Une quarantaine de mineurs non accompagn\u00e9s (MNA) vont \u00eatre accueillis dans la r\u00e9sidence du Champ du moulin, au Rheu (Ille-et-Vilaine), vide depuis plusieurs semaines. Un accueil uniquement de nuit, de mi-juin \u00e0 septembre 2024. \u00c0 la toute fin du conseil municipal du Rheu (Ille-et-Vilaine), lundi 27 mai 2024, la maire, Chantal P\u00e9tard-Voisin, en a fait [&hellip;]","og_url":"https:\/\/stourm.news\/?p=1483","og_site_name":"STOURM","article_publisher":"https:\/\/www.facebook.com\/stourmnews\/","article_published_time":"2024-05-30T08:57:56+00:00","article_modified_time":"2024-05-30T08:59:47+00:00","og_image":[{"width":911,"height":606,"url":"https:\/\/stourm.news\/wp-content\/uploads\/2024\/05\/Capture-decran-2032.png","type":"image\/png"}],"author":"La r\u00e9daction","twitter_card":"summary_large_image","twitter_misc":{"\u00c9crit par":"La r\u00e9daction","Dur\u00e9e de lecture estim\u00e9e":"1 minute"},"schema":{"@context":"https:\/\/schema.org","@graph":[{"@type":"Article","@id":"https:\/\/stourm.news\/?p=1483#article","isPartOf":{"@id":"https:\/\/stourm.news\/?p=1483"},"author":{"name":"La r\u00e9daction","@id":"https:\/\/stourm.news\/#\/schema\/person\/c3e1dc65988632e190969234ef046cf9"},"headline":"Le Rheu : L\u2019ancienne r\u00e9sidence pour personnes \u00e2g\u00e9es va accueillir des mineurs non accompagn\u00e9s pr\u00e8s de Rennes","datePublished":"2024-05-30T08:57:56+00:00","dateModified":"2024-05-30T08:59:47+00:00","mainEntityOfPage":{"@id":"https:\/\/stourm.news\/?p=1483"},"wordCount":111,"commentCount":0,"publisher":{"@id":"https:\/\/stourm.news\/#organization"},"image":{"@id":"https:\/\/stourm.news\/?p=1483#primaryimage"},"thumbnailUrl":"https:\/\/stourm.news\/wp-content\/uploads\/2024\/05\/Capture-decran-2032.png","articleSection":["Ille-et-Vilaine","Immigration","Revue de presse"],"inLanguage":"fr-FR","potentialAction":[{"@type":"CommentAction","name":"Comment","target":["https:\/\/stourm.news\/?p=1483#respond"]}]},{"@type":"WebPage","@id":"https:\/\/stourm.news\/?p=1483","url":"https:\/\/stourm.news\/?p=1483","name":"Le Rheu : L\u2019ancienne r\u00e9sidence pour personnes \u00e2g\u00e9es va accueillir des mineurs non accompagn\u00e9s pr\u00e8s de Rennes - STOURM","isPartOf":{"@id":"https:\/\/stourm.news\/#website"},"primaryImageOfPage":{"@id":"https:\/\/stourm.news\/?p=1483#primaryimage"},"image":{"@id":"https:\/\/stourm.news\/?p=1483#primaryimage"},"thumbnailUrl":"https:\/\/stourm.news\/wp-content\/uploads\/2024\/05\/Capture-decran-2032.png","datePublished":"2024-05-30T08:57:56+00:00","dateModified":"2024-05-30T08:59:47+00:00","breadcrumb":{"@id":"https:\/\/stourm.news\/?p=1483#breadcrumb"},"inLanguage":"fr-FR","potentialAction":[{"@type":"ReadAction","target":["https:\/\/stourm.news\/?p=1483"]}]},{"@type":"ImageObject","inLanguage":"fr-FR","@id":"https:\/\/stourm.news\/?p=1483#primaryimage","url":"https:\/\/stourm.news\/wp-content\/uploads\/2024\/05\/Capture-decran-2032.png","contentUrl":"https:\/\/stourm.news\/wp-content\/uploads\/2024\/05\/Capture-decran-2032.png","width":911,"height":606},{"@type":"BreadcrumbList","@id":"https:\/\/stourm.news\/?p=1483#breadcrumb","itemListElement":[{"@type":"ListItem","position":1,"name":"Accueil","item":"https:\/\/stourm.news\/"},{"@type":"ListItem","position":2,"name":"Le Rheu : L\u2019ancienne r\u00e9sidence pour personnes \u00e2g\u00e9es va accueillir des mineurs non accompagn\u00e9s pr\u00e8s de Rennes"}]},{"@type":"WebSite","@id":"https:\/\/stourm.news\/#website","url":"https:\/\/stourm.news\/","name":"Stourm","description":"Kazetenn Strollad Broadel Breizh","publisher":{"@id":"https:\/\/stourm.news\/#organization"},"potentialAction":[{"@type":"SearchAction","target":{"@type":"EntryPoint","urlTemplate":"https:\/\/stourm.news\/?s={search_term_string}"},"query-input":{"@type":"PropertyValueSpecification","valueRequired":true,"valueName":"search_term_string"}}],"inLanguage":"fr-FR"},{"@type":"Organization","@id":"https:\/\/stourm.news\/#organization","name":"Stourm","url":"https:\/\/stourm.news\/","logo":{"@type":"ImageObject","inLanguage":"fr-FR","@id":"https:\/\/stourm.news\/#\/schema\/logo\/image\/","url":"https:\/\/stourm.news\/wp-content\/uploads\/2025\/11\/cropped-Capture-decran-2025-11-28-a-15.19.07.png","contentUrl":"https:\/\/stourm.news\/wp-content\/uploads\/2025\/11\/cropped-Capture-decran-2025-11-28-a-15.19.07.png","width":1855,"height":383,"caption":"Stourm"},"image":{"@id":"https:\/\/stourm.news\/#\/schema\/logo\/image\/"},"sameAs":["https:\/\/www.facebook.com\/stourmnews\/"]},{"@type":"Person","@id":"https:\/\/stourm.news\/#\/schema\/person\/c3e1dc65988632e190969234ef046cf9","name":"La r\u00e9daction","image":{"@type":"ImageObject","inLanguage":"fr-FR","@id":"https:\/\/stourm.news\/#\/schema\/person\/image\/","url":"https:\/\/secure.gravatar.com\/avatar\/7463443f194b6b5fb706b074ca0ef59a0cfcfd720cb47764b0ec5a952ce422b3?s=96&d=mm&r=g","contentUrl":"https:\/\/secure.gravatar.com\/avatar\/7463443f194b6b5fb706b074ca0ef59a0cfcfd720cb47764b0ec5a952ce422b3?s=96&d=mm&r=g","caption":"La r\u00e9daction"},"sameAs":["https:\/\/stourm.news"],"url":"https:\/\/stourm.news\/?author=1"}]}},"_links":{"self":[{"href":"https:\/\/stourm.news\/index.php?rest_route=\/wp\/v2\/posts\/1483","targetHints":{"allow":["GET"]}}],"collection":[{"href":"https:\/\/stourm.news\/index.php?rest_route=\/wp\/v2\/posts"}],"about":[{"href":"https:\/\/stourm.news\/index.php?rest_route=\/wp\/v2\/types\/post"}],"author":[{"embeddable":true,"href":"https:\/\/stourm.news\/index.php?rest_route=\/wp\/v2\/users\/1"}],"replies":[{"embeddable":true,"href":"https:\/\/stourm.news\/index.php?rest_route=%2Fwp%2Fv2%2Fcomments&post=1483"}],"version-history":[{"count":1,"href":"https:\/\/stourm.news\/index.php?rest_route=\/wp\/v2\/posts\/1483\/revisions"}],"predecessor-version":[{"id":1484,"href":"https:\/\/stourm.news\/index.php?rest_route=\/wp\/v2\/posts\/1483\/revisions\/1484"}],"wp:featuredmedia":[{"embeddable":true,"href":"https:\/\/stourm.news\/index.php?rest_route=\/wp\/v2\/media\/1486"}],"wp:attachment":[{"href":"https:\/\/stourm.news\/index.php?rest_route=%2Fwp%2Fv2%2Fmedia&parent=1483"}],"wp:term":[{"taxonomy":"category","embeddable":true,"href":"https:\/\/stourm.news\/index.php?rest_route=%2Fwp%2Fv2%2Fcategories&post=1483"},{"taxonomy":"post_tag","embeddable":true,"href":"https:\/\/stourm.news\/index.php?rest_route=%2Fwp%2Fv2%2Ftags&post=1483"}],"curies":[{"name":"wp","href":"https:\/\/api.w.org\/{rel}","templated":true}]}}