{"id":1487,"date":"2024-05-30T17:36:33","date_gmt":"2024-05-30T17:36:33","guid":{"rendered":"https:\/\/stourm.news\/?p=1487"},"modified":"2024-05-30T17:36:33","modified_gmt":"2024-05-30T17:36:33","slug":"1460-1560-le-second-retour-des-bretons-en-cornouailles","status":"publish","type":"post","link":"https:\/\/stourm.news\/?p=1487","title":{"rendered":"1460-1560 : le second retour des Bretons en Cornouailles"},"content":{"rendered":"<p style=\"text-align: justify;\">Les <em>subsides la\u00efcs<\/em> du d\u00e9but des ann\u00e9es 1500 sont des listes de contribuables. Dans les versions publi\u00e9es (1524-25 et 1543-44), nous trouvons des entr\u00e9es telles que <strong>John Breton<\/strong>, \u00e0 Truro en 1525. John est \u00e9galement consid\u00e9r\u00e9 comme un \u00ab\u00a0\u00e9tranger\u00a0\u00bb. Ces entr\u00e9es nous donnent donc un aper\u00e7u pr\u00e9cieux <strong>de la pr\u00e9sence des Bretons<\/strong> dans la Cornouailles du d\u00e9but des ann\u00e9es 1500.<\/p>\n<p style=\"text-align: justify;\">J&rsquo;ai d\u00e9j\u00e0 mentionn\u00e9 ce mouvement ailleurs, en relation avec l&rsquo;histoire d\u00e9mographique de la Cornouailles, mais j&rsquo;ai maintenant r\u00e9examin\u00e9 les donn\u00e9es et creus\u00e9 un peu plus profond\u00e9ment. <strong>La grande majorit\u00e9 des \u00ab\u00a0\u00e9trangers\u00a0\u00bb recens\u00e9s dans les listes sont des Bretons.<\/strong> La plupart du temps, ils sont d\u00e9crits comme tels, \u00e0 l&rsquo;instar de Jean \u00e0 Truro. Mais environ un tiers d&rsquo;entre eux ne le sont pas, des hommes comme Alyn Teage, William Otis et John Maryat, des \u00ab\u00a0\u00e9trangers\u00a0\u00bb vivant \u00e0 St Anthony in Meneage sur le Lizard en 1543. Cependant, en comparant ces listes avec les listes pr\u00e9c\u00e9dentes, nous constatons que l&rsquo;ajout du terme <strong>\u00ab\u00a0Breton\u00a0\u00bb<\/strong> n&rsquo;\u00e9tait pas universel, de nombreux \u00ab\u00a0\u00e9trangers\u00a0\u00bb ayant un deuxi\u00e8me nom et \u00e9tant d\u00e9crits par celui-ci \u00e9galement ou \u00e0 la place, comme John Coke Breton \u00e0 Paul. Nous pouvons \u00e9galement constater que de nombreuses personnes qui n&rsquo;\u00e9taient pas explicitement d\u00e9crites comme bretonnes portaient n\u00e9anmoins des pr\u00e9noms bretons, comme Udyn ou Yvo. \u00c0 toutes fins utiles, j&rsquo;ai donc suppos\u00e9 que tous ceux qui \u00e9taient d\u00e9crits comme \u00ab\u00a0\u00e9trangers\u00a0\u00bb \u00e9taient bretons.<\/p>\n<p style=\"text-align: justify;\">Leur r\u00e9partition par paroisse est indiqu\u00e9e sur la carte suivante.<\/p>\n<p><img fetchpriority=\"high\" decoding=\"async\" class=\"alignnone wp-image-1488 size-full\" src=\"https:\/\/stourm.news\/wp-content\/uploads\/2024\/05\/bretons-c16th.png\" alt=\"\" width=\"1000\" height=\"725\" srcset=\"https:\/\/stourm.news\/wp-content\/uploads\/2024\/05\/bretons-c16th.png 1000w, https:\/\/stourm.news\/wp-content\/uploads\/2024\/05\/bretons-c16th-300x218.png 300w, https:\/\/stourm.news\/wp-content\/uploads\/2024\/05\/bretons-c16th-768x557.png 768w\" sizes=\"(max-width: 1000px) 100vw, 1000px\" \/><\/p>\n<p style=\"text-align: justify;\">Les Bretons travaillaient dans presque<strong> toutes les paroisses<\/strong> du centre et de l&rsquo;ouest de la Cornouailles, avec des concentrations notables dans les villes de Newlyn, St Ives, Helston, Penryn, Truro ainsi que Bodmin \u00e0 l&rsquo;est.<\/p>\n<p style=\"text-align: justify;\">Cela confirme ce que nous savions d\u00e9j\u00e0. Cependant, dans huit paroisses de West Penwith, l&rsquo;\u00e2ge des jeunes \u00ab\u00a0\u00e9trangers\u00a0\u00bb a \u00e9galement \u00e9t\u00e9 indiqu\u00e9 dans les ann\u00e9es 1520. Ces paroisses ont accueilli un total de 45 \u00ab\u00a0\u00e9trangers\u00a0\u00bb \u00e0 cette \u00e9poque. Parmi eux, 19, soit pr\u00e8s de la moiti\u00e9, \u00e9taient \u00e2g\u00e9s de 15 \u00e0 20 ans, la plupart d&rsquo;entre eux (13) ayant 16 ans. <strong>La plupart des migrants bretons \u00e9taient tr\u00e8s jeunes.<\/strong><\/p>\n<p><img decoding=\"async\" class=\"alignnone size-medium\" src=\"https:\/\/www.telegraph.co.uk\/content\/dam\/Travel\/Destinations\/Europe\/England\/Cornwall\/west-penwith-cropped.jpeg\" width=\"1960\" height=\"1226\" \/><\/p>\n<p style=\"text-align: center;\"><em>West Penwith<\/em><\/p>\n<p style=\"text-align: justify;\">Compte tenu de leur \u00e2ge, il n&rsquo;est gu\u00e8re surprenant que, lorsqu&rsquo;une profession est ajout\u00e9e, il s&rsquo;agit le plus souvent d&rsquo;un \u00ab\u00a0serviteur\u00a0\u00bb. Mais nous trouvons aussi des tailleurs, dont deux sont d\u00e9crits \u00e0 Gwinear comme \u00ab\u00a0treher\u00a0\u00bb, le terme cornique pour d\u00e9signer un tailleur, tandis qu&rsquo;un troisi\u00e8me a re\u00e7u la description anglaise de \u00ab\u00a0tailor\u00a0\u00bb. D&rsquo;autres artisans bretons peuvent \u00eatre identifi\u00e9s gr\u00e2ce \u00e0 leur deuxi\u00e8me nom, comme Alan Hatmaker et John Cotemaker \u00e0 Bodmin.<\/p>\n<p style=\"text-align: justify;\">Il existe des preuves <strong>de mouvements familiaux<\/strong>. Peter Bysak et \u00ab\u00a0Alan son fils\u00a0\u00bb \u00e0 Penryn et Simon Sadeler et \u00ab\u00a0Alan son fils\u00a0\u00bb \u00e0 Mawgan in Meneage indiquent que les p\u00e8res et les fils se d\u00e9pla\u00e7aient ensemble. On ne sait pas combien de femmes les accompagnaient. Certaines l&rsquo;ont fait, comme le sugg\u00e8re une Margaret Bryton inscrite \u00e0 Budock en 1543. En g\u00e9n\u00e9ral, les femmes n&rsquo;\u00e9taient pas r\u00e9pertori\u00e9es s\u00e9par\u00e9ment dans ces registres, mais cach\u00e9es dans les m\u00e9nages, il est donc possible qu&rsquo;il y en ait eu d&rsquo;autres. Cependant, il semble que ce flux migratoire \u00e9tait principalement compos\u00e9 d&rsquo;hommes jeunes et c\u00e9libataires \u00e0 la recherche d&rsquo;un travail temporaire.<\/p>\n<p style=\"text-align: justify;\">Le nom <strong>Bryton ou Breton<\/strong>, qui leur est donn\u00e9 dans les listes, n&rsquo;est pas devenu un nom de famille h\u00e9r\u00e9ditaire en Cornouailles. Bien qu&rsquo;il y ait sans doute eu des mariages mixtes et des s\u00e9jours permanents, il s&rsquo;agit l\u00e0 d&rsquo;une preuve suppl\u00e9mentaire d&rsquo;un mouvement temporaire, la plupart des migrants retournant chez eux apr\u00e8s de courts s\u00e9jours. <strong>Cette migration, courante depuis au moins les ann\u00e9es 1460, s&rsquo;est estomp\u00e9e lorsque la R\u00e9forme religieuse des ann\u00e9es 1530 et 1540 et l&rsquo;incorporation du duch\u00e9 ind\u00e9pendant de Bretagne \u00e0 l&rsquo;\u00c9tat fran\u00e7ais en 1547<\/strong> l&rsquo;ont rendue plus suspecte dans un contexte politique changeant. Sur le plan \u00e9conomique, la reprise de la croissance d\u00e9mographique en Cornouailles \u00e0 partir des ann\u00e9es 1500 aurait \u00e9galement permis de rem\u00e9dier \u00e0 la p\u00e9nurie de main-d&rsquo;\u0153uvre.<\/p>\n<p style=\"text-align: justify;\"><strong>L&rsquo;arriv\u00e9e des Bretons au XIe si\u00e8cle<\/strong> a \u00e9t\u00e9 appel\u00e9e <strong>le retour armoricain<\/strong>, car les Britanniques qui avaient quitt\u00e9 la Grande Cornouaille dans les ann\u00e9es 500 pour coloniser l&rsquo;Armorique, la transformant en Bretagne, sont rentr\u00e9s chez eux. Il serait plus juste de parler de premier retour armoricain. En outre, le premier retour concernait des nobles et leurs familles, vassaux et alli\u00e9s des Normands conqu\u00e9rants. <strong>Le second retour armoricain<\/strong>, entre les ann\u00e9es 1460 et 1540, a amen\u00e9 <strong>des Bretons ordinaires<\/strong> attir\u00e9s par les salaires plus \u00e9lev\u00e9s offerts en Cornouailles. Pendant deux ou trois g\u00e9n\u00e9rations au moins, il a \u00e9galement insuffl\u00e9 une nouvelle vie \u00e0 la zone culturelle comprenant la Cornouaille et la Bretagne, <strong>qui existait depuis pr\u00e8s d&rsquo;un mill\u00e9naire.<\/strong><\/p>\n<p>Source : <a href=\"https:\/\/bernarddeacon.com\/2021\/05\/20\/economic-migrants-from-brittany-in-early-16th-century-cornwall\/\">Cornish Studies Resources<\/a><\/p>\n","protected":false},"excerpt":{"rendered":"<p>Les subsides la\u00efcs du d\u00e9but des ann\u00e9es 1500 sont des listes de contribuables. Dans les versions publi\u00e9es (1524-25 et 1543-44), nous trouvons des entr\u00e9es telles que John Breton, \u00e0 Truro en 1525. John est \u00e9galement consid\u00e9r\u00e9 comme un \u00ab\u00a0\u00e9tranger\u00a0\u00bb. Ces entr\u00e9es nous donnent donc un aper\u00e7u pr\u00e9cieux de la pr\u00e9sence des Bretons dans la Cornouailles [&hellip;]<\/p>\n","protected":false},"author":1,"featured_media":1489,"comment_status":"open","ping_status":"open","sticky":false,"template":"","format":"standard","meta":{"sb_editor_width":"","footnotes":""},"categories":[58,50],"tags":[],"class_list":["post-1487","post","type-post","status-publish","format-standard","has-post-thumbnail","hentry","category-breizh","category-histoire-de-bretagne"],"relative_dates":{"created":"2 ans ago","modified":"2 ans ago"},"yoast_head":"<!-- This site is optimized with the Yoast SEO plugin v26.3 - https:\/\/yoast.com\/wordpress\/plugins\/seo\/ -->\n<title>1460-1560 : le second retour des Bretons en Cornouailles - STOURM<\/title>\n<meta name=\"robots\" content=\"index, follow, max-snippet:-1, max-image-preview:large, max-video-preview:-1\" \/>\n<link rel=\"canonical\" href=\"https:\/\/stourm.news\/?p=1487\" \/>\n<meta property=\"og:locale\" content=\"fr_FR\" \/>\n<meta property=\"og:type\" content=\"article\" \/>\n<meta property=\"og:title\" content=\"1460-1560 : le second retour des Bretons en Cornouailles - STOURM\" \/>\n<meta property=\"og:description\" content=\"Les subsides la\u00efcs du d\u00e9but des ann\u00e9es 1500 sont des listes de contribuables. Dans les versions publi\u00e9es (1524-25 et 1543-44), nous trouvons des entr\u00e9es telles que John Breton, \u00e0 Truro en 1525. John est \u00e9galement consid\u00e9r\u00e9 comme un \u00ab\u00a0\u00e9tranger\u00a0\u00bb. Ces entr\u00e9es nous donnent donc un aper\u00e7u pr\u00e9cieux de la pr\u00e9sence des Bretons dans la Cornouailles [&hellip;]\" \/>\n<meta property=\"og:url\" content=\"https:\/\/stourm.news\/?p=1487\" \/>\n<meta property=\"og:site_name\" content=\"STOURM\" \/>\n<meta property=\"article:publisher\" content=\"https:\/\/www.facebook.com\/stourmnews\/\" \/>\n<meta property=\"article:published_time\" content=\"2024-05-30T17:36:33+00:00\" \/>\n<meta property=\"og:image\" content=\"https:\/\/stourm.news\/wp-content\/uploads\/2024\/05\/MapDumnoniaAD577_full.jpg\" \/>\n\t<meta property=\"og:image:width\" content=\"525\" \/>\n\t<meta property=\"og:image:height\" content=\"370\" \/>\n\t<meta property=\"og:image:type\" content=\"image\/jpeg\" \/>\n<meta name=\"author\" content=\"La r\u00e9daction\" \/>\n<meta name=\"twitter:card\" content=\"summary_large_image\" \/>\n<meta name=\"twitter:label1\" content=\"\u00c9crit par\" \/>\n\t<meta name=\"twitter:data1\" content=\"La r\u00e9daction\" \/>\n\t<meta name=\"twitter:label2\" content=\"Dur\u00e9e de lecture estim\u00e9e\" \/>\n\t<meta name=\"twitter:data2\" content=\"5 minutes\" \/>\n<script type=\"application\/ld+json\" class=\"yoast-schema-graph\">{\"@context\":\"https:\/\/schema.org\",\"@graph\":[{\"@type\":\"Article\",\"@id\":\"https:\/\/stourm.news\/?p=1487#article\",\"isPartOf\":{\"@id\":\"https:\/\/stourm.news\/?p=1487\"},\"author\":{\"name\":\"La r\u00e9daction\",\"@id\":\"https:\/\/stourm.news\/#\/schema\/person\/c3e1dc65988632e190969234ef046cf9\"},\"headline\":\"1460-1560 : le second retour des Bretons en Cornouailles\",\"datePublished\":\"2024-05-30T17:36:33+00:00\",\"mainEntityOfPage\":{\"@id\":\"https:\/\/stourm.news\/?p=1487\"},\"wordCount\":857,\"commentCount\":0,\"publisher\":{\"@id\":\"https:\/\/stourm.news\/#organization\"},\"image\":{\"@id\":\"https:\/\/stourm.news\/?p=1487#primaryimage\"},\"thumbnailUrl\":\"https:\/\/stourm.news\/wp-content\/uploads\/2024\/05\/MapDumnoniaAD577_full.jpg\",\"articleSection\":[\"Breizh\",\"Histoire de Bretagne\"],\"inLanguage\":\"fr-FR\",\"potentialAction\":[{\"@type\":\"CommentAction\",\"name\":\"Comment\",\"target\":[\"https:\/\/stourm.news\/?p=1487#respond\"]}]},{\"@type\":\"WebPage\",\"@id\":\"https:\/\/stourm.news\/?p=1487\",\"url\":\"https:\/\/stourm.news\/?p=1487\",\"name\":\"1460-1560 : le second retour des Bretons en Cornouailles - STOURM\",\"isPartOf\":{\"@id\":\"https:\/\/stourm.news\/#website\"},\"primaryImageOfPage\":{\"@id\":\"https:\/\/stourm.news\/?p=1487#primaryimage\"},\"image\":{\"@id\":\"https:\/\/stourm.news\/?p=1487#primaryimage\"},\"thumbnailUrl\":\"https:\/\/stourm.news\/wp-content\/uploads\/2024\/05\/MapDumnoniaAD577_full.jpg\",\"datePublished\":\"2024-05-30T17:36:33+00:00\",\"breadcrumb\":{\"@id\":\"https:\/\/stourm.news\/?p=1487#breadcrumb\"},\"inLanguage\":\"fr-FR\",\"potentialAction\":[{\"@type\":\"ReadAction\",\"target\":[\"https:\/\/stourm.news\/?p=1487\"]}]},{\"@type\":\"ImageObject\",\"inLanguage\":\"fr-FR\",\"@id\":\"https:\/\/stourm.news\/?p=1487#primaryimage\",\"url\":\"https:\/\/stourm.news\/wp-content\/uploads\/2024\/05\/MapDumnoniaAD577_full.jpg\",\"contentUrl\":\"https:\/\/stourm.news\/wp-content\/uploads\/2024\/05\/MapDumnoniaAD577_full.jpg\",\"width\":525,\"height\":370},{\"@type\":\"BreadcrumbList\",\"@id\":\"https:\/\/stourm.news\/?p=1487#breadcrumb\",\"itemListElement\":[{\"@type\":\"ListItem\",\"position\":1,\"name\":\"Accueil\",\"item\":\"https:\/\/stourm.news\/\"},{\"@type\":\"ListItem\",\"position\":2,\"name\":\"1460-1560 : le second retour des Bretons en Cornouailles\"}]},{\"@type\":\"WebSite\",\"@id\":\"https:\/\/stourm.news\/#website\",\"url\":\"https:\/\/stourm.news\/\",\"name\":\"Stourm\",\"description\":\"Kazetenn Strollad Broadel Breizh\",\"publisher\":{\"@id\":\"https:\/\/stourm.news\/#organization\"},\"potentialAction\":[{\"@type\":\"SearchAction\",\"target\":{\"@type\":\"EntryPoint\",\"urlTemplate\":\"https:\/\/stourm.news\/?s={search_term_string}\"},\"query-input\":{\"@type\":\"PropertyValueSpecification\",\"valueRequired\":true,\"valueName\":\"search_term_string\"}}],\"inLanguage\":\"fr-FR\"},{\"@type\":\"Organization\",\"@id\":\"https:\/\/stourm.news\/#organization\",\"name\":\"Stourm\",\"url\":\"https:\/\/stourm.news\/\",\"logo\":{\"@type\":\"ImageObject\",\"inLanguage\":\"fr-FR\",\"@id\":\"https:\/\/stourm.news\/#\/schema\/logo\/image\/\",\"url\":\"https:\/\/stourm.news\/wp-content\/uploads\/2025\/11\/cropped-Capture-decran-2025-11-28-a-15.19.07.png\",\"contentUrl\":\"https:\/\/stourm.news\/wp-content\/uploads\/2025\/11\/cropped-Capture-decran-2025-11-28-a-15.19.07.png\",\"width\":1855,\"height\":383,\"caption\":\"Stourm\"},\"image\":{\"@id\":\"https:\/\/stourm.news\/#\/schema\/logo\/image\/\"},\"sameAs\":[\"https:\/\/www.facebook.com\/stourmnews\/\"]},{\"@type\":\"Person\",\"@id\":\"https:\/\/stourm.news\/#\/schema\/person\/c3e1dc65988632e190969234ef046cf9\",\"name\":\"La r\u00e9daction\",\"image\":{\"@type\":\"ImageObject\",\"inLanguage\":\"fr-FR\",\"@id\":\"https:\/\/stourm.news\/#\/schema\/person\/image\/\",\"url\":\"https:\/\/secure.gravatar.com\/avatar\/7463443f194b6b5fb706b074ca0ef59a0cfcfd720cb47764b0ec5a952ce422b3?s=96&d=mm&r=g\",\"contentUrl\":\"https:\/\/secure.gravatar.com\/avatar\/7463443f194b6b5fb706b074ca0ef59a0cfcfd720cb47764b0ec5a952ce422b3?s=96&d=mm&r=g\",\"caption\":\"La r\u00e9daction\"},\"sameAs\":[\"https:\/\/stourm.news\"],\"url\":\"https:\/\/stourm.news\/?author=1\"}]}<\/script>\n<!-- \/ Yoast SEO plugin. -->","yoast_head_json":{"title":"1460-1560 : le second retour des Bretons en Cornouailles - STOURM","robots":{"index":"index","follow":"follow","max-snippet":"max-snippet:-1","max-image-preview":"max-image-preview:large","max-video-preview":"max-video-preview:-1"},"canonical":"https:\/\/stourm.news\/?p=1487","og_locale":"fr_FR","og_type":"article","og_title":"1460-1560 : le second retour des Bretons en Cornouailles - STOURM","og_description":"Les subsides la\u00efcs du d\u00e9but des ann\u00e9es 1500 sont des listes de contribuables. Dans les versions publi\u00e9es (1524-25 et 1543-44), nous trouvons des entr\u00e9es telles que John Breton, \u00e0 Truro en 1525. John est \u00e9galement consid\u00e9r\u00e9 comme un \u00ab\u00a0\u00e9tranger\u00a0\u00bb. Ces entr\u00e9es nous donnent donc un aper\u00e7u pr\u00e9cieux de la pr\u00e9sence des Bretons dans la Cornouailles [&hellip;]","og_url":"https:\/\/stourm.news\/?p=1487","og_site_name":"STOURM","article_publisher":"https:\/\/www.facebook.com\/stourmnews\/","article_published_time":"2024-05-30T17:36:33+00:00","og_image":[{"width":525,"height":370,"url":"https:\/\/stourm.news\/wp-content\/uploads\/2024\/05\/MapDumnoniaAD577_full.jpg","type":"image\/jpeg"}],"author":"La r\u00e9daction","twitter_card":"summary_large_image","twitter_misc":{"\u00c9crit par":"La r\u00e9daction","Dur\u00e9e de lecture estim\u00e9e":"5 minutes"},"schema":{"@context":"https:\/\/schema.org","@graph":[{"@type":"Article","@id":"https:\/\/stourm.news\/?p=1487#article","isPartOf":{"@id":"https:\/\/stourm.news\/?p=1487"},"author":{"name":"La r\u00e9daction","@id":"https:\/\/stourm.news\/#\/schema\/person\/c3e1dc65988632e190969234ef046cf9"},"headline":"1460-1560 : le second retour des Bretons en Cornouailles","datePublished":"2024-05-30T17:36:33+00:00","mainEntityOfPage":{"@id":"https:\/\/stourm.news\/?p=1487"},"wordCount":857,"commentCount":0,"publisher":{"@id":"https:\/\/stourm.news\/#organization"},"image":{"@id":"https:\/\/stourm.news\/?p=1487#primaryimage"},"thumbnailUrl":"https:\/\/stourm.news\/wp-content\/uploads\/2024\/05\/MapDumnoniaAD577_full.jpg","articleSection":["Breizh","Histoire de Bretagne"],"inLanguage":"fr-FR","potentialAction":[{"@type":"CommentAction","name":"Comment","target":["https:\/\/stourm.news\/?p=1487#respond"]}]},{"@type":"WebPage","@id":"https:\/\/stourm.news\/?p=1487","url":"https:\/\/stourm.news\/?p=1487","name":"1460-1560 : le second retour des Bretons en Cornouailles - STOURM","isPartOf":{"@id":"https:\/\/stourm.news\/#website"},"primaryImageOfPage":{"@id":"https:\/\/stourm.news\/?p=1487#primaryimage"},"image":{"@id":"https:\/\/stourm.news\/?p=1487#primaryimage"},"thumbnailUrl":"https:\/\/stourm.news\/wp-content\/uploads\/2024\/05\/MapDumnoniaAD577_full.jpg","datePublished":"2024-05-30T17:36:33+00:00","breadcrumb":{"@id":"https:\/\/stourm.news\/?p=1487#breadcrumb"},"inLanguage":"fr-FR","potentialAction":[{"@type":"ReadAction","target":["https:\/\/stourm.news\/?p=1487"]}]},{"@type":"ImageObject","inLanguage":"fr-FR","@id":"https:\/\/stourm.news\/?p=1487#primaryimage","url":"https:\/\/stourm.news\/wp-content\/uploads\/2024\/05\/MapDumnoniaAD577_full.jpg","contentUrl":"https:\/\/stourm.news\/wp-content\/uploads\/2024\/05\/MapDumnoniaAD577_full.jpg","width":525,"height":370},{"@type":"BreadcrumbList","@id":"https:\/\/stourm.news\/?p=1487#breadcrumb","itemListElement":[{"@type":"ListItem","position":1,"name":"Accueil","item":"https:\/\/stourm.news\/"},{"@type":"ListItem","position":2,"name":"1460-1560 : le second retour des Bretons en Cornouailles"}]},{"@type":"WebSite","@id":"https:\/\/stourm.news\/#website","url":"https:\/\/stourm.news\/","name":"Stourm","description":"Kazetenn Strollad Broadel Breizh","publisher":{"@id":"https:\/\/stourm.news\/#organization"},"potentialAction":[{"@type":"SearchAction","target":{"@type":"EntryPoint","urlTemplate":"https:\/\/stourm.news\/?s={search_term_string}"},"query-input":{"@type":"PropertyValueSpecification","valueRequired":true,"valueName":"search_term_string"}}],"inLanguage":"fr-FR"},{"@type":"Organization","@id":"https:\/\/stourm.news\/#organization","name":"Stourm","url":"https:\/\/stourm.news\/","logo":{"@type":"ImageObject","inLanguage":"fr-FR","@id":"https:\/\/stourm.news\/#\/schema\/logo\/image\/","url":"https:\/\/stourm.news\/wp-content\/uploads\/2025\/11\/cropped-Capture-decran-2025-11-28-a-15.19.07.png","contentUrl":"https:\/\/stourm.news\/wp-content\/uploads\/2025\/11\/cropped-Capture-decran-2025-11-28-a-15.19.07.png","width":1855,"height":383,"caption":"Stourm"},"image":{"@id":"https:\/\/stourm.news\/#\/schema\/logo\/image\/"},"sameAs":["https:\/\/www.facebook.com\/stourmnews\/"]},{"@type":"Person","@id":"https:\/\/stourm.news\/#\/schema\/person\/c3e1dc65988632e190969234ef046cf9","name":"La r\u00e9daction","image":{"@type":"ImageObject","inLanguage":"fr-FR","@id":"https:\/\/stourm.news\/#\/schema\/person\/image\/","url":"https:\/\/secure.gravatar.com\/avatar\/7463443f194b6b5fb706b074ca0ef59a0cfcfd720cb47764b0ec5a952ce422b3?s=96&d=mm&r=g","contentUrl":"https:\/\/secure.gravatar.com\/avatar\/7463443f194b6b5fb706b074ca0ef59a0cfcfd720cb47764b0ec5a952ce422b3?s=96&d=mm&r=g","caption":"La r\u00e9daction"},"sameAs":["https:\/\/stourm.news"],"url":"https:\/\/stourm.news\/?author=1"}]}},"_links":{"self":[{"href":"https:\/\/stourm.news\/index.php?rest_route=\/wp\/v2\/posts\/1487","targetHints":{"allow":["GET"]}}],"collection":[{"href":"https:\/\/stourm.news\/index.php?rest_route=\/wp\/v2\/posts"}],"about":[{"href":"https:\/\/stourm.news\/index.php?rest_route=\/wp\/v2\/types\/post"}],"author":[{"embeddable":true,"href":"https:\/\/stourm.news\/index.php?rest_route=\/wp\/v2\/users\/1"}],"replies":[{"embeddable":true,"href":"https:\/\/stourm.news\/index.php?rest_route=%2Fwp%2Fv2%2Fcomments&post=1487"}],"version-history":[{"count":1,"href":"https:\/\/stourm.news\/index.php?rest_route=\/wp\/v2\/posts\/1487\/revisions"}],"predecessor-version":[{"id":1490,"href":"https:\/\/stourm.news\/index.php?rest_route=\/wp\/v2\/posts\/1487\/revisions\/1490"}],"wp:featuredmedia":[{"embeddable":true,"href":"https:\/\/stourm.news\/index.php?rest_route=\/wp\/v2\/media\/1489"}],"wp:attachment":[{"href":"https:\/\/stourm.news\/index.php?rest_route=%2Fwp%2Fv2%2Fmedia&parent=1487"}],"wp:term":[{"taxonomy":"category","embeddable":true,"href":"https:\/\/stourm.news\/index.php?rest_route=%2Fwp%2Fv2%2Fcategories&post=1487"},{"taxonomy":"post_tag","embeddable":true,"href":"https:\/\/stourm.news\/index.php?rest_route=%2Fwp%2Fv2%2Ftags&post=1487"}],"curies":[{"name":"wp","href":"https:\/\/api.w.org\/{rel}","templated":true}]}}