{"id":1492,"date":"2024-05-31T06:59:51","date_gmt":"2024-05-31T06:59:51","guid":{"rendered":"https:\/\/stourm.news\/?p=1492"},"modified":"2024-05-31T07:04:58","modified_gmt":"2024-05-31T07:04:58","slug":"saint-ave-le-club-de-football-integre-des-migrants","status":"publish","type":"post","link":"https:\/\/stourm.news\/?p=1492","title":{"rendered":"Saint-Av\u00e9 : le club de football int\u00e8gre des migrants"},"content":{"rendered":"<p style=\"text-align: justify;\">Invaincus cette saison, les U17 du club de football de l\u2019Essa \u00e0 Saint-Av\u00e9, ont d\u00e9croch\u00e9 le titre de champion dans leur poule et valid\u00e9 leur billet pour la r\u00e9gionale 2 l\u2019an prochain.<\/p>\n<p style=\"text-align: justify;\">\u00ab Cela fait trois ans qu\u2019il n\u2019y a plus d\u2019\u00e9quipe \u00e0 ce niveau \u00bb, commente un des responsables du club. \u00ab C\u2019est l\u2019aboutissement d\u2019un bon travail. Ces joueurs qui ont d\u00e9but\u00e9 ensemble \u00e0 7-8 ans sont assidus aux entra\u00eenements et volontaires sur le terrain \u00bb, se f\u00e9licite Anthony Fontaine, le coach.<\/p>\n<p style=\"text-align: justify;\">Le groupe est compos\u00e9 d\u2019<strong>Eythan Momon Dao<\/strong>, Maxime Soulaine, Lokman Chariat, Ewen Burban, Etienne Crenn, L\u00e9o Le Douaron, Cl\u00e9ment Guyonvarch et <strong>Mahmoud<\/strong>, <strong>Muazzam Tamin<\/strong>, Soren Brunel, <strong>Sourakata Camara<\/strong>, Aur\u00e9lien Mah\u00e9, Jules Le Brun, Titouan Rio et L\u00e9on Henrio. L\u2019\u00e9quipe a int\u00e9gr\u00e9 cette ann\u00e9e, quatre jeunes migrants suivis par la Fondation d\u2019Auteuil et la Sauvegarde 56. En s\u2019entra\u00eenant avec les seniors, ils vont gagner en maturit\u00e9 et en technique. Aguerris physiquement, ils pourront suppl\u00e9er les \u00e9quipes seniors prochainement.<\/p>\n<p style=\"text-align: justify;\">L&rsquo;\u00e9quipe a int\u00e9gr\u00e9 cette ann\u00e9e, <strong>quatre jeunes migrants<\/strong> suivis par la Fondation d&rsquo;Auteuil et la Sauvegarde 56.<\/p>\n<p style=\"text-align: justify;\">Source : <a href=\"https:\/\/www.letelegramme.fr\/morbihan\/saint-ave-56890\/les-u17-du-club-de-football-de-lessa-a-saint-ave-accedent-a-la-regionale-2-6593691.php\">Le T\u00e9l\u00e9gramme<\/a><\/p>\n","protected":false},"excerpt":{"rendered":"<p>Invaincus cette saison, les U17 du club de football de l\u2019Essa \u00e0 Saint-Av\u00e9, ont d\u00e9croch\u00e9 le titre de champion dans leur poule et valid\u00e9 leur billet pour la r\u00e9gionale 2 l\u2019an prochain. \u00ab Cela fait trois ans qu\u2019il n\u2019y a plus d\u2019\u00e9quipe \u00e0 ce niveau \u00bb, commente un des responsables du club. \u00ab C\u2019est l\u2019aboutissement [&hellip;]<\/p>\n","protected":false},"author":1,"featured_media":1493,"comment_status":"open","ping_status":"open","sticky":false,"template":"","format":"standard","meta":{"sb_editor_width":"","footnotes":""},"categories":[33,40,62],"tags":[],"class_list":["post-1492","post","type-post","status-publish","format-standard","has-post-thumbnail","hentry","category-immigration","category-morbihan","category-revue-de-presse"],"relative_dates":{"created":"2 ans ago","modified":"2 ans ago"},"yoast_head":"<!-- This site is optimized with the Yoast SEO plugin v26.3 - https:\/\/yoast.com\/wordpress\/plugins\/seo\/ -->\n<title>Saint-Av\u00e9 : le club de football int\u00e8gre des migrants - STOURM<\/title>\n<meta name=\"robots\" content=\"index, follow, max-snippet:-1, max-image-preview:large, max-video-preview:-1\" \/>\n<link rel=\"canonical\" href=\"https:\/\/stourm.news\/?p=1492\" \/>\n<meta property=\"og:locale\" content=\"fr_FR\" \/>\n<meta property=\"og:type\" content=\"article\" \/>\n<meta property=\"og:title\" content=\"Saint-Av\u00e9 : le club de football int\u00e8gre des migrants - STOURM\" \/>\n<meta property=\"og:description\" content=\"Invaincus cette saison, les U17 du club de football de l\u2019Essa \u00e0 Saint-Av\u00e9, ont d\u00e9croch\u00e9 le titre de champion dans leur poule et valid\u00e9 leur billet pour la r\u00e9gionale 2 l\u2019an prochain. \u00ab Cela fait trois ans qu\u2019il n\u2019y a plus d\u2019\u00e9quipe \u00e0 ce niveau \u00bb, commente un des responsables du club. \u00ab C\u2019est l\u2019aboutissement [&hellip;]\" \/>\n<meta property=\"og:url\" content=\"https:\/\/stourm.news\/?p=1492\" \/>\n<meta property=\"og:site_name\" content=\"STOURM\" \/>\n<meta property=\"article:publisher\" content=\"https:\/\/www.facebook.com\/stourmnews\/\" \/>\n<meta property=\"article:published_time\" content=\"2024-05-31T06:59:51+00:00\" \/>\n<meta property=\"article:modified_time\" content=\"2024-05-31T07:04:58+00:00\" \/>\n<meta property=\"og:image\" content=\"https:\/\/stourm.news\/wp-content\/uploads\/2024\/05\/66584f6ca3b3c94d5e6a05ab.webp\" \/>\n\t<meta property=\"og:image:width\" content=\"1200\" \/>\n\t<meta property=\"og:image:height\" content=\"750\" \/>\n\t<meta property=\"og:image:type\" content=\"image\/webp\" \/>\n<meta name=\"author\" content=\"La r\u00e9daction\" \/>\n<meta name=\"twitter:card\" content=\"summary_large_image\" \/>\n<meta name=\"twitter:label1\" content=\"\u00c9crit par\" \/>\n\t<meta name=\"twitter:data1\" content=\"La r\u00e9daction\" \/>\n\t<meta name=\"twitter:label2\" content=\"Dur\u00e9e de lecture estim\u00e9e\" \/>\n\t<meta name=\"twitter:data2\" content=\"1 minute\" \/>\n<script type=\"application\/ld+json\" class=\"yoast-schema-graph\">{\"@context\":\"https:\/\/schema.org\",\"@graph\":[{\"@type\":\"Article\",\"@id\":\"https:\/\/stourm.news\/?p=1492#article\",\"isPartOf\":{\"@id\":\"https:\/\/stourm.news\/?p=1492\"},\"author\":{\"name\":\"La r\u00e9daction\",\"@id\":\"https:\/\/stourm.news\/#\/schema\/person\/c3e1dc65988632e190969234ef046cf9\"},\"headline\":\"Saint-Av\u00e9 : le club de football int\u00e8gre des migrants\",\"datePublished\":\"2024-05-31T06:59:51+00:00\",\"dateModified\":\"2024-05-31T07:04:58+00:00\",\"mainEntityOfPage\":{\"@id\":\"https:\/\/stourm.news\/?p=1492\"},\"wordCount\":210,\"commentCount\":0,\"publisher\":{\"@id\":\"https:\/\/stourm.news\/#organization\"},\"image\":{\"@id\":\"https:\/\/stourm.news\/?p=1492#primaryimage\"},\"thumbnailUrl\":\"https:\/\/stourm.news\/wp-content\/uploads\/2024\/05\/66584f6ca3b3c94d5e6a05ab.webp\",\"articleSection\":[\"Immigration\",\"Morbihan\",\"Revue de presse\"],\"inLanguage\":\"fr-FR\",\"potentialAction\":[{\"@type\":\"CommentAction\",\"name\":\"Comment\",\"target\":[\"https:\/\/stourm.news\/?p=1492#respond\"]}]},{\"@type\":\"WebPage\",\"@id\":\"https:\/\/stourm.news\/?p=1492\",\"url\":\"https:\/\/stourm.news\/?p=1492\",\"name\":\"Saint-Av\u00e9 : le club de football int\u00e8gre des migrants - STOURM\",\"isPartOf\":{\"@id\":\"https:\/\/stourm.news\/#website\"},\"primaryImageOfPage\":{\"@id\":\"https:\/\/stourm.news\/?p=1492#primaryimage\"},\"image\":{\"@id\":\"https:\/\/stourm.news\/?p=1492#primaryimage\"},\"thumbnailUrl\":\"https:\/\/stourm.news\/wp-content\/uploads\/2024\/05\/66584f6ca3b3c94d5e6a05ab.webp\",\"datePublished\":\"2024-05-31T06:59:51+00:00\",\"dateModified\":\"2024-05-31T07:04:58+00:00\",\"breadcrumb\":{\"@id\":\"https:\/\/stourm.news\/?p=1492#breadcrumb\"},\"inLanguage\":\"fr-FR\",\"potentialAction\":[{\"@type\":\"ReadAction\",\"target\":[\"https:\/\/stourm.news\/?p=1492\"]}]},{\"@type\":\"ImageObject\",\"inLanguage\":\"fr-FR\",\"@id\":\"https:\/\/stourm.news\/?p=1492#primaryimage\",\"url\":\"https:\/\/stourm.news\/wp-content\/uploads\/2024\/05\/66584f6ca3b3c94d5e6a05ab.webp\",\"contentUrl\":\"https:\/\/stourm.news\/wp-content\/uploads\/2024\/05\/66584f6ca3b3c94d5e6a05ab.webp\",\"width\":1200,\"height\":750},{\"@type\":\"BreadcrumbList\",\"@id\":\"https:\/\/stourm.news\/?p=1492#breadcrumb\",\"itemListElement\":[{\"@type\":\"ListItem\",\"position\":1,\"name\":\"Accueil\",\"item\":\"https:\/\/stourm.news\/\"},{\"@type\":\"ListItem\",\"position\":2,\"name\":\"Saint-Av\u00e9 : le club de football int\u00e8gre des migrants\"}]},{\"@type\":\"WebSite\",\"@id\":\"https:\/\/stourm.news\/#website\",\"url\":\"https:\/\/stourm.news\/\",\"name\":\"Stourm\",\"description\":\"Kazetenn Strollad Broadel Breizh\",\"publisher\":{\"@id\":\"https:\/\/stourm.news\/#organization\"},\"potentialAction\":[{\"@type\":\"SearchAction\",\"target\":{\"@type\":\"EntryPoint\",\"urlTemplate\":\"https:\/\/stourm.news\/?s={search_term_string}\"},\"query-input\":{\"@type\":\"PropertyValueSpecification\",\"valueRequired\":true,\"valueName\":\"search_term_string\"}}],\"inLanguage\":\"fr-FR\"},{\"@type\":\"Organization\",\"@id\":\"https:\/\/stourm.news\/#organization\",\"name\":\"Stourm\",\"url\":\"https:\/\/stourm.news\/\",\"logo\":{\"@type\":\"ImageObject\",\"inLanguage\":\"fr-FR\",\"@id\":\"https:\/\/stourm.news\/#\/schema\/logo\/image\/\",\"url\":\"https:\/\/stourm.news\/wp-content\/uploads\/2025\/11\/cropped-Capture-decran-2025-11-28-a-15.19.07.png\",\"contentUrl\":\"https:\/\/stourm.news\/wp-content\/uploads\/2025\/11\/cropped-Capture-decran-2025-11-28-a-15.19.07.png\",\"width\":1855,\"height\":383,\"caption\":\"Stourm\"},\"image\":{\"@id\":\"https:\/\/stourm.news\/#\/schema\/logo\/image\/\"},\"sameAs\":[\"https:\/\/www.facebook.com\/stourmnews\/\"]},{\"@type\":\"Person\",\"@id\":\"https:\/\/stourm.news\/#\/schema\/person\/c3e1dc65988632e190969234ef046cf9\",\"name\":\"La r\u00e9daction\",\"image\":{\"@type\":\"ImageObject\",\"inLanguage\":\"fr-FR\",\"@id\":\"https:\/\/stourm.news\/#\/schema\/person\/image\/\",\"url\":\"https:\/\/secure.gravatar.com\/avatar\/7463443f194b6b5fb706b074ca0ef59a0cfcfd720cb47764b0ec5a952ce422b3?s=96&d=mm&r=g\",\"contentUrl\":\"https:\/\/secure.gravatar.com\/avatar\/7463443f194b6b5fb706b074ca0ef59a0cfcfd720cb47764b0ec5a952ce422b3?s=96&d=mm&r=g\",\"caption\":\"La r\u00e9daction\"},\"sameAs\":[\"https:\/\/stourm.news\"],\"url\":\"https:\/\/stourm.news\/?author=1\"}]}<\/script>\n<!-- \/ Yoast SEO plugin. -->","yoast_head_json":{"title":"Saint-Av\u00e9 : le club de football int\u00e8gre des migrants - STOURM","robots":{"index":"index","follow":"follow","max-snippet":"max-snippet:-1","max-image-preview":"max-image-preview:large","max-video-preview":"max-video-preview:-1"},"canonical":"https:\/\/stourm.news\/?p=1492","og_locale":"fr_FR","og_type":"article","og_title":"Saint-Av\u00e9 : le club de football int\u00e8gre des migrants - STOURM","og_description":"Invaincus cette saison, les U17 du club de football de l\u2019Essa \u00e0 Saint-Av\u00e9, ont d\u00e9croch\u00e9 le titre de champion dans leur poule et valid\u00e9 leur billet pour la r\u00e9gionale 2 l\u2019an prochain. \u00ab Cela fait trois ans qu\u2019il n\u2019y a plus d\u2019\u00e9quipe \u00e0 ce niveau \u00bb, commente un des responsables du club. \u00ab C\u2019est l\u2019aboutissement [&hellip;]","og_url":"https:\/\/stourm.news\/?p=1492","og_site_name":"STOURM","article_publisher":"https:\/\/www.facebook.com\/stourmnews\/","article_published_time":"2024-05-31T06:59:51+00:00","article_modified_time":"2024-05-31T07:04:58+00:00","og_image":[{"width":1200,"height":750,"url":"https:\/\/stourm.news\/wp-content\/uploads\/2024\/05\/66584f6ca3b3c94d5e6a05ab.webp","type":"image\/webp"}],"author":"La r\u00e9daction","twitter_card":"summary_large_image","twitter_misc":{"\u00c9crit par":"La r\u00e9daction","Dur\u00e9e de lecture estim\u00e9e":"1 minute"},"schema":{"@context":"https:\/\/schema.org","@graph":[{"@type":"Article","@id":"https:\/\/stourm.news\/?p=1492#article","isPartOf":{"@id":"https:\/\/stourm.news\/?p=1492"},"author":{"name":"La r\u00e9daction","@id":"https:\/\/stourm.news\/#\/schema\/person\/c3e1dc65988632e190969234ef046cf9"},"headline":"Saint-Av\u00e9 : le club de football int\u00e8gre des migrants","datePublished":"2024-05-31T06:59:51+00:00","dateModified":"2024-05-31T07:04:58+00:00","mainEntityOfPage":{"@id":"https:\/\/stourm.news\/?p=1492"},"wordCount":210,"commentCount":0,"publisher":{"@id":"https:\/\/stourm.news\/#organization"},"image":{"@id":"https:\/\/stourm.news\/?p=1492#primaryimage"},"thumbnailUrl":"https:\/\/stourm.news\/wp-content\/uploads\/2024\/05\/66584f6ca3b3c94d5e6a05ab.webp","articleSection":["Immigration","Morbihan","Revue de presse"],"inLanguage":"fr-FR","potentialAction":[{"@type":"CommentAction","name":"Comment","target":["https:\/\/stourm.news\/?p=1492#respond"]}]},{"@type":"WebPage","@id":"https:\/\/stourm.news\/?p=1492","url":"https:\/\/stourm.news\/?p=1492","name":"Saint-Av\u00e9 : le club de football int\u00e8gre des migrants - STOURM","isPartOf":{"@id":"https:\/\/stourm.news\/#website"},"primaryImageOfPage":{"@id":"https:\/\/stourm.news\/?p=1492#primaryimage"},"image":{"@id":"https:\/\/stourm.news\/?p=1492#primaryimage"},"thumbnailUrl":"https:\/\/stourm.news\/wp-content\/uploads\/2024\/05\/66584f6ca3b3c94d5e6a05ab.webp","datePublished":"2024-05-31T06:59:51+00:00","dateModified":"2024-05-31T07:04:58+00:00","breadcrumb":{"@id":"https:\/\/stourm.news\/?p=1492#breadcrumb"},"inLanguage":"fr-FR","potentialAction":[{"@type":"ReadAction","target":["https:\/\/stourm.news\/?p=1492"]}]},{"@type":"ImageObject","inLanguage":"fr-FR","@id":"https:\/\/stourm.news\/?p=1492#primaryimage","url":"https:\/\/stourm.news\/wp-content\/uploads\/2024\/05\/66584f6ca3b3c94d5e6a05ab.webp","contentUrl":"https:\/\/stourm.news\/wp-content\/uploads\/2024\/05\/66584f6ca3b3c94d5e6a05ab.webp","width":1200,"height":750},{"@type":"BreadcrumbList","@id":"https:\/\/stourm.news\/?p=1492#breadcrumb","itemListElement":[{"@type":"ListItem","position":1,"name":"Accueil","item":"https:\/\/stourm.news\/"},{"@type":"ListItem","position":2,"name":"Saint-Av\u00e9 : le club de football int\u00e8gre des migrants"}]},{"@type":"WebSite","@id":"https:\/\/stourm.news\/#website","url":"https:\/\/stourm.news\/","name":"Stourm","description":"Kazetenn Strollad Broadel Breizh","publisher":{"@id":"https:\/\/stourm.news\/#organization"},"potentialAction":[{"@type":"SearchAction","target":{"@type":"EntryPoint","urlTemplate":"https:\/\/stourm.news\/?s={search_term_string}"},"query-input":{"@type":"PropertyValueSpecification","valueRequired":true,"valueName":"search_term_string"}}],"inLanguage":"fr-FR"},{"@type":"Organization","@id":"https:\/\/stourm.news\/#organization","name":"Stourm","url":"https:\/\/stourm.news\/","logo":{"@type":"ImageObject","inLanguage":"fr-FR","@id":"https:\/\/stourm.news\/#\/schema\/logo\/image\/","url":"https:\/\/stourm.news\/wp-content\/uploads\/2025\/11\/cropped-Capture-decran-2025-11-28-a-15.19.07.png","contentUrl":"https:\/\/stourm.news\/wp-content\/uploads\/2025\/11\/cropped-Capture-decran-2025-11-28-a-15.19.07.png","width":1855,"height":383,"caption":"Stourm"},"image":{"@id":"https:\/\/stourm.news\/#\/schema\/logo\/image\/"},"sameAs":["https:\/\/www.facebook.com\/stourmnews\/"]},{"@type":"Person","@id":"https:\/\/stourm.news\/#\/schema\/person\/c3e1dc65988632e190969234ef046cf9","name":"La r\u00e9daction","image":{"@type":"ImageObject","inLanguage":"fr-FR","@id":"https:\/\/stourm.news\/#\/schema\/person\/image\/","url":"https:\/\/secure.gravatar.com\/avatar\/7463443f194b6b5fb706b074ca0ef59a0cfcfd720cb47764b0ec5a952ce422b3?s=96&d=mm&r=g","contentUrl":"https:\/\/secure.gravatar.com\/avatar\/7463443f194b6b5fb706b074ca0ef59a0cfcfd720cb47764b0ec5a952ce422b3?s=96&d=mm&r=g","caption":"La r\u00e9daction"},"sameAs":["https:\/\/stourm.news"],"url":"https:\/\/stourm.news\/?author=1"}]}},"_links":{"self":[{"href":"https:\/\/stourm.news\/index.php?rest_route=\/wp\/v2\/posts\/1492","targetHints":{"allow":["GET"]}}],"collection":[{"href":"https:\/\/stourm.news\/index.php?rest_route=\/wp\/v2\/posts"}],"about":[{"href":"https:\/\/stourm.news\/index.php?rest_route=\/wp\/v2\/types\/post"}],"author":[{"embeddable":true,"href":"https:\/\/stourm.news\/index.php?rest_route=\/wp\/v2\/users\/1"}],"replies":[{"embeddable":true,"href":"https:\/\/stourm.news\/index.php?rest_route=%2Fwp%2Fv2%2Fcomments&post=1492"}],"version-history":[{"count":1,"href":"https:\/\/stourm.news\/index.php?rest_route=\/wp\/v2\/posts\/1492\/revisions"}],"predecessor-version":[{"id":1494,"href":"https:\/\/stourm.news\/index.php?rest_route=\/wp\/v2\/posts\/1492\/revisions\/1494"}],"wp:featuredmedia":[{"embeddable":true,"href":"https:\/\/stourm.news\/index.php?rest_route=\/wp\/v2\/media\/1493"}],"wp:attachment":[{"href":"https:\/\/stourm.news\/index.php?rest_route=%2Fwp%2Fv2%2Fmedia&parent=1492"}],"wp:term":[{"taxonomy":"category","embeddable":true,"href":"https:\/\/stourm.news\/index.php?rest_route=%2Fwp%2Fv2%2Fcategories&post=1492"},{"taxonomy":"post_tag","embeddable":true,"href":"https:\/\/stourm.news\/index.php?rest_route=%2Fwp%2Fv2%2Ftags&post=1492"}],"curies":[{"name":"wp","href":"https:\/\/api.w.org\/{rel}","templated":true}]}}