{"id":1495,"date":"2024-05-31T07:04:06","date_gmt":"2024-05-31T07:04:06","guid":{"rendered":"https:\/\/stourm.news\/?p=1495"},"modified":"2024-05-31T07:04:06","modified_gmt":"2024-05-31T07:04:06","slug":"fougeres-pas-de-cours-au-college-therese-pierre-apres-lagression-de-2-enseignants-par-un-eleve-de-13-ans","status":"publish","type":"post","link":"https:\/\/stourm.news\/?p=1495","title":{"rendered":"Foug\u00e8res : pas de cours au coll\u00e8ge Th\u00e9r\u00e8se Pierre apr\u00e8s l&rsquo;agression de 2 enseignants par un \u00e9l\u00e8ve de 13 ans"},"content":{"rendered":"<p style=\"text-align: justify;\">Les cours sont annul\u00e9s au coll\u00e8ge Th\u00e9r\u00e8se-Pierre de Foug\u00e8res (Ille-et-Vilaine) ce jeudi, \u00e0 cause des \u00e9v\u00e8nements de la semaine derni\u00e8re. Deux enseignants du coll\u00e8ge Th\u00e9r\u00e8se-Pierre de Foug\u00e8res (Ille-et-Vilaine) <strong>ont \u00e9t\u00e9 agress\u00e9s <\/strong>par le m\u00eame \u00e9l\u00e8ve. L&rsquo;un a re\u00e7u des <strong>menaces<\/strong> par \u00e9crit. L&rsquo;autre a \u00e9t\u00e9 victime d&rsquo;insultes \u00e0 caract\u00e8re homophobes et <strong>gifl\u00e9<\/strong> \u00e0 la fin du cours.<\/p>\n<p style=\"text-align: justify;\">L&rsquo;\u00e9l\u00e8ve en classe de 5e vient juste d&rsquo;avoir 13 ans (\u00e2ge de la responsabilit\u00e9 p\u00e9nale), c&rsquo;est pourquoi il fera l&rsquo;objet d&rsquo;une mesure de r\u00e9paration p\u00e9nale mise en \u0153uvre par la protection judiciaire de la jeunesse, indique le procureur de Rennes. Les personnels sous le choc doivent rencontrer le DASEN, le directeur acad\u00e9mique des services de l&rsquo;\u00e9ducation nationale du rectorat de Rennes.<\/p>\n<p>Source : <a href=\"https:\/\/www.francebleu.fr\/infos\/faits-divers-justice\/pas-de-cours-ce-jeudi-au-college-therese-pierre-de-fougeres-apres-l-agression-de-deux-enseignants-7898393\">France Bleu<\/a><\/p>\n","protected":false},"excerpt":{"rendered":"<p>Les cours sont annul\u00e9s au coll\u00e8ge Th\u00e9r\u00e8se-Pierre de Foug\u00e8res (Ille-et-Vilaine) ce jeudi, \u00e0 cause des \u00e9v\u00e8nements de la semaine derni\u00e8re. Deux enseignants du coll\u00e8ge Th\u00e9r\u00e8se-Pierre de Foug\u00e8res (Ille-et-Vilaine) ont \u00e9t\u00e9 agress\u00e9s par le m\u00eame \u00e9l\u00e8ve. L&rsquo;un a re\u00e7u des menaces par \u00e9crit. L&rsquo;autre a \u00e9t\u00e9 victime d&rsquo;insultes \u00e0 caract\u00e8re homophobes et gifl\u00e9 \u00e0 la fin [&hellip;]<\/p>\n","protected":false},"author":1,"featured_media":1496,"comment_status":"open","ping_status":"open","sticky":false,"template":"","format":"standard","meta":{"sb_editor_width":"","footnotes":""},"categories":[31,41,62],"tags":[],"class_list":["post-1495","post","type-post","status-publish","format-standard","has-post-thumbnail","hentry","category-agression","category-ille-et-vilaine","category-revue-de-presse"],"relative_dates":{"created":"2 ans ago","modified":"2 ans ago"},"yoast_head":"<!-- This site is optimized with the Yoast SEO plugin v26.3 - https:\/\/yoast.com\/wordpress\/plugins\/seo\/ -->\n<title>Foug\u00e8res : pas de cours au coll\u00e8ge Th\u00e9r\u00e8se Pierre apr\u00e8s l&#039;agression de 2 enseignants par un \u00e9l\u00e8ve de 13 ans - STOURM<\/title>\n<meta name=\"robots\" content=\"index, follow, max-snippet:-1, max-image-preview:large, max-video-preview:-1\" \/>\n<link rel=\"canonical\" href=\"https:\/\/stourm.news\/?p=1495\" \/>\n<meta property=\"og:locale\" content=\"fr_FR\" \/>\n<meta property=\"og:type\" content=\"article\" \/>\n<meta property=\"og:title\" content=\"Foug\u00e8res : pas de cours au coll\u00e8ge Th\u00e9r\u00e8se Pierre apr\u00e8s l&#039;agression de 2 enseignants par un \u00e9l\u00e8ve de 13 ans - STOURM\" \/>\n<meta property=\"og:description\" content=\"Les cours sont annul\u00e9s au coll\u00e8ge Th\u00e9r\u00e8se-Pierre de Foug\u00e8res (Ille-et-Vilaine) ce jeudi, \u00e0 cause des \u00e9v\u00e8nements de la semaine derni\u00e8re. Deux enseignants du coll\u00e8ge Th\u00e9r\u00e8se-Pierre de Foug\u00e8res (Ille-et-Vilaine) ont \u00e9t\u00e9 agress\u00e9s par le m\u00eame \u00e9l\u00e8ve. L&rsquo;un a re\u00e7u des menaces par \u00e9crit. L&rsquo;autre a \u00e9t\u00e9 victime d&rsquo;insultes \u00e0 caract\u00e8re homophobes et gifl\u00e9 \u00e0 la fin [&hellip;]\" \/>\n<meta property=\"og:url\" content=\"https:\/\/stourm.news\/?p=1495\" \/>\n<meta property=\"og:site_name\" content=\"STOURM\" \/>\n<meta property=\"article:publisher\" content=\"https:\/\/www.facebook.com\/stourmnews\/\" \/>\n<meta property=\"article:published_time\" content=\"2024-05-31T07:04:06+00:00\" \/>\n<meta property=\"og:image\" content=\"https:\/\/stourm.news\/wp-content\/uploads\/2024\/05\/1200x680_sc_5d1f0514cce26748651346.jpg\" \/>\n\t<meta property=\"og:image:width\" content=\"1024\" \/>\n\t<meta property=\"og:image:height\" content=\"580\" \/>\n\t<meta property=\"og:image:type\" content=\"image\/jpeg\" \/>\n<meta name=\"author\" content=\"La r\u00e9daction\" \/>\n<meta name=\"twitter:card\" content=\"summary_large_image\" \/>\n<meta name=\"twitter:label1\" content=\"\u00c9crit par\" \/>\n\t<meta name=\"twitter:data1\" content=\"La r\u00e9daction\" \/>\n\t<meta name=\"twitter:label2\" content=\"Dur\u00e9e de lecture estim\u00e9e\" \/>\n\t<meta name=\"twitter:data2\" content=\"1 minute\" \/>\n<script type=\"application\/ld+json\" class=\"yoast-schema-graph\">{\"@context\":\"https:\/\/schema.org\",\"@graph\":[{\"@type\":\"Article\",\"@id\":\"https:\/\/stourm.news\/?p=1495#article\",\"isPartOf\":{\"@id\":\"https:\/\/stourm.news\/?p=1495\"},\"author\":{\"name\":\"La r\u00e9daction\",\"@id\":\"https:\/\/stourm.news\/#\/schema\/person\/c3e1dc65988632e190969234ef046cf9\"},\"headline\":\"Foug\u00e8res : pas de cours au coll\u00e8ge Th\u00e9r\u00e8se Pierre apr\u00e8s l&rsquo;agression de 2 enseignants par un \u00e9l\u00e8ve de 13 ans\",\"datePublished\":\"2024-05-31T07:04:06+00:00\",\"mainEntityOfPage\":{\"@id\":\"https:\/\/stourm.news\/?p=1495\"},\"wordCount\":171,\"commentCount\":0,\"publisher\":{\"@id\":\"https:\/\/stourm.news\/#organization\"},\"image\":{\"@id\":\"https:\/\/stourm.news\/?p=1495#primaryimage\"},\"thumbnailUrl\":\"https:\/\/stourm.news\/wp-content\/uploads\/2024\/05\/1200x680_sc_5d1f0514cce26748651346.jpg\",\"articleSection\":[\"Agression\",\"Ille-et-Vilaine\",\"Revue de presse\"],\"inLanguage\":\"fr-FR\",\"potentialAction\":[{\"@type\":\"CommentAction\",\"name\":\"Comment\",\"target\":[\"https:\/\/stourm.news\/?p=1495#respond\"]}]},{\"@type\":\"WebPage\",\"@id\":\"https:\/\/stourm.news\/?p=1495\",\"url\":\"https:\/\/stourm.news\/?p=1495\",\"name\":\"Foug\u00e8res : pas de cours au coll\u00e8ge Th\u00e9r\u00e8se Pierre apr\u00e8s l'agression de 2 enseignants par un \u00e9l\u00e8ve de 13 ans - STOURM\",\"isPartOf\":{\"@id\":\"https:\/\/stourm.news\/#website\"},\"primaryImageOfPage\":{\"@id\":\"https:\/\/stourm.news\/?p=1495#primaryimage\"},\"image\":{\"@id\":\"https:\/\/stourm.news\/?p=1495#primaryimage\"},\"thumbnailUrl\":\"https:\/\/stourm.news\/wp-content\/uploads\/2024\/05\/1200x680_sc_5d1f0514cce26748651346.jpg\",\"datePublished\":\"2024-05-31T07:04:06+00:00\",\"breadcrumb\":{\"@id\":\"https:\/\/stourm.news\/?p=1495#breadcrumb\"},\"inLanguage\":\"fr-FR\",\"potentialAction\":[{\"@type\":\"ReadAction\",\"target\":[\"https:\/\/stourm.news\/?p=1495\"]}]},{\"@type\":\"ImageObject\",\"inLanguage\":\"fr-FR\",\"@id\":\"https:\/\/stourm.news\/?p=1495#primaryimage\",\"url\":\"https:\/\/stourm.news\/wp-content\/uploads\/2024\/05\/1200x680_sc_5d1f0514cce26748651346.jpg\",\"contentUrl\":\"https:\/\/stourm.news\/wp-content\/uploads\/2024\/05\/1200x680_sc_5d1f0514cce26748651346.jpg\",\"width\":1024,\"height\":580},{\"@type\":\"BreadcrumbList\",\"@id\":\"https:\/\/stourm.news\/?p=1495#breadcrumb\",\"itemListElement\":[{\"@type\":\"ListItem\",\"position\":1,\"name\":\"Accueil\",\"item\":\"https:\/\/stourm.news\/\"},{\"@type\":\"ListItem\",\"position\":2,\"name\":\"Foug\u00e8res : pas de cours au coll\u00e8ge Th\u00e9r\u00e8se Pierre apr\u00e8s l&rsquo;agression de 2 enseignants par un \u00e9l\u00e8ve de 13 ans\"}]},{\"@type\":\"WebSite\",\"@id\":\"https:\/\/stourm.news\/#website\",\"url\":\"https:\/\/stourm.news\/\",\"name\":\"Stourm\",\"description\":\"Kazetenn Strollad Broadel Breizh\",\"publisher\":{\"@id\":\"https:\/\/stourm.news\/#organization\"},\"potentialAction\":[{\"@type\":\"SearchAction\",\"target\":{\"@type\":\"EntryPoint\",\"urlTemplate\":\"https:\/\/stourm.news\/?s={search_term_string}\"},\"query-input\":{\"@type\":\"PropertyValueSpecification\",\"valueRequired\":true,\"valueName\":\"search_term_string\"}}],\"inLanguage\":\"fr-FR\"},{\"@type\":\"Organization\",\"@id\":\"https:\/\/stourm.news\/#organization\",\"name\":\"Stourm\",\"url\":\"https:\/\/stourm.news\/\",\"logo\":{\"@type\":\"ImageObject\",\"inLanguage\":\"fr-FR\",\"@id\":\"https:\/\/stourm.news\/#\/schema\/logo\/image\/\",\"url\":\"https:\/\/stourm.news\/wp-content\/uploads\/2025\/11\/cropped-Capture-decran-2025-11-28-a-15.19.07.png\",\"contentUrl\":\"https:\/\/stourm.news\/wp-content\/uploads\/2025\/11\/cropped-Capture-decran-2025-11-28-a-15.19.07.png\",\"width\":1855,\"height\":383,\"caption\":\"Stourm\"},\"image\":{\"@id\":\"https:\/\/stourm.news\/#\/schema\/logo\/image\/\"},\"sameAs\":[\"https:\/\/www.facebook.com\/stourmnews\/\"]},{\"@type\":\"Person\",\"@id\":\"https:\/\/stourm.news\/#\/schema\/person\/c3e1dc65988632e190969234ef046cf9\",\"name\":\"La r\u00e9daction\",\"image\":{\"@type\":\"ImageObject\",\"inLanguage\":\"fr-FR\",\"@id\":\"https:\/\/stourm.news\/#\/schema\/person\/image\/\",\"url\":\"https:\/\/secure.gravatar.com\/avatar\/7463443f194b6b5fb706b074ca0ef59a0cfcfd720cb47764b0ec5a952ce422b3?s=96&d=mm&r=g\",\"contentUrl\":\"https:\/\/secure.gravatar.com\/avatar\/7463443f194b6b5fb706b074ca0ef59a0cfcfd720cb47764b0ec5a952ce422b3?s=96&d=mm&r=g\",\"caption\":\"La r\u00e9daction\"},\"sameAs\":[\"https:\/\/stourm.news\"],\"url\":\"https:\/\/stourm.news\/?author=1\"}]}<\/script>\n<!-- \/ Yoast SEO plugin. -->","yoast_head_json":{"title":"Foug\u00e8res : pas de cours au coll\u00e8ge Th\u00e9r\u00e8se Pierre apr\u00e8s l'agression de 2 enseignants par un \u00e9l\u00e8ve de 13 ans - STOURM","robots":{"index":"index","follow":"follow","max-snippet":"max-snippet:-1","max-image-preview":"max-image-preview:large","max-video-preview":"max-video-preview:-1"},"canonical":"https:\/\/stourm.news\/?p=1495","og_locale":"fr_FR","og_type":"article","og_title":"Foug\u00e8res : pas de cours au coll\u00e8ge Th\u00e9r\u00e8se Pierre apr\u00e8s l'agression de 2 enseignants par un \u00e9l\u00e8ve de 13 ans - STOURM","og_description":"Les cours sont annul\u00e9s au coll\u00e8ge Th\u00e9r\u00e8se-Pierre de Foug\u00e8res (Ille-et-Vilaine) ce jeudi, \u00e0 cause des \u00e9v\u00e8nements de la semaine derni\u00e8re. Deux enseignants du coll\u00e8ge Th\u00e9r\u00e8se-Pierre de Foug\u00e8res (Ille-et-Vilaine) ont \u00e9t\u00e9 agress\u00e9s par le m\u00eame \u00e9l\u00e8ve. L&rsquo;un a re\u00e7u des menaces par \u00e9crit. L&rsquo;autre a \u00e9t\u00e9 victime d&rsquo;insultes \u00e0 caract\u00e8re homophobes et gifl\u00e9 \u00e0 la fin [&hellip;]","og_url":"https:\/\/stourm.news\/?p=1495","og_site_name":"STOURM","article_publisher":"https:\/\/www.facebook.com\/stourmnews\/","article_published_time":"2024-05-31T07:04:06+00:00","og_image":[{"width":1024,"height":580,"url":"https:\/\/stourm.news\/wp-content\/uploads\/2024\/05\/1200x680_sc_5d1f0514cce26748651346.jpg","type":"image\/jpeg"}],"author":"La r\u00e9daction","twitter_card":"summary_large_image","twitter_misc":{"\u00c9crit par":"La r\u00e9daction","Dur\u00e9e de lecture estim\u00e9e":"1 minute"},"schema":{"@context":"https:\/\/schema.org","@graph":[{"@type":"Article","@id":"https:\/\/stourm.news\/?p=1495#article","isPartOf":{"@id":"https:\/\/stourm.news\/?p=1495"},"author":{"name":"La r\u00e9daction","@id":"https:\/\/stourm.news\/#\/schema\/person\/c3e1dc65988632e190969234ef046cf9"},"headline":"Foug\u00e8res : pas de cours au coll\u00e8ge Th\u00e9r\u00e8se Pierre apr\u00e8s l&rsquo;agression de 2 enseignants par un \u00e9l\u00e8ve de 13 ans","datePublished":"2024-05-31T07:04:06+00:00","mainEntityOfPage":{"@id":"https:\/\/stourm.news\/?p=1495"},"wordCount":171,"commentCount":0,"publisher":{"@id":"https:\/\/stourm.news\/#organization"},"image":{"@id":"https:\/\/stourm.news\/?p=1495#primaryimage"},"thumbnailUrl":"https:\/\/stourm.news\/wp-content\/uploads\/2024\/05\/1200x680_sc_5d1f0514cce26748651346.jpg","articleSection":["Agression","Ille-et-Vilaine","Revue de presse"],"inLanguage":"fr-FR","potentialAction":[{"@type":"CommentAction","name":"Comment","target":["https:\/\/stourm.news\/?p=1495#respond"]}]},{"@type":"WebPage","@id":"https:\/\/stourm.news\/?p=1495","url":"https:\/\/stourm.news\/?p=1495","name":"Foug\u00e8res : pas de cours au coll\u00e8ge Th\u00e9r\u00e8se Pierre apr\u00e8s l'agression de 2 enseignants par un \u00e9l\u00e8ve de 13 ans - STOURM","isPartOf":{"@id":"https:\/\/stourm.news\/#website"},"primaryImageOfPage":{"@id":"https:\/\/stourm.news\/?p=1495#primaryimage"},"image":{"@id":"https:\/\/stourm.news\/?p=1495#primaryimage"},"thumbnailUrl":"https:\/\/stourm.news\/wp-content\/uploads\/2024\/05\/1200x680_sc_5d1f0514cce26748651346.jpg","datePublished":"2024-05-31T07:04:06+00:00","breadcrumb":{"@id":"https:\/\/stourm.news\/?p=1495#breadcrumb"},"inLanguage":"fr-FR","potentialAction":[{"@type":"ReadAction","target":["https:\/\/stourm.news\/?p=1495"]}]},{"@type":"ImageObject","inLanguage":"fr-FR","@id":"https:\/\/stourm.news\/?p=1495#primaryimage","url":"https:\/\/stourm.news\/wp-content\/uploads\/2024\/05\/1200x680_sc_5d1f0514cce26748651346.jpg","contentUrl":"https:\/\/stourm.news\/wp-content\/uploads\/2024\/05\/1200x680_sc_5d1f0514cce26748651346.jpg","width":1024,"height":580},{"@type":"BreadcrumbList","@id":"https:\/\/stourm.news\/?p=1495#breadcrumb","itemListElement":[{"@type":"ListItem","position":1,"name":"Accueil","item":"https:\/\/stourm.news\/"},{"@type":"ListItem","position":2,"name":"Foug\u00e8res : pas de cours au coll\u00e8ge Th\u00e9r\u00e8se Pierre apr\u00e8s l&rsquo;agression de 2 enseignants par un \u00e9l\u00e8ve de 13 ans"}]},{"@type":"WebSite","@id":"https:\/\/stourm.news\/#website","url":"https:\/\/stourm.news\/","name":"Stourm","description":"Kazetenn Strollad Broadel Breizh","publisher":{"@id":"https:\/\/stourm.news\/#organization"},"potentialAction":[{"@type":"SearchAction","target":{"@type":"EntryPoint","urlTemplate":"https:\/\/stourm.news\/?s={search_term_string}"},"query-input":{"@type":"PropertyValueSpecification","valueRequired":true,"valueName":"search_term_string"}}],"inLanguage":"fr-FR"},{"@type":"Organization","@id":"https:\/\/stourm.news\/#organization","name":"Stourm","url":"https:\/\/stourm.news\/","logo":{"@type":"ImageObject","inLanguage":"fr-FR","@id":"https:\/\/stourm.news\/#\/schema\/logo\/image\/","url":"https:\/\/stourm.news\/wp-content\/uploads\/2025\/11\/cropped-Capture-decran-2025-11-28-a-15.19.07.png","contentUrl":"https:\/\/stourm.news\/wp-content\/uploads\/2025\/11\/cropped-Capture-decran-2025-11-28-a-15.19.07.png","width":1855,"height":383,"caption":"Stourm"},"image":{"@id":"https:\/\/stourm.news\/#\/schema\/logo\/image\/"},"sameAs":["https:\/\/www.facebook.com\/stourmnews\/"]},{"@type":"Person","@id":"https:\/\/stourm.news\/#\/schema\/person\/c3e1dc65988632e190969234ef046cf9","name":"La r\u00e9daction","image":{"@type":"ImageObject","inLanguage":"fr-FR","@id":"https:\/\/stourm.news\/#\/schema\/person\/image\/","url":"https:\/\/secure.gravatar.com\/avatar\/7463443f194b6b5fb706b074ca0ef59a0cfcfd720cb47764b0ec5a952ce422b3?s=96&d=mm&r=g","contentUrl":"https:\/\/secure.gravatar.com\/avatar\/7463443f194b6b5fb706b074ca0ef59a0cfcfd720cb47764b0ec5a952ce422b3?s=96&d=mm&r=g","caption":"La r\u00e9daction"},"sameAs":["https:\/\/stourm.news"],"url":"https:\/\/stourm.news\/?author=1"}]}},"_links":{"self":[{"href":"https:\/\/stourm.news\/index.php?rest_route=\/wp\/v2\/posts\/1495","targetHints":{"allow":["GET"]}}],"collection":[{"href":"https:\/\/stourm.news\/index.php?rest_route=\/wp\/v2\/posts"}],"about":[{"href":"https:\/\/stourm.news\/index.php?rest_route=\/wp\/v2\/types\/post"}],"author":[{"embeddable":true,"href":"https:\/\/stourm.news\/index.php?rest_route=\/wp\/v2\/users\/1"}],"replies":[{"embeddable":true,"href":"https:\/\/stourm.news\/index.php?rest_route=%2Fwp%2Fv2%2Fcomments&post=1495"}],"version-history":[{"count":1,"href":"https:\/\/stourm.news\/index.php?rest_route=\/wp\/v2\/posts\/1495\/revisions"}],"predecessor-version":[{"id":1497,"href":"https:\/\/stourm.news\/index.php?rest_route=\/wp\/v2\/posts\/1495\/revisions\/1497"}],"wp:featuredmedia":[{"embeddable":true,"href":"https:\/\/stourm.news\/index.php?rest_route=\/wp\/v2\/media\/1496"}],"wp:attachment":[{"href":"https:\/\/stourm.news\/index.php?rest_route=%2Fwp%2Fv2%2Fmedia&parent=1495"}],"wp:term":[{"taxonomy":"category","embeddable":true,"href":"https:\/\/stourm.news\/index.php?rest_route=%2Fwp%2Fv2%2Fcategories&post=1495"},{"taxonomy":"post_tag","embeddable":true,"href":"https:\/\/stourm.news\/index.php?rest_route=%2Fwp%2Fv2%2Ftags&post=1495"}],"curies":[{"name":"wp","href":"https:\/\/api.w.org\/{rel}","templated":true}]}}