{"id":1498,"date":"2024-05-31T07:14:48","date_gmt":"2024-05-31T07:14:48","guid":{"rendered":"https:\/\/stourm.news\/?p=1498"},"modified":"2024-05-31T07:14:48","modified_gmt":"2024-05-31T07:14:48","slug":"la-francisation-de-la-toponymie-bretonne-sintensifie-sous-pression-de-letat-francais-lassociation-koun-breizh-se-mobilise","status":"publish","type":"post","link":"https:\/\/stourm.news\/?p=1498","title":{"rendered":"La francisation de la toponymie bretonne s&rsquo;intensifie sous pression de l&rsquo;Etat fran\u00e7ais, l&rsquo;association Koun Breizh se mobilise"},"content":{"rendered":"<p style=\"text-align: justify;\">Les p\u00e9licans et les albatros n\u2019ont pas encore fait leur apparition dans l\u2019Hexagone. Ces oiseaux donnent pourtant leurs noms \u00e0 plusieurs rues en Bretagne. Ces choix <strong>fantaisistes<\/strong> ne font pas vraiment rire l\u2019association Koun Breizh, m\u00e9moire de Bretagne, qui d\u00e9nonce une tendance de fond inqui\u00e9tante :<strong> la francisation des campagnes<\/strong>. De moins en moins de noms de rue sont en breton. Cela s\u2019est accentu\u00e9 avec l\u2019application de la loi 3DS (vot\u00e9e en f\u00e9vrier 2022) qui impose \u00e0 toutes les communes de d\u00e9nommer les voies et les lieux-dits, et de donner un num\u00e9ro \u00e0 chaque usager.<\/p>\n<p style=\"text-align: justify;\">\u00c0 ce jour, en France, 1,6 million de foyers ne disposent pas d\u2019adresse pr\u00e9cise. Les communes ont jusqu\u2019au 1er juin pour se mettre en r\u00e8gle et la Bretagne n\u2019est pas la r\u00e9gion la plus \u00e0 la tra\u00eene. Il y a n\u00e9anmoins fort \u00e0 faire, car l\u2019habitat y est particuli\u00e8rement dispers\u00e9 avec beaucoup de lieux-dits et hameaux. Selon la direction du groupe La Poste en Bretagne, \u00ab les enjeux relatifs \u00e0 l\u2019adressage sont nombreux : permettre l\u2019intervention rapide des services d\u2019urgence, garantir l\u2019acheminement des lettres et des colis, les services \u00e0 domicile, assurer la navigation GPS et acc\u00e9der au d\u00e9ploiement de la fibre \u00bb.<\/p>\n<p style=\"text-align: justify;\"><strong>\u00ab Les Bretons ont perdu la connaissance de leur langue \u00bb<\/strong><\/p>\n<p style=\"text-align: justify;\">\u00c0 Baden, dans le Morbihan, toutes les voies n\u2019ont pas encore \u00e9t\u00e9 baptis\u00e9es. \u00ab On essaye de faire \u00e7a au fur et \u00e0 mesure, mais \u00e7a prend du temps \u00bb, justifie Yannick Le Helley, adjoint au maire. Ce mardi, Jean-Claude Le Ruyet, \u00e9crivain et membre de l\u2019association Koun Breizh, est venu l\u2019alerter sur les risques de standardisation des adresses <strong>au d\u00e9triment de la langue bretonne<\/strong>. D\u2019ailleurs, afin d\u2019en d\u00e9battre, Koun Breizh et Bretagne Majeure organisent une conf\u00e9rence sur la toponymie bretonne en danger le 1er juin \u00e0 Vannes.<\/p>\n<p style=\"text-align: justify;\">\u00ab Quand des lotissements se construisent, l\u2019am\u00e9nageur sugg\u00e8re souvent des noms. Sinon, ce sont les habitants qui proposent des noms de fleurs, d\u2019\u00eeles, d\u2019oiseaux mais pas beaucoup de breton \u00bb, conc\u00e8de Yannick Le Helley. Le choix d\u00e9finitif revient au conseil municipal. <strong>\u00ab Les Bretons ont perdu la connaissance de leur langue \u00bb<\/strong>, se d\u00e9sesp\u00e8re Jean-Claude Le Ruyet. Selon Koun Breizh, les communes qui appliquent la loi, en lien avec La Poste, adoptent souvent des noms fran\u00e7ais pour les nouvelles voies, ce qui conduit \u00e0 la disparition des lieux-dits en langue r\u00e9gionale. <strong>Le danger serait tel que l\u2019association a demand\u00e9 r\u00e9cemment l\u2019inscription en urgence des lieux-dits bretons au Patrimoine immat\u00e9riel de l\u2019Unesco.<\/strong><\/p>\n<p style=\"text-align: justify;\">D\u00e9j\u00e0, en 2019, plusieurs associations et artistes bretons s\u2019\u00e9taient \u00e9mus<strong> de cette francisation<\/strong>. Une manifestation avait \u00e9t\u00e9 organis\u00e9e \u00e0 Telgruc-sur-Mer (Finist\u00e8re). Depuis, l\u2019Office de la langue bretonne accompagne les communes qui souhaitent pr\u00e9server<strong> la toponymie historique<\/strong>. La Poste, qui propose aux communes un service d\u2019aide \u00e0 la d\u00e9nomination et num\u00e9rotation des voies, explique que, si \u00ab les langues r\u00e9gionales peuvent s\u2019int\u00e9grer dans le nom de la voie, le type de voie doit \u00eatre en fran\u00e7ais \u00bb, la langue de la R\u00e9publique \u00e9tant le fran\u00e7ais. Un avis qui ne fait pas l\u2019unanimit\u00e9.<\/p>\n<p>Source : <a href=\"https:\/\/www.leparisien.fr\/morbihan-56\/francisation-des-campagnes-de-moins-en-moins-de-rues-portent-un-nom-breton-30-05-2024-MY3ZJSU6MVGN5M4U5QAJTIQAKI.php\">Le Parisien<\/a><\/p>\n<p>&nbsp;<\/p>\n","protected":false},"excerpt":{"rendered":"<p>Les p\u00e9licans et les albatros n\u2019ont pas encore fait leur apparition dans l\u2019Hexagone. Ces oiseaux donnent pourtant leurs noms \u00e0 plusieurs rues en Bretagne. Ces choix fantaisistes ne font pas vraiment rire l\u2019association Koun Breizh, m\u00e9moire de Bretagne, qui d\u00e9nonce une tendance de fond inqui\u00e9tante : la francisation des campagnes. De moins en moins de [&hellip;]<\/p>\n","protected":false},"author":1,"featured_media":1499,"comment_status":"open","ping_status":"open","sticky":false,"template":"","format":"standard","meta":{"sb_editor_width":"","footnotes":""},"categories":[58,43,65],"tags":[],"class_list":["post-1498","post","type-post","status-publish","format-standard","has-post-thumbnail","hentry","category-breizh","category-culture-bretonne","category-principale"],"relative_dates":{"created":"2 ans ago","modified":"2 ans ago"},"yoast_head":"<!-- This site is optimized with the Yoast SEO plugin v26.3 - https:\/\/yoast.com\/wordpress\/plugins\/seo\/ -->\n<title>La francisation de la toponymie bretonne s&#039;intensifie sous pression de l&#039;Etat fran\u00e7ais, l&#039;association Koun Breizh se mobilise - STOURM<\/title>\n<meta name=\"robots\" content=\"index, follow, max-snippet:-1, max-image-preview:large, max-video-preview:-1\" \/>\n<link rel=\"canonical\" href=\"https:\/\/stourm.news\/?p=1498\" \/>\n<meta property=\"og:locale\" content=\"fr_FR\" \/>\n<meta property=\"og:type\" content=\"article\" \/>\n<meta property=\"og:title\" content=\"La francisation de la toponymie bretonne s&#039;intensifie sous pression de l&#039;Etat fran\u00e7ais, l&#039;association Koun Breizh se mobilise - STOURM\" \/>\n<meta property=\"og:description\" content=\"Les p\u00e9licans et les albatros n\u2019ont pas encore fait leur apparition dans l\u2019Hexagone. Ces oiseaux donnent pourtant leurs noms \u00e0 plusieurs rues en Bretagne. Ces choix fantaisistes ne font pas vraiment rire l\u2019association Koun Breizh, m\u00e9moire de Bretagne, qui d\u00e9nonce une tendance de fond inqui\u00e9tante : la francisation des campagnes. De moins en moins de [&hellip;]\" \/>\n<meta property=\"og:url\" content=\"https:\/\/stourm.news\/?p=1498\" \/>\n<meta property=\"og:site_name\" content=\"STOURM\" \/>\n<meta property=\"article:publisher\" content=\"https:\/\/www.facebook.com\/stourmnews\/\" \/>\n<meta property=\"article:published_time\" content=\"2024-05-31T07:14:48+00:00\" \/>\n<meta property=\"og:image\" content=\"https:\/\/stourm.news\/wp-content\/uploads\/2024\/05\/c2dd32b8-c6c8-4b2a-8417-394fd208aa9e.jpg\" \/>\n\t<meta property=\"og:image:width\" content=\"932\" \/>\n\t<meta property=\"og:image:height\" content=\"582\" \/>\n\t<meta property=\"og:image:type\" content=\"image\/jpeg\" \/>\n<meta name=\"author\" content=\"La r\u00e9daction\" \/>\n<meta name=\"twitter:card\" content=\"summary_large_image\" \/>\n<meta name=\"twitter:label1\" content=\"\u00c9crit par\" \/>\n\t<meta name=\"twitter:data1\" content=\"La r\u00e9daction\" \/>\n\t<meta name=\"twitter:label2\" content=\"Dur\u00e9e de lecture estim\u00e9e\" \/>\n\t<meta name=\"twitter:data2\" content=\"3 minutes\" \/>\n<script type=\"application\/ld+json\" class=\"yoast-schema-graph\">{\"@context\":\"https:\/\/schema.org\",\"@graph\":[{\"@type\":\"Article\",\"@id\":\"https:\/\/stourm.news\/?p=1498#article\",\"isPartOf\":{\"@id\":\"https:\/\/stourm.news\/?p=1498\"},\"author\":{\"name\":\"La r\u00e9daction\",\"@id\":\"https:\/\/stourm.news\/#\/schema\/person\/c3e1dc65988632e190969234ef046cf9\"},\"headline\":\"La francisation de la toponymie bretonne s&rsquo;intensifie sous pression de l&rsquo;Etat fran\u00e7ais, l&rsquo;association Koun Breizh se mobilise\",\"datePublished\":\"2024-05-31T07:14:48+00:00\",\"mainEntityOfPage\":{\"@id\":\"https:\/\/stourm.news\/?p=1498\"},\"wordCount\":563,\"commentCount\":0,\"publisher\":{\"@id\":\"https:\/\/stourm.news\/#organization\"},\"image\":{\"@id\":\"https:\/\/stourm.news\/?p=1498#primaryimage\"},\"thumbnailUrl\":\"https:\/\/stourm.news\/wp-content\/uploads\/2024\/05\/c2dd32b8-c6c8-4b2a-8417-394fd208aa9e.jpg\",\"articleSection\":[\"Breizh\",\"Culture bretonne\",\"Principale\"],\"inLanguage\":\"fr-FR\",\"potentialAction\":[{\"@type\":\"CommentAction\",\"name\":\"Comment\",\"target\":[\"https:\/\/stourm.news\/?p=1498#respond\"]}]},{\"@type\":\"WebPage\",\"@id\":\"https:\/\/stourm.news\/?p=1498\",\"url\":\"https:\/\/stourm.news\/?p=1498\",\"name\":\"La francisation de la toponymie bretonne s'intensifie sous pression de l'Etat fran\u00e7ais, l'association Koun Breizh se mobilise - STOURM\",\"isPartOf\":{\"@id\":\"https:\/\/stourm.news\/#website\"},\"primaryImageOfPage\":{\"@id\":\"https:\/\/stourm.news\/?p=1498#primaryimage\"},\"image\":{\"@id\":\"https:\/\/stourm.news\/?p=1498#primaryimage\"},\"thumbnailUrl\":\"https:\/\/stourm.news\/wp-content\/uploads\/2024\/05\/c2dd32b8-c6c8-4b2a-8417-394fd208aa9e.jpg\",\"datePublished\":\"2024-05-31T07:14:48+00:00\",\"breadcrumb\":{\"@id\":\"https:\/\/stourm.news\/?p=1498#breadcrumb\"},\"inLanguage\":\"fr-FR\",\"potentialAction\":[{\"@type\":\"ReadAction\",\"target\":[\"https:\/\/stourm.news\/?p=1498\"]}]},{\"@type\":\"ImageObject\",\"inLanguage\":\"fr-FR\",\"@id\":\"https:\/\/stourm.news\/?p=1498#primaryimage\",\"url\":\"https:\/\/stourm.news\/wp-content\/uploads\/2024\/05\/c2dd32b8-c6c8-4b2a-8417-394fd208aa9e.jpg\",\"contentUrl\":\"https:\/\/stourm.news\/wp-content\/uploads\/2024\/05\/c2dd32b8-c6c8-4b2a-8417-394fd208aa9e.jpg\",\"width\":932,\"height\":582,\"caption\":\"Avec son association Koun Breizh, Jean-Claude Le Ruyet d\u00e9nonce la d\u00e9bretonnisation des noms de lieux dans la r\u00e9gion\"},{\"@type\":\"BreadcrumbList\",\"@id\":\"https:\/\/stourm.news\/?p=1498#breadcrumb\",\"itemListElement\":[{\"@type\":\"ListItem\",\"position\":1,\"name\":\"Accueil\",\"item\":\"https:\/\/stourm.news\/\"},{\"@type\":\"ListItem\",\"position\":2,\"name\":\"La francisation de la toponymie bretonne s&rsquo;intensifie sous pression de l&rsquo;Etat fran\u00e7ais, l&rsquo;association Koun Breizh se mobilise\"}]},{\"@type\":\"WebSite\",\"@id\":\"https:\/\/stourm.news\/#website\",\"url\":\"https:\/\/stourm.news\/\",\"name\":\"Stourm\",\"description\":\"Kazetenn Strollad Broadel Breizh\",\"publisher\":{\"@id\":\"https:\/\/stourm.news\/#organization\"},\"potentialAction\":[{\"@type\":\"SearchAction\",\"target\":{\"@type\":\"EntryPoint\",\"urlTemplate\":\"https:\/\/stourm.news\/?s={search_term_string}\"},\"query-input\":{\"@type\":\"PropertyValueSpecification\",\"valueRequired\":true,\"valueName\":\"search_term_string\"}}],\"inLanguage\":\"fr-FR\"},{\"@type\":\"Organization\",\"@id\":\"https:\/\/stourm.news\/#organization\",\"name\":\"Stourm\",\"url\":\"https:\/\/stourm.news\/\",\"logo\":{\"@type\":\"ImageObject\",\"inLanguage\":\"fr-FR\",\"@id\":\"https:\/\/stourm.news\/#\/schema\/logo\/image\/\",\"url\":\"https:\/\/stourm.news\/wp-content\/uploads\/2025\/11\/cropped-Capture-decran-2025-11-28-a-15.19.07.png\",\"contentUrl\":\"https:\/\/stourm.news\/wp-content\/uploads\/2025\/11\/cropped-Capture-decran-2025-11-28-a-15.19.07.png\",\"width\":1855,\"height\":383,\"caption\":\"Stourm\"},\"image\":{\"@id\":\"https:\/\/stourm.news\/#\/schema\/logo\/image\/\"},\"sameAs\":[\"https:\/\/www.facebook.com\/stourmnews\/\"]},{\"@type\":\"Person\",\"@id\":\"https:\/\/stourm.news\/#\/schema\/person\/c3e1dc65988632e190969234ef046cf9\",\"name\":\"La r\u00e9daction\",\"image\":{\"@type\":\"ImageObject\",\"inLanguage\":\"fr-FR\",\"@id\":\"https:\/\/stourm.news\/#\/schema\/person\/image\/\",\"url\":\"https:\/\/secure.gravatar.com\/avatar\/7463443f194b6b5fb706b074ca0ef59a0cfcfd720cb47764b0ec5a952ce422b3?s=96&d=mm&r=g\",\"contentUrl\":\"https:\/\/secure.gravatar.com\/avatar\/7463443f194b6b5fb706b074ca0ef59a0cfcfd720cb47764b0ec5a952ce422b3?s=96&d=mm&r=g\",\"caption\":\"La r\u00e9daction\"},\"sameAs\":[\"https:\/\/stourm.news\"],\"url\":\"https:\/\/stourm.news\/?author=1\"}]}<\/script>\n<!-- \/ Yoast SEO plugin. -->","yoast_head_json":{"title":"La francisation de la toponymie bretonne s'intensifie sous pression de l'Etat fran\u00e7ais, l'association Koun Breizh se mobilise - STOURM","robots":{"index":"index","follow":"follow","max-snippet":"max-snippet:-1","max-image-preview":"max-image-preview:large","max-video-preview":"max-video-preview:-1"},"canonical":"https:\/\/stourm.news\/?p=1498","og_locale":"fr_FR","og_type":"article","og_title":"La francisation de la toponymie bretonne s'intensifie sous pression de l'Etat fran\u00e7ais, l'association Koun Breizh se mobilise - STOURM","og_description":"Les p\u00e9licans et les albatros n\u2019ont pas encore fait leur apparition dans l\u2019Hexagone. Ces oiseaux donnent pourtant leurs noms \u00e0 plusieurs rues en Bretagne. Ces choix fantaisistes ne font pas vraiment rire l\u2019association Koun Breizh, m\u00e9moire de Bretagne, qui d\u00e9nonce une tendance de fond inqui\u00e9tante : la francisation des campagnes. De moins en moins de [&hellip;]","og_url":"https:\/\/stourm.news\/?p=1498","og_site_name":"STOURM","article_publisher":"https:\/\/www.facebook.com\/stourmnews\/","article_published_time":"2024-05-31T07:14:48+00:00","og_image":[{"width":932,"height":582,"url":"https:\/\/stourm.news\/wp-content\/uploads\/2024\/05\/c2dd32b8-c6c8-4b2a-8417-394fd208aa9e.jpg","type":"image\/jpeg"}],"author":"La r\u00e9daction","twitter_card":"summary_large_image","twitter_misc":{"\u00c9crit par":"La r\u00e9daction","Dur\u00e9e de lecture estim\u00e9e":"3 minutes"},"schema":{"@context":"https:\/\/schema.org","@graph":[{"@type":"Article","@id":"https:\/\/stourm.news\/?p=1498#article","isPartOf":{"@id":"https:\/\/stourm.news\/?p=1498"},"author":{"name":"La r\u00e9daction","@id":"https:\/\/stourm.news\/#\/schema\/person\/c3e1dc65988632e190969234ef046cf9"},"headline":"La francisation de la toponymie bretonne s&rsquo;intensifie sous pression de l&rsquo;Etat fran\u00e7ais, l&rsquo;association Koun Breizh se mobilise","datePublished":"2024-05-31T07:14:48+00:00","mainEntityOfPage":{"@id":"https:\/\/stourm.news\/?p=1498"},"wordCount":563,"commentCount":0,"publisher":{"@id":"https:\/\/stourm.news\/#organization"},"image":{"@id":"https:\/\/stourm.news\/?p=1498#primaryimage"},"thumbnailUrl":"https:\/\/stourm.news\/wp-content\/uploads\/2024\/05\/c2dd32b8-c6c8-4b2a-8417-394fd208aa9e.jpg","articleSection":["Breizh","Culture bretonne","Principale"],"inLanguage":"fr-FR","potentialAction":[{"@type":"CommentAction","name":"Comment","target":["https:\/\/stourm.news\/?p=1498#respond"]}]},{"@type":"WebPage","@id":"https:\/\/stourm.news\/?p=1498","url":"https:\/\/stourm.news\/?p=1498","name":"La francisation de la toponymie bretonne s'intensifie sous pression de l'Etat fran\u00e7ais, l'association Koun Breizh se mobilise - STOURM","isPartOf":{"@id":"https:\/\/stourm.news\/#website"},"primaryImageOfPage":{"@id":"https:\/\/stourm.news\/?p=1498#primaryimage"},"image":{"@id":"https:\/\/stourm.news\/?p=1498#primaryimage"},"thumbnailUrl":"https:\/\/stourm.news\/wp-content\/uploads\/2024\/05\/c2dd32b8-c6c8-4b2a-8417-394fd208aa9e.jpg","datePublished":"2024-05-31T07:14:48+00:00","breadcrumb":{"@id":"https:\/\/stourm.news\/?p=1498#breadcrumb"},"inLanguage":"fr-FR","potentialAction":[{"@type":"ReadAction","target":["https:\/\/stourm.news\/?p=1498"]}]},{"@type":"ImageObject","inLanguage":"fr-FR","@id":"https:\/\/stourm.news\/?p=1498#primaryimage","url":"https:\/\/stourm.news\/wp-content\/uploads\/2024\/05\/c2dd32b8-c6c8-4b2a-8417-394fd208aa9e.jpg","contentUrl":"https:\/\/stourm.news\/wp-content\/uploads\/2024\/05\/c2dd32b8-c6c8-4b2a-8417-394fd208aa9e.jpg","width":932,"height":582,"caption":"Avec son association Koun Breizh, Jean-Claude Le Ruyet d\u00e9nonce la d\u00e9bretonnisation des noms de lieux dans la r\u00e9gion"},{"@type":"BreadcrumbList","@id":"https:\/\/stourm.news\/?p=1498#breadcrumb","itemListElement":[{"@type":"ListItem","position":1,"name":"Accueil","item":"https:\/\/stourm.news\/"},{"@type":"ListItem","position":2,"name":"La francisation de la toponymie bretonne s&rsquo;intensifie sous pression de l&rsquo;Etat fran\u00e7ais, l&rsquo;association Koun Breizh se mobilise"}]},{"@type":"WebSite","@id":"https:\/\/stourm.news\/#website","url":"https:\/\/stourm.news\/","name":"Stourm","description":"Kazetenn Strollad Broadel Breizh","publisher":{"@id":"https:\/\/stourm.news\/#organization"},"potentialAction":[{"@type":"SearchAction","target":{"@type":"EntryPoint","urlTemplate":"https:\/\/stourm.news\/?s={search_term_string}"},"query-input":{"@type":"PropertyValueSpecification","valueRequired":true,"valueName":"search_term_string"}}],"inLanguage":"fr-FR"},{"@type":"Organization","@id":"https:\/\/stourm.news\/#organization","name":"Stourm","url":"https:\/\/stourm.news\/","logo":{"@type":"ImageObject","inLanguage":"fr-FR","@id":"https:\/\/stourm.news\/#\/schema\/logo\/image\/","url":"https:\/\/stourm.news\/wp-content\/uploads\/2025\/11\/cropped-Capture-decran-2025-11-28-a-15.19.07.png","contentUrl":"https:\/\/stourm.news\/wp-content\/uploads\/2025\/11\/cropped-Capture-decran-2025-11-28-a-15.19.07.png","width":1855,"height":383,"caption":"Stourm"},"image":{"@id":"https:\/\/stourm.news\/#\/schema\/logo\/image\/"},"sameAs":["https:\/\/www.facebook.com\/stourmnews\/"]},{"@type":"Person","@id":"https:\/\/stourm.news\/#\/schema\/person\/c3e1dc65988632e190969234ef046cf9","name":"La r\u00e9daction","image":{"@type":"ImageObject","inLanguage":"fr-FR","@id":"https:\/\/stourm.news\/#\/schema\/person\/image\/","url":"https:\/\/secure.gravatar.com\/avatar\/7463443f194b6b5fb706b074ca0ef59a0cfcfd720cb47764b0ec5a952ce422b3?s=96&d=mm&r=g","contentUrl":"https:\/\/secure.gravatar.com\/avatar\/7463443f194b6b5fb706b074ca0ef59a0cfcfd720cb47764b0ec5a952ce422b3?s=96&d=mm&r=g","caption":"La r\u00e9daction"},"sameAs":["https:\/\/stourm.news"],"url":"https:\/\/stourm.news\/?author=1"}]}},"_links":{"self":[{"href":"https:\/\/stourm.news\/index.php?rest_route=\/wp\/v2\/posts\/1498","targetHints":{"allow":["GET"]}}],"collection":[{"href":"https:\/\/stourm.news\/index.php?rest_route=\/wp\/v2\/posts"}],"about":[{"href":"https:\/\/stourm.news\/index.php?rest_route=\/wp\/v2\/types\/post"}],"author":[{"embeddable":true,"href":"https:\/\/stourm.news\/index.php?rest_route=\/wp\/v2\/users\/1"}],"replies":[{"embeddable":true,"href":"https:\/\/stourm.news\/index.php?rest_route=%2Fwp%2Fv2%2Fcomments&post=1498"}],"version-history":[{"count":1,"href":"https:\/\/stourm.news\/index.php?rest_route=\/wp\/v2\/posts\/1498\/revisions"}],"predecessor-version":[{"id":1500,"href":"https:\/\/stourm.news\/index.php?rest_route=\/wp\/v2\/posts\/1498\/revisions\/1500"}],"wp:featuredmedia":[{"embeddable":true,"href":"https:\/\/stourm.news\/index.php?rest_route=\/wp\/v2\/media\/1499"}],"wp:attachment":[{"href":"https:\/\/stourm.news\/index.php?rest_route=%2Fwp%2Fv2%2Fmedia&parent=1498"}],"wp:term":[{"taxonomy":"category","embeddable":true,"href":"https:\/\/stourm.news\/index.php?rest_route=%2Fwp%2Fv2%2Fcategories&post=1498"},{"taxonomy":"post_tag","embeddable":true,"href":"https:\/\/stourm.news\/index.php?rest_route=%2Fwp%2Fv2%2Ftags&post=1498"}],"curies":[{"name":"wp","href":"https:\/\/api.w.org\/{rel}","templated":true}]}}