{"id":1501,"date":"2024-05-31T07:38:41","date_gmt":"2024-05-31T07:38:41","guid":{"rendered":"https:\/\/stourm.news\/?p=1501"},"modified":"2024-06-21T05:36:34","modified_gmt":"2024-06-21T05:36:34","slug":"tribune-pour-sauver-notre-toponymie-bretonne-yvon-ollivier","status":"publish","type":"post","link":"https:\/\/stourm.news\/?p=1501","title":{"rendered":"Tribune pour sauver notre toponymie bretonne (Yvon Ollivier)"},"content":{"rendered":"<p style=\"text-align: justify;\"><strong>L\u2019Unesco<\/strong> vient d\u2019ouvrir <strong>une proc\u00e9dure<\/strong> suite \u00e0 la demande formul\u00e9e par<strong> l\u2019association Koun Breizh<\/strong> aux fins de classement en urgence \u00e0 l\u2019inventaire du patrimoine immat\u00e9riel menac\u00e9 de <strong>notre toponymie bretonne<\/strong>. L\u2019\u00c9tat fran\u00e7ais devra fournir quelques <strong>explications<\/strong> sur les d\u00e9g\u00e2ts constat\u00e9s et largement li\u00e9s \u00e0 l\u2019application de la loi 3DS. En faisant obligation de d\u00e9nommer toutes les voies, la loi 3DS a plac\u00e9 les petites communes en grande difficult\u00e9, les contraignant \u00e0 contractualiser avec La Poste la mise en \u0153uvre d\u2019un nouvel adressage. Et nous d\u00e9plorons des situations disparates, <strong>o\u00f9 des lieux-dits mill\u00e9naires en langue bretonne<\/strong> sortent de l\u2019adressage, remplac\u00e9s par des noms hors-sol <strong>en langue fran\u00e7aise<\/strong>, ou \u00e0 des m\u00e9langes absurdes de breton et de fran\u00e7ais. On nous a dit qu\u2019il s\u2019agissait de faciliter les secours ou de d\u00e9velopper le r\u00e9seau internet,<strong> comme si la modernit\u00e9 n\u2019\u00e9tait pas conciliable avec notre langue<\/strong>. Et pendant ce temps-l\u00e0, on ferme les h\u00f4pitaux en Bretagne !<\/p>\n<p style=\"text-align: justify;\">Les bonnes pratiques sont connues et ont \u00e9t\u00e9 rappel\u00e9es par l\u2019Office de la langue bretonne. Il est possible de <strong>pr\u00e9server<\/strong> tous nos lieux-dits en langue bretonne, en attribuant un num\u00e9ro \u00e0 chaque habitation et en utilisant de nouveaux noms bretons tir\u00e9s du cadastre napol\u00e9onien en cas de densification.<\/p>\n<p style=\"text-align: justify;\"><strong>Notre vieux pays est breton<\/strong> et nous tenons \u00e0 ce qu\u2019il le demeure. C\u2019est notre avantage dans ce monde uniformis\u00e9 ou les diff\u00e9rences tendent \u00e0 dispara\u00eetre.<\/p>\n<p style=\"text-align: justify;\">Nous ne donnerons pas envie \u00e0 nos jeunes d\u2019apprendre le breton <strong>si la langue dispara\u00eet<\/strong> de notre territoire, <strong>remplac\u00e9e par le fran\u00e7ais<\/strong>. La langue bretonne est ce qui nous <strong>relie<\/strong>, avec notre terre et notre histoire.<\/p>\n<p style=\"text-align: justify;\">Sans doute devons-nous d\u00e9plorer <strong>un manque de confiance en nous-m\u00eames<\/strong>, comme s\u2019il \u00e9tait normal que notre vieille langue s\u2019efface pour permettre \u00e0 ceux qui viennent d\u2019ailleurs de comprendre. C\u2019\u00e9tait la raison qui fut avanc\u00e9e \u00e0 Saint-Evarzec, il y a bien longtemps, pour <strong>d\u00e9bretonniser<\/strong> quelques rues. <strong>Or c\u2019est \u00e0 ceux qui viennent d\u2019ailleurs de s\u2019adapter \u00e0 notre culture, \u00e0 notre langue. Si vous cherchez un bracelet. Il y en a pour tous les looks, du pr\u00e8s du corps au structur\u00e9, des poignets \u00e0 la cha\u00eene. <a href=\"https:\/\/www.high-endrolex.com\/\">chain bracelet<\/a> et des poignets.<\/strong><\/p>\n<p style=\"text-align: justify;\">Le 1er juin prochain, \u00e0 Vannes, \u00e0 14 heures, se tiendra une conf\u00e9rence organis\u00e9e par le mouvement culturel breton sur la toponymie bretonne en danger. Nous tenterons <strong>d\u2019\u00e9valuer les d\u00e9g\u00e2ts<\/strong> avec les \u00e9l\u00e9ments dont nous disposons. Nous compterons sur l\u2019Office public de la langue bretonne, qui dispose de moyens importants et qui accomplit un gros travail, pour croiser nos donn\u00e9es et obtenir la photographie la plus fiable possible. Ces \u00e9l\u00e9ments seront fournis \u00e0 l\u2019Unesco.<\/p>\n<p style=\"text-align: justify;\">Nous esp\u00e9rons un engagement fort de l\u2019ensemble de nos responsables politiques, afin de r\u00e9gulariser au plus vite la situation. Le pr\u00e9sident de la r\u00e9gion Bretagne, Loig Chesnais-Girard est invit\u00e9 ainsi que le directeur g\u00e9n\u00e9ral de la poste, Philipe Wahl. Nous comptons \u00e9galement sur La Poste pour remettre les choses en l\u2019\u00e9tat. Nous voulons croire que l\u2019objet de cette entreprise consiste plus \u00e0 relier les hommes qu\u2019\u00e0 d\u00e9truire leur culture. Nous ne devons pas laisser faire les forces qui d\u00e9shumanisent.<\/p>\n<p style=\"text-align: justify;\">Source :<a href=\"https:\/\/www.letelegramme.fr\/opinions\/tribune-sauver-notre-toponymie-bretonne-6587485.php\"> Le T\u00e9l\u00e9gramme<\/a><\/p>\n","protected":false},"excerpt":{"rendered":"<p>L\u2019Unesco vient d\u2019ouvrir une proc\u00e9dure suite \u00e0 la demande formul\u00e9e par l\u2019association Koun Breizh aux fins de classement en urgence \u00e0 l\u2019inventaire du patrimoine immat\u00e9riel menac\u00e9 de notre toponymie bretonne. L\u2019\u00c9tat fran\u00e7ais devra fournir quelques explications sur les d\u00e9g\u00e2ts constat\u00e9s et largement li\u00e9s \u00e0 l\u2019application de la loi 3DS. En faisant obligation de d\u00e9nommer toutes [&hellip;]<\/p>\n","protected":false},"author":1,"featured_media":1502,"comment_status":"open","ping_status":"open","sticky":false,"template":"","format":"standard","meta":{"sb_editor_width":"","footnotes":""},"categories":[43,63,40,65],"tags":[],"class_list":["post-1501","post","type-post","status-publish","format-standard","has-post-thumbnail","hentry","category-culture-bretonne","category-editorial","category-morbihan","category-principale"],"relative_dates":{"created":"2 ans ago","modified":"2 ans ago"},"yoast_head":"<!-- This site is optimized with the Yoast SEO plugin v26.3 - https:\/\/yoast.com\/wordpress\/plugins\/seo\/ -->\n<title>Tribune pour sauver notre toponymie bretonne (Yvon Ollivier) - STOURM<\/title>\n<meta name=\"robots\" content=\"index, follow, max-snippet:-1, max-image-preview:large, max-video-preview:-1\" \/>\n<link rel=\"canonical\" href=\"https:\/\/stourm.news\/?p=1501\" \/>\n<meta property=\"og:locale\" content=\"fr_FR\" \/>\n<meta property=\"og:type\" content=\"article\" \/>\n<meta property=\"og:title\" content=\"Tribune pour sauver notre toponymie bretonne (Yvon Ollivier) - STOURM\" \/>\n<meta property=\"og:description\" content=\"L\u2019Unesco vient d\u2019ouvrir une proc\u00e9dure suite \u00e0 la demande formul\u00e9e par l\u2019association Koun Breizh aux fins de classement en urgence \u00e0 l\u2019inventaire du patrimoine immat\u00e9riel menac\u00e9 de notre toponymie bretonne. L\u2019\u00c9tat fran\u00e7ais devra fournir quelques explications sur les d\u00e9g\u00e2ts constat\u00e9s et largement li\u00e9s \u00e0 l\u2019application de la loi 3DS. En faisant obligation de d\u00e9nommer toutes [&hellip;]\" \/>\n<meta property=\"og:url\" content=\"https:\/\/stourm.news\/?p=1501\" \/>\n<meta property=\"og:site_name\" content=\"STOURM\" \/>\n<meta property=\"article:publisher\" content=\"https:\/\/www.facebook.com\/stourmnews\/\" \/>\n<meta property=\"article:published_time\" content=\"2024-05-31T07:38:41+00:00\" \/>\n<meta property=\"article:modified_time\" content=\"2024-06-21T05:36:34+00:00\" \/>\n<meta property=\"og:image\" content=\"https:\/\/stourm.news\/wp-content\/uploads\/2024\/05\/Yvon-Olivier.jpg\" \/>\n\t<meta property=\"og:image:width\" content=\"575\" \/>\n\t<meta property=\"og:image:height\" content=\"533\" \/>\n\t<meta property=\"og:image:type\" content=\"image\/jpeg\" \/>\n<meta name=\"author\" content=\"La r\u00e9daction\" \/>\n<meta name=\"twitter:card\" content=\"summary_large_image\" \/>\n<meta name=\"twitter:label1\" content=\"\u00c9crit par\" \/>\n\t<meta name=\"twitter:data1\" content=\"La r\u00e9daction\" \/>\n\t<meta name=\"twitter:label2\" content=\"Dur\u00e9e de lecture estim\u00e9e\" \/>\n\t<meta name=\"twitter:data2\" content=\"3 minutes\" \/>\n<script type=\"application\/ld+json\" class=\"yoast-schema-graph\">{\"@context\":\"https:\/\/schema.org\",\"@graph\":[{\"@type\":\"Article\",\"@id\":\"https:\/\/stourm.news\/?p=1501#article\",\"isPartOf\":{\"@id\":\"https:\/\/stourm.news\/?p=1501\"},\"author\":{\"name\":\"La r\u00e9daction\",\"@id\":\"https:\/\/stourm.news\/#\/schema\/person\/c3e1dc65988632e190969234ef046cf9\"},\"headline\":\"Tribune pour sauver notre toponymie bretonne (Yvon Ollivier)\",\"datePublished\":\"2024-05-31T07:38:41+00:00\",\"dateModified\":\"2024-06-21T05:36:34+00:00\",\"mainEntityOfPage\":{\"@id\":\"https:\/\/stourm.news\/?p=1501\"},\"wordCount\":574,\"commentCount\":0,\"publisher\":{\"@id\":\"https:\/\/stourm.news\/#organization\"},\"image\":{\"@id\":\"https:\/\/stourm.news\/?p=1501#primaryimage\"},\"thumbnailUrl\":\"https:\/\/stourm.news\/wp-content\/uploads\/2024\/05\/Yvon-Olivier.jpg\",\"articleSection\":[\"Culture bretonne\",\"Editorial\",\"Morbihan\",\"Principale\"],\"inLanguage\":\"fr-FR\",\"potentialAction\":[{\"@type\":\"CommentAction\",\"name\":\"Comment\",\"target\":[\"https:\/\/stourm.news\/?p=1501#respond\"]}]},{\"@type\":\"WebPage\",\"@id\":\"https:\/\/stourm.news\/?p=1501\",\"url\":\"https:\/\/stourm.news\/?p=1501\",\"name\":\"Tribune pour sauver notre toponymie bretonne (Yvon Ollivier) - STOURM\",\"isPartOf\":{\"@id\":\"https:\/\/stourm.news\/#website\"},\"primaryImageOfPage\":{\"@id\":\"https:\/\/stourm.news\/?p=1501#primaryimage\"},\"image\":{\"@id\":\"https:\/\/stourm.news\/?p=1501#primaryimage\"},\"thumbnailUrl\":\"https:\/\/stourm.news\/wp-content\/uploads\/2024\/05\/Yvon-Olivier.jpg\",\"datePublished\":\"2024-05-31T07:38:41+00:00\",\"dateModified\":\"2024-06-21T05:36:34+00:00\",\"breadcrumb\":{\"@id\":\"https:\/\/stourm.news\/?p=1501#breadcrumb\"},\"inLanguage\":\"fr-FR\",\"potentialAction\":[{\"@type\":\"ReadAction\",\"target\":[\"https:\/\/stourm.news\/?p=1501\"]}]},{\"@type\":\"ImageObject\",\"inLanguage\":\"fr-FR\",\"@id\":\"https:\/\/stourm.news\/?p=1501#primaryimage\",\"url\":\"https:\/\/stourm.news\/wp-content\/uploads\/2024\/05\/Yvon-Olivier.jpg\",\"contentUrl\":\"https:\/\/stourm.news\/wp-content\/uploads\/2024\/05\/Yvon-Olivier.jpg\",\"width\":575,\"height\":533},{\"@type\":\"BreadcrumbList\",\"@id\":\"https:\/\/stourm.news\/?p=1501#breadcrumb\",\"itemListElement\":[{\"@type\":\"ListItem\",\"position\":1,\"name\":\"Accueil\",\"item\":\"https:\/\/stourm.news\/\"},{\"@type\":\"ListItem\",\"position\":2,\"name\":\"Tribune pour sauver notre toponymie bretonne (Yvon Ollivier)\"}]},{\"@type\":\"WebSite\",\"@id\":\"https:\/\/stourm.news\/#website\",\"url\":\"https:\/\/stourm.news\/\",\"name\":\"Stourm\",\"description\":\"Kazetenn Strollad Broadel Breizh\",\"publisher\":{\"@id\":\"https:\/\/stourm.news\/#organization\"},\"potentialAction\":[{\"@type\":\"SearchAction\",\"target\":{\"@type\":\"EntryPoint\",\"urlTemplate\":\"https:\/\/stourm.news\/?s={search_term_string}\"},\"query-input\":{\"@type\":\"PropertyValueSpecification\",\"valueRequired\":true,\"valueName\":\"search_term_string\"}}],\"inLanguage\":\"fr-FR\"},{\"@type\":\"Organization\",\"@id\":\"https:\/\/stourm.news\/#organization\",\"name\":\"Stourm\",\"url\":\"https:\/\/stourm.news\/\",\"logo\":{\"@type\":\"ImageObject\",\"inLanguage\":\"fr-FR\",\"@id\":\"https:\/\/stourm.news\/#\/schema\/logo\/image\/\",\"url\":\"https:\/\/stourm.news\/wp-content\/uploads\/2025\/11\/cropped-Capture-decran-2025-11-28-a-15.19.07.png\",\"contentUrl\":\"https:\/\/stourm.news\/wp-content\/uploads\/2025\/11\/cropped-Capture-decran-2025-11-28-a-15.19.07.png\",\"width\":1855,\"height\":383,\"caption\":\"Stourm\"},\"image\":{\"@id\":\"https:\/\/stourm.news\/#\/schema\/logo\/image\/\"},\"sameAs\":[\"https:\/\/www.facebook.com\/stourmnews\/\"]},{\"@type\":\"Person\",\"@id\":\"https:\/\/stourm.news\/#\/schema\/person\/c3e1dc65988632e190969234ef046cf9\",\"name\":\"La r\u00e9daction\",\"image\":{\"@type\":\"ImageObject\",\"inLanguage\":\"fr-FR\",\"@id\":\"https:\/\/stourm.news\/#\/schema\/person\/image\/\",\"url\":\"https:\/\/secure.gravatar.com\/avatar\/7463443f194b6b5fb706b074ca0ef59a0cfcfd720cb47764b0ec5a952ce422b3?s=96&d=mm&r=g\",\"contentUrl\":\"https:\/\/secure.gravatar.com\/avatar\/7463443f194b6b5fb706b074ca0ef59a0cfcfd720cb47764b0ec5a952ce422b3?s=96&d=mm&r=g\",\"caption\":\"La r\u00e9daction\"},\"sameAs\":[\"https:\/\/stourm.news\"],\"url\":\"https:\/\/stourm.news\/?author=1\"}]}<\/script>\n<!-- \/ Yoast SEO plugin. -->","yoast_head_json":{"title":"Tribune pour sauver notre toponymie bretonne (Yvon Ollivier) - STOURM","robots":{"index":"index","follow":"follow","max-snippet":"max-snippet:-1","max-image-preview":"max-image-preview:large","max-video-preview":"max-video-preview:-1"},"canonical":"https:\/\/stourm.news\/?p=1501","og_locale":"fr_FR","og_type":"article","og_title":"Tribune pour sauver notre toponymie bretonne (Yvon Ollivier) - STOURM","og_description":"L\u2019Unesco vient d\u2019ouvrir une proc\u00e9dure suite \u00e0 la demande formul\u00e9e par l\u2019association Koun Breizh aux fins de classement en urgence \u00e0 l\u2019inventaire du patrimoine immat\u00e9riel menac\u00e9 de notre toponymie bretonne. L\u2019\u00c9tat fran\u00e7ais devra fournir quelques explications sur les d\u00e9g\u00e2ts constat\u00e9s et largement li\u00e9s \u00e0 l\u2019application de la loi 3DS. En faisant obligation de d\u00e9nommer toutes [&hellip;]","og_url":"https:\/\/stourm.news\/?p=1501","og_site_name":"STOURM","article_publisher":"https:\/\/www.facebook.com\/stourmnews\/","article_published_time":"2024-05-31T07:38:41+00:00","article_modified_time":"2024-06-21T05:36:34+00:00","og_image":[{"width":575,"height":533,"url":"https:\/\/stourm.news\/wp-content\/uploads\/2024\/05\/Yvon-Olivier.jpg","type":"image\/jpeg"}],"author":"La r\u00e9daction","twitter_card":"summary_large_image","twitter_misc":{"\u00c9crit par":"La r\u00e9daction","Dur\u00e9e de lecture estim\u00e9e":"3 minutes"},"schema":{"@context":"https:\/\/schema.org","@graph":[{"@type":"Article","@id":"https:\/\/stourm.news\/?p=1501#article","isPartOf":{"@id":"https:\/\/stourm.news\/?p=1501"},"author":{"name":"La r\u00e9daction","@id":"https:\/\/stourm.news\/#\/schema\/person\/c3e1dc65988632e190969234ef046cf9"},"headline":"Tribune pour sauver notre toponymie bretonne (Yvon Ollivier)","datePublished":"2024-05-31T07:38:41+00:00","dateModified":"2024-06-21T05:36:34+00:00","mainEntityOfPage":{"@id":"https:\/\/stourm.news\/?p=1501"},"wordCount":574,"commentCount":0,"publisher":{"@id":"https:\/\/stourm.news\/#organization"},"image":{"@id":"https:\/\/stourm.news\/?p=1501#primaryimage"},"thumbnailUrl":"https:\/\/stourm.news\/wp-content\/uploads\/2024\/05\/Yvon-Olivier.jpg","articleSection":["Culture bretonne","Editorial","Morbihan","Principale"],"inLanguage":"fr-FR","potentialAction":[{"@type":"CommentAction","name":"Comment","target":["https:\/\/stourm.news\/?p=1501#respond"]}]},{"@type":"WebPage","@id":"https:\/\/stourm.news\/?p=1501","url":"https:\/\/stourm.news\/?p=1501","name":"Tribune pour sauver notre toponymie bretonne (Yvon Ollivier) - STOURM","isPartOf":{"@id":"https:\/\/stourm.news\/#website"},"primaryImageOfPage":{"@id":"https:\/\/stourm.news\/?p=1501#primaryimage"},"image":{"@id":"https:\/\/stourm.news\/?p=1501#primaryimage"},"thumbnailUrl":"https:\/\/stourm.news\/wp-content\/uploads\/2024\/05\/Yvon-Olivier.jpg","datePublished":"2024-05-31T07:38:41+00:00","dateModified":"2024-06-21T05:36:34+00:00","breadcrumb":{"@id":"https:\/\/stourm.news\/?p=1501#breadcrumb"},"inLanguage":"fr-FR","potentialAction":[{"@type":"ReadAction","target":["https:\/\/stourm.news\/?p=1501"]}]},{"@type":"ImageObject","inLanguage":"fr-FR","@id":"https:\/\/stourm.news\/?p=1501#primaryimage","url":"https:\/\/stourm.news\/wp-content\/uploads\/2024\/05\/Yvon-Olivier.jpg","contentUrl":"https:\/\/stourm.news\/wp-content\/uploads\/2024\/05\/Yvon-Olivier.jpg","width":575,"height":533},{"@type":"BreadcrumbList","@id":"https:\/\/stourm.news\/?p=1501#breadcrumb","itemListElement":[{"@type":"ListItem","position":1,"name":"Accueil","item":"https:\/\/stourm.news\/"},{"@type":"ListItem","position":2,"name":"Tribune pour sauver notre toponymie bretonne (Yvon Ollivier)"}]},{"@type":"WebSite","@id":"https:\/\/stourm.news\/#website","url":"https:\/\/stourm.news\/","name":"Stourm","description":"Kazetenn Strollad Broadel Breizh","publisher":{"@id":"https:\/\/stourm.news\/#organization"},"potentialAction":[{"@type":"SearchAction","target":{"@type":"EntryPoint","urlTemplate":"https:\/\/stourm.news\/?s={search_term_string}"},"query-input":{"@type":"PropertyValueSpecification","valueRequired":true,"valueName":"search_term_string"}}],"inLanguage":"fr-FR"},{"@type":"Organization","@id":"https:\/\/stourm.news\/#organization","name":"Stourm","url":"https:\/\/stourm.news\/","logo":{"@type":"ImageObject","inLanguage":"fr-FR","@id":"https:\/\/stourm.news\/#\/schema\/logo\/image\/","url":"https:\/\/stourm.news\/wp-content\/uploads\/2025\/11\/cropped-Capture-decran-2025-11-28-a-15.19.07.png","contentUrl":"https:\/\/stourm.news\/wp-content\/uploads\/2025\/11\/cropped-Capture-decran-2025-11-28-a-15.19.07.png","width":1855,"height":383,"caption":"Stourm"},"image":{"@id":"https:\/\/stourm.news\/#\/schema\/logo\/image\/"},"sameAs":["https:\/\/www.facebook.com\/stourmnews\/"]},{"@type":"Person","@id":"https:\/\/stourm.news\/#\/schema\/person\/c3e1dc65988632e190969234ef046cf9","name":"La r\u00e9daction","image":{"@type":"ImageObject","inLanguage":"fr-FR","@id":"https:\/\/stourm.news\/#\/schema\/person\/image\/","url":"https:\/\/secure.gravatar.com\/avatar\/7463443f194b6b5fb706b074ca0ef59a0cfcfd720cb47764b0ec5a952ce422b3?s=96&d=mm&r=g","contentUrl":"https:\/\/secure.gravatar.com\/avatar\/7463443f194b6b5fb706b074ca0ef59a0cfcfd720cb47764b0ec5a952ce422b3?s=96&d=mm&r=g","caption":"La r\u00e9daction"},"sameAs":["https:\/\/stourm.news"],"url":"https:\/\/stourm.news\/?author=1"}]}},"_links":{"self":[{"href":"https:\/\/stourm.news\/index.php?rest_route=\/wp\/v2\/posts\/1501","targetHints":{"allow":["GET"]}}],"collection":[{"href":"https:\/\/stourm.news\/index.php?rest_route=\/wp\/v2\/posts"}],"about":[{"href":"https:\/\/stourm.news\/index.php?rest_route=\/wp\/v2\/types\/post"}],"author":[{"embeddable":true,"href":"https:\/\/stourm.news\/index.php?rest_route=\/wp\/v2\/users\/1"}],"replies":[{"embeddable":true,"href":"https:\/\/stourm.news\/index.php?rest_route=%2Fwp%2Fv2%2Fcomments&post=1501"}],"version-history":[{"count":1,"href":"https:\/\/stourm.news\/index.php?rest_route=\/wp\/v2\/posts\/1501\/revisions"}],"predecessor-version":[{"id":1503,"href":"https:\/\/stourm.news\/index.php?rest_route=\/wp\/v2\/posts\/1501\/revisions\/1503"}],"wp:featuredmedia":[{"embeddable":true,"href":"https:\/\/stourm.news\/index.php?rest_route=\/wp\/v2\/media\/1502"}],"wp:attachment":[{"href":"https:\/\/stourm.news\/index.php?rest_route=%2Fwp%2Fv2%2Fmedia&parent=1501"}],"wp:term":[{"taxonomy":"category","embeddable":true,"href":"https:\/\/stourm.news\/index.php?rest_route=%2Fwp%2Fv2%2Fcategories&post=1501"},{"taxonomy":"post_tag","embeddable":true,"href":"https:\/\/stourm.news\/index.php?rest_route=%2Fwp%2Fv2%2Ftags&post=1501"}],"curies":[{"name":"wp","href":"https:\/\/api.w.org\/{rel}","templated":true}]}}