{"id":1505,"date":"2024-05-31T11:03:40","date_gmt":"2024-05-31T11:03:40","guid":{"rendered":"https:\/\/stourm.news\/?p=1505"},"modified":"2024-05-31T11:03:40","modified_gmt":"2024-05-31T11:03:40","slug":"allemagne-attaque-islamiste-contre-le-patriote-allemand-michael-sturzenberger","status":"publish","type":"post","link":"https:\/\/stourm.news\/?p=1505","title":{"rendered":"Allemagne : attaque islamiste contre le patriote allemand Michael St\u00fcrzenberger"},"content":{"rendered":"<p style=\"text-align: justify;\">Une violente attaque au couteau a eu lieu vendredi \u00e0 Mannheim. Des vid\u00e9os partag\u00e9es sur les m\u00e9dias sociaux montrent l&rsquo;agression d&rsquo;un autre homme par un individu non identifi\u00e9 \u00e0 ce jour. La victime serait le critique de l&rsquo;islam<strong> Michael St\u00fcrzenberger<\/strong> (59 ans). Le lieu du crime est la place du march\u00e9 de Mannheim. St\u00fcrzenberger avait particip\u00e9 dans la matin\u00e9e \u00e0 une manifestation du mouvement citoyen Pax Europa. L&rsquo;attaque a eu lieu vers 11h30.<\/p>\n<p style=\"text-align: justify;\">Par la suite, des personnes pr\u00e9sentes tentent d&rsquo;arr\u00eater l&rsquo;agresseur au couteau, mais il se d\u00e9tache et attaque un policier, le poignardant dans le dos par derri\u00e8re. Finalement, un autre agent abat l&rsquo;homme.<\/p>\n<p style=\"text-align: justify;\">Une porte-parole de la police a confirm\u00e9 l&rsquo;incident dans le Bade-Wurtemberg et a d\u00e9clar\u00e9 qu&rsquo;il n&rsquo;y avait pas de danger pour les autres personnes impliqu\u00e9es.<\/p>\n<p style=\"text-align: justify;\">Michael St\u00fcrzenberger \u00e9tait auparavant porte-parole de la CSU et a \u00e9t\u00e9 surveill\u00e9 de 2013 \u00e0 2022 par le service de protection de la Constitution bavaroise, car il assimile notamment l&rsquo;islam du fascisme. L&rsquo;homme de 59 ans a \u00e9t\u00e9 condamn\u00e9 \u00e0 deux reprises, d&rsquo;une part pour outrage \u00e0 la police, d&rsquo;autre part pour incitation \u00e0 la haine et d\u00e9nigrement des doctrines religieuses.<\/p>\n<p>Source : <a href=\"https:\/\/www.bild.de\/news\/mannheim-mann-von-polizei-nach-messer-angriff-niedergeschossen-6659a3c9c370a679ea9df3dc\">Bild<\/a><\/p>\n","protected":false},"excerpt":{"rendered":"<p>Une violente attaque au couteau a eu lieu vendredi \u00e0 Mannheim. Des vid\u00e9os partag\u00e9es sur les m\u00e9dias sociaux montrent l&rsquo;agression d&rsquo;un autre homme par un individu non identifi\u00e9 \u00e0 ce jour. La victime serait le critique de l&rsquo;islam Michael St\u00fcrzenberger (59 ans). Le lieu du crime est la place du march\u00e9 de Mannheim. St\u00fcrzenberger avait [&hellip;]<\/p>\n","protected":false},"author":1,"featured_media":1506,"comment_status":"open","ping_status":"open","sticky":false,"template":"","format":"standard","meta":{"sb_editor_width":"","footnotes":""},"categories":[66,32,62],"tags":[],"class_list":["post-1505","post","type-post","status-publish","format-standard","has-post-thumbnail","hentry","category-international","category-islamisme","category-revue-de-presse"],"relative_dates":{"created":"2 ans ago","modified":"2 ans ago"},"yoast_head":"<!-- This site is optimized with the Yoast SEO plugin v26.3 - https:\/\/yoast.com\/wordpress\/plugins\/seo\/ -->\n<title>Allemagne : attaque islamiste contre le patriote allemand Michael St\u00fcrzenberger - STOURM<\/title>\n<meta name=\"robots\" content=\"index, follow, max-snippet:-1, max-image-preview:large, max-video-preview:-1\" \/>\n<link rel=\"canonical\" href=\"https:\/\/stourm.news\/?p=1505\" \/>\n<meta property=\"og:locale\" content=\"fr_FR\" \/>\n<meta property=\"og:type\" content=\"article\" \/>\n<meta property=\"og:title\" content=\"Allemagne : attaque islamiste contre le patriote allemand Michael St\u00fcrzenberger - STOURM\" \/>\n<meta property=\"og:description\" content=\"Une violente attaque au couteau a eu lieu vendredi \u00e0 Mannheim. Des vid\u00e9os partag\u00e9es sur les m\u00e9dias sociaux montrent l&rsquo;agression d&rsquo;un autre homme par un individu non identifi\u00e9 \u00e0 ce jour. La victime serait le critique de l&rsquo;islam Michael St\u00fcrzenberger (59 ans). Le lieu du crime est la place du march\u00e9 de Mannheim. St\u00fcrzenberger avait [&hellip;]\" \/>\n<meta property=\"og:url\" content=\"https:\/\/stourm.news\/?p=1505\" \/>\n<meta property=\"og:site_name\" content=\"STOURM\" \/>\n<meta property=\"article:publisher\" content=\"https:\/\/www.facebook.com\/stourmnews\/\" \/>\n<meta property=\"article:published_time\" content=\"2024-05-31T11:03:40+00:00\" \/>\n<meta property=\"og:image\" content=\"https:\/\/stourm.news\/wp-content\/uploads\/2024\/05\/d1a1e05b164d45fd21c826ab8d7952fb6338128.webp\" \/>\n\t<meta property=\"og:image:width\" content=\"992\" \/>\n\t<meta property=\"og:image:height\" content=\"558\" \/>\n\t<meta property=\"og:image:type\" content=\"image\/webp\" \/>\n<meta name=\"author\" content=\"La r\u00e9daction\" \/>\n<meta name=\"twitter:card\" content=\"summary_large_image\" \/>\n<meta name=\"twitter:label1\" content=\"\u00c9crit par\" \/>\n\t<meta name=\"twitter:data1\" content=\"La r\u00e9daction\" \/>\n\t<meta name=\"twitter:label2\" content=\"Dur\u00e9e de lecture estim\u00e9e\" \/>\n\t<meta name=\"twitter:data2\" content=\"1 minute\" \/>\n<script type=\"application\/ld+json\" class=\"yoast-schema-graph\">{\"@context\":\"https:\/\/schema.org\",\"@graph\":[{\"@type\":\"Article\",\"@id\":\"https:\/\/stourm.news\/?p=1505#article\",\"isPartOf\":{\"@id\":\"https:\/\/stourm.news\/?p=1505\"},\"author\":{\"name\":\"La r\u00e9daction\",\"@id\":\"https:\/\/stourm.news\/#\/schema\/person\/c3e1dc65988632e190969234ef046cf9\"},\"headline\":\"Allemagne : attaque islamiste contre le patriote allemand Michael St\u00fcrzenberger\",\"datePublished\":\"2024-05-31T11:03:40+00:00\",\"mainEntityOfPage\":{\"@id\":\"https:\/\/stourm.news\/?p=1505\"},\"wordCount\":220,\"commentCount\":0,\"publisher\":{\"@id\":\"https:\/\/stourm.news\/#organization\"},\"image\":{\"@id\":\"https:\/\/stourm.news\/?p=1505#primaryimage\"},\"thumbnailUrl\":\"https:\/\/stourm.news\/wp-content\/uploads\/2024\/05\/d1a1e05b164d45fd21c826ab8d7952fb6338128.webp\",\"articleSection\":[\"International\",\"Islamisme\",\"Revue de presse\"],\"inLanguage\":\"fr-FR\",\"potentialAction\":[{\"@type\":\"CommentAction\",\"name\":\"Comment\",\"target\":[\"https:\/\/stourm.news\/?p=1505#respond\"]}]},{\"@type\":\"WebPage\",\"@id\":\"https:\/\/stourm.news\/?p=1505\",\"url\":\"https:\/\/stourm.news\/?p=1505\",\"name\":\"Allemagne : attaque islamiste contre le patriote allemand Michael St\u00fcrzenberger - STOURM\",\"isPartOf\":{\"@id\":\"https:\/\/stourm.news\/#website\"},\"primaryImageOfPage\":{\"@id\":\"https:\/\/stourm.news\/?p=1505#primaryimage\"},\"image\":{\"@id\":\"https:\/\/stourm.news\/?p=1505#primaryimage\"},\"thumbnailUrl\":\"https:\/\/stourm.news\/wp-content\/uploads\/2024\/05\/d1a1e05b164d45fd21c826ab8d7952fb6338128.webp\",\"datePublished\":\"2024-05-31T11:03:40+00:00\",\"breadcrumb\":{\"@id\":\"https:\/\/stourm.news\/?p=1505#breadcrumb\"},\"inLanguage\":\"fr-FR\",\"potentialAction\":[{\"@type\":\"ReadAction\",\"target\":[\"https:\/\/stourm.news\/?p=1505\"]}]},{\"@type\":\"ImageObject\",\"inLanguage\":\"fr-FR\",\"@id\":\"https:\/\/stourm.news\/?p=1505#primaryimage\",\"url\":\"https:\/\/stourm.news\/wp-content\/uploads\/2024\/05\/d1a1e05b164d45fd21c826ab8d7952fb6338128.webp\",\"contentUrl\":\"https:\/\/stourm.news\/wp-content\/uploads\/2024\/05\/d1a1e05b164d45fd21c826ab8d7952fb6338128.webp\",\"width\":992,\"height\":558},{\"@type\":\"BreadcrumbList\",\"@id\":\"https:\/\/stourm.news\/?p=1505#breadcrumb\",\"itemListElement\":[{\"@type\":\"ListItem\",\"position\":1,\"name\":\"Accueil\",\"item\":\"https:\/\/stourm.news\/\"},{\"@type\":\"ListItem\",\"position\":2,\"name\":\"Allemagne : attaque islamiste contre le patriote allemand Michael St\u00fcrzenberger\"}]},{\"@type\":\"WebSite\",\"@id\":\"https:\/\/stourm.news\/#website\",\"url\":\"https:\/\/stourm.news\/\",\"name\":\"Stourm\",\"description\":\"Kazetenn Strollad Broadel Breizh\",\"publisher\":{\"@id\":\"https:\/\/stourm.news\/#organization\"},\"potentialAction\":[{\"@type\":\"SearchAction\",\"target\":{\"@type\":\"EntryPoint\",\"urlTemplate\":\"https:\/\/stourm.news\/?s={search_term_string}\"},\"query-input\":{\"@type\":\"PropertyValueSpecification\",\"valueRequired\":true,\"valueName\":\"search_term_string\"}}],\"inLanguage\":\"fr-FR\"},{\"@type\":\"Organization\",\"@id\":\"https:\/\/stourm.news\/#organization\",\"name\":\"Stourm\",\"url\":\"https:\/\/stourm.news\/\",\"logo\":{\"@type\":\"ImageObject\",\"inLanguage\":\"fr-FR\",\"@id\":\"https:\/\/stourm.news\/#\/schema\/logo\/image\/\",\"url\":\"https:\/\/stourm.news\/wp-content\/uploads\/2025\/11\/cropped-Capture-decran-2025-11-28-a-15.19.07.png\",\"contentUrl\":\"https:\/\/stourm.news\/wp-content\/uploads\/2025\/11\/cropped-Capture-decran-2025-11-28-a-15.19.07.png\",\"width\":1855,\"height\":383,\"caption\":\"Stourm\"},\"image\":{\"@id\":\"https:\/\/stourm.news\/#\/schema\/logo\/image\/\"},\"sameAs\":[\"https:\/\/www.facebook.com\/stourmnews\/\"]},{\"@type\":\"Person\",\"@id\":\"https:\/\/stourm.news\/#\/schema\/person\/c3e1dc65988632e190969234ef046cf9\",\"name\":\"La r\u00e9daction\",\"image\":{\"@type\":\"ImageObject\",\"inLanguage\":\"fr-FR\",\"@id\":\"https:\/\/stourm.news\/#\/schema\/person\/image\/\",\"url\":\"https:\/\/secure.gravatar.com\/avatar\/7463443f194b6b5fb706b074ca0ef59a0cfcfd720cb47764b0ec5a952ce422b3?s=96&d=mm&r=g\",\"contentUrl\":\"https:\/\/secure.gravatar.com\/avatar\/7463443f194b6b5fb706b074ca0ef59a0cfcfd720cb47764b0ec5a952ce422b3?s=96&d=mm&r=g\",\"caption\":\"La r\u00e9daction\"},\"sameAs\":[\"https:\/\/stourm.news\"],\"url\":\"https:\/\/stourm.news\/?author=1\"}]}<\/script>\n<!-- \/ Yoast SEO plugin. -->","yoast_head_json":{"title":"Allemagne : attaque islamiste contre le patriote allemand Michael St\u00fcrzenberger - STOURM","robots":{"index":"index","follow":"follow","max-snippet":"max-snippet:-1","max-image-preview":"max-image-preview:large","max-video-preview":"max-video-preview:-1"},"canonical":"https:\/\/stourm.news\/?p=1505","og_locale":"fr_FR","og_type":"article","og_title":"Allemagne : attaque islamiste contre le patriote allemand Michael St\u00fcrzenberger - STOURM","og_description":"Une violente attaque au couteau a eu lieu vendredi \u00e0 Mannheim. Des vid\u00e9os partag\u00e9es sur les m\u00e9dias sociaux montrent l&rsquo;agression d&rsquo;un autre homme par un individu non identifi\u00e9 \u00e0 ce jour. La victime serait le critique de l&rsquo;islam Michael St\u00fcrzenberger (59 ans). Le lieu du crime est la place du march\u00e9 de Mannheim. St\u00fcrzenberger avait [&hellip;]","og_url":"https:\/\/stourm.news\/?p=1505","og_site_name":"STOURM","article_publisher":"https:\/\/www.facebook.com\/stourmnews\/","article_published_time":"2024-05-31T11:03:40+00:00","og_image":[{"width":992,"height":558,"url":"https:\/\/stourm.news\/wp-content\/uploads\/2024\/05\/d1a1e05b164d45fd21c826ab8d7952fb6338128.webp","type":"image\/webp"}],"author":"La r\u00e9daction","twitter_card":"summary_large_image","twitter_misc":{"\u00c9crit par":"La r\u00e9daction","Dur\u00e9e de lecture estim\u00e9e":"1 minute"},"schema":{"@context":"https:\/\/schema.org","@graph":[{"@type":"Article","@id":"https:\/\/stourm.news\/?p=1505#article","isPartOf":{"@id":"https:\/\/stourm.news\/?p=1505"},"author":{"name":"La r\u00e9daction","@id":"https:\/\/stourm.news\/#\/schema\/person\/c3e1dc65988632e190969234ef046cf9"},"headline":"Allemagne : attaque islamiste contre le patriote allemand Michael St\u00fcrzenberger","datePublished":"2024-05-31T11:03:40+00:00","mainEntityOfPage":{"@id":"https:\/\/stourm.news\/?p=1505"},"wordCount":220,"commentCount":0,"publisher":{"@id":"https:\/\/stourm.news\/#organization"},"image":{"@id":"https:\/\/stourm.news\/?p=1505#primaryimage"},"thumbnailUrl":"https:\/\/stourm.news\/wp-content\/uploads\/2024\/05\/d1a1e05b164d45fd21c826ab8d7952fb6338128.webp","articleSection":["International","Islamisme","Revue de presse"],"inLanguage":"fr-FR","potentialAction":[{"@type":"CommentAction","name":"Comment","target":["https:\/\/stourm.news\/?p=1505#respond"]}]},{"@type":"WebPage","@id":"https:\/\/stourm.news\/?p=1505","url":"https:\/\/stourm.news\/?p=1505","name":"Allemagne : attaque islamiste contre le patriote allemand Michael St\u00fcrzenberger - STOURM","isPartOf":{"@id":"https:\/\/stourm.news\/#website"},"primaryImageOfPage":{"@id":"https:\/\/stourm.news\/?p=1505#primaryimage"},"image":{"@id":"https:\/\/stourm.news\/?p=1505#primaryimage"},"thumbnailUrl":"https:\/\/stourm.news\/wp-content\/uploads\/2024\/05\/d1a1e05b164d45fd21c826ab8d7952fb6338128.webp","datePublished":"2024-05-31T11:03:40+00:00","breadcrumb":{"@id":"https:\/\/stourm.news\/?p=1505#breadcrumb"},"inLanguage":"fr-FR","potentialAction":[{"@type":"ReadAction","target":["https:\/\/stourm.news\/?p=1505"]}]},{"@type":"ImageObject","inLanguage":"fr-FR","@id":"https:\/\/stourm.news\/?p=1505#primaryimage","url":"https:\/\/stourm.news\/wp-content\/uploads\/2024\/05\/d1a1e05b164d45fd21c826ab8d7952fb6338128.webp","contentUrl":"https:\/\/stourm.news\/wp-content\/uploads\/2024\/05\/d1a1e05b164d45fd21c826ab8d7952fb6338128.webp","width":992,"height":558},{"@type":"BreadcrumbList","@id":"https:\/\/stourm.news\/?p=1505#breadcrumb","itemListElement":[{"@type":"ListItem","position":1,"name":"Accueil","item":"https:\/\/stourm.news\/"},{"@type":"ListItem","position":2,"name":"Allemagne : attaque islamiste contre le patriote allemand Michael St\u00fcrzenberger"}]},{"@type":"WebSite","@id":"https:\/\/stourm.news\/#website","url":"https:\/\/stourm.news\/","name":"Stourm","description":"Kazetenn Strollad Broadel Breizh","publisher":{"@id":"https:\/\/stourm.news\/#organization"},"potentialAction":[{"@type":"SearchAction","target":{"@type":"EntryPoint","urlTemplate":"https:\/\/stourm.news\/?s={search_term_string}"},"query-input":{"@type":"PropertyValueSpecification","valueRequired":true,"valueName":"search_term_string"}}],"inLanguage":"fr-FR"},{"@type":"Organization","@id":"https:\/\/stourm.news\/#organization","name":"Stourm","url":"https:\/\/stourm.news\/","logo":{"@type":"ImageObject","inLanguage":"fr-FR","@id":"https:\/\/stourm.news\/#\/schema\/logo\/image\/","url":"https:\/\/stourm.news\/wp-content\/uploads\/2025\/11\/cropped-Capture-decran-2025-11-28-a-15.19.07.png","contentUrl":"https:\/\/stourm.news\/wp-content\/uploads\/2025\/11\/cropped-Capture-decran-2025-11-28-a-15.19.07.png","width":1855,"height":383,"caption":"Stourm"},"image":{"@id":"https:\/\/stourm.news\/#\/schema\/logo\/image\/"},"sameAs":["https:\/\/www.facebook.com\/stourmnews\/"]},{"@type":"Person","@id":"https:\/\/stourm.news\/#\/schema\/person\/c3e1dc65988632e190969234ef046cf9","name":"La r\u00e9daction","image":{"@type":"ImageObject","inLanguage":"fr-FR","@id":"https:\/\/stourm.news\/#\/schema\/person\/image\/","url":"https:\/\/secure.gravatar.com\/avatar\/7463443f194b6b5fb706b074ca0ef59a0cfcfd720cb47764b0ec5a952ce422b3?s=96&d=mm&r=g","contentUrl":"https:\/\/secure.gravatar.com\/avatar\/7463443f194b6b5fb706b074ca0ef59a0cfcfd720cb47764b0ec5a952ce422b3?s=96&d=mm&r=g","caption":"La r\u00e9daction"},"sameAs":["https:\/\/stourm.news"],"url":"https:\/\/stourm.news\/?author=1"}]}},"_links":{"self":[{"href":"https:\/\/stourm.news\/index.php?rest_route=\/wp\/v2\/posts\/1505","targetHints":{"allow":["GET"]}}],"collection":[{"href":"https:\/\/stourm.news\/index.php?rest_route=\/wp\/v2\/posts"}],"about":[{"href":"https:\/\/stourm.news\/index.php?rest_route=\/wp\/v2\/types\/post"}],"author":[{"embeddable":true,"href":"https:\/\/stourm.news\/index.php?rest_route=\/wp\/v2\/users\/1"}],"replies":[{"embeddable":true,"href":"https:\/\/stourm.news\/index.php?rest_route=%2Fwp%2Fv2%2Fcomments&post=1505"}],"version-history":[{"count":1,"href":"https:\/\/stourm.news\/index.php?rest_route=\/wp\/v2\/posts\/1505\/revisions"}],"predecessor-version":[{"id":1507,"href":"https:\/\/stourm.news\/index.php?rest_route=\/wp\/v2\/posts\/1505\/revisions\/1507"}],"wp:featuredmedia":[{"embeddable":true,"href":"https:\/\/stourm.news\/index.php?rest_route=\/wp\/v2\/media\/1506"}],"wp:attachment":[{"href":"https:\/\/stourm.news\/index.php?rest_route=%2Fwp%2Fv2%2Fmedia&parent=1505"}],"wp:term":[{"taxonomy":"category","embeddable":true,"href":"https:\/\/stourm.news\/index.php?rest_route=%2Fwp%2Fv2%2Fcategories&post=1505"},{"taxonomy":"post_tag","embeddable":true,"href":"https:\/\/stourm.news\/index.php?rest_route=%2Fwp%2Fv2%2Ftags&post=1505"}],"curies":[{"name":"wp","href":"https:\/\/api.w.org\/{rel}","templated":true}]}}