{"id":1510,"date":"2024-06-01T05:27:54","date_gmt":"2024-06-01T05:27:54","guid":{"rendered":"https:\/\/stourm.news\/?p=1510"},"modified":"2024-06-01T06:11:49","modified_gmt":"2024-06-01T06:11:49","slug":"a-quimperle-100-pour-un-toit-se-bat-pour-ne-laisser-aucun-migrant-sans-toit","status":"publish","type":"post","link":"https:\/\/stourm.news\/?p=1510","title":{"rendered":"\u00c0 Quimperl\u00e9, 100 pour un toit se bat pour ne laisser aucun migrant sans toit"},"content":{"rendered":"<p style=\"text-align: justify;\">Les engagements de 100 pour un toit aupr\u00e8s <strong>des migrants d\u00e9bout\u00e9s<\/strong> du droit d\u2019asile portent sur l\u2019h\u00e9bergement, l\u2019accompagnement administratif, l\u2019information sur la l\u00e9gislation, les soins m\u00e9dicaux, l\u2019apprentissage du fran\u00e7ais\u2026<\/p>\n<p style=\"text-align: justify;\">La pr\u00e9sence de l\u2019association dans le pays de Quimperl\u00e9 a permis <strong>\u00e0 de nombreux migrants<\/strong> de retrouver une direction dans un parcours de vie bien souvent fracass\u00e9. <strong>Des familles de migrants<\/strong>, en France depuis plusieurs ann\u00e9es, se retrouvent ainsi sans logement et sans ressources. Perdues, avec des enfants scolaris\u00e9s qui ne connaissent parfois que la France, elles ne savent vers qui se tourner. \u00c0 Quimperl\u00e9, les adh\u00e9rents de 100 pour un toit se relaient depuis des ann\u00e9es pour les soutenir et faire respecter leurs droits. Un combat bien souvent ingrat, mais qui donne aussi de beaux r\u00e9sultats, comme cela a pu \u00eatre d\u00e9montr\u00e9 lors de l\u2019assembl\u00e9e g\u00e9n\u00e9rale de l\u2019association, samedi 25 mai 2024, dans les locaux de Ty Pouce.<\/p>\n<p>Source : Le T\u00e9l\u00e9gramme<\/p>\n<p style=\"text-align: justify;\">Photo : <em>Le coll\u00e8ge de 100 pour un toit a \u00e9t\u00e9 renouvel\u00e9 : Guillaume Herledan, V\u00e9ronique Dougnat, V\u00e9ronique Colin, Marie-Noelle Bouchard, Charlotte Sheiki Dubues, Pierre Lardic, Mamadou Diallo, Nissi Musaka, Laurence Roger, Catherine Suchet, Anne Le Saint et Marie Guillaume.<\/em><\/p>\n","protected":false},"excerpt":{"rendered":"<p>Les engagements de 100 pour un toit aupr\u00e8s des migrants d\u00e9bout\u00e9s du droit d\u2019asile portent sur l\u2019h\u00e9bergement, l\u2019accompagnement administratif, l\u2019information sur la l\u00e9gislation, les soins m\u00e9dicaux, l\u2019apprentissage du fran\u00e7ais\u2026 La pr\u00e9sence de l\u2019association dans le pays de Quimperl\u00e9 a permis \u00e0 de nombreux migrants de retrouver une direction dans un parcours de vie bien souvent [&hellip;]<\/p>\n","protected":false},"author":1,"featured_media":1511,"comment_status":"open","ping_status":"open","sticky":false,"template":"","format":"standard","meta":{"sb_editor_width":"","footnotes":""},"categories":[36,38,33,62],"tags":[],"class_list":["post-1510","post","type-post","status-publish","format-standard","has-post-thumbnail","hentry","category-extreme-gauche","category-finistere","category-immigration","category-revue-de-presse"],"relative_dates":{"created":"2 ans ago","modified":"2 ans ago"},"yoast_head":"<!-- This site is optimized with the Yoast SEO plugin v26.3 - https:\/\/yoast.com\/wordpress\/plugins\/seo\/ -->\n<title>\u00c0 Quimperl\u00e9, 100 pour un toit se bat pour ne laisser aucun migrant sans toit - STOURM<\/title>\n<meta name=\"robots\" content=\"index, follow, max-snippet:-1, max-image-preview:large, max-video-preview:-1\" \/>\n<link rel=\"canonical\" href=\"https:\/\/stourm.news\/?p=1510\" \/>\n<meta property=\"og:locale\" content=\"fr_FR\" \/>\n<meta property=\"og:type\" content=\"article\" \/>\n<meta property=\"og:title\" content=\"\u00c0 Quimperl\u00e9, 100 pour un toit se bat pour ne laisser aucun migrant sans toit - STOURM\" \/>\n<meta property=\"og:description\" content=\"Les engagements de 100 pour un toit aupr\u00e8s des migrants d\u00e9bout\u00e9s du droit d\u2019asile portent sur l\u2019h\u00e9bergement, l\u2019accompagnement administratif, l\u2019information sur la l\u00e9gislation, les soins m\u00e9dicaux, l\u2019apprentissage du fran\u00e7ais\u2026 La pr\u00e9sence de l\u2019association dans le pays de Quimperl\u00e9 a permis \u00e0 de nombreux migrants de retrouver une direction dans un parcours de vie bien souvent [&hellip;]\" \/>\n<meta property=\"og:url\" content=\"https:\/\/stourm.news\/?p=1510\" \/>\n<meta property=\"og:site_name\" content=\"STOURM\" \/>\n<meta property=\"article:publisher\" content=\"https:\/\/www.facebook.com\/stourmnews\/\" \/>\n<meta property=\"article:published_time\" content=\"2024-06-01T05:27:54+00:00\" \/>\n<meta property=\"article:modified_time\" content=\"2024-06-01T06:11:49+00:00\" \/>\n<meta property=\"og:image\" content=\"https:\/\/stourm.news\/wp-content\/uploads\/2024\/06\/6659e185775b330e5b0cea57.webp\" \/>\n\t<meta property=\"og:image:width\" content=\"960\" \/>\n\t<meta property=\"og:image:height\" content=\"600\" \/>\n\t<meta property=\"og:image:type\" content=\"image\/webp\" \/>\n<meta name=\"author\" content=\"La r\u00e9daction\" \/>\n<meta name=\"twitter:card\" content=\"summary_large_image\" \/>\n<meta name=\"twitter:label1\" content=\"\u00c9crit par\" \/>\n\t<meta name=\"twitter:data1\" content=\"La r\u00e9daction\" \/>\n\t<meta name=\"twitter:label2\" content=\"Dur\u00e9e de lecture estim\u00e9e\" \/>\n\t<meta name=\"twitter:data2\" content=\"1 minute\" \/>\n<script type=\"application\/ld+json\" class=\"yoast-schema-graph\">{\"@context\":\"https:\/\/schema.org\",\"@graph\":[{\"@type\":\"Article\",\"@id\":\"https:\/\/stourm.news\/?p=1510#article\",\"isPartOf\":{\"@id\":\"https:\/\/stourm.news\/?p=1510\"},\"author\":{\"name\":\"La r\u00e9daction\",\"@id\":\"https:\/\/stourm.news\/#\/schema\/person\/c3e1dc65988632e190969234ef046cf9\"},\"headline\":\"\u00c0 Quimperl\u00e9, 100 pour un toit se bat pour ne laisser aucun migrant sans toit\",\"datePublished\":\"2024-06-01T05:27:54+00:00\",\"dateModified\":\"2024-06-01T06:11:49+00:00\",\"mainEntityOfPage\":{\"@id\":\"https:\/\/stourm.news\/?p=1510\"},\"wordCount\":225,\"commentCount\":0,\"publisher\":{\"@id\":\"https:\/\/stourm.news\/#organization\"},\"image\":{\"@id\":\"https:\/\/stourm.news\/?p=1510#primaryimage\"},\"thumbnailUrl\":\"https:\/\/stourm.news\/wp-content\/uploads\/2024\/06\/6659e185775b330e5b0cea57.webp\",\"articleSection\":[\"Extr\u00eame-gauche\",\"Finist\u00e8re\",\"Immigration\",\"Revue de presse\"],\"inLanguage\":\"fr-FR\",\"potentialAction\":[{\"@type\":\"CommentAction\",\"name\":\"Comment\",\"target\":[\"https:\/\/stourm.news\/?p=1510#respond\"]}]},{\"@type\":\"WebPage\",\"@id\":\"https:\/\/stourm.news\/?p=1510\",\"url\":\"https:\/\/stourm.news\/?p=1510\",\"name\":\"\u00c0 Quimperl\u00e9, 100 pour un toit se bat pour ne laisser aucun migrant sans toit - STOURM\",\"isPartOf\":{\"@id\":\"https:\/\/stourm.news\/#website\"},\"primaryImageOfPage\":{\"@id\":\"https:\/\/stourm.news\/?p=1510#primaryimage\"},\"image\":{\"@id\":\"https:\/\/stourm.news\/?p=1510#primaryimage\"},\"thumbnailUrl\":\"https:\/\/stourm.news\/wp-content\/uploads\/2024\/06\/6659e185775b330e5b0cea57.webp\",\"datePublished\":\"2024-06-01T05:27:54+00:00\",\"dateModified\":\"2024-06-01T06:11:49+00:00\",\"breadcrumb\":{\"@id\":\"https:\/\/stourm.news\/?p=1510#breadcrumb\"},\"inLanguage\":\"fr-FR\",\"potentialAction\":[{\"@type\":\"ReadAction\",\"target\":[\"https:\/\/stourm.news\/?p=1510\"]}]},{\"@type\":\"ImageObject\",\"inLanguage\":\"fr-FR\",\"@id\":\"https:\/\/stourm.news\/?p=1510#primaryimage\",\"url\":\"https:\/\/stourm.news\/wp-content\/uploads\/2024\/06\/6659e185775b330e5b0cea57.webp\",\"contentUrl\":\"https:\/\/stourm.news\/wp-content\/uploads\/2024\/06\/6659e185775b330e5b0cea57.webp\",\"width\":960,\"height\":600},{\"@type\":\"BreadcrumbList\",\"@id\":\"https:\/\/stourm.news\/?p=1510#breadcrumb\",\"itemListElement\":[{\"@type\":\"ListItem\",\"position\":1,\"name\":\"Accueil\",\"item\":\"https:\/\/stourm.news\/\"},{\"@type\":\"ListItem\",\"position\":2,\"name\":\"\u00c0 Quimperl\u00e9, 100 pour un toit se bat pour ne laisser aucun migrant sans toit\"}]},{\"@type\":\"WebSite\",\"@id\":\"https:\/\/stourm.news\/#website\",\"url\":\"https:\/\/stourm.news\/\",\"name\":\"Stourm\",\"description\":\"Kazetenn Strollad Broadel Breizh\",\"publisher\":{\"@id\":\"https:\/\/stourm.news\/#organization\"},\"potentialAction\":[{\"@type\":\"SearchAction\",\"target\":{\"@type\":\"EntryPoint\",\"urlTemplate\":\"https:\/\/stourm.news\/?s={search_term_string}\"},\"query-input\":{\"@type\":\"PropertyValueSpecification\",\"valueRequired\":true,\"valueName\":\"search_term_string\"}}],\"inLanguage\":\"fr-FR\"},{\"@type\":\"Organization\",\"@id\":\"https:\/\/stourm.news\/#organization\",\"name\":\"Stourm\",\"url\":\"https:\/\/stourm.news\/\",\"logo\":{\"@type\":\"ImageObject\",\"inLanguage\":\"fr-FR\",\"@id\":\"https:\/\/stourm.news\/#\/schema\/logo\/image\/\",\"url\":\"https:\/\/stourm.news\/wp-content\/uploads\/2025\/11\/cropped-Capture-decran-2025-11-28-a-15.19.07.png\",\"contentUrl\":\"https:\/\/stourm.news\/wp-content\/uploads\/2025\/11\/cropped-Capture-decran-2025-11-28-a-15.19.07.png\",\"width\":1855,\"height\":383,\"caption\":\"Stourm\"},\"image\":{\"@id\":\"https:\/\/stourm.news\/#\/schema\/logo\/image\/\"},\"sameAs\":[\"https:\/\/www.facebook.com\/stourmnews\/\"]},{\"@type\":\"Person\",\"@id\":\"https:\/\/stourm.news\/#\/schema\/person\/c3e1dc65988632e190969234ef046cf9\",\"name\":\"La r\u00e9daction\",\"image\":{\"@type\":\"ImageObject\",\"inLanguage\":\"fr-FR\",\"@id\":\"https:\/\/stourm.news\/#\/schema\/person\/image\/\",\"url\":\"https:\/\/secure.gravatar.com\/avatar\/7463443f194b6b5fb706b074ca0ef59a0cfcfd720cb47764b0ec5a952ce422b3?s=96&d=mm&r=g\",\"contentUrl\":\"https:\/\/secure.gravatar.com\/avatar\/7463443f194b6b5fb706b074ca0ef59a0cfcfd720cb47764b0ec5a952ce422b3?s=96&d=mm&r=g\",\"caption\":\"La r\u00e9daction\"},\"sameAs\":[\"https:\/\/stourm.news\"],\"url\":\"https:\/\/stourm.news\/?author=1\"}]}<\/script>\n<!-- \/ Yoast SEO plugin. -->","yoast_head_json":{"title":"\u00c0 Quimperl\u00e9, 100 pour un toit se bat pour ne laisser aucun migrant sans toit - STOURM","robots":{"index":"index","follow":"follow","max-snippet":"max-snippet:-1","max-image-preview":"max-image-preview:large","max-video-preview":"max-video-preview:-1"},"canonical":"https:\/\/stourm.news\/?p=1510","og_locale":"fr_FR","og_type":"article","og_title":"\u00c0 Quimperl\u00e9, 100 pour un toit se bat pour ne laisser aucun migrant sans toit - STOURM","og_description":"Les engagements de 100 pour un toit aupr\u00e8s des migrants d\u00e9bout\u00e9s du droit d\u2019asile portent sur l\u2019h\u00e9bergement, l\u2019accompagnement administratif, l\u2019information sur la l\u00e9gislation, les soins m\u00e9dicaux, l\u2019apprentissage du fran\u00e7ais\u2026 La pr\u00e9sence de l\u2019association dans le pays de Quimperl\u00e9 a permis \u00e0 de nombreux migrants de retrouver une direction dans un parcours de vie bien souvent [&hellip;]","og_url":"https:\/\/stourm.news\/?p=1510","og_site_name":"STOURM","article_publisher":"https:\/\/www.facebook.com\/stourmnews\/","article_published_time":"2024-06-01T05:27:54+00:00","article_modified_time":"2024-06-01T06:11:49+00:00","og_image":[{"width":960,"height":600,"url":"https:\/\/stourm.news\/wp-content\/uploads\/2024\/06\/6659e185775b330e5b0cea57.webp","type":"image\/webp"}],"author":"La r\u00e9daction","twitter_card":"summary_large_image","twitter_misc":{"\u00c9crit par":"La r\u00e9daction","Dur\u00e9e de lecture estim\u00e9e":"1 minute"},"schema":{"@context":"https:\/\/schema.org","@graph":[{"@type":"Article","@id":"https:\/\/stourm.news\/?p=1510#article","isPartOf":{"@id":"https:\/\/stourm.news\/?p=1510"},"author":{"name":"La r\u00e9daction","@id":"https:\/\/stourm.news\/#\/schema\/person\/c3e1dc65988632e190969234ef046cf9"},"headline":"\u00c0 Quimperl\u00e9, 100 pour un toit se bat pour ne laisser aucun migrant sans toit","datePublished":"2024-06-01T05:27:54+00:00","dateModified":"2024-06-01T06:11:49+00:00","mainEntityOfPage":{"@id":"https:\/\/stourm.news\/?p=1510"},"wordCount":225,"commentCount":0,"publisher":{"@id":"https:\/\/stourm.news\/#organization"},"image":{"@id":"https:\/\/stourm.news\/?p=1510#primaryimage"},"thumbnailUrl":"https:\/\/stourm.news\/wp-content\/uploads\/2024\/06\/6659e185775b330e5b0cea57.webp","articleSection":["Extr\u00eame-gauche","Finist\u00e8re","Immigration","Revue de presse"],"inLanguage":"fr-FR","potentialAction":[{"@type":"CommentAction","name":"Comment","target":["https:\/\/stourm.news\/?p=1510#respond"]}]},{"@type":"WebPage","@id":"https:\/\/stourm.news\/?p=1510","url":"https:\/\/stourm.news\/?p=1510","name":"\u00c0 Quimperl\u00e9, 100 pour un toit se bat pour ne laisser aucun migrant sans toit - STOURM","isPartOf":{"@id":"https:\/\/stourm.news\/#website"},"primaryImageOfPage":{"@id":"https:\/\/stourm.news\/?p=1510#primaryimage"},"image":{"@id":"https:\/\/stourm.news\/?p=1510#primaryimage"},"thumbnailUrl":"https:\/\/stourm.news\/wp-content\/uploads\/2024\/06\/6659e185775b330e5b0cea57.webp","datePublished":"2024-06-01T05:27:54+00:00","dateModified":"2024-06-01T06:11:49+00:00","breadcrumb":{"@id":"https:\/\/stourm.news\/?p=1510#breadcrumb"},"inLanguage":"fr-FR","potentialAction":[{"@type":"ReadAction","target":["https:\/\/stourm.news\/?p=1510"]}]},{"@type":"ImageObject","inLanguage":"fr-FR","@id":"https:\/\/stourm.news\/?p=1510#primaryimage","url":"https:\/\/stourm.news\/wp-content\/uploads\/2024\/06\/6659e185775b330e5b0cea57.webp","contentUrl":"https:\/\/stourm.news\/wp-content\/uploads\/2024\/06\/6659e185775b330e5b0cea57.webp","width":960,"height":600},{"@type":"BreadcrumbList","@id":"https:\/\/stourm.news\/?p=1510#breadcrumb","itemListElement":[{"@type":"ListItem","position":1,"name":"Accueil","item":"https:\/\/stourm.news\/"},{"@type":"ListItem","position":2,"name":"\u00c0 Quimperl\u00e9, 100 pour un toit se bat pour ne laisser aucun migrant sans toit"}]},{"@type":"WebSite","@id":"https:\/\/stourm.news\/#website","url":"https:\/\/stourm.news\/","name":"Stourm","description":"Kazetenn Strollad Broadel Breizh","publisher":{"@id":"https:\/\/stourm.news\/#organization"},"potentialAction":[{"@type":"SearchAction","target":{"@type":"EntryPoint","urlTemplate":"https:\/\/stourm.news\/?s={search_term_string}"},"query-input":{"@type":"PropertyValueSpecification","valueRequired":true,"valueName":"search_term_string"}}],"inLanguage":"fr-FR"},{"@type":"Organization","@id":"https:\/\/stourm.news\/#organization","name":"Stourm","url":"https:\/\/stourm.news\/","logo":{"@type":"ImageObject","inLanguage":"fr-FR","@id":"https:\/\/stourm.news\/#\/schema\/logo\/image\/","url":"https:\/\/stourm.news\/wp-content\/uploads\/2025\/11\/cropped-Capture-decran-2025-11-28-a-15.19.07.png","contentUrl":"https:\/\/stourm.news\/wp-content\/uploads\/2025\/11\/cropped-Capture-decran-2025-11-28-a-15.19.07.png","width":1855,"height":383,"caption":"Stourm"},"image":{"@id":"https:\/\/stourm.news\/#\/schema\/logo\/image\/"},"sameAs":["https:\/\/www.facebook.com\/stourmnews\/"]},{"@type":"Person","@id":"https:\/\/stourm.news\/#\/schema\/person\/c3e1dc65988632e190969234ef046cf9","name":"La r\u00e9daction","image":{"@type":"ImageObject","inLanguage":"fr-FR","@id":"https:\/\/stourm.news\/#\/schema\/person\/image\/","url":"https:\/\/secure.gravatar.com\/avatar\/7463443f194b6b5fb706b074ca0ef59a0cfcfd720cb47764b0ec5a952ce422b3?s=96&d=mm&r=g","contentUrl":"https:\/\/secure.gravatar.com\/avatar\/7463443f194b6b5fb706b074ca0ef59a0cfcfd720cb47764b0ec5a952ce422b3?s=96&d=mm&r=g","caption":"La r\u00e9daction"},"sameAs":["https:\/\/stourm.news"],"url":"https:\/\/stourm.news\/?author=1"}]}},"_links":{"self":[{"href":"https:\/\/stourm.news\/index.php?rest_route=\/wp\/v2\/posts\/1510","targetHints":{"allow":["GET"]}}],"collection":[{"href":"https:\/\/stourm.news\/index.php?rest_route=\/wp\/v2\/posts"}],"about":[{"href":"https:\/\/stourm.news\/index.php?rest_route=\/wp\/v2\/types\/post"}],"author":[{"embeddable":true,"href":"https:\/\/stourm.news\/index.php?rest_route=\/wp\/v2\/users\/1"}],"replies":[{"embeddable":true,"href":"https:\/\/stourm.news\/index.php?rest_route=%2Fwp%2Fv2%2Fcomments&post=1510"}],"version-history":[{"count":1,"href":"https:\/\/stourm.news\/index.php?rest_route=\/wp\/v2\/posts\/1510\/revisions"}],"predecessor-version":[{"id":1512,"href":"https:\/\/stourm.news\/index.php?rest_route=\/wp\/v2\/posts\/1510\/revisions\/1512"}],"wp:featuredmedia":[{"embeddable":true,"href":"https:\/\/stourm.news\/index.php?rest_route=\/wp\/v2\/media\/1511"}],"wp:attachment":[{"href":"https:\/\/stourm.news\/index.php?rest_route=%2Fwp%2Fv2%2Fmedia&parent=1510"}],"wp:term":[{"taxonomy":"category","embeddable":true,"href":"https:\/\/stourm.news\/index.php?rest_route=%2Fwp%2Fv2%2Fcategories&post=1510"},{"taxonomy":"post_tag","embeddable":true,"href":"https:\/\/stourm.news\/index.php?rest_route=%2Fwp%2Fv2%2Ftags&post=1510"}],"curies":[{"name":"wp","href":"https:\/\/api.w.org\/{rel}","templated":true}]}}