{"id":1513,"date":"2024-06-01T05:40:13","date_gmt":"2024-06-01T05:40:13","guid":{"rendered":"https:\/\/stourm.news\/?p=1513"},"modified":"2024-06-01T05:40:13","modified_gmt":"2024-06-01T05:40:13","slug":"moelan-sur-mer-lextreme-gauche-diffusera-un-film-pro-migrants-clandestins","status":"publish","type":"post","link":"https:\/\/stourm.news\/?p=1513","title":{"rendered":"Mo\u00eblan-sur-Mer : l&rsquo;extr\u00eame-gauche diffusera un film pro-migrants clandestins"},"content":{"rendered":"<p style=\"text-align: justify;\">Il n\u2019y a que le Kerfany qui le passe \u00e0 des communes \u00e0 la ronde : \u00ab Un pays de papier \u00bb, le second documentaire de la quimp\u00e9roise Marion Bo\u00e9, sera projet\u00e9 ce lundi 3 juin 2024 \u00e0 Mo\u00eblan-sur-Mer.<\/p>\n<p style=\"text-align: justify;\">\u00ab Ce film rend compte du travail d\u2019une avocate rennaise qui intervient <strong>aupr\u00e8s de personnes en situation d\u2019exil<\/strong> \u00bb, explique St\u00e9phane Le Labourier, copr\u00e9sident de la section de la<strong> Ligue des droits de l\u2019homme<\/strong> de Concarneau-Quimperl\u00e9. \u00ab Ce documentaire traite de la situation particuli\u00e8re <strong>des mineurs non-accompagn\u00e9s<\/strong>, qu\u2019on appelle aussi <strong>les mineurs isol\u00e9s \u00e9trangers<\/strong>. Donc des mineurs, qui arrivent sans famille et auxquels on doit protection \u00bb.<\/p>\n<p style=\"text-align: justify;\">Au-del\u00e0 de ce travail, le documentaire montre que \u00ab c\u2019est en plus un engagement personnel, familial, qui prend de la d\u00e9mesure presque \u00bb, continue-t-il. \u00ab \u00c7a dit aussi la d\u00e9sh\u00e9rence de cette situation :<strong> comment on les accueille ?<\/strong> Avec quels moyens ? Surtout l\u2019absence de moyens. C\u2019est un film juste qui n\u2019occulte pas grand-chose. Beaucoup de questions sont soulev\u00e9es \u00bb. Mais il y a aussi de l\u2019optimisme, des victoires <strong>et des situations qui aboutissent.<\/strong><\/p>\n<p>Source : <a href=\"https:\/\/www.letelegramme.fr\/finistere\/moelan-sur-mer-29350\/un-documentaire-fort-projete-ce-lundi-3-juin-au-kerfany-de-moelan-sur-mer-6594544.php\">Le T\u00e9l\u00e9gramme<\/a><\/p>\n<p style=\"text-align: justify;\">Photo :<em> \u00ab Marion Bo\u00e9 sera pr\u00e9sente ainsi que la Ligue des droits de l\u2019homme \u00bb, dit St\u00e9phane Le Labourier, aux c\u00f4t\u00e9s de Monique R\u00e9p\u00e9caud, adh\u00e9rente de la LDH, Michel Grossard et Monique Marquet, pr\u00e9sident et programmatrice du Kerfany.<\/em><\/p>\n","protected":false},"excerpt":{"rendered":"<p>Il n\u2019y a que le Kerfany qui le passe \u00e0 des communes \u00e0 la ronde : \u00ab Un pays de papier \u00bb, le second documentaire de la quimp\u00e9roise Marion Bo\u00e9, sera projet\u00e9 ce lundi 3 juin 2024 \u00e0 Mo\u00eblan-sur-Mer. \u00ab Ce film rend compte du travail d\u2019une avocate rennaise qui intervient aupr\u00e8s de personnes en [&hellip;]<\/p>\n","protected":false},"author":1,"featured_media":1514,"comment_status":"open","ping_status":"open","sticky":false,"template":"","format":"standard","meta":{"sb_editor_width":"","footnotes":""},"categories":[36,38,33,62],"tags":[],"class_list":["post-1513","post","type-post","status-publish","format-standard","has-post-thumbnail","hentry","category-extreme-gauche","category-finistere","category-immigration","category-revue-de-presse"],"relative_dates":{"created":"2 ans ago","modified":"2 ans ago"},"yoast_head":"<!-- This site is optimized with the Yoast SEO plugin v26.3 - https:\/\/yoast.com\/wordpress\/plugins\/seo\/ -->\n<title>Mo\u00eblan-sur-Mer : l&#039;extr\u00eame-gauche diffusera un film pro-migrants clandestins - STOURM<\/title>\n<meta name=\"robots\" content=\"index, follow, max-snippet:-1, max-image-preview:large, max-video-preview:-1\" \/>\n<link rel=\"canonical\" href=\"https:\/\/stourm.news\/?p=1513\" \/>\n<meta property=\"og:locale\" content=\"fr_FR\" \/>\n<meta property=\"og:type\" content=\"article\" \/>\n<meta property=\"og:title\" content=\"Mo\u00eblan-sur-Mer : l&#039;extr\u00eame-gauche diffusera un film pro-migrants clandestins - STOURM\" \/>\n<meta property=\"og:description\" content=\"Il n\u2019y a que le Kerfany qui le passe \u00e0 des communes \u00e0 la ronde : \u00ab Un pays de papier \u00bb, le second documentaire de la quimp\u00e9roise Marion Bo\u00e9, sera projet\u00e9 ce lundi 3 juin 2024 \u00e0 Mo\u00eblan-sur-Mer. \u00ab Ce film rend compte du travail d\u2019une avocate rennaise qui intervient aupr\u00e8s de personnes en [&hellip;]\" \/>\n<meta property=\"og:url\" content=\"https:\/\/stourm.news\/?p=1513\" \/>\n<meta property=\"og:site_name\" content=\"STOURM\" \/>\n<meta property=\"article:publisher\" content=\"https:\/\/www.facebook.com\/stourmnews\/\" \/>\n<meta property=\"article:published_time\" content=\"2024-06-01T05:40:13+00:00\" \/>\n<meta property=\"og:image\" content=\"https:\/\/stourm.news\/wp-content\/uploads\/2024\/06\/6659c2fcec2550293c0f3f6b.webp\" \/>\n\t<meta property=\"og:image:width\" content=\"960\" \/>\n\t<meta property=\"og:image:height\" content=\"600\" \/>\n\t<meta property=\"og:image:type\" content=\"image\/webp\" \/>\n<meta name=\"author\" content=\"La r\u00e9daction\" \/>\n<meta name=\"twitter:card\" content=\"summary_large_image\" \/>\n<meta name=\"twitter:label1\" content=\"\u00c9crit par\" \/>\n\t<meta name=\"twitter:data1\" content=\"La r\u00e9daction\" \/>\n\t<meta name=\"twitter:label2\" content=\"Dur\u00e9e de lecture estim\u00e9e\" \/>\n\t<meta name=\"twitter:data2\" content=\"2 minutes\" \/>\n<script type=\"application\/ld+json\" class=\"yoast-schema-graph\">{\"@context\":\"https:\/\/schema.org\",\"@graph\":[{\"@type\":\"Article\",\"@id\":\"https:\/\/stourm.news\/?p=1513#article\",\"isPartOf\":{\"@id\":\"https:\/\/stourm.news\/?p=1513\"},\"author\":{\"name\":\"La r\u00e9daction\",\"@id\":\"https:\/\/stourm.news\/#\/schema\/person\/c3e1dc65988632e190969234ef046cf9\"},\"headline\":\"Mo\u00eblan-sur-Mer : l&rsquo;extr\u00eame-gauche diffusera un film pro-migrants clandestins\",\"datePublished\":\"2024-06-01T05:40:13+00:00\",\"mainEntityOfPage\":{\"@id\":\"https:\/\/stourm.news\/?p=1513\"},\"wordCount\":244,\"commentCount\":0,\"publisher\":{\"@id\":\"https:\/\/stourm.news\/#organization\"},\"image\":{\"@id\":\"https:\/\/stourm.news\/?p=1513#primaryimage\"},\"thumbnailUrl\":\"https:\/\/stourm.news\/wp-content\/uploads\/2024\/06\/6659c2fcec2550293c0f3f6b.webp\",\"articleSection\":[\"Extr\u00eame-gauche\",\"Finist\u00e8re\",\"Immigration\",\"Revue de presse\"],\"inLanguage\":\"fr-FR\",\"potentialAction\":[{\"@type\":\"CommentAction\",\"name\":\"Comment\",\"target\":[\"https:\/\/stourm.news\/?p=1513#respond\"]}]},{\"@type\":\"WebPage\",\"@id\":\"https:\/\/stourm.news\/?p=1513\",\"url\":\"https:\/\/stourm.news\/?p=1513\",\"name\":\"Mo\u00eblan-sur-Mer : l'extr\u00eame-gauche diffusera un film pro-migrants clandestins - STOURM\",\"isPartOf\":{\"@id\":\"https:\/\/stourm.news\/#website\"},\"primaryImageOfPage\":{\"@id\":\"https:\/\/stourm.news\/?p=1513#primaryimage\"},\"image\":{\"@id\":\"https:\/\/stourm.news\/?p=1513#primaryimage\"},\"thumbnailUrl\":\"https:\/\/stourm.news\/wp-content\/uploads\/2024\/06\/6659c2fcec2550293c0f3f6b.webp\",\"datePublished\":\"2024-06-01T05:40:13+00:00\",\"breadcrumb\":{\"@id\":\"https:\/\/stourm.news\/?p=1513#breadcrumb\"},\"inLanguage\":\"fr-FR\",\"potentialAction\":[{\"@type\":\"ReadAction\",\"target\":[\"https:\/\/stourm.news\/?p=1513\"]}]},{\"@type\":\"ImageObject\",\"inLanguage\":\"fr-FR\",\"@id\":\"https:\/\/stourm.news\/?p=1513#primaryimage\",\"url\":\"https:\/\/stourm.news\/wp-content\/uploads\/2024\/06\/6659c2fcec2550293c0f3f6b.webp\",\"contentUrl\":\"https:\/\/stourm.news\/wp-content\/uploads\/2024\/06\/6659c2fcec2550293c0f3f6b.webp\",\"width\":960,\"height\":600},{\"@type\":\"BreadcrumbList\",\"@id\":\"https:\/\/stourm.news\/?p=1513#breadcrumb\",\"itemListElement\":[{\"@type\":\"ListItem\",\"position\":1,\"name\":\"Accueil\",\"item\":\"https:\/\/stourm.news\/\"},{\"@type\":\"ListItem\",\"position\":2,\"name\":\"Mo\u00eblan-sur-Mer : l&rsquo;extr\u00eame-gauche diffusera un film pro-migrants clandestins\"}]},{\"@type\":\"WebSite\",\"@id\":\"https:\/\/stourm.news\/#website\",\"url\":\"https:\/\/stourm.news\/\",\"name\":\"Stourm\",\"description\":\"Kazetenn Strollad Broadel Breizh\",\"publisher\":{\"@id\":\"https:\/\/stourm.news\/#organization\"},\"potentialAction\":[{\"@type\":\"SearchAction\",\"target\":{\"@type\":\"EntryPoint\",\"urlTemplate\":\"https:\/\/stourm.news\/?s={search_term_string}\"},\"query-input\":{\"@type\":\"PropertyValueSpecification\",\"valueRequired\":true,\"valueName\":\"search_term_string\"}}],\"inLanguage\":\"fr-FR\"},{\"@type\":\"Organization\",\"@id\":\"https:\/\/stourm.news\/#organization\",\"name\":\"Stourm\",\"url\":\"https:\/\/stourm.news\/\",\"logo\":{\"@type\":\"ImageObject\",\"inLanguage\":\"fr-FR\",\"@id\":\"https:\/\/stourm.news\/#\/schema\/logo\/image\/\",\"url\":\"https:\/\/stourm.news\/wp-content\/uploads\/2025\/11\/cropped-Capture-decran-2025-11-28-a-15.19.07.png\",\"contentUrl\":\"https:\/\/stourm.news\/wp-content\/uploads\/2025\/11\/cropped-Capture-decran-2025-11-28-a-15.19.07.png\",\"width\":1855,\"height\":383,\"caption\":\"Stourm\"},\"image\":{\"@id\":\"https:\/\/stourm.news\/#\/schema\/logo\/image\/\"},\"sameAs\":[\"https:\/\/www.facebook.com\/stourmnews\/\"]},{\"@type\":\"Person\",\"@id\":\"https:\/\/stourm.news\/#\/schema\/person\/c3e1dc65988632e190969234ef046cf9\",\"name\":\"La r\u00e9daction\",\"image\":{\"@type\":\"ImageObject\",\"inLanguage\":\"fr-FR\",\"@id\":\"https:\/\/stourm.news\/#\/schema\/person\/image\/\",\"url\":\"https:\/\/secure.gravatar.com\/avatar\/7463443f194b6b5fb706b074ca0ef59a0cfcfd720cb47764b0ec5a952ce422b3?s=96&d=mm&r=g\",\"contentUrl\":\"https:\/\/secure.gravatar.com\/avatar\/7463443f194b6b5fb706b074ca0ef59a0cfcfd720cb47764b0ec5a952ce422b3?s=96&d=mm&r=g\",\"caption\":\"La r\u00e9daction\"},\"sameAs\":[\"https:\/\/stourm.news\"],\"url\":\"https:\/\/stourm.news\/?author=1\"}]}<\/script>\n<!-- \/ Yoast SEO plugin. -->","yoast_head_json":{"title":"Mo\u00eblan-sur-Mer : l'extr\u00eame-gauche diffusera un film pro-migrants clandestins - STOURM","robots":{"index":"index","follow":"follow","max-snippet":"max-snippet:-1","max-image-preview":"max-image-preview:large","max-video-preview":"max-video-preview:-1"},"canonical":"https:\/\/stourm.news\/?p=1513","og_locale":"fr_FR","og_type":"article","og_title":"Mo\u00eblan-sur-Mer : l'extr\u00eame-gauche diffusera un film pro-migrants clandestins - STOURM","og_description":"Il n\u2019y a que le Kerfany qui le passe \u00e0 des communes \u00e0 la ronde : \u00ab Un pays de papier \u00bb, le second documentaire de la quimp\u00e9roise Marion Bo\u00e9, sera projet\u00e9 ce lundi 3 juin 2024 \u00e0 Mo\u00eblan-sur-Mer. \u00ab Ce film rend compte du travail d\u2019une avocate rennaise qui intervient aupr\u00e8s de personnes en [&hellip;]","og_url":"https:\/\/stourm.news\/?p=1513","og_site_name":"STOURM","article_publisher":"https:\/\/www.facebook.com\/stourmnews\/","article_published_time":"2024-06-01T05:40:13+00:00","og_image":[{"width":960,"height":600,"url":"https:\/\/stourm.news\/wp-content\/uploads\/2024\/06\/6659c2fcec2550293c0f3f6b.webp","type":"image\/webp"}],"author":"La r\u00e9daction","twitter_card":"summary_large_image","twitter_misc":{"\u00c9crit par":"La r\u00e9daction","Dur\u00e9e de lecture estim\u00e9e":"2 minutes"},"schema":{"@context":"https:\/\/schema.org","@graph":[{"@type":"Article","@id":"https:\/\/stourm.news\/?p=1513#article","isPartOf":{"@id":"https:\/\/stourm.news\/?p=1513"},"author":{"name":"La r\u00e9daction","@id":"https:\/\/stourm.news\/#\/schema\/person\/c3e1dc65988632e190969234ef046cf9"},"headline":"Mo\u00eblan-sur-Mer : l&rsquo;extr\u00eame-gauche diffusera un film pro-migrants clandestins","datePublished":"2024-06-01T05:40:13+00:00","mainEntityOfPage":{"@id":"https:\/\/stourm.news\/?p=1513"},"wordCount":244,"commentCount":0,"publisher":{"@id":"https:\/\/stourm.news\/#organization"},"image":{"@id":"https:\/\/stourm.news\/?p=1513#primaryimage"},"thumbnailUrl":"https:\/\/stourm.news\/wp-content\/uploads\/2024\/06\/6659c2fcec2550293c0f3f6b.webp","articleSection":["Extr\u00eame-gauche","Finist\u00e8re","Immigration","Revue de presse"],"inLanguage":"fr-FR","potentialAction":[{"@type":"CommentAction","name":"Comment","target":["https:\/\/stourm.news\/?p=1513#respond"]}]},{"@type":"WebPage","@id":"https:\/\/stourm.news\/?p=1513","url":"https:\/\/stourm.news\/?p=1513","name":"Mo\u00eblan-sur-Mer : l'extr\u00eame-gauche diffusera un film pro-migrants clandestins - STOURM","isPartOf":{"@id":"https:\/\/stourm.news\/#website"},"primaryImageOfPage":{"@id":"https:\/\/stourm.news\/?p=1513#primaryimage"},"image":{"@id":"https:\/\/stourm.news\/?p=1513#primaryimage"},"thumbnailUrl":"https:\/\/stourm.news\/wp-content\/uploads\/2024\/06\/6659c2fcec2550293c0f3f6b.webp","datePublished":"2024-06-01T05:40:13+00:00","breadcrumb":{"@id":"https:\/\/stourm.news\/?p=1513#breadcrumb"},"inLanguage":"fr-FR","potentialAction":[{"@type":"ReadAction","target":["https:\/\/stourm.news\/?p=1513"]}]},{"@type":"ImageObject","inLanguage":"fr-FR","@id":"https:\/\/stourm.news\/?p=1513#primaryimage","url":"https:\/\/stourm.news\/wp-content\/uploads\/2024\/06\/6659c2fcec2550293c0f3f6b.webp","contentUrl":"https:\/\/stourm.news\/wp-content\/uploads\/2024\/06\/6659c2fcec2550293c0f3f6b.webp","width":960,"height":600},{"@type":"BreadcrumbList","@id":"https:\/\/stourm.news\/?p=1513#breadcrumb","itemListElement":[{"@type":"ListItem","position":1,"name":"Accueil","item":"https:\/\/stourm.news\/"},{"@type":"ListItem","position":2,"name":"Mo\u00eblan-sur-Mer : l&rsquo;extr\u00eame-gauche diffusera un film pro-migrants clandestins"}]},{"@type":"WebSite","@id":"https:\/\/stourm.news\/#website","url":"https:\/\/stourm.news\/","name":"Stourm","description":"Kazetenn Strollad Broadel Breizh","publisher":{"@id":"https:\/\/stourm.news\/#organization"},"potentialAction":[{"@type":"SearchAction","target":{"@type":"EntryPoint","urlTemplate":"https:\/\/stourm.news\/?s={search_term_string}"},"query-input":{"@type":"PropertyValueSpecification","valueRequired":true,"valueName":"search_term_string"}}],"inLanguage":"fr-FR"},{"@type":"Organization","@id":"https:\/\/stourm.news\/#organization","name":"Stourm","url":"https:\/\/stourm.news\/","logo":{"@type":"ImageObject","inLanguage":"fr-FR","@id":"https:\/\/stourm.news\/#\/schema\/logo\/image\/","url":"https:\/\/stourm.news\/wp-content\/uploads\/2025\/11\/cropped-Capture-decran-2025-11-28-a-15.19.07.png","contentUrl":"https:\/\/stourm.news\/wp-content\/uploads\/2025\/11\/cropped-Capture-decran-2025-11-28-a-15.19.07.png","width":1855,"height":383,"caption":"Stourm"},"image":{"@id":"https:\/\/stourm.news\/#\/schema\/logo\/image\/"},"sameAs":["https:\/\/www.facebook.com\/stourmnews\/"]},{"@type":"Person","@id":"https:\/\/stourm.news\/#\/schema\/person\/c3e1dc65988632e190969234ef046cf9","name":"La r\u00e9daction","image":{"@type":"ImageObject","inLanguage":"fr-FR","@id":"https:\/\/stourm.news\/#\/schema\/person\/image\/","url":"https:\/\/secure.gravatar.com\/avatar\/7463443f194b6b5fb706b074ca0ef59a0cfcfd720cb47764b0ec5a952ce422b3?s=96&d=mm&r=g","contentUrl":"https:\/\/secure.gravatar.com\/avatar\/7463443f194b6b5fb706b074ca0ef59a0cfcfd720cb47764b0ec5a952ce422b3?s=96&d=mm&r=g","caption":"La r\u00e9daction"},"sameAs":["https:\/\/stourm.news"],"url":"https:\/\/stourm.news\/?author=1"}]}},"_links":{"self":[{"href":"https:\/\/stourm.news\/index.php?rest_route=\/wp\/v2\/posts\/1513","targetHints":{"allow":["GET"]}}],"collection":[{"href":"https:\/\/stourm.news\/index.php?rest_route=\/wp\/v2\/posts"}],"about":[{"href":"https:\/\/stourm.news\/index.php?rest_route=\/wp\/v2\/types\/post"}],"author":[{"embeddable":true,"href":"https:\/\/stourm.news\/index.php?rest_route=\/wp\/v2\/users\/1"}],"replies":[{"embeddable":true,"href":"https:\/\/stourm.news\/index.php?rest_route=%2Fwp%2Fv2%2Fcomments&post=1513"}],"version-history":[{"count":1,"href":"https:\/\/stourm.news\/index.php?rest_route=\/wp\/v2\/posts\/1513\/revisions"}],"predecessor-version":[{"id":1515,"href":"https:\/\/stourm.news\/index.php?rest_route=\/wp\/v2\/posts\/1513\/revisions\/1515"}],"wp:featuredmedia":[{"embeddable":true,"href":"https:\/\/stourm.news\/index.php?rest_route=\/wp\/v2\/media\/1514"}],"wp:attachment":[{"href":"https:\/\/stourm.news\/index.php?rest_route=%2Fwp%2Fv2%2Fmedia&parent=1513"}],"wp:term":[{"taxonomy":"category","embeddable":true,"href":"https:\/\/stourm.news\/index.php?rest_route=%2Fwp%2Fv2%2Fcategories&post=1513"},{"taxonomy":"post_tag","embeddable":true,"href":"https:\/\/stourm.news\/index.php?rest_route=%2Fwp%2Fv2%2Ftags&post=1513"}],"curies":[{"name":"wp","href":"https:\/\/api.w.org\/{rel}","templated":true}]}}