{"id":1516,"date":"2024-06-01T06:04:25","date_gmt":"2024-06-01T06:04:25","guid":{"rendered":"https:\/\/stourm.news\/?p=1516"},"modified":"2024-06-01T06:05:17","modified_gmt":"2024-06-01T06:05:17","slug":"a-brest-un-couple-agresse-parce-quil-se-plaint-de-la-musique-trop-forte","status":"publish","type":"post","link":"https:\/\/stourm.news\/?p=1516","title":{"rendered":"Brest : un couple agress\u00e9 \u00e0 son domicile par un Tunisien sous OQTF"},"content":{"rendered":"<p style=\"text-align: justify;\">Dans la nuit du samedi 25 au dimanche 26 mai, dans le quartier Keranroux \u00e0 Brest, un couple a \u00e9t\u00e9 agress\u00e9 \u00e0 son domicile apr\u00e8s s\u2019\u00eatre plaint de la musique trop forte chez la voisine. Traumatis\u00e9s, ils t\u00e9moignent.<\/p>\n<p style=\"text-align: justify;\">\u00ab On ne dort plus de la nuit et on n\u2019arr\u00eate pas de ressasser. On aurait pu y passer tous les deux \u00bb ! Ce vendredi, bient\u00f4t une semaine apr\u00e8s l\u2019agression qu\u2019ils ont subie, Rozenn et son mari Parfait qui ont trois enfants dont un b\u00e9b\u00e9 de 22 mois, sortent tout juste d\u2019un rendez-vous avec un psychologue de l\u2019Unit\u00e9 d\u2019accueil des victimes de violences de la Cavale Blanche.<\/p>\n<p style=\"text-align: justify;\">Sous le coup d&rsquo;une <strong>obligation de quitter le territoire fran\u00e7ais<\/strong>, l&rsquo;auteur pr\u00e9sum\u00e9 du coup de couteau, <strong>d&rsquo;origine tunisienne<\/strong>, est convoqu\u00e9 devant le tribunal&#8230;<\/p>\n<p>Source : <a href=\"https:\/\/www.letelegramme.fr\/finistere\/brest-29200\/a-brest-un-couple-agresse-parce-quil-se-plaint-de-la-musique-trop-forte-6594962.php\">Le T\u00e9l\u00e9gramme<\/a><\/p>\n","protected":false},"excerpt":{"rendered":"<p>Dans la nuit du samedi 25 au dimanche 26 mai, dans le quartier Keranroux \u00e0 Brest, un couple a \u00e9t\u00e9 agress\u00e9 \u00e0 son domicile apr\u00e8s s\u2019\u00eatre plaint de la musique trop forte chez la voisine. Traumatis\u00e9s, ils t\u00e9moignent. \u00ab On ne dort plus de la nuit et on n\u2019arr\u00eate pas de ressasser. On aurait pu [&hellip;]<\/p>\n","protected":false},"author":1,"featured_media":1517,"comment_status":"open","ping_status":"open","sticky":false,"template":"","format":"standard","meta":{"sb_editor_width":"","footnotes":""},"categories":[31,38,33,62],"tags":[],"class_list":["post-1516","post","type-post","status-publish","format-standard","has-post-thumbnail","hentry","category-agression","category-finistere","category-immigration","category-revue-de-presse"],"relative_dates":{"created":"2 ans ago","modified":"2 ans ago"},"yoast_head":"<!-- This site is optimized with the Yoast SEO plugin v26.3 - https:\/\/yoast.com\/wordpress\/plugins\/seo\/ -->\n<title>Brest : un couple agress\u00e9 \u00e0 son domicile par un Tunisien sous OQTF - STOURM<\/title>\n<meta name=\"robots\" content=\"index, follow, max-snippet:-1, max-image-preview:large, max-video-preview:-1\" \/>\n<link rel=\"canonical\" href=\"https:\/\/stourm.news\/?p=1516\" \/>\n<meta property=\"og:locale\" content=\"fr_FR\" \/>\n<meta property=\"og:type\" content=\"article\" \/>\n<meta property=\"og:title\" content=\"Brest : un couple agress\u00e9 \u00e0 son domicile par un Tunisien sous OQTF - STOURM\" \/>\n<meta property=\"og:description\" content=\"Dans la nuit du samedi 25 au dimanche 26 mai, dans le quartier Keranroux \u00e0 Brest, un couple a \u00e9t\u00e9 agress\u00e9 \u00e0 son domicile apr\u00e8s s\u2019\u00eatre plaint de la musique trop forte chez la voisine. Traumatis\u00e9s, ils t\u00e9moignent. \u00ab On ne dort plus de la nuit et on n\u2019arr\u00eate pas de ressasser. On aurait pu [&hellip;]\" \/>\n<meta property=\"og:url\" content=\"https:\/\/stourm.news\/?p=1516\" \/>\n<meta property=\"og:site_name\" content=\"STOURM\" \/>\n<meta property=\"article:publisher\" content=\"https:\/\/www.facebook.com\/stourmnews\/\" \/>\n<meta property=\"article:published_time\" content=\"2024-06-01T06:04:25+00:00\" \/>\n<meta property=\"article:modified_time\" content=\"2024-06-01T06:05:17+00:00\" \/>\n<meta property=\"og:image\" content=\"https:\/\/stourm.news\/wp-content\/uploads\/2024\/06\/665a1ce449ac995f02711ccc.webp\" \/>\n\t<meta property=\"og:image:width\" content=\"960\" \/>\n\t<meta property=\"og:image:height\" content=\"600\" \/>\n\t<meta property=\"og:image:type\" content=\"image\/webp\" \/>\n<meta name=\"author\" content=\"La r\u00e9daction\" \/>\n<meta name=\"twitter:card\" content=\"summary_large_image\" \/>\n<meta name=\"twitter:label1\" content=\"\u00c9crit par\" \/>\n\t<meta name=\"twitter:data1\" content=\"La r\u00e9daction\" \/>\n\t<meta name=\"twitter:label2\" content=\"Dur\u00e9e de lecture estim\u00e9e\" \/>\n\t<meta name=\"twitter:data2\" content=\"1 minute\" \/>\n<script type=\"application\/ld+json\" class=\"yoast-schema-graph\">{\"@context\":\"https:\/\/schema.org\",\"@graph\":[{\"@type\":\"Article\",\"@id\":\"https:\/\/stourm.news\/?p=1516#article\",\"isPartOf\":{\"@id\":\"https:\/\/stourm.news\/?p=1516\"},\"author\":{\"name\":\"La r\u00e9daction\",\"@id\":\"https:\/\/stourm.news\/#\/schema\/person\/c3e1dc65988632e190969234ef046cf9\"},\"headline\":\"Brest : un couple agress\u00e9 \u00e0 son domicile par un Tunisien sous OQTF\",\"datePublished\":\"2024-06-01T06:04:25+00:00\",\"dateModified\":\"2024-06-01T06:05:17+00:00\",\"mainEntityOfPage\":{\"@id\":\"https:\/\/stourm.news\/?p=1516\"},\"wordCount\":156,\"commentCount\":0,\"publisher\":{\"@id\":\"https:\/\/stourm.news\/#organization\"},\"image\":{\"@id\":\"https:\/\/stourm.news\/?p=1516#primaryimage\"},\"thumbnailUrl\":\"https:\/\/stourm.news\/wp-content\/uploads\/2024\/06\/665a1ce449ac995f02711ccc.webp\",\"articleSection\":[\"Agression\",\"Finist\u00e8re\",\"Immigration\",\"Revue de presse\"],\"inLanguage\":\"fr-FR\",\"potentialAction\":[{\"@type\":\"CommentAction\",\"name\":\"Comment\",\"target\":[\"https:\/\/stourm.news\/?p=1516#respond\"]}]},{\"@type\":\"WebPage\",\"@id\":\"https:\/\/stourm.news\/?p=1516\",\"url\":\"https:\/\/stourm.news\/?p=1516\",\"name\":\"Brest : un couple agress\u00e9 \u00e0 son domicile par un Tunisien sous OQTF - STOURM\",\"isPartOf\":{\"@id\":\"https:\/\/stourm.news\/#website\"},\"primaryImageOfPage\":{\"@id\":\"https:\/\/stourm.news\/?p=1516#primaryimage\"},\"image\":{\"@id\":\"https:\/\/stourm.news\/?p=1516#primaryimage\"},\"thumbnailUrl\":\"https:\/\/stourm.news\/wp-content\/uploads\/2024\/06\/665a1ce449ac995f02711ccc.webp\",\"datePublished\":\"2024-06-01T06:04:25+00:00\",\"dateModified\":\"2024-06-01T06:05:17+00:00\",\"breadcrumb\":{\"@id\":\"https:\/\/stourm.news\/?p=1516#breadcrumb\"},\"inLanguage\":\"fr-FR\",\"potentialAction\":[{\"@type\":\"ReadAction\",\"target\":[\"https:\/\/stourm.news\/?p=1516\"]}]},{\"@type\":\"ImageObject\",\"inLanguage\":\"fr-FR\",\"@id\":\"https:\/\/stourm.news\/?p=1516#primaryimage\",\"url\":\"https:\/\/stourm.news\/wp-content\/uploads\/2024\/06\/665a1ce449ac995f02711ccc.webp\",\"contentUrl\":\"https:\/\/stourm.news\/wp-content\/uploads\/2024\/06\/665a1ce449ac995f02711ccc.webp\",\"width\":960,\"height\":600},{\"@type\":\"BreadcrumbList\",\"@id\":\"https:\/\/stourm.news\/?p=1516#breadcrumb\",\"itemListElement\":[{\"@type\":\"ListItem\",\"position\":1,\"name\":\"Accueil\",\"item\":\"https:\/\/stourm.news\/\"},{\"@type\":\"ListItem\",\"position\":2,\"name\":\"Brest : un couple agress\u00e9 \u00e0 son domicile par un Tunisien sous OQTF\"}]},{\"@type\":\"WebSite\",\"@id\":\"https:\/\/stourm.news\/#website\",\"url\":\"https:\/\/stourm.news\/\",\"name\":\"Stourm\",\"description\":\"Kazetenn Strollad Broadel Breizh\",\"publisher\":{\"@id\":\"https:\/\/stourm.news\/#organization\"},\"potentialAction\":[{\"@type\":\"SearchAction\",\"target\":{\"@type\":\"EntryPoint\",\"urlTemplate\":\"https:\/\/stourm.news\/?s={search_term_string}\"},\"query-input\":{\"@type\":\"PropertyValueSpecification\",\"valueRequired\":true,\"valueName\":\"search_term_string\"}}],\"inLanguage\":\"fr-FR\"},{\"@type\":\"Organization\",\"@id\":\"https:\/\/stourm.news\/#organization\",\"name\":\"Stourm\",\"url\":\"https:\/\/stourm.news\/\",\"logo\":{\"@type\":\"ImageObject\",\"inLanguage\":\"fr-FR\",\"@id\":\"https:\/\/stourm.news\/#\/schema\/logo\/image\/\",\"url\":\"https:\/\/stourm.news\/wp-content\/uploads\/2025\/11\/cropped-Capture-decran-2025-11-28-a-15.19.07.png\",\"contentUrl\":\"https:\/\/stourm.news\/wp-content\/uploads\/2025\/11\/cropped-Capture-decran-2025-11-28-a-15.19.07.png\",\"width\":1855,\"height\":383,\"caption\":\"Stourm\"},\"image\":{\"@id\":\"https:\/\/stourm.news\/#\/schema\/logo\/image\/\"},\"sameAs\":[\"https:\/\/www.facebook.com\/stourmnews\/\"]},{\"@type\":\"Person\",\"@id\":\"https:\/\/stourm.news\/#\/schema\/person\/c3e1dc65988632e190969234ef046cf9\",\"name\":\"La r\u00e9daction\",\"image\":{\"@type\":\"ImageObject\",\"inLanguage\":\"fr-FR\",\"@id\":\"https:\/\/stourm.news\/#\/schema\/person\/image\/\",\"url\":\"https:\/\/secure.gravatar.com\/avatar\/7463443f194b6b5fb706b074ca0ef59a0cfcfd720cb47764b0ec5a952ce422b3?s=96&d=mm&r=g\",\"contentUrl\":\"https:\/\/secure.gravatar.com\/avatar\/7463443f194b6b5fb706b074ca0ef59a0cfcfd720cb47764b0ec5a952ce422b3?s=96&d=mm&r=g\",\"caption\":\"La r\u00e9daction\"},\"sameAs\":[\"https:\/\/stourm.news\"],\"url\":\"https:\/\/stourm.news\/?author=1\"}]}<\/script>\n<!-- \/ Yoast SEO plugin. -->","yoast_head_json":{"title":"Brest : un couple agress\u00e9 \u00e0 son domicile par un Tunisien sous OQTF - STOURM","robots":{"index":"index","follow":"follow","max-snippet":"max-snippet:-1","max-image-preview":"max-image-preview:large","max-video-preview":"max-video-preview:-1"},"canonical":"https:\/\/stourm.news\/?p=1516","og_locale":"fr_FR","og_type":"article","og_title":"Brest : un couple agress\u00e9 \u00e0 son domicile par un Tunisien sous OQTF - STOURM","og_description":"Dans la nuit du samedi 25 au dimanche 26 mai, dans le quartier Keranroux \u00e0 Brest, un couple a \u00e9t\u00e9 agress\u00e9 \u00e0 son domicile apr\u00e8s s\u2019\u00eatre plaint de la musique trop forte chez la voisine. Traumatis\u00e9s, ils t\u00e9moignent. \u00ab On ne dort plus de la nuit et on n\u2019arr\u00eate pas de ressasser. On aurait pu [&hellip;]","og_url":"https:\/\/stourm.news\/?p=1516","og_site_name":"STOURM","article_publisher":"https:\/\/www.facebook.com\/stourmnews\/","article_published_time":"2024-06-01T06:04:25+00:00","article_modified_time":"2024-06-01T06:05:17+00:00","og_image":[{"width":960,"height":600,"url":"https:\/\/stourm.news\/wp-content\/uploads\/2024\/06\/665a1ce449ac995f02711ccc.webp","type":"image\/webp"}],"author":"La r\u00e9daction","twitter_card":"summary_large_image","twitter_misc":{"\u00c9crit par":"La r\u00e9daction","Dur\u00e9e de lecture estim\u00e9e":"1 minute"},"schema":{"@context":"https:\/\/schema.org","@graph":[{"@type":"Article","@id":"https:\/\/stourm.news\/?p=1516#article","isPartOf":{"@id":"https:\/\/stourm.news\/?p=1516"},"author":{"name":"La r\u00e9daction","@id":"https:\/\/stourm.news\/#\/schema\/person\/c3e1dc65988632e190969234ef046cf9"},"headline":"Brest : un couple agress\u00e9 \u00e0 son domicile par un Tunisien sous OQTF","datePublished":"2024-06-01T06:04:25+00:00","dateModified":"2024-06-01T06:05:17+00:00","mainEntityOfPage":{"@id":"https:\/\/stourm.news\/?p=1516"},"wordCount":156,"commentCount":0,"publisher":{"@id":"https:\/\/stourm.news\/#organization"},"image":{"@id":"https:\/\/stourm.news\/?p=1516#primaryimage"},"thumbnailUrl":"https:\/\/stourm.news\/wp-content\/uploads\/2024\/06\/665a1ce449ac995f02711ccc.webp","articleSection":["Agression","Finist\u00e8re","Immigration","Revue de presse"],"inLanguage":"fr-FR","potentialAction":[{"@type":"CommentAction","name":"Comment","target":["https:\/\/stourm.news\/?p=1516#respond"]}]},{"@type":"WebPage","@id":"https:\/\/stourm.news\/?p=1516","url":"https:\/\/stourm.news\/?p=1516","name":"Brest : un couple agress\u00e9 \u00e0 son domicile par un Tunisien sous OQTF - STOURM","isPartOf":{"@id":"https:\/\/stourm.news\/#website"},"primaryImageOfPage":{"@id":"https:\/\/stourm.news\/?p=1516#primaryimage"},"image":{"@id":"https:\/\/stourm.news\/?p=1516#primaryimage"},"thumbnailUrl":"https:\/\/stourm.news\/wp-content\/uploads\/2024\/06\/665a1ce449ac995f02711ccc.webp","datePublished":"2024-06-01T06:04:25+00:00","dateModified":"2024-06-01T06:05:17+00:00","breadcrumb":{"@id":"https:\/\/stourm.news\/?p=1516#breadcrumb"},"inLanguage":"fr-FR","potentialAction":[{"@type":"ReadAction","target":["https:\/\/stourm.news\/?p=1516"]}]},{"@type":"ImageObject","inLanguage":"fr-FR","@id":"https:\/\/stourm.news\/?p=1516#primaryimage","url":"https:\/\/stourm.news\/wp-content\/uploads\/2024\/06\/665a1ce449ac995f02711ccc.webp","contentUrl":"https:\/\/stourm.news\/wp-content\/uploads\/2024\/06\/665a1ce449ac995f02711ccc.webp","width":960,"height":600},{"@type":"BreadcrumbList","@id":"https:\/\/stourm.news\/?p=1516#breadcrumb","itemListElement":[{"@type":"ListItem","position":1,"name":"Accueil","item":"https:\/\/stourm.news\/"},{"@type":"ListItem","position":2,"name":"Brest : un couple agress\u00e9 \u00e0 son domicile par un Tunisien sous OQTF"}]},{"@type":"WebSite","@id":"https:\/\/stourm.news\/#website","url":"https:\/\/stourm.news\/","name":"Stourm","description":"Kazetenn Strollad Broadel Breizh","publisher":{"@id":"https:\/\/stourm.news\/#organization"},"potentialAction":[{"@type":"SearchAction","target":{"@type":"EntryPoint","urlTemplate":"https:\/\/stourm.news\/?s={search_term_string}"},"query-input":{"@type":"PropertyValueSpecification","valueRequired":true,"valueName":"search_term_string"}}],"inLanguage":"fr-FR"},{"@type":"Organization","@id":"https:\/\/stourm.news\/#organization","name":"Stourm","url":"https:\/\/stourm.news\/","logo":{"@type":"ImageObject","inLanguage":"fr-FR","@id":"https:\/\/stourm.news\/#\/schema\/logo\/image\/","url":"https:\/\/stourm.news\/wp-content\/uploads\/2025\/11\/cropped-Capture-decran-2025-11-28-a-15.19.07.png","contentUrl":"https:\/\/stourm.news\/wp-content\/uploads\/2025\/11\/cropped-Capture-decran-2025-11-28-a-15.19.07.png","width":1855,"height":383,"caption":"Stourm"},"image":{"@id":"https:\/\/stourm.news\/#\/schema\/logo\/image\/"},"sameAs":["https:\/\/www.facebook.com\/stourmnews\/"]},{"@type":"Person","@id":"https:\/\/stourm.news\/#\/schema\/person\/c3e1dc65988632e190969234ef046cf9","name":"La r\u00e9daction","image":{"@type":"ImageObject","inLanguage":"fr-FR","@id":"https:\/\/stourm.news\/#\/schema\/person\/image\/","url":"https:\/\/secure.gravatar.com\/avatar\/7463443f194b6b5fb706b074ca0ef59a0cfcfd720cb47764b0ec5a952ce422b3?s=96&d=mm&r=g","contentUrl":"https:\/\/secure.gravatar.com\/avatar\/7463443f194b6b5fb706b074ca0ef59a0cfcfd720cb47764b0ec5a952ce422b3?s=96&d=mm&r=g","caption":"La r\u00e9daction"},"sameAs":["https:\/\/stourm.news"],"url":"https:\/\/stourm.news\/?author=1"}]}},"_links":{"self":[{"href":"https:\/\/stourm.news\/index.php?rest_route=\/wp\/v2\/posts\/1516","targetHints":{"allow":["GET"]}}],"collection":[{"href":"https:\/\/stourm.news\/index.php?rest_route=\/wp\/v2\/posts"}],"about":[{"href":"https:\/\/stourm.news\/index.php?rest_route=\/wp\/v2\/types\/post"}],"author":[{"embeddable":true,"href":"https:\/\/stourm.news\/index.php?rest_route=\/wp\/v2\/users\/1"}],"replies":[{"embeddable":true,"href":"https:\/\/stourm.news\/index.php?rest_route=%2Fwp%2Fv2%2Fcomments&post=1516"}],"version-history":[{"count":2,"href":"https:\/\/stourm.news\/index.php?rest_route=\/wp\/v2\/posts\/1516\/revisions"}],"predecessor-version":[{"id":1519,"href":"https:\/\/stourm.news\/index.php?rest_route=\/wp\/v2\/posts\/1516\/revisions\/1519"}],"wp:featuredmedia":[{"embeddable":true,"href":"https:\/\/stourm.news\/index.php?rest_route=\/wp\/v2\/media\/1517"}],"wp:attachment":[{"href":"https:\/\/stourm.news\/index.php?rest_route=%2Fwp%2Fv2%2Fmedia&parent=1516"}],"wp:term":[{"taxonomy":"category","embeddable":true,"href":"https:\/\/stourm.news\/index.php?rest_route=%2Fwp%2Fv2%2Fcategories&post=1516"},{"taxonomy":"post_tag","embeddable":true,"href":"https:\/\/stourm.news\/index.php?rest_route=%2Fwp%2Fv2%2Ftags&post=1516"}],"curies":[{"name":"wp","href":"https:\/\/api.w.org\/{rel}","templated":true}]}}