{"id":1521,"date":"2024-06-02T06:04:13","date_gmt":"2024-06-02T06:04:13","guid":{"rendered":"https:\/\/stourm.news\/?p=1521"},"modified":"2024-06-02T06:04:13","modified_gmt":"2024-06-02T06:04:13","slug":"marcher-vers-lindependance-une-question-de-volonte-nationale-editorial","status":"publish","type":"post","link":"https:\/\/stourm.news\/?p=1521","title":{"rendered":"Marcher vers l&rsquo;ind\u00e9pendance, une question de volont\u00e9 nationale ! (Editorial)"},"content":{"rendered":"<p style=\"text-align: justify;\">Breizh est une nation, une nation plus ancienne que la France, forg\u00e9e d\u00e8s le 6\u00e8me si\u00e8cle, quatre si\u00e8cles avant que la France ne se mette \u00e0 balbutier. Pendant plus d&rsquo;un mill\u00e9naire, les conqu\u00e9rants francs de la Gaule ont livr\u00e9 une guerre incessante \u00e0 la fi\u00e8re nation bretonne pour la faire plier, sans succ\u00e8s. C&rsquo;est peu dire qu&rsquo;apr\u00e8s l&rsquo;annexion de notre pays en 1789, l&rsquo;effort de destruction de notre peuple par les Fran\u00e7ais pour \u00e9touffer notre nationalit\u00e9 a \u00e9t\u00e9 massif et syst\u00e9matique, mis en \u0153uvre par tous les moyens \u00e0 sa disposition afin de d\u00e9nationaliser les Bretons au point de leur faire croire qu&rsquo;ils \u00e9taient des Fran\u00e7ais.<\/p>\n<p style=\"text-align: justify;\">Cet effort a souvent r\u00e9ussi, mais pas totalement, gr\u00e2ce \u00e0 une minorit\u00e9 de Bretons d\u00e9termin\u00e9e, inaccessible \u00e0 toutes les tentatives, m\u00eame les plus sanglantes. Cet \u00e9chec fran\u00e7ais constitue en soi une grande victoire historique pour notre peuple et d\u00e9montre le caract\u00e8re irr\u00e9ductible de notre nationalit\u00e9. Par notre affirmation nationale et notre combat quotidien pour l&rsquo;ind\u00e9pendance, nous d\u00e9montrons que l&rsquo;Etat fran\u00e7ais n&rsquo;a pas r\u00e9ussi \u00e0 d\u00e9truire notre nationalit\u00e9, notre esprit national, ni le souvenir de notre libert\u00e9, et ce en d\u00e9pit du d\u00e9s\u00e9quilibre massif des forces.<\/p>\n<p style=\"text-align: justify;\">Aujourd&rsquo;hui, l&rsquo;\u0153uvre d&rsquo;assimilation brutale qui a \u00e9t\u00e9 men\u00e9e peut \u00eatre d\u00e9faite bien plus rapidement qu&rsquo;on ne le croit. D\u00e8s lors que les conditions historiques objectives sont r\u00e9unies, la conscience nationale peut redevenir une r\u00e9alit\u00e9 politique de masse.<\/p>\n<p style=\"text-align: justify;\">C&rsquo;est parce que nombre de Bretons ont perdu foi en eux-m\u00eames, parce qu&rsquo;ils ont c\u00e9d\u00e9 \u00e0 la facilit\u00e9 temporaire de l&rsquo;ascension sociale au sein de la machine hexagonale, que beaucoup ont fait mine de capituler leur nationalit\u00e9 sous la pression fran\u00e7aise. C&rsquo;est cette premi\u00e8re inclination \u00e0 la r\u00e9signation qu&rsquo;il faut combattre : aucune compromission avec la France, jamais, sous aucune forme ! Cet effort de d\u00e9francisation psychologique est la premi\u00e8re t\u00e2che de l&rsquo;Emsav, la premi\u00e8re t\u00e2che des nationalistes. En r\u00e9alit\u00e9, la plupart des Bretons ont conscience de ne pas \u00eatre fran\u00e7ais et l&rsquo;expriment de diverses fa\u00e7ons, souvent confus\u00e9ment. Que l&rsquo;Etat fran\u00e7ais vacille, et il vacille aujourd&rsquo;hui comme jamais il n&rsquo;a vacill\u00e9, et ils se lib\u00e8reront aussi rapidement qu&rsquo;ils ont fait mine de se rallier \u00e0 lui.<\/p>\n<p style=\"text-align: justify;\">Pour nous, nationalistes organis\u00e9s, combattre la France et son \u00e9tat est la condition premi\u00e8re, essentielle, de notre lib\u00e9ration. C&rsquo;est cet \u00e9tat qui occupe notre pays, m\u00e8ne une politique d&rsquo;\u00e9crasement de notre peuple. Nous devons le marteler, encore et toujours, en direction des masses bretonnes : <strong>l&rsquo;Etat fran\u00e7ais, voil\u00e0 l&rsquo;ennemi !<\/strong> Il nous faut d&rsquo;abord une fraction du peuple solidement acquise \u00e0 la cause de l&rsquo;ind\u00e9pendance pour d\u00e9clencher un mouvement plus large dans la conscience bretonne. C&rsquo;est notre inflexibilit\u00e9 et notre agressivit\u00e9 qui nous ouvriront les portes de l&rsquo;autod\u00e9termination, pas les h\u00e9sitations et les demi formules. Tous les peuples agress\u00e9s, occup\u00e9s et ali\u00e9n\u00e9s par les Fran\u00e7ais ont invariablement r\u00e9ussi \u00e0 se lib\u00e9rer en scandant leur propre nationalit\u00e9, en d\u00e9fi \u00e0 l&rsquo;occupant, sans jamais se lasser, jusqu&rsquo;\u00e0 porter la confrontation au point d&rsquo;\u00e9bullition.<\/p>\n<p style=\"text-align: justify;\">Nous le disons aux uns et aux autres : il n&rsquo;est pas question de se positionner \u00e0 \u00ab\u00a0droite\u00a0\u00bb ou \u00e0 \u00ab\u00a0gauche\u00a0\u00bb, mais de mener la lutte de lib\u00e9ration nationale. Le seul clivage politique est celui qui oppose Breizh, notre nation, \u00e0 l&rsquo;Etat fran\u00e7ais. Le marteler, c&rsquo;est d\u00e9j\u00e0 le faire surgir dans le champ de la conscience des Bretons et dans le domaine des r\u00e9alit\u00e9s politiques.<\/p>\n<p style=\"text-align: justify;\">Le moment est venu pour les Bretons de reprendre confiance en eux-m\u00eames, galvanis\u00e9s par leur fiert\u00e9 nationale sous l&rsquo;action des nationalistes, de se rassembler, de pr\u00e9parer la revanche contre la puissance \u00e9trang\u00e8re qui occupe et saccage notre patrie et la chasser. Ensuite, nous b\u00e2tirons un nouvel ordre de choses pour notre pays qui ne sera plus une r\u00e9gion d\u00e9lav\u00e9e par la francisation, mais un \u00e9tat solidement organis\u00e9, assis sur une soci\u00e9t\u00e9 mobilis\u00e9e pour la renaissance de la nation.<\/p>\n<p style=\"text-align: right;\"><strong>Ewen Broc&rsquo;han<\/strong><\/p>\n<p>&nbsp;<\/p>\n","protected":false},"excerpt":{"rendered":"<p>Breizh est une nation, une nation plus ancienne que la France, forg\u00e9e d\u00e8s le 6\u00e8me si\u00e8cle, quatre si\u00e8cles avant que la France ne se mette \u00e0 balbutier. Pendant plus d&rsquo;un mill\u00e9naire, les conqu\u00e9rants francs de la Gaule ont livr\u00e9 une guerre incessante \u00e0 la fi\u00e8re nation bretonne pour la faire plier, sans succ\u00e8s. C&rsquo;est peu [&hellip;]<\/p>\n","protected":false},"author":1,"featured_media":1522,"comment_status":"open","ping_status":"open","sticky":false,"template":"","format":"standard","meta":{"sb_editor_width":"","footnotes":""},"categories":[63,65],"tags":[],"class_list":["post-1521","post","type-post","status-publish","format-standard","has-post-thumbnail","hentry","category-editorial","category-principale"],"relative_dates":{"created":"2 ans ago","modified":"2 ans ago"},"yoast_head":"<!-- This site is optimized with the Yoast SEO plugin v26.3 - https:\/\/yoast.com\/wordpress\/plugins\/seo\/ -->\n<title>Marcher vers l&#039;ind\u00e9pendance, une question de volont\u00e9 nationale ! (Editorial) - STOURM<\/title>\n<meta name=\"robots\" content=\"index, follow, max-snippet:-1, max-image-preview:large, max-video-preview:-1\" \/>\n<link rel=\"canonical\" href=\"https:\/\/stourm.news\/?p=1521\" \/>\n<meta property=\"og:locale\" content=\"fr_FR\" \/>\n<meta property=\"og:type\" content=\"article\" \/>\n<meta property=\"og:title\" content=\"Marcher vers l&#039;ind\u00e9pendance, une question de volont\u00e9 nationale ! (Editorial) - STOURM\" \/>\n<meta property=\"og:description\" content=\"Breizh est une nation, une nation plus ancienne que la France, forg\u00e9e d\u00e8s le 6\u00e8me si\u00e8cle, quatre si\u00e8cles avant que la France ne se mette \u00e0 balbutier. Pendant plus d&rsquo;un mill\u00e9naire, les conqu\u00e9rants francs de la Gaule ont livr\u00e9 une guerre incessante \u00e0 la fi\u00e8re nation bretonne pour la faire plier, sans succ\u00e8s. C&rsquo;est peu [&hellip;]\" \/>\n<meta property=\"og:url\" content=\"https:\/\/stourm.news\/?p=1521\" \/>\n<meta property=\"og:site_name\" content=\"STOURM\" \/>\n<meta property=\"article:publisher\" content=\"https:\/\/www.facebook.com\/stourmnews\/\" \/>\n<meta property=\"article:published_time\" content=\"2024-06-02T06:04:13+00:00\" \/>\n<meta property=\"og:image\" content=\"https:\/\/stourm.news\/wp-content\/uploads\/2024\/06\/fist-8633167_1280.jpg\" \/>\n\t<meta property=\"og:image:width\" content=\"1280\" \/>\n\t<meta property=\"og:image:height\" content=\"789\" \/>\n\t<meta property=\"og:image:type\" content=\"image\/jpeg\" \/>\n<meta name=\"author\" content=\"La r\u00e9daction\" \/>\n<meta name=\"twitter:card\" content=\"summary_large_image\" \/>\n<meta name=\"twitter:label1\" content=\"\u00c9crit par\" \/>\n\t<meta name=\"twitter:data1\" content=\"La r\u00e9daction\" \/>\n\t<meta name=\"twitter:label2\" content=\"Dur\u00e9e de lecture estim\u00e9e\" \/>\n\t<meta name=\"twitter:data2\" content=\"4 minutes\" \/>\n<script type=\"application\/ld+json\" class=\"yoast-schema-graph\">{\"@context\":\"https:\/\/schema.org\",\"@graph\":[{\"@type\":\"Article\",\"@id\":\"https:\/\/stourm.news\/?p=1521#article\",\"isPartOf\":{\"@id\":\"https:\/\/stourm.news\/?p=1521\"},\"author\":{\"name\":\"La r\u00e9daction\",\"@id\":\"https:\/\/stourm.news\/#\/schema\/person\/c3e1dc65988632e190969234ef046cf9\"},\"headline\":\"Marcher vers l&rsquo;ind\u00e9pendance, une question de volont\u00e9 nationale ! (Editorial)\",\"datePublished\":\"2024-06-02T06:04:13+00:00\",\"mainEntityOfPage\":{\"@id\":\"https:\/\/stourm.news\/?p=1521\"},\"wordCount\":743,\"commentCount\":0,\"publisher\":{\"@id\":\"https:\/\/stourm.news\/#organization\"},\"image\":{\"@id\":\"https:\/\/stourm.news\/?p=1521#primaryimage\"},\"thumbnailUrl\":\"https:\/\/stourm.news\/wp-content\/uploads\/2024\/06\/fist-8633167_1280.jpg\",\"articleSection\":[\"Editorial\",\"Principale\"],\"inLanguage\":\"fr-FR\",\"potentialAction\":[{\"@type\":\"CommentAction\",\"name\":\"Comment\",\"target\":[\"https:\/\/stourm.news\/?p=1521#respond\"]}]},{\"@type\":\"WebPage\",\"@id\":\"https:\/\/stourm.news\/?p=1521\",\"url\":\"https:\/\/stourm.news\/?p=1521\",\"name\":\"Marcher vers l'ind\u00e9pendance, une question de volont\u00e9 nationale ! (Editorial) - STOURM\",\"isPartOf\":{\"@id\":\"https:\/\/stourm.news\/#website\"},\"primaryImageOfPage\":{\"@id\":\"https:\/\/stourm.news\/?p=1521#primaryimage\"},\"image\":{\"@id\":\"https:\/\/stourm.news\/?p=1521#primaryimage\"},\"thumbnailUrl\":\"https:\/\/stourm.news\/wp-content\/uploads\/2024\/06\/fist-8633167_1280.jpg\",\"datePublished\":\"2024-06-02T06:04:13+00:00\",\"breadcrumb\":{\"@id\":\"https:\/\/stourm.news\/?p=1521#breadcrumb\"},\"inLanguage\":\"fr-FR\",\"potentialAction\":[{\"@type\":\"ReadAction\",\"target\":[\"https:\/\/stourm.news\/?p=1521\"]}]},{\"@type\":\"ImageObject\",\"inLanguage\":\"fr-FR\",\"@id\":\"https:\/\/stourm.news\/?p=1521#primaryimage\",\"url\":\"https:\/\/stourm.news\/wp-content\/uploads\/2024\/06\/fist-8633167_1280.jpg\",\"contentUrl\":\"https:\/\/stourm.news\/wp-content\/uploads\/2024\/06\/fist-8633167_1280.jpg\",\"width\":1280,\"height\":789},{\"@type\":\"BreadcrumbList\",\"@id\":\"https:\/\/stourm.news\/?p=1521#breadcrumb\",\"itemListElement\":[{\"@type\":\"ListItem\",\"position\":1,\"name\":\"Accueil\",\"item\":\"https:\/\/stourm.news\/\"},{\"@type\":\"ListItem\",\"position\":2,\"name\":\"Marcher vers l&rsquo;ind\u00e9pendance, une question de volont\u00e9 nationale ! (Editorial)\"}]},{\"@type\":\"WebSite\",\"@id\":\"https:\/\/stourm.news\/#website\",\"url\":\"https:\/\/stourm.news\/\",\"name\":\"Stourm\",\"description\":\"Kazetenn Strollad Broadel Breizh\",\"publisher\":{\"@id\":\"https:\/\/stourm.news\/#organization\"},\"potentialAction\":[{\"@type\":\"SearchAction\",\"target\":{\"@type\":\"EntryPoint\",\"urlTemplate\":\"https:\/\/stourm.news\/?s={search_term_string}\"},\"query-input\":{\"@type\":\"PropertyValueSpecification\",\"valueRequired\":true,\"valueName\":\"search_term_string\"}}],\"inLanguage\":\"fr-FR\"},{\"@type\":\"Organization\",\"@id\":\"https:\/\/stourm.news\/#organization\",\"name\":\"Stourm\",\"url\":\"https:\/\/stourm.news\/\",\"logo\":{\"@type\":\"ImageObject\",\"inLanguage\":\"fr-FR\",\"@id\":\"https:\/\/stourm.news\/#\/schema\/logo\/image\/\",\"url\":\"https:\/\/stourm.news\/wp-content\/uploads\/2025\/11\/cropped-Capture-decran-2025-11-28-a-15.19.07.png\",\"contentUrl\":\"https:\/\/stourm.news\/wp-content\/uploads\/2025\/11\/cropped-Capture-decran-2025-11-28-a-15.19.07.png\",\"width\":1855,\"height\":383,\"caption\":\"Stourm\"},\"image\":{\"@id\":\"https:\/\/stourm.news\/#\/schema\/logo\/image\/\"},\"sameAs\":[\"https:\/\/www.facebook.com\/stourmnews\/\"]},{\"@type\":\"Person\",\"@id\":\"https:\/\/stourm.news\/#\/schema\/person\/c3e1dc65988632e190969234ef046cf9\",\"name\":\"La r\u00e9daction\",\"image\":{\"@type\":\"ImageObject\",\"inLanguage\":\"fr-FR\",\"@id\":\"https:\/\/stourm.news\/#\/schema\/person\/image\/\",\"url\":\"https:\/\/secure.gravatar.com\/avatar\/7463443f194b6b5fb706b074ca0ef59a0cfcfd720cb47764b0ec5a952ce422b3?s=96&d=mm&r=g\",\"contentUrl\":\"https:\/\/secure.gravatar.com\/avatar\/7463443f194b6b5fb706b074ca0ef59a0cfcfd720cb47764b0ec5a952ce422b3?s=96&d=mm&r=g\",\"caption\":\"La r\u00e9daction\"},\"sameAs\":[\"https:\/\/stourm.news\"],\"url\":\"https:\/\/stourm.news\/?author=1\"}]}<\/script>\n<!-- \/ Yoast SEO plugin. -->","yoast_head_json":{"title":"Marcher vers l'ind\u00e9pendance, une question de volont\u00e9 nationale ! (Editorial) - STOURM","robots":{"index":"index","follow":"follow","max-snippet":"max-snippet:-1","max-image-preview":"max-image-preview:large","max-video-preview":"max-video-preview:-1"},"canonical":"https:\/\/stourm.news\/?p=1521","og_locale":"fr_FR","og_type":"article","og_title":"Marcher vers l'ind\u00e9pendance, une question de volont\u00e9 nationale ! (Editorial) - STOURM","og_description":"Breizh est une nation, une nation plus ancienne que la France, forg\u00e9e d\u00e8s le 6\u00e8me si\u00e8cle, quatre si\u00e8cles avant que la France ne se mette \u00e0 balbutier. Pendant plus d&rsquo;un mill\u00e9naire, les conqu\u00e9rants francs de la Gaule ont livr\u00e9 une guerre incessante \u00e0 la fi\u00e8re nation bretonne pour la faire plier, sans succ\u00e8s. C&rsquo;est peu [&hellip;]","og_url":"https:\/\/stourm.news\/?p=1521","og_site_name":"STOURM","article_publisher":"https:\/\/www.facebook.com\/stourmnews\/","article_published_time":"2024-06-02T06:04:13+00:00","og_image":[{"width":1280,"height":789,"url":"https:\/\/stourm.news\/wp-content\/uploads\/2024\/06\/fist-8633167_1280.jpg","type":"image\/jpeg"}],"author":"La r\u00e9daction","twitter_card":"summary_large_image","twitter_misc":{"\u00c9crit par":"La r\u00e9daction","Dur\u00e9e de lecture estim\u00e9e":"4 minutes"},"schema":{"@context":"https:\/\/schema.org","@graph":[{"@type":"Article","@id":"https:\/\/stourm.news\/?p=1521#article","isPartOf":{"@id":"https:\/\/stourm.news\/?p=1521"},"author":{"name":"La r\u00e9daction","@id":"https:\/\/stourm.news\/#\/schema\/person\/c3e1dc65988632e190969234ef046cf9"},"headline":"Marcher vers l&rsquo;ind\u00e9pendance, une question de volont\u00e9 nationale ! (Editorial)","datePublished":"2024-06-02T06:04:13+00:00","mainEntityOfPage":{"@id":"https:\/\/stourm.news\/?p=1521"},"wordCount":743,"commentCount":0,"publisher":{"@id":"https:\/\/stourm.news\/#organization"},"image":{"@id":"https:\/\/stourm.news\/?p=1521#primaryimage"},"thumbnailUrl":"https:\/\/stourm.news\/wp-content\/uploads\/2024\/06\/fist-8633167_1280.jpg","articleSection":["Editorial","Principale"],"inLanguage":"fr-FR","potentialAction":[{"@type":"CommentAction","name":"Comment","target":["https:\/\/stourm.news\/?p=1521#respond"]}]},{"@type":"WebPage","@id":"https:\/\/stourm.news\/?p=1521","url":"https:\/\/stourm.news\/?p=1521","name":"Marcher vers l'ind\u00e9pendance, une question de volont\u00e9 nationale ! (Editorial) - STOURM","isPartOf":{"@id":"https:\/\/stourm.news\/#website"},"primaryImageOfPage":{"@id":"https:\/\/stourm.news\/?p=1521#primaryimage"},"image":{"@id":"https:\/\/stourm.news\/?p=1521#primaryimage"},"thumbnailUrl":"https:\/\/stourm.news\/wp-content\/uploads\/2024\/06\/fist-8633167_1280.jpg","datePublished":"2024-06-02T06:04:13+00:00","breadcrumb":{"@id":"https:\/\/stourm.news\/?p=1521#breadcrumb"},"inLanguage":"fr-FR","potentialAction":[{"@type":"ReadAction","target":["https:\/\/stourm.news\/?p=1521"]}]},{"@type":"ImageObject","inLanguage":"fr-FR","@id":"https:\/\/stourm.news\/?p=1521#primaryimage","url":"https:\/\/stourm.news\/wp-content\/uploads\/2024\/06\/fist-8633167_1280.jpg","contentUrl":"https:\/\/stourm.news\/wp-content\/uploads\/2024\/06\/fist-8633167_1280.jpg","width":1280,"height":789},{"@type":"BreadcrumbList","@id":"https:\/\/stourm.news\/?p=1521#breadcrumb","itemListElement":[{"@type":"ListItem","position":1,"name":"Accueil","item":"https:\/\/stourm.news\/"},{"@type":"ListItem","position":2,"name":"Marcher vers l&rsquo;ind\u00e9pendance, une question de volont\u00e9 nationale ! (Editorial)"}]},{"@type":"WebSite","@id":"https:\/\/stourm.news\/#website","url":"https:\/\/stourm.news\/","name":"Stourm","description":"Kazetenn Strollad Broadel Breizh","publisher":{"@id":"https:\/\/stourm.news\/#organization"},"potentialAction":[{"@type":"SearchAction","target":{"@type":"EntryPoint","urlTemplate":"https:\/\/stourm.news\/?s={search_term_string}"},"query-input":{"@type":"PropertyValueSpecification","valueRequired":true,"valueName":"search_term_string"}}],"inLanguage":"fr-FR"},{"@type":"Organization","@id":"https:\/\/stourm.news\/#organization","name":"Stourm","url":"https:\/\/stourm.news\/","logo":{"@type":"ImageObject","inLanguage":"fr-FR","@id":"https:\/\/stourm.news\/#\/schema\/logo\/image\/","url":"https:\/\/stourm.news\/wp-content\/uploads\/2025\/11\/cropped-Capture-decran-2025-11-28-a-15.19.07.png","contentUrl":"https:\/\/stourm.news\/wp-content\/uploads\/2025\/11\/cropped-Capture-decran-2025-11-28-a-15.19.07.png","width":1855,"height":383,"caption":"Stourm"},"image":{"@id":"https:\/\/stourm.news\/#\/schema\/logo\/image\/"},"sameAs":["https:\/\/www.facebook.com\/stourmnews\/"]},{"@type":"Person","@id":"https:\/\/stourm.news\/#\/schema\/person\/c3e1dc65988632e190969234ef046cf9","name":"La r\u00e9daction","image":{"@type":"ImageObject","inLanguage":"fr-FR","@id":"https:\/\/stourm.news\/#\/schema\/person\/image\/","url":"https:\/\/secure.gravatar.com\/avatar\/7463443f194b6b5fb706b074ca0ef59a0cfcfd720cb47764b0ec5a952ce422b3?s=96&d=mm&r=g","contentUrl":"https:\/\/secure.gravatar.com\/avatar\/7463443f194b6b5fb706b074ca0ef59a0cfcfd720cb47764b0ec5a952ce422b3?s=96&d=mm&r=g","caption":"La r\u00e9daction"},"sameAs":["https:\/\/stourm.news"],"url":"https:\/\/stourm.news\/?author=1"}]}},"_links":{"self":[{"href":"https:\/\/stourm.news\/index.php?rest_route=\/wp\/v2\/posts\/1521","targetHints":{"allow":["GET"]}}],"collection":[{"href":"https:\/\/stourm.news\/index.php?rest_route=\/wp\/v2\/posts"}],"about":[{"href":"https:\/\/stourm.news\/index.php?rest_route=\/wp\/v2\/types\/post"}],"author":[{"embeddable":true,"href":"https:\/\/stourm.news\/index.php?rest_route=\/wp\/v2\/users\/1"}],"replies":[{"embeddable":true,"href":"https:\/\/stourm.news\/index.php?rest_route=%2Fwp%2Fv2%2Fcomments&post=1521"}],"version-history":[{"count":1,"href":"https:\/\/stourm.news\/index.php?rest_route=\/wp\/v2\/posts\/1521\/revisions"}],"predecessor-version":[{"id":1523,"href":"https:\/\/stourm.news\/index.php?rest_route=\/wp\/v2\/posts\/1521\/revisions\/1523"}],"wp:featuredmedia":[{"embeddable":true,"href":"https:\/\/stourm.news\/index.php?rest_route=\/wp\/v2\/media\/1522"}],"wp:attachment":[{"href":"https:\/\/stourm.news\/index.php?rest_route=%2Fwp%2Fv2%2Fmedia&parent=1521"}],"wp:term":[{"taxonomy":"category","embeddable":true,"href":"https:\/\/stourm.news\/index.php?rest_route=%2Fwp%2Fv2%2Fcategories&post=1521"},{"taxonomy":"post_tag","embeddable":true,"href":"https:\/\/stourm.news\/index.php?rest_route=%2Fwp%2Fv2%2Ftags&post=1521"}],"curies":[{"name":"wp","href":"https:\/\/api.w.org\/{rel}","templated":true}]}}