{"id":1524,"date":"2024-06-02T06:43:57","date_gmt":"2024-06-02T06:43:57","guid":{"rendered":"https:\/\/stourm.news\/?p=1524"},"modified":"2024-06-02T07:46:21","modified_gmt":"2024-06-02T07:46:21","slug":"carhaix-lultra-gauche-distribue-des-tracts-malgre-quelques-invectives","status":"publish","type":"post","link":"https:\/\/stourm.news\/?p=1524","title":{"rendered":"Carhaix : l&rsquo;ultra-gauche distribue des tracts malgr\u00e9 quelques invectives"},"content":{"rendered":"<p style=\"text-align: justify;\">Le samedi 10 f\u00e9vrier dernier, \u00e9tait cr\u00e9\u00e9, \u00e0 Carhaix, un comit\u00e9 <strong>antifasciste<\/strong>. Lors de cette r\u00e9union au cours de laquelle une trentaine de personnes avait longuement d\u00e9battu des actions qu\u2019ils entendaient mener, l\u2019id\u00e9e d\u2019\u00eatre pr\u00e9sent sur le march\u00e9 avait \u00e9merg\u00e9. C\u2019est donc sans v\u00e9ritable surprise qu\u2019une douzaine de membres du collectif ont distribu\u00e9 des tracts, ce samedi 1er juin.<\/p>\n<p style=\"text-align: justify;\">\u00ab La mont\u00e9e de l\u2019extr\u00eame droite en Centre Bretagne est quelque chose qui nous semblait impensable il y a quelques ann\u00e9es, et nous n\u2019aurions pas imagin\u00e9 avoir besoin de nous mobiliser ici, souligne C\u00f4me Bodart-Le Guen, l\u2019un des membres du comit\u00e9. Nous avons souhait\u00e9 mener cette action <strong>dans le contexte des \u00e9lections europ\u00e9ennes<\/strong> \u00bb. \u00ab Nous ne donnons pas de consigne de vote mais nous mettons la population en garde contre le vote d\u2019extr\u00eame droite, qui n\u2019est bon pour personne \u00bb, ajoute Audrey Dalmasso, autre membre du collectif.<\/p>\n<p>Source : <a href=\"https:\/\/www.letelegramme.fr\/finistere\/carhaix-29270\/a-carhaix-les-antifascistes-distribuent-des-tracts-malgre-quelques-invectives-6595255.php\">Le T\u00e9l\u00e9gramme<\/a><\/p>\n","protected":false},"excerpt":{"rendered":"<p>Le samedi 10 f\u00e9vrier dernier, \u00e9tait cr\u00e9\u00e9, \u00e0 Carhaix, un comit\u00e9 antifasciste. Lors de cette r\u00e9union au cours de laquelle une trentaine de personnes avait longuement d\u00e9battu des actions qu\u2019ils entendaient mener, l\u2019id\u00e9e d\u2019\u00eatre pr\u00e9sent sur le march\u00e9 avait \u00e9merg\u00e9. C\u2019est donc sans v\u00e9ritable surprise qu\u2019une douzaine de membres du collectif ont distribu\u00e9 des tracts, [&hellip;]<\/p>\n","protected":false},"author":1,"featured_media":1525,"comment_status":"open","ping_status":"open","sticky":false,"template":"","format":"standard","meta":{"sb_editor_width":"","footnotes":""},"categories":[36,38,62],"tags":[],"class_list":["post-1524","post","type-post","status-publish","format-standard","has-post-thumbnail","hentry","category-extreme-gauche","category-finistere","category-revue-de-presse"],"relative_dates":{"created":"2 ans ago","modified":"2 ans ago"},"yoast_head":"<!-- This site is optimized with the Yoast SEO plugin v26.3 - https:\/\/yoast.com\/wordpress\/plugins\/seo\/ -->\n<title>Carhaix : l&#039;ultra-gauche distribue des tracts malgr\u00e9 quelques invectives - STOURM<\/title>\n<meta name=\"robots\" content=\"index, follow, max-snippet:-1, max-image-preview:large, max-video-preview:-1\" \/>\n<link rel=\"canonical\" href=\"https:\/\/stourm.news\/?p=1524\" \/>\n<meta property=\"og:locale\" content=\"fr_FR\" \/>\n<meta property=\"og:type\" content=\"article\" \/>\n<meta property=\"og:title\" content=\"Carhaix : l&#039;ultra-gauche distribue des tracts malgr\u00e9 quelques invectives - STOURM\" \/>\n<meta property=\"og:description\" content=\"Le samedi 10 f\u00e9vrier dernier, \u00e9tait cr\u00e9\u00e9, \u00e0 Carhaix, un comit\u00e9 antifasciste. Lors de cette r\u00e9union au cours de laquelle une trentaine de personnes avait longuement d\u00e9battu des actions qu\u2019ils entendaient mener, l\u2019id\u00e9e d\u2019\u00eatre pr\u00e9sent sur le march\u00e9 avait \u00e9merg\u00e9. C\u2019est donc sans v\u00e9ritable surprise qu\u2019une douzaine de membres du collectif ont distribu\u00e9 des tracts, [&hellip;]\" \/>\n<meta property=\"og:url\" content=\"https:\/\/stourm.news\/?p=1524\" \/>\n<meta property=\"og:site_name\" content=\"STOURM\" \/>\n<meta property=\"article:publisher\" content=\"https:\/\/www.facebook.com\/stourmnews\/\" \/>\n<meta property=\"article:published_time\" content=\"2024-06-02T06:43:57+00:00\" \/>\n<meta property=\"article:modified_time\" content=\"2024-06-02T07:46:21+00:00\" \/>\n<meta property=\"og:image\" content=\"https:\/\/stourm.news\/wp-content\/uploads\/2024\/06\/665b391900a5966755007049.webp\" \/>\n\t<meta property=\"og:image:width\" content=\"960\" \/>\n\t<meta property=\"og:image:height\" content=\"600\" \/>\n\t<meta property=\"og:image:type\" content=\"image\/webp\" \/>\n<meta name=\"author\" content=\"La r\u00e9daction\" \/>\n<meta name=\"twitter:card\" content=\"summary_large_image\" \/>\n<meta name=\"twitter:label1\" content=\"\u00c9crit par\" \/>\n\t<meta name=\"twitter:data1\" content=\"La r\u00e9daction\" \/>\n\t<meta name=\"twitter:label2\" content=\"Dur\u00e9e de lecture estim\u00e9e\" \/>\n\t<meta name=\"twitter:data2\" content=\"1 minute\" \/>\n<script type=\"application\/ld+json\" class=\"yoast-schema-graph\">{\"@context\":\"https:\/\/schema.org\",\"@graph\":[{\"@type\":\"Article\",\"@id\":\"https:\/\/stourm.news\/?p=1524#article\",\"isPartOf\":{\"@id\":\"https:\/\/stourm.news\/?p=1524\"},\"author\":{\"name\":\"La r\u00e9daction\",\"@id\":\"https:\/\/stourm.news\/#\/schema\/person\/c3e1dc65988632e190969234ef046cf9\"},\"headline\":\"Carhaix : l&rsquo;ultra-gauche distribue des tracts malgr\u00e9 quelques invectives\",\"datePublished\":\"2024-06-02T06:43:57+00:00\",\"dateModified\":\"2024-06-02T07:46:21+00:00\",\"mainEntityOfPage\":{\"@id\":\"https:\/\/stourm.news\/?p=1524\"},\"wordCount\":177,\"commentCount\":0,\"publisher\":{\"@id\":\"https:\/\/stourm.news\/#organization\"},\"image\":{\"@id\":\"https:\/\/stourm.news\/?p=1524#primaryimage\"},\"thumbnailUrl\":\"https:\/\/stourm.news\/wp-content\/uploads\/2024\/06\/665b391900a5966755007049.webp\",\"articleSection\":[\"Extr\u00eame-gauche\",\"Finist\u00e8re\",\"Revue de presse\"],\"inLanguage\":\"fr-FR\",\"potentialAction\":[{\"@type\":\"CommentAction\",\"name\":\"Comment\",\"target\":[\"https:\/\/stourm.news\/?p=1524#respond\"]}]},{\"@type\":\"WebPage\",\"@id\":\"https:\/\/stourm.news\/?p=1524\",\"url\":\"https:\/\/stourm.news\/?p=1524\",\"name\":\"Carhaix : l'ultra-gauche distribue des tracts malgr\u00e9 quelques invectives - STOURM\",\"isPartOf\":{\"@id\":\"https:\/\/stourm.news\/#website\"},\"primaryImageOfPage\":{\"@id\":\"https:\/\/stourm.news\/?p=1524#primaryimage\"},\"image\":{\"@id\":\"https:\/\/stourm.news\/?p=1524#primaryimage\"},\"thumbnailUrl\":\"https:\/\/stourm.news\/wp-content\/uploads\/2024\/06\/665b391900a5966755007049.webp\",\"datePublished\":\"2024-06-02T06:43:57+00:00\",\"dateModified\":\"2024-06-02T07:46:21+00:00\",\"breadcrumb\":{\"@id\":\"https:\/\/stourm.news\/?p=1524#breadcrumb\"},\"inLanguage\":\"fr-FR\",\"potentialAction\":[{\"@type\":\"ReadAction\",\"target\":[\"https:\/\/stourm.news\/?p=1524\"]}]},{\"@type\":\"ImageObject\",\"inLanguage\":\"fr-FR\",\"@id\":\"https:\/\/stourm.news\/?p=1524#primaryimage\",\"url\":\"https:\/\/stourm.news\/wp-content\/uploads\/2024\/06\/665b391900a5966755007049.webp\",\"contentUrl\":\"https:\/\/stourm.news\/wp-content\/uploads\/2024\/06\/665b391900a5966755007049.webp\",\"width\":960,\"height\":600},{\"@type\":\"BreadcrumbList\",\"@id\":\"https:\/\/stourm.news\/?p=1524#breadcrumb\",\"itemListElement\":[{\"@type\":\"ListItem\",\"position\":1,\"name\":\"Accueil\",\"item\":\"https:\/\/stourm.news\/\"},{\"@type\":\"ListItem\",\"position\":2,\"name\":\"Carhaix : l&rsquo;ultra-gauche distribue des tracts malgr\u00e9 quelques invectives\"}]},{\"@type\":\"WebSite\",\"@id\":\"https:\/\/stourm.news\/#website\",\"url\":\"https:\/\/stourm.news\/\",\"name\":\"Stourm\",\"description\":\"Kazetenn Strollad Broadel Breizh\",\"publisher\":{\"@id\":\"https:\/\/stourm.news\/#organization\"},\"potentialAction\":[{\"@type\":\"SearchAction\",\"target\":{\"@type\":\"EntryPoint\",\"urlTemplate\":\"https:\/\/stourm.news\/?s={search_term_string}\"},\"query-input\":{\"@type\":\"PropertyValueSpecification\",\"valueRequired\":true,\"valueName\":\"search_term_string\"}}],\"inLanguage\":\"fr-FR\"},{\"@type\":\"Organization\",\"@id\":\"https:\/\/stourm.news\/#organization\",\"name\":\"Stourm\",\"url\":\"https:\/\/stourm.news\/\",\"logo\":{\"@type\":\"ImageObject\",\"inLanguage\":\"fr-FR\",\"@id\":\"https:\/\/stourm.news\/#\/schema\/logo\/image\/\",\"url\":\"https:\/\/stourm.news\/wp-content\/uploads\/2025\/11\/cropped-Capture-decran-2025-11-28-a-15.19.07.png\",\"contentUrl\":\"https:\/\/stourm.news\/wp-content\/uploads\/2025\/11\/cropped-Capture-decran-2025-11-28-a-15.19.07.png\",\"width\":1855,\"height\":383,\"caption\":\"Stourm\"},\"image\":{\"@id\":\"https:\/\/stourm.news\/#\/schema\/logo\/image\/\"},\"sameAs\":[\"https:\/\/www.facebook.com\/stourmnews\/\"]},{\"@type\":\"Person\",\"@id\":\"https:\/\/stourm.news\/#\/schema\/person\/c3e1dc65988632e190969234ef046cf9\",\"name\":\"La r\u00e9daction\",\"image\":{\"@type\":\"ImageObject\",\"inLanguage\":\"fr-FR\",\"@id\":\"https:\/\/stourm.news\/#\/schema\/person\/image\/\",\"url\":\"https:\/\/secure.gravatar.com\/avatar\/7463443f194b6b5fb706b074ca0ef59a0cfcfd720cb47764b0ec5a952ce422b3?s=96&d=mm&r=g\",\"contentUrl\":\"https:\/\/secure.gravatar.com\/avatar\/7463443f194b6b5fb706b074ca0ef59a0cfcfd720cb47764b0ec5a952ce422b3?s=96&d=mm&r=g\",\"caption\":\"La r\u00e9daction\"},\"sameAs\":[\"https:\/\/stourm.news\"],\"url\":\"https:\/\/stourm.news\/?author=1\"}]}<\/script>\n<!-- \/ Yoast SEO plugin. -->","yoast_head_json":{"title":"Carhaix : l'ultra-gauche distribue des tracts malgr\u00e9 quelques invectives - STOURM","robots":{"index":"index","follow":"follow","max-snippet":"max-snippet:-1","max-image-preview":"max-image-preview:large","max-video-preview":"max-video-preview:-1"},"canonical":"https:\/\/stourm.news\/?p=1524","og_locale":"fr_FR","og_type":"article","og_title":"Carhaix : l'ultra-gauche distribue des tracts malgr\u00e9 quelques invectives - STOURM","og_description":"Le samedi 10 f\u00e9vrier dernier, \u00e9tait cr\u00e9\u00e9, \u00e0 Carhaix, un comit\u00e9 antifasciste. Lors de cette r\u00e9union au cours de laquelle une trentaine de personnes avait longuement d\u00e9battu des actions qu\u2019ils entendaient mener, l\u2019id\u00e9e d\u2019\u00eatre pr\u00e9sent sur le march\u00e9 avait \u00e9merg\u00e9. C\u2019est donc sans v\u00e9ritable surprise qu\u2019une douzaine de membres du collectif ont distribu\u00e9 des tracts, [&hellip;]","og_url":"https:\/\/stourm.news\/?p=1524","og_site_name":"STOURM","article_publisher":"https:\/\/www.facebook.com\/stourmnews\/","article_published_time":"2024-06-02T06:43:57+00:00","article_modified_time":"2024-06-02T07:46:21+00:00","og_image":[{"width":960,"height":600,"url":"https:\/\/stourm.news\/wp-content\/uploads\/2024\/06\/665b391900a5966755007049.webp","type":"image\/webp"}],"author":"La r\u00e9daction","twitter_card":"summary_large_image","twitter_misc":{"\u00c9crit par":"La r\u00e9daction","Dur\u00e9e de lecture estim\u00e9e":"1 minute"},"schema":{"@context":"https:\/\/schema.org","@graph":[{"@type":"Article","@id":"https:\/\/stourm.news\/?p=1524#article","isPartOf":{"@id":"https:\/\/stourm.news\/?p=1524"},"author":{"name":"La r\u00e9daction","@id":"https:\/\/stourm.news\/#\/schema\/person\/c3e1dc65988632e190969234ef046cf9"},"headline":"Carhaix : l&rsquo;ultra-gauche distribue des tracts malgr\u00e9 quelques invectives","datePublished":"2024-06-02T06:43:57+00:00","dateModified":"2024-06-02T07:46:21+00:00","mainEntityOfPage":{"@id":"https:\/\/stourm.news\/?p=1524"},"wordCount":177,"commentCount":0,"publisher":{"@id":"https:\/\/stourm.news\/#organization"},"image":{"@id":"https:\/\/stourm.news\/?p=1524#primaryimage"},"thumbnailUrl":"https:\/\/stourm.news\/wp-content\/uploads\/2024\/06\/665b391900a5966755007049.webp","articleSection":["Extr\u00eame-gauche","Finist\u00e8re","Revue de presse"],"inLanguage":"fr-FR","potentialAction":[{"@type":"CommentAction","name":"Comment","target":["https:\/\/stourm.news\/?p=1524#respond"]}]},{"@type":"WebPage","@id":"https:\/\/stourm.news\/?p=1524","url":"https:\/\/stourm.news\/?p=1524","name":"Carhaix : l'ultra-gauche distribue des tracts malgr\u00e9 quelques invectives - STOURM","isPartOf":{"@id":"https:\/\/stourm.news\/#website"},"primaryImageOfPage":{"@id":"https:\/\/stourm.news\/?p=1524#primaryimage"},"image":{"@id":"https:\/\/stourm.news\/?p=1524#primaryimage"},"thumbnailUrl":"https:\/\/stourm.news\/wp-content\/uploads\/2024\/06\/665b391900a5966755007049.webp","datePublished":"2024-06-02T06:43:57+00:00","dateModified":"2024-06-02T07:46:21+00:00","breadcrumb":{"@id":"https:\/\/stourm.news\/?p=1524#breadcrumb"},"inLanguage":"fr-FR","potentialAction":[{"@type":"ReadAction","target":["https:\/\/stourm.news\/?p=1524"]}]},{"@type":"ImageObject","inLanguage":"fr-FR","@id":"https:\/\/stourm.news\/?p=1524#primaryimage","url":"https:\/\/stourm.news\/wp-content\/uploads\/2024\/06\/665b391900a5966755007049.webp","contentUrl":"https:\/\/stourm.news\/wp-content\/uploads\/2024\/06\/665b391900a5966755007049.webp","width":960,"height":600},{"@type":"BreadcrumbList","@id":"https:\/\/stourm.news\/?p=1524#breadcrumb","itemListElement":[{"@type":"ListItem","position":1,"name":"Accueil","item":"https:\/\/stourm.news\/"},{"@type":"ListItem","position":2,"name":"Carhaix : l&rsquo;ultra-gauche distribue des tracts malgr\u00e9 quelques invectives"}]},{"@type":"WebSite","@id":"https:\/\/stourm.news\/#website","url":"https:\/\/stourm.news\/","name":"Stourm","description":"Kazetenn Strollad Broadel Breizh","publisher":{"@id":"https:\/\/stourm.news\/#organization"},"potentialAction":[{"@type":"SearchAction","target":{"@type":"EntryPoint","urlTemplate":"https:\/\/stourm.news\/?s={search_term_string}"},"query-input":{"@type":"PropertyValueSpecification","valueRequired":true,"valueName":"search_term_string"}}],"inLanguage":"fr-FR"},{"@type":"Organization","@id":"https:\/\/stourm.news\/#organization","name":"Stourm","url":"https:\/\/stourm.news\/","logo":{"@type":"ImageObject","inLanguage":"fr-FR","@id":"https:\/\/stourm.news\/#\/schema\/logo\/image\/","url":"https:\/\/stourm.news\/wp-content\/uploads\/2025\/11\/cropped-Capture-decran-2025-11-28-a-15.19.07.png","contentUrl":"https:\/\/stourm.news\/wp-content\/uploads\/2025\/11\/cropped-Capture-decran-2025-11-28-a-15.19.07.png","width":1855,"height":383,"caption":"Stourm"},"image":{"@id":"https:\/\/stourm.news\/#\/schema\/logo\/image\/"},"sameAs":["https:\/\/www.facebook.com\/stourmnews\/"]},{"@type":"Person","@id":"https:\/\/stourm.news\/#\/schema\/person\/c3e1dc65988632e190969234ef046cf9","name":"La r\u00e9daction","image":{"@type":"ImageObject","inLanguage":"fr-FR","@id":"https:\/\/stourm.news\/#\/schema\/person\/image\/","url":"https:\/\/secure.gravatar.com\/avatar\/7463443f194b6b5fb706b074ca0ef59a0cfcfd720cb47764b0ec5a952ce422b3?s=96&d=mm&r=g","contentUrl":"https:\/\/secure.gravatar.com\/avatar\/7463443f194b6b5fb706b074ca0ef59a0cfcfd720cb47764b0ec5a952ce422b3?s=96&d=mm&r=g","caption":"La r\u00e9daction"},"sameAs":["https:\/\/stourm.news"],"url":"https:\/\/stourm.news\/?author=1"}]}},"_links":{"self":[{"href":"https:\/\/stourm.news\/index.php?rest_route=\/wp\/v2\/posts\/1524","targetHints":{"allow":["GET"]}}],"collection":[{"href":"https:\/\/stourm.news\/index.php?rest_route=\/wp\/v2\/posts"}],"about":[{"href":"https:\/\/stourm.news\/index.php?rest_route=\/wp\/v2\/types\/post"}],"author":[{"embeddable":true,"href":"https:\/\/stourm.news\/index.php?rest_route=\/wp\/v2\/users\/1"}],"replies":[{"embeddable":true,"href":"https:\/\/stourm.news\/index.php?rest_route=%2Fwp%2Fv2%2Fcomments&post=1524"}],"version-history":[{"count":1,"href":"https:\/\/stourm.news\/index.php?rest_route=\/wp\/v2\/posts\/1524\/revisions"}],"predecessor-version":[{"id":1526,"href":"https:\/\/stourm.news\/index.php?rest_route=\/wp\/v2\/posts\/1524\/revisions\/1526"}],"wp:featuredmedia":[{"embeddable":true,"href":"https:\/\/stourm.news\/index.php?rest_route=\/wp\/v2\/media\/1525"}],"wp:attachment":[{"href":"https:\/\/stourm.news\/index.php?rest_route=%2Fwp%2Fv2%2Fmedia&parent=1524"}],"wp:term":[{"taxonomy":"category","embeddable":true,"href":"https:\/\/stourm.news\/index.php?rest_route=%2Fwp%2Fv2%2Fcategories&post=1524"},{"taxonomy":"post_tag","embeddable":true,"href":"https:\/\/stourm.news\/index.php?rest_route=%2Fwp%2Fv2%2Ftags&post=1524"}],"curies":[{"name":"wp","href":"https:\/\/api.w.org\/{rel}","templated":true}]}}