{"id":1535,"date":"2024-06-02T07:53:08","date_gmt":"2024-06-02T07:53:08","guid":{"rendered":"https:\/\/stourm.news\/?p=1535"},"modified":"2024-06-02T07:53:51","modified_gmt":"2024-06-02T07:53:51","slug":"1535","status":"publish","type":"post","link":"https:\/\/stourm.news\/?p=1535","title":{"rendered":"Le PNB pr\u00e9sent dans les mobilisations contre la r\u00e9pression linguistique !"},"content":{"rendered":"<p style=\"text-align: justify;\">Samedi, les militants du Parti National Breton \u00e9taient pr\u00e9sents \u00e0 Brest, Saint-Brieuc, Guingamp et Rennes pour d\u00e9noncer la r\u00e9pression linguistique orchestr\u00e9e par l&rsquo;Etat fran\u00e7ais contre la langue bretonne.<\/p>\n<p>Brest :<\/p>\n<p><img fetchpriority=\"high\" decoding=\"async\" class=\"alignnone wp-image-1536 size-large\" src=\"https:\/\/stourm.news\/wp-content\/uploads\/2024\/06\/20240601_113434-1024x768.jpg\" alt=\"\" width=\"1024\" height=\"768\" srcset=\"https:\/\/stourm.news\/wp-content\/uploads\/2024\/06\/20240601_113434-1024x768.jpg 1024w, https:\/\/stourm.news\/wp-content\/uploads\/2024\/06\/20240601_113434-300x225.jpg 300w, https:\/\/stourm.news\/wp-content\/uploads\/2024\/06\/20240601_113434-768x576.jpg 768w, https:\/\/stourm.news\/wp-content\/uploads\/2024\/06\/20240601_113434-1536x1152.jpg 1536w, https:\/\/stourm.news\/wp-content\/uploads\/2024\/06\/20240601_113434-2048x1536.jpg 2048w\" sizes=\"(max-width: 1024px) 100vw, 1024px\" \/><\/p>\n<p>Saint-Brieuc :<\/p>\n<p><img decoding=\"async\" class=\"alignnone wp-image-1537 size-large\" src=\"https:\/\/stourm.news\/wp-content\/uploads\/2024\/06\/session-attachment-2024-06-01-184229_002-768x1024.jpeg\" alt=\"\" width=\"768\" height=\"1024\" srcset=\"https:\/\/stourm.news\/wp-content\/uploads\/2024\/06\/session-attachment-2024-06-01-184229_002-768x1024.jpeg 768w, https:\/\/stourm.news\/wp-content\/uploads\/2024\/06\/session-attachment-2024-06-01-184229_002-225x300.jpeg 225w, https:\/\/stourm.news\/wp-content\/uploads\/2024\/06\/session-attachment-2024-06-01-184229_002-1152x1536.jpeg 1152w, https:\/\/stourm.news\/wp-content\/uploads\/2024\/06\/session-attachment-2024-06-01-184229_002-1536x2048.jpeg 1536w, https:\/\/stourm.news\/wp-content\/uploads\/2024\/06\/session-attachment-2024-06-01-184229_002-scaled.jpeg 1920w\" sizes=\"(max-width: 768px) 100vw, 768px\" \/><\/p>\n<p>Rennes :<\/p>\n<p><img decoding=\"async\" class=\"wp-image-1538 size-large aligncenter\" src=\"https:\/\/stourm.news\/wp-content\/uploads\/2024\/06\/session-attachment-2024-06-01-183203-534x1024.jpeg\" alt=\"\" width=\"534\" height=\"1024\" srcset=\"https:\/\/stourm.news\/wp-content\/uploads\/2024\/06\/session-attachment-2024-06-01-183203-534x1024.jpeg 534w, https:\/\/stourm.news\/wp-content\/uploads\/2024\/06\/session-attachment-2024-06-01-183203-156x300.jpeg 156w, https:\/\/stourm.news\/wp-content\/uploads\/2024\/06\/session-attachment-2024-06-01-183203-768x1474.jpeg 768w, https:\/\/stourm.news\/wp-content\/uploads\/2024\/06\/session-attachment-2024-06-01-183203-800x1536.jpeg 800w, https:\/\/stourm.news\/wp-content\/uploads\/2024\/06\/session-attachment-2024-06-01-183203.jpeg 1024w\" sizes=\"(max-width: 534px) 100vw, 534px\" \/><\/p>\n<p>Guingamp :<\/p>\n<p><img loading=\"lazy\" decoding=\"async\" class=\"aligncenter wp-image-1539 size-full\" src=\"https:\/\/stourm.news\/wp-content\/uploads\/2024\/06\/GO-ml2baYAAsmWb.jpg\" alt=\"\" width=\"510\" height=\"680\" srcset=\"https:\/\/stourm.news\/wp-content\/uploads\/2024\/06\/GO-ml2baYAAsmWb.jpg 510w, https:\/\/stourm.news\/wp-content\/uploads\/2024\/06\/GO-ml2baYAAsmWb-225x300.jpg 225w\" sizes=\"(max-width: 510px) 100vw, 510px\" \/><\/p>\n<p style=\"text-align: justify;\">Pour le Parti National Breton, il \u00e9tait important de marquer de sa pr\u00e9sence les rassemblements. L&rsquo;affirmation nationale passe par la d\u00e9fense des droits linguistiques du peuple breton, un combat dont ne peuvent \u00eatre absents les nationalistes !<\/p>\n<p style=\"text-align: right;\"><strong>Budig Gourmaelon<\/strong><\/p>\n","protected":false},"excerpt":{"rendered":"<p>Samedi, les militants du Parti National Breton \u00e9taient pr\u00e9sents \u00e0 Brest, Saint-Brieuc, Guingamp et Rennes pour d\u00e9noncer la r\u00e9pression linguistique orchestr\u00e9e par l&rsquo;Etat fran\u00e7ais contre la langue bretonne. Brest : Saint-Brieuc : Rennes : Guingamp : Pour le Parti National Breton, il \u00e9tait important de marquer de sa pr\u00e9sence les rassemblements. L&rsquo;affirmation nationale passe par [&hellip;]<\/p>\n","protected":false},"author":1,"featured_media":1537,"comment_status":"open","ping_status":"open","sticky":false,"template":"","format":"standard","meta":{"sb_editor_width":"","footnotes":""},"categories":[58,49],"tags":[],"class_list":["post-1535","post","type-post","status-publish","format-standard","has-post-thumbnail","hentry","category-breizh","category-vie-du-parti"],"relative_dates":{"created":"2 ans ago","modified":"2 ans ago"},"yoast_head":"<!-- This site is optimized with the Yoast SEO plugin v26.3 - https:\/\/yoast.com\/wordpress\/plugins\/seo\/ -->\n<title>Le PNB pr\u00e9sent dans les mobilisations contre la r\u00e9pression linguistique ! - STOURM<\/title>\n<meta name=\"robots\" content=\"index, follow, max-snippet:-1, max-image-preview:large, max-video-preview:-1\" \/>\n<link rel=\"canonical\" href=\"https:\/\/stourm.news\/?p=1535\" \/>\n<meta property=\"og:locale\" content=\"fr_FR\" \/>\n<meta property=\"og:type\" content=\"article\" \/>\n<meta property=\"og:title\" content=\"Le PNB pr\u00e9sent dans les mobilisations contre la r\u00e9pression linguistique ! - STOURM\" \/>\n<meta property=\"og:description\" content=\"Samedi, les militants du Parti National Breton \u00e9taient pr\u00e9sents \u00e0 Brest, Saint-Brieuc, Guingamp et Rennes pour d\u00e9noncer la r\u00e9pression linguistique orchestr\u00e9e par l&rsquo;Etat fran\u00e7ais contre la langue bretonne. Brest : Saint-Brieuc : Rennes : Guingamp : Pour le Parti National Breton, il \u00e9tait important de marquer de sa pr\u00e9sence les rassemblements. L&rsquo;affirmation nationale passe par [&hellip;]\" \/>\n<meta property=\"og:url\" content=\"https:\/\/stourm.news\/?p=1535\" \/>\n<meta property=\"og:site_name\" content=\"STOURM\" \/>\n<meta property=\"article:publisher\" content=\"https:\/\/www.facebook.com\/stourmnews\/\" \/>\n<meta property=\"article:published_time\" content=\"2024-06-02T07:53:08+00:00\" \/>\n<meta property=\"article:modified_time\" content=\"2024-06-02T07:53:51+00:00\" \/>\n<meta property=\"og:image\" content=\"https:\/\/stourm.news\/wp-content\/uploads\/2024\/06\/session-attachment-2024-06-01-184229_002-scaled.jpeg\" \/>\n\t<meta property=\"og:image:width\" content=\"1920\" \/>\n\t<meta property=\"og:image:height\" content=\"2560\" \/>\n\t<meta property=\"og:image:type\" content=\"image\/jpeg\" \/>\n<meta name=\"author\" content=\"La r\u00e9daction\" \/>\n<meta name=\"twitter:card\" content=\"summary_large_image\" \/>\n<meta name=\"twitter:label1\" content=\"\u00c9crit par\" \/>\n\t<meta name=\"twitter:data1\" content=\"La r\u00e9daction\" \/>\n\t<meta name=\"twitter:label2\" content=\"Dur\u00e9e de lecture estim\u00e9e\" \/>\n\t<meta name=\"twitter:data2\" content=\"2 minutes\" \/>\n<script type=\"application\/ld+json\" class=\"yoast-schema-graph\">{\"@context\":\"https:\/\/schema.org\",\"@graph\":[{\"@type\":\"Article\",\"@id\":\"https:\/\/stourm.news\/?p=1535#article\",\"isPartOf\":{\"@id\":\"https:\/\/stourm.news\/?p=1535\"},\"author\":{\"name\":\"La r\u00e9daction\",\"@id\":\"https:\/\/stourm.news\/#\/schema\/person\/c3e1dc65988632e190969234ef046cf9\"},\"headline\":\"Le PNB pr\u00e9sent dans les mobilisations contre la r\u00e9pression linguistique !\",\"datePublished\":\"2024-06-02T07:53:08+00:00\",\"dateModified\":\"2024-06-02T07:53:51+00:00\",\"mainEntityOfPage\":{\"@id\":\"https:\/\/stourm.news\/?p=1535\"},\"wordCount\":90,\"commentCount\":0,\"publisher\":{\"@id\":\"https:\/\/stourm.news\/#organization\"},\"image\":{\"@id\":\"https:\/\/stourm.news\/?p=1535#primaryimage\"},\"thumbnailUrl\":\"https:\/\/stourm.news\/wp-content\/uploads\/2024\/06\/session-attachment-2024-06-01-184229_002-scaled.jpeg\",\"articleSection\":[\"Breizh\",\"Vie du Parti\"],\"inLanguage\":\"fr-FR\",\"potentialAction\":[{\"@type\":\"CommentAction\",\"name\":\"Comment\",\"target\":[\"https:\/\/stourm.news\/?p=1535#respond\"]}]},{\"@type\":\"WebPage\",\"@id\":\"https:\/\/stourm.news\/?p=1535\",\"url\":\"https:\/\/stourm.news\/?p=1535\",\"name\":\"Le PNB pr\u00e9sent dans les mobilisations contre la r\u00e9pression linguistique ! - STOURM\",\"isPartOf\":{\"@id\":\"https:\/\/stourm.news\/#website\"},\"primaryImageOfPage\":{\"@id\":\"https:\/\/stourm.news\/?p=1535#primaryimage\"},\"image\":{\"@id\":\"https:\/\/stourm.news\/?p=1535#primaryimage\"},\"thumbnailUrl\":\"https:\/\/stourm.news\/wp-content\/uploads\/2024\/06\/session-attachment-2024-06-01-184229_002-scaled.jpeg\",\"datePublished\":\"2024-06-02T07:53:08+00:00\",\"dateModified\":\"2024-06-02T07:53:51+00:00\",\"breadcrumb\":{\"@id\":\"https:\/\/stourm.news\/?p=1535#breadcrumb\"},\"inLanguage\":\"fr-FR\",\"potentialAction\":[{\"@type\":\"ReadAction\",\"target\":[\"https:\/\/stourm.news\/?p=1535\"]}]},{\"@type\":\"ImageObject\",\"inLanguage\":\"fr-FR\",\"@id\":\"https:\/\/stourm.news\/?p=1535#primaryimage\",\"url\":\"https:\/\/stourm.news\/wp-content\/uploads\/2024\/06\/session-attachment-2024-06-01-184229_002-scaled.jpeg\",\"contentUrl\":\"https:\/\/stourm.news\/wp-content\/uploads\/2024\/06\/session-attachment-2024-06-01-184229_002-scaled.jpeg\",\"width\":1920,\"height\":2560},{\"@type\":\"BreadcrumbList\",\"@id\":\"https:\/\/stourm.news\/?p=1535#breadcrumb\",\"itemListElement\":[{\"@type\":\"ListItem\",\"position\":1,\"name\":\"Accueil\",\"item\":\"https:\/\/stourm.news\/\"},{\"@type\":\"ListItem\",\"position\":2,\"name\":\"Le PNB pr\u00e9sent dans les mobilisations contre la r\u00e9pression linguistique !\"}]},{\"@type\":\"WebSite\",\"@id\":\"https:\/\/stourm.news\/#website\",\"url\":\"https:\/\/stourm.news\/\",\"name\":\"Stourm\",\"description\":\"Kazetenn Strollad Broadel Breizh\",\"publisher\":{\"@id\":\"https:\/\/stourm.news\/#organization\"},\"potentialAction\":[{\"@type\":\"SearchAction\",\"target\":{\"@type\":\"EntryPoint\",\"urlTemplate\":\"https:\/\/stourm.news\/?s={search_term_string}\"},\"query-input\":{\"@type\":\"PropertyValueSpecification\",\"valueRequired\":true,\"valueName\":\"search_term_string\"}}],\"inLanguage\":\"fr-FR\"},{\"@type\":\"Organization\",\"@id\":\"https:\/\/stourm.news\/#organization\",\"name\":\"Stourm\",\"url\":\"https:\/\/stourm.news\/\",\"logo\":{\"@type\":\"ImageObject\",\"inLanguage\":\"fr-FR\",\"@id\":\"https:\/\/stourm.news\/#\/schema\/logo\/image\/\",\"url\":\"https:\/\/stourm.news\/wp-content\/uploads\/2025\/11\/cropped-Capture-decran-2025-11-28-a-15.19.07.png\",\"contentUrl\":\"https:\/\/stourm.news\/wp-content\/uploads\/2025\/11\/cropped-Capture-decran-2025-11-28-a-15.19.07.png\",\"width\":1855,\"height\":383,\"caption\":\"Stourm\"},\"image\":{\"@id\":\"https:\/\/stourm.news\/#\/schema\/logo\/image\/\"},\"sameAs\":[\"https:\/\/www.facebook.com\/stourmnews\/\"]},{\"@type\":\"Person\",\"@id\":\"https:\/\/stourm.news\/#\/schema\/person\/c3e1dc65988632e190969234ef046cf9\",\"name\":\"La r\u00e9daction\",\"image\":{\"@type\":\"ImageObject\",\"inLanguage\":\"fr-FR\",\"@id\":\"https:\/\/stourm.news\/#\/schema\/person\/image\/\",\"url\":\"https:\/\/secure.gravatar.com\/avatar\/7463443f194b6b5fb706b074ca0ef59a0cfcfd720cb47764b0ec5a952ce422b3?s=96&d=mm&r=g\",\"contentUrl\":\"https:\/\/secure.gravatar.com\/avatar\/7463443f194b6b5fb706b074ca0ef59a0cfcfd720cb47764b0ec5a952ce422b3?s=96&d=mm&r=g\",\"caption\":\"La r\u00e9daction\"},\"sameAs\":[\"https:\/\/stourm.news\"],\"url\":\"https:\/\/stourm.news\/?author=1\"}]}<\/script>\n<!-- \/ Yoast SEO plugin. -->","yoast_head_json":{"title":"Le PNB pr\u00e9sent dans les mobilisations contre la r\u00e9pression linguistique ! - STOURM","robots":{"index":"index","follow":"follow","max-snippet":"max-snippet:-1","max-image-preview":"max-image-preview:large","max-video-preview":"max-video-preview:-1"},"canonical":"https:\/\/stourm.news\/?p=1535","og_locale":"fr_FR","og_type":"article","og_title":"Le PNB pr\u00e9sent dans les mobilisations contre la r\u00e9pression linguistique ! - STOURM","og_description":"Samedi, les militants du Parti National Breton \u00e9taient pr\u00e9sents \u00e0 Brest, Saint-Brieuc, Guingamp et Rennes pour d\u00e9noncer la r\u00e9pression linguistique orchestr\u00e9e par l&rsquo;Etat fran\u00e7ais contre la langue bretonne. Brest : Saint-Brieuc : Rennes : Guingamp : Pour le Parti National Breton, il \u00e9tait important de marquer de sa pr\u00e9sence les rassemblements. L&rsquo;affirmation nationale passe par [&hellip;]","og_url":"https:\/\/stourm.news\/?p=1535","og_site_name":"STOURM","article_publisher":"https:\/\/www.facebook.com\/stourmnews\/","article_published_time":"2024-06-02T07:53:08+00:00","article_modified_time":"2024-06-02T07:53:51+00:00","og_image":[{"width":1920,"height":2560,"url":"https:\/\/stourm.news\/wp-content\/uploads\/2024\/06\/session-attachment-2024-06-01-184229_002-scaled.jpeg","type":"image\/jpeg"}],"author":"La r\u00e9daction","twitter_card":"summary_large_image","twitter_misc":{"\u00c9crit par":"La r\u00e9daction","Dur\u00e9e de lecture estim\u00e9e":"2 minutes"},"schema":{"@context":"https:\/\/schema.org","@graph":[{"@type":"Article","@id":"https:\/\/stourm.news\/?p=1535#article","isPartOf":{"@id":"https:\/\/stourm.news\/?p=1535"},"author":{"name":"La r\u00e9daction","@id":"https:\/\/stourm.news\/#\/schema\/person\/c3e1dc65988632e190969234ef046cf9"},"headline":"Le PNB pr\u00e9sent dans les mobilisations contre la r\u00e9pression linguistique !","datePublished":"2024-06-02T07:53:08+00:00","dateModified":"2024-06-02T07:53:51+00:00","mainEntityOfPage":{"@id":"https:\/\/stourm.news\/?p=1535"},"wordCount":90,"commentCount":0,"publisher":{"@id":"https:\/\/stourm.news\/#organization"},"image":{"@id":"https:\/\/stourm.news\/?p=1535#primaryimage"},"thumbnailUrl":"https:\/\/stourm.news\/wp-content\/uploads\/2024\/06\/session-attachment-2024-06-01-184229_002-scaled.jpeg","articleSection":["Breizh","Vie du Parti"],"inLanguage":"fr-FR","potentialAction":[{"@type":"CommentAction","name":"Comment","target":["https:\/\/stourm.news\/?p=1535#respond"]}]},{"@type":"WebPage","@id":"https:\/\/stourm.news\/?p=1535","url":"https:\/\/stourm.news\/?p=1535","name":"Le PNB pr\u00e9sent dans les mobilisations contre la r\u00e9pression linguistique ! - STOURM","isPartOf":{"@id":"https:\/\/stourm.news\/#website"},"primaryImageOfPage":{"@id":"https:\/\/stourm.news\/?p=1535#primaryimage"},"image":{"@id":"https:\/\/stourm.news\/?p=1535#primaryimage"},"thumbnailUrl":"https:\/\/stourm.news\/wp-content\/uploads\/2024\/06\/session-attachment-2024-06-01-184229_002-scaled.jpeg","datePublished":"2024-06-02T07:53:08+00:00","dateModified":"2024-06-02T07:53:51+00:00","breadcrumb":{"@id":"https:\/\/stourm.news\/?p=1535#breadcrumb"},"inLanguage":"fr-FR","potentialAction":[{"@type":"ReadAction","target":["https:\/\/stourm.news\/?p=1535"]}]},{"@type":"ImageObject","inLanguage":"fr-FR","@id":"https:\/\/stourm.news\/?p=1535#primaryimage","url":"https:\/\/stourm.news\/wp-content\/uploads\/2024\/06\/session-attachment-2024-06-01-184229_002-scaled.jpeg","contentUrl":"https:\/\/stourm.news\/wp-content\/uploads\/2024\/06\/session-attachment-2024-06-01-184229_002-scaled.jpeg","width":1920,"height":2560},{"@type":"BreadcrumbList","@id":"https:\/\/stourm.news\/?p=1535#breadcrumb","itemListElement":[{"@type":"ListItem","position":1,"name":"Accueil","item":"https:\/\/stourm.news\/"},{"@type":"ListItem","position":2,"name":"Le PNB pr\u00e9sent dans les mobilisations contre la r\u00e9pression linguistique !"}]},{"@type":"WebSite","@id":"https:\/\/stourm.news\/#website","url":"https:\/\/stourm.news\/","name":"Stourm","description":"Kazetenn Strollad Broadel Breizh","publisher":{"@id":"https:\/\/stourm.news\/#organization"},"potentialAction":[{"@type":"SearchAction","target":{"@type":"EntryPoint","urlTemplate":"https:\/\/stourm.news\/?s={search_term_string}"},"query-input":{"@type":"PropertyValueSpecification","valueRequired":true,"valueName":"search_term_string"}}],"inLanguage":"fr-FR"},{"@type":"Organization","@id":"https:\/\/stourm.news\/#organization","name":"Stourm","url":"https:\/\/stourm.news\/","logo":{"@type":"ImageObject","inLanguage":"fr-FR","@id":"https:\/\/stourm.news\/#\/schema\/logo\/image\/","url":"https:\/\/stourm.news\/wp-content\/uploads\/2025\/11\/cropped-Capture-decran-2025-11-28-a-15.19.07.png","contentUrl":"https:\/\/stourm.news\/wp-content\/uploads\/2025\/11\/cropped-Capture-decran-2025-11-28-a-15.19.07.png","width":1855,"height":383,"caption":"Stourm"},"image":{"@id":"https:\/\/stourm.news\/#\/schema\/logo\/image\/"},"sameAs":["https:\/\/www.facebook.com\/stourmnews\/"]},{"@type":"Person","@id":"https:\/\/stourm.news\/#\/schema\/person\/c3e1dc65988632e190969234ef046cf9","name":"La r\u00e9daction","image":{"@type":"ImageObject","inLanguage":"fr-FR","@id":"https:\/\/stourm.news\/#\/schema\/person\/image\/","url":"https:\/\/secure.gravatar.com\/avatar\/7463443f194b6b5fb706b074ca0ef59a0cfcfd720cb47764b0ec5a952ce422b3?s=96&d=mm&r=g","contentUrl":"https:\/\/secure.gravatar.com\/avatar\/7463443f194b6b5fb706b074ca0ef59a0cfcfd720cb47764b0ec5a952ce422b3?s=96&d=mm&r=g","caption":"La r\u00e9daction"},"sameAs":["https:\/\/stourm.news"],"url":"https:\/\/stourm.news\/?author=1"}]}},"_links":{"self":[{"href":"https:\/\/stourm.news\/index.php?rest_route=\/wp\/v2\/posts\/1535","targetHints":{"allow":["GET"]}}],"collection":[{"href":"https:\/\/stourm.news\/index.php?rest_route=\/wp\/v2\/posts"}],"about":[{"href":"https:\/\/stourm.news\/index.php?rest_route=\/wp\/v2\/types\/post"}],"author":[{"embeddable":true,"href":"https:\/\/stourm.news\/index.php?rest_route=\/wp\/v2\/users\/1"}],"replies":[{"embeddable":true,"href":"https:\/\/stourm.news\/index.php?rest_route=%2Fwp%2Fv2%2Fcomments&post=1535"}],"version-history":[{"count":2,"href":"https:\/\/stourm.news\/index.php?rest_route=\/wp\/v2\/posts\/1535\/revisions"}],"predecessor-version":[{"id":1541,"href":"https:\/\/stourm.news\/index.php?rest_route=\/wp\/v2\/posts\/1535\/revisions\/1541"}],"wp:featuredmedia":[{"embeddable":true,"href":"https:\/\/stourm.news\/index.php?rest_route=\/wp\/v2\/media\/1537"}],"wp:attachment":[{"href":"https:\/\/stourm.news\/index.php?rest_route=%2Fwp%2Fv2%2Fmedia&parent=1535"}],"wp:term":[{"taxonomy":"category","embeddable":true,"href":"https:\/\/stourm.news\/index.php?rest_route=%2Fwp%2Fv2%2Fcategories&post=1535"},{"taxonomy":"post_tag","embeddable":true,"href":"https:\/\/stourm.news\/index.php?rest_route=%2Fwp%2Fv2%2Ftags&post=1535"}],"curies":[{"name":"wp","href":"https:\/\/api.w.org\/{rel}","templated":true}]}}