{"id":1542,"date":"2024-06-03T11:33:00","date_gmt":"2024-06-03T11:33:00","guid":{"rendered":"https:\/\/stourm.news\/?p=1542"},"modified":"2024-06-03T11:46:43","modified_gmt":"2024-06-03T11:46:43","slug":"chant-des-guerres-celtes-par-alan-gurval","status":"publish","type":"post","link":"https:\/\/stourm.news\/?p=1542","title":{"rendered":"\u00ab\u00a0Chant des guerres celtes\u00a0\u00bb par Alan Gurval"},"content":{"rendered":"<p style=\"text-align: justify;\">Stourm! publie le \u00ab\u00a0Choeur des Guerriers Celtes\u00a0\u00bb \u00e9crit par le patriote breton Alan Gurval. Ce po\u00e8me appartient au recueil \u00ab\u00a0<em>Pour les Bretons, chants de guerre<\/em>\u00ab\u00a0.<\/p>\n<p style=\"text-align: center;\"><strong>Ch\u0153ur des Guerriers Celtes<\/strong><\/p>\n<p style=\"text-align: center;\">Vive \u00e0 tout jamais l&rsquo;Armor !<br \/>\nSi vers nous rampe la mort,<br \/>\n<strong>Bretons<\/strong>, courons au-devant.<br \/>\nVive tout jamais l&rsquo;Armor,<br \/>\nPour massacrer qui la mord,<br \/>\nDebout, les gars ! en avant !<\/p>\n<p style=\"text-align: center;\">Pour le bapt\u00eame du sang<br \/>\nTout Breton hurle : Pr\u00e9sent !<br \/>\nNous aimons guerre et combat :<br \/>\nC&rsquo;est en chantant qu&rsquo;on se bat.<br \/>\nA ton appel, loups ardents,<br \/>\nArmor, nous grin\u00e7ons des dents.<br \/>\nHors le Ciel, rien ici-bas<br \/>\nNe fait peur nos<em> penn-baz<\/em>.<br \/>\nBretons, vous savez comment<br \/>\nDevant vous fuit le Northman.<br \/>\nEn courant sus aux Fran\u00e7ais<br \/>\nNous irons vers le succ\u00e8s.<br \/>\nEtranglons plus qu&rsquo;\u00e0 demi<br \/>\n<strong>Le Fran\u00e7ais, notre ennemi !<\/strong><br \/>\nHaine rouge \u00e0 l&rsquo;\u00e9tranger<br \/>\nQui cherche \u00e0 nous outrager !<br \/>\nArmor, jamais trahison,<br \/>\nN&rsquo;a macul\u00e9 ton blason.<br \/>\nVa, noble peuple irrit\u00e9,<br \/>\n<strong>Reprends-leur ta libert\u00e9.<\/strong><br \/>\nJamais trop t\u00f4t p\u00e9rirons<br \/>\n<em>Si pour l&rsquo;Armor nous mourons.<\/em><\/p>\n<p style=\"text-align: center;\">Vive \u00e0 tout jamais l&rsquo;Armor,<br \/>\nSi vers nous rampe la mort,<br \/>\nBretons, courons au-devant.<br \/>\nVive \u00e0 tout jamais l&rsquo;Armor !<br \/>\nPour massacrer qui la mord,<br \/>\nDebout, les gars en avant I<\/p>\n","protected":false},"excerpt":{"rendered":"<p>Stourm! publie le \u00ab\u00a0Choeur des Guerriers Celtes\u00a0\u00bb \u00e9crit par le patriote breton Alan Gurval. Ce po\u00e8me appartient au recueil \u00ab\u00a0Pour les Bretons, chants de guerre\u00ab\u00a0. Ch\u0153ur des Guerriers Celtes Vive \u00e0 tout jamais l&rsquo;Armor ! Si vers nous rampe la mort, Bretons, courons au-devant. Vive tout jamais l&rsquo;Armor, Pour massacrer qui la mord, Debout, les [&hellip;]<\/p>\n","protected":false},"author":1,"featured_media":1549,"comment_status":"open","ping_status":"open","sticky":false,"template":"","format":"standard","meta":{"sb_editor_width":"","footnotes":""},"categories":[58,43],"tags":[],"class_list":["post-1542","post","type-post","status-publish","format-standard","has-post-thumbnail","hentry","category-breizh","category-culture-bretonne"],"relative_dates":{"created":"2 ans ago","modified":"2 ans ago"},"yoast_head":"<!-- This site is optimized with the Yoast SEO plugin v26.3 - https:\/\/yoast.com\/wordpress\/plugins\/seo\/ -->\n<title>&quot;Chant des guerres celtes&quot; par Alan Gurval - STOURM<\/title>\n<meta name=\"robots\" content=\"index, follow, max-snippet:-1, max-image-preview:large, max-video-preview:-1\" \/>\n<link rel=\"canonical\" href=\"https:\/\/stourm.news\/?p=1542\" \/>\n<meta property=\"og:locale\" content=\"fr_FR\" \/>\n<meta property=\"og:type\" content=\"article\" \/>\n<meta property=\"og:title\" content=\"&quot;Chant des guerres celtes&quot; par Alan Gurval - STOURM\" \/>\n<meta property=\"og:description\" content=\"Stourm! publie le \u00ab\u00a0Choeur des Guerriers Celtes\u00a0\u00bb \u00e9crit par le patriote breton Alan Gurval. Ce po\u00e8me appartient au recueil \u00ab\u00a0Pour les Bretons, chants de guerre\u00ab\u00a0. Ch\u0153ur des Guerriers Celtes Vive \u00e0 tout jamais l&rsquo;Armor ! Si vers nous rampe la mort, Bretons, courons au-devant. Vive tout jamais l&rsquo;Armor, Pour massacrer qui la mord, Debout, les [&hellip;]\" \/>\n<meta property=\"og:url\" content=\"https:\/\/stourm.news\/?p=1542\" \/>\n<meta property=\"og:site_name\" content=\"STOURM\" \/>\n<meta property=\"article:publisher\" content=\"https:\/\/www.facebook.com\/stourmnews\/\" \/>\n<meta property=\"article:published_time\" content=\"2024-06-03T11:33:00+00:00\" \/>\n<meta property=\"article:modified_time\" content=\"2024-06-03T11:46:43+00:00\" \/>\n<meta property=\"og:image\" content=\"https:\/\/stourm.news\/wp-content\/uploads\/2024\/06\/Designer-2024-06-03T201846.675-1.jpeg\" \/>\n\t<meta property=\"og:image:width\" content=\"975\" \/>\n\t<meta property=\"og:image:height\" content=\"715\" \/>\n\t<meta property=\"og:image:type\" content=\"image\/jpeg\" \/>\n<meta name=\"author\" content=\"La r\u00e9daction\" \/>\n<meta name=\"twitter:card\" content=\"summary_large_image\" \/>\n<meta name=\"twitter:label1\" content=\"\u00c9crit par\" \/>\n\t<meta name=\"twitter:data1\" content=\"La r\u00e9daction\" \/>\n\t<meta name=\"twitter:label2\" content=\"Dur\u00e9e de lecture estim\u00e9e\" \/>\n\t<meta name=\"twitter:data2\" content=\"2 minutes\" \/>\n<script type=\"application\/ld+json\" class=\"yoast-schema-graph\">{\"@context\":\"https:\/\/schema.org\",\"@graph\":[{\"@type\":\"Article\",\"@id\":\"https:\/\/stourm.news\/?p=1542#article\",\"isPartOf\":{\"@id\":\"https:\/\/stourm.news\/?p=1542\"},\"author\":{\"name\":\"La r\u00e9daction\",\"@id\":\"https:\/\/stourm.news\/#\/schema\/person\/c3e1dc65988632e190969234ef046cf9\"},\"headline\":\"\u00ab\u00a0Chant des guerres celtes\u00a0\u00bb par Alan Gurval\",\"datePublished\":\"2024-06-03T11:33:00+00:00\",\"dateModified\":\"2024-06-03T11:46:43+00:00\",\"mainEntityOfPage\":{\"@id\":\"https:\/\/stourm.news\/?p=1542\"},\"wordCount\":207,\"commentCount\":0,\"publisher\":{\"@id\":\"https:\/\/stourm.news\/#organization\"},\"image\":{\"@id\":\"https:\/\/stourm.news\/?p=1542#primaryimage\"},\"thumbnailUrl\":\"https:\/\/stourm.news\/wp-content\/uploads\/2024\/06\/Designer-2024-06-03T201846.675-1.jpeg\",\"articleSection\":[\"Breizh\",\"Culture bretonne\"],\"inLanguage\":\"fr-FR\",\"potentialAction\":[{\"@type\":\"CommentAction\",\"name\":\"Comment\",\"target\":[\"https:\/\/stourm.news\/?p=1542#respond\"]}]},{\"@type\":\"WebPage\",\"@id\":\"https:\/\/stourm.news\/?p=1542\",\"url\":\"https:\/\/stourm.news\/?p=1542\",\"name\":\"\\\"Chant des guerres celtes\\\" par Alan Gurval - STOURM\",\"isPartOf\":{\"@id\":\"https:\/\/stourm.news\/#website\"},\"primaryImageOfPage\":{\"@id\":\"https:\/\/stourm.news\/?p=1542#primaryimage\"},\"image\":{\"@id\":\"https:\/\/stourm.news\/?p=1542#primaryimage\"},\"thumbnailUrl\":\"https:\/\/stourm.news\/wp-content\/uploads\/2024\/06\/Designer-2024-06-03T201846.675-1.jpeg\",\"datePublished\":\"2024-06-03T11:33:00+00:00\",\"dateModified\":\"2024-06-03T11:46:43+00:00\",\"breadcrumb\":{\"@id\":\"https:\/\/stourm.news\/?p=1542#breadcrumb\"},\"inLanguage\":\"fr-FR\",\"potentialAction\":[{\"@type\":\"ReadAction\",\"target\":[\"https:\/\/stourm.news\/?p=1542\"]}]},{\"@type\":\"ImageObject\",\"inLanguage\":\"fr-FR\",\"@id\":\"https:\/\/stourm.news\/?p=1542#primaryimage\",\"url\":\"https:\/\/stourm.news\/wp-content\/uploads\/2024\/06\/Designer-2024-06-03T201846.675-1.jpeg\",\"contentUrl\":\"https:\/\/stourm.news\/wp-content\/uploads\/2024\/06\/Designer-2024-06-03T201846.675-1.jpeg\",\"width\":975,\"height\":715},{\"@type\":\"BreadcrumbList\",\"@id\":\"https:\/\/stourm.news\/?p=1542#breadcrumb\",\"itemListElement\":[{\"@type\":\"ListItem\",\"position\":1,\"name\":\"Accueil\",\"item\":\"https:\/\/stourm.news\/\"},{\"@type\":\"ListItem\",\"position\":2,\"name\":\"\u00ab\u00a0Chant des guerres celtes\u00a0\u00bb par Alan Gurval\"}]},{\"@type\":\"WebSite\",\"@id\":\"https:\/\/stourm.news\/#website\",\"url\":\"https:\/\/stourm.news\/\",\"name\":\"Stourm\",\"description\":\"Kazetenn Strollad Broadel Breizh\",\"publisher\":{\"@id\":\"https:\/\/stourm.news\/#organization\"},\"potentialAction\":[{\"@type\":\"SearchAction\",\"target\":{\"@type\":\"EntryPoint\",\"urlTemplate\":\"https:\/\/stourm.news\/?s={search_term_string}\"},\"query-input\":{\"@type\":\"PropertyValueSpecification\",\"valueRequired\":true,\"valueName\":\"search_term_string\"}}],\"inLanguage\":\"fr-FR\"},{\"@type\":\"Organization\",\"@id\":\"https:\/\/stourm.news\/#organization\",\"name\":\"Stourm\",\"url\":\"https:\/\/stourm.news\/\",\"logo\":{\"@type\":\"ImageObject\",\"inLanguage\":\"fr-FR\",\"@id\":\"https:\/\/stourm.news\/#\/schema\/logo\/image\/\",\"url\":\"https:\/\/stourm.news\/wp-content\/uploads\/2025\/11\/cropped-Capture-decran-2025-11-28-a-15.19.07.png\",\"contentUrl\":\"https:\/\/stourm.news\/wp-content\/uploads\/2025\/11\/cropped-Capture-decran-2025-11-28-a-15.19.07.png\",\"width\":1855,\"height\":383,\"caption\":\"Stourm\"},\"image\":{\"@id\":\"https:\/\/stourm.news\/#\/schema\/logo\/image\/\"},\"sameAs\":[\"https:\/\/www.facebook.com\/stourmnews\/\"]},{\"@type\":\"Person\",\"@id\":\"https:\/\/stourm.news\/#\/schema\/person\/c3e1dc65988632e190969234ef046cf9\",\"name\":\"La r\u00e9daction\",\"image\":{\"@type\":\"ImageObject\",\"inLanguage\":\"fr-FR\",\"@id\":\"https:\/\/stourm.news\/#\/schema\/person\/image\/\",\"url\":\"https:\/\/secure.gravatar.com\/avatar\/7463443f194b6b5fb706b074ca0ef59a0cfcfd720cb47764b0ec5a952ce422b3?s=96&d=mm&r=g\",\"contentUrl\":\"https:\/\/secure.gravatar.com\/avatar\/7463443f194b6b5fb706b074ca0ef59a0cfcfd720cb47764b0ec5a952ce422b3?s=96&d=mm&r=g\",\"caption\":\"La r\u00e9daction\"},\"sameAs\":[\"https:\/\/stourm.news\"],\"url\":\"https:\/\/stourm.news\/?author=1\"}]}<\/script>\n<!-- \/ Yoast SEO plugin. -->","yoast_head_json":{"title":"\"Chant des guerres celtes\" par Alan Gurval - STOURM","robots":{"index":"index","follow":"follow","max-snippet":"max-snippet:-1","max-image-preview":"max-image-preview:large","max-video-preview":"max-video-preview:-1"},"canonical":"https:\/\/stourm.news\/?p=1542","og_locale":"fr_FR","og_type":"article","og_title":"\"Chant des guerres celtes\" par Alan Gurval - STOURM","og_description":"Stourm! publie le \u00ab\u00a0Choeur des Guerriers Celtes\u00a0\u00bb \u00e9crit par le patriote breton Alan Gurval. Ce po\u00e8me appartient au recueil \u00ab\u00a0Pour les Bretons, chants de guerre\u00ab\u00a0. Ch\u0153ur des Guerriers Celtes Vive \u00e0 tout jamais l&rsquo;Armor ! Si vers nous rampe la mort, Bretons, courons au-devant. Vive tout jamais l&rsquo;Armor, Pour massacrer qui la mord, Debout, les [&hellip;]","og_url":"https:\/\/stourm.news\/?p=1542","og_site_name":"STOURM","article_publisher":"https:\/\/www.facebook.com\/stourmnews\/","article_published_time":"2024-06-03T11:33:00+00:00","article_modified_time":"2024-06-03T11:46:43+00:00","og_image":[{"width":975,"height":715,"url":"https:\/\/stourm.news\/wp-content\/uploads\/2024\/06\/Designer-2024-06-03T201846.675-1.jpeg","type":"image\/jpeg"}],"author":"La r\u00e9daction","twitter_card":"summary_large_image","twitter_misc":{"\u00c9crit par":"La r\u00e9daction","Dur\u00e9e de lecture estim\u00e9e":"2 minutes"},"schema":{"@context":"https:\/\/schema.org","@graph":[{"@type":"Article","@id":"https:\/\/stourm.news\/?p=1542#article","isPartOf":{"@id":"https:\/\/stourm.news\/?p=1542"},"author":{"name":"La r\u00e9daction","@id":"https:\/\/stourm.news\/#\/schema\/person\/c3e1dc65988632e190969234ef046cf9"},"headline":"\u00ab\u00a0Chant des guerres celtes\u00a0\u00bb par Alan Gurval","datePublished":"2024-06-03T11:33:00+00:00","dateModified":"2024-06-03T11:46:43+00:00","mainEntityOfPage":{"@id":"https:\/\/stourm.news\/?p=1542"},"wordCount":207,"commentCount":0,"publisher":{"@id":"https:\/\/stourm.news\/#organization"},"image":{"@id":"https:\/\/stourm.news\/?p=1542#primaryimage"},"thumbnailUrl":"https:\/\/stourm.news\/wp-content\/uploads\/2024\/06\/Designer-2024-06-03T201846.675-1.jpeg","articleSection":["Breizh","Culture bretonne"],"inLanguage":"fr-FR","potentialAction":[{"@type":"CommentAction","name":"Comment","target":["https:\/\/stourm.news\/?p=1542#respond"]}]},{"@type":"WebPage","@id":"https:\/\/stourm.news\/?p=1542","url":"https:\/\/stourm.news\/?p=1542","name":"\"Chant des guerres celtes\" par Alan Gurval - STOURM","isPartOf":{"@id":"https:\/\/stourm.news\/#website"},"primaryImageOfPage":{"@id":"https:\/\/stourm.news\/?p=1542#primaryimage"},"image":{"@id":"https:\/\/stourm.news\/?p=1542#primaryimage"},"thumbnailUrl":"https:\/\/stourm.news\/wp-content\/uploads\/2024\/06\/Designer-2024-06-03T201846.675-1.jpeg","datePublished":"2024-06-03T11:33:00+00:00","dateModified":"2024-06-03T11:46:43+00:00","breadcrumb":{"@id":"https:\/\/stourm.news\/?p=1542#breadcrumb"},"inLanguage":"fr-FR","potentialAction":[{"@type":"ReadAction","target":["https:\/\/stourm.news\/?p=1542"]}]},{"@type":"ImageObject","inLanguage":"fr-FR","@id":"https:\/\/stourm.news\/?p=1542#primaryimage","url":"https:\/\/stourm.news\/wp-content\/uploads\/2024\/06\/Designer-2024-06-03T201846.675-1.jpeg","contentUrl":"https:\/\/stourm.news\/wp-content\/uploads\/2024\/06\/Designer-2024-06-03T201846.675-1.jpeg","width":975,"height":715},{"@type":"BreadcrumbList","@id":"https:\/\/stourm.news\/?p=1542#breadcrumb","itemListElement":[{"@type":"ListItem","position":1,"name":"Accueil","item":"https:\/\/stourm.news\/"},{"@type":"ListItem","position":2,"name":"\u00ab\u00a0Chant des guerres celtes\u00a0\u00bb par Alan Gurval"}]},{"@type":"WebSite","@id":"https:\/\/stourm.news\/#website","url":"https:\/\/stourm.news\/","name":"Stourm","description":"Kazetenn Strollad Broadel Breizh","publisher":{"@id":"https:\/\/stourm.news\/#organization"},"potentialAction":[{"@type":"SearchAction","target":{"@type":"EntryPoint","urlTemplate":"https:\/\/stourm.news\/?s={search_term_string}"},"query-input":{"@type":"PropertyValueSpecification","valueRequired":true,"valueName":"search_term_string"}}],"inLanguage":"fr-FR"},{"@type":"Organization","@id":"https:\/\/stourm.news\/#organization","name":"Stourm","url":"https:\/\/stourm.news\/","logo":{"@type":"ImageObject","inLanguage":"fr-FR","@id":"https:\/\/stourm.news\/#\/schema\/logo\/image\/","url":"https:\/\/stourm.news\/wp-content\/uploads\/2025\/11\/cropped-Capture-decran-2025-11-28-a-15.19.07.png","contentUrl":"https:\/\/stourm.news\/wp-content\/uploads\/2025\/11\/cropped-Capture-decran-2025-11-28-a-15.19.07.png","width":1855,"height":383,"caption":"Stourm"},"image":{"@id":"https:\/\/stourm.news\/#\/schema\/logo\/image\/"},"sameAs":["https:\/\/www.facebook.com\/stourmnews\/"]},{"@type":"Person","@id":"https:\/\/stourm.news\/#\/schema\/person\/c3e1dc65988632e190969234ef046cf9","name":"La r\u00e9daction","image":{"@type":"ImageObject","inLanguage":"fr-FR","@id":"https:\/\/stourm.news\/#\/schema\/person\/image\/","url":"https:\/\/secure.gravatar.com\/avatar\/7463443f194b6b5fb706b074ca0ef59a0cfcfd720cb47764b0ec5a952ce422b3?s=96&d=mm&r=g","contentUrl":"https:\/\/secure.gravatar.com\/avatar\/7463443f194b6b5fb706b074ca0ef59a0cfcfd720cb47764b0ec5a952ce422b3?s=96&d=mm&r=g","caption":"La r\u00e9daction"},"sameAs":["https:\/\/stourm.news"],"url":"https:\/\/stourm.news\/?author=1"}]}},"_links":{"self":[{"href":"https:\/\/stourm.news\/index.php?rest_route=\/wp\/v2\/posts\/1542","targetHints":{"allow":["GET"]}}],"collection":[{"href":"https:\/\/stourm.news\/index.php?rest_route=\/wp\/v2\/posts"}],"about":[{"href":"https:\/\/stourm.news\/index.php?rest_route=\/wp\/v2\/types\/post"}],"author":[{"embeddable":true,"href":"https:\/\/stourm.news\/index.php?rest_route=\/wp\/v2\/users\/1"}],"replies":[{"embeddable":true,"href":"https:\/\/stourm.news\/index.php?rest_route=%2Fwp%2Fv2%2Fcomments&post=1542"}],"version-history":[{"count":1,"href":"https:\/\/stourm.news\/index.php?rest_route=\/wp\/v2\/posts\/1542\/revisions"}],"predecessor-version":[{"id":1544,"href":"https:\/\/stourm.news\/index.php?rest_route=\/wp\/v2\/posts\/1542\/revisions\/1544"}],"wp:featuredmedia":[{"embeddable":true,"href":"https:\/\/stourm.news\/index.php?rest_route=\/wp\/v2\/media\/1549"}],"wp:attachment":[{"href":"https:\/\/stourm.news\/index.php?rest_route=%2Fwp%2Fv2%2Fmedia&parent=1542"}],"wp:term":[{"taxonomy":"category","embeddable":true,"href":"https:\/\/stourm.news\/index.php?rest_route=%2Fwp%2Fv2%2Fcategories&post=1542"},{"taxonomy":"post_tag","embeddable":true,"href":"https:\/\/stourm.news\/index.php?rest_route=%2Fwp%2Fv2%2Ftags&post=1542"}],"curies":[{"name":"wp","href":"https:\/\/api.w.org\/{rel}","templated":true}]}}