{"id":1571,"date":"2024-06-05T13:10:51","date_gmt":"2024-06-05T13:10:51","guid":{"rendered":"https:\/\/stourm.news\/?p=1571"},"modified":"2024-06-05T13:10:51","modified_gmt":"2024-06-05T13:10:51","slug":"kanaky-plus-de-800-patriotes-kanaks-interpelles-par-le-regime-colonial-francais","status":"publish","type":"post","link":"https:\/\/stourm.news\/?p=1571","title":{"rendered":"Kanaky : plus de 800 patriotes kanaks interpell\u00e9s par le r\u00e9gime colonial fran\u00e7ais"},"content":{"rendered":"<p style=\"text-align: justify;\">En Kanaky, la campagne de r\u00e9pression coloniale bat son plein. La presse d&rsquo;\u00e9tat fran\u00e7aise <a href=\"https:\/\/voixducaillou.nc\/2024\/06\/05\/la-justice-ne-lache-rien\/?feed_id=1776&amp;_unique_id=666002066840c\">se f\u00e9licite<\/a> de la poursuite de plus de 800 patriotes kanaks suite \u00e0 l&rsquo;insurrection ind\u00e9pendantiste de ces derni\u00e8res semaines.<\/p>\n<p style=\"text-align: justify;\">Le ton, r\u00e9solument revanchard, traduit l&rsquo;\u00e9tat d&rsquo;esprit du gouvernement fran\u00e7ais face \u00e0 la nation kanaque : v\u00e9ritable retour du refoul\u00e9, l&rsquo;imp\u00e9rialisme fran\u00e7ais est d\u00e9cha\u00een\u00e9. La CCAT, coordination ind\u00e9pendante, est particuli\u00e8rement cibl\u00e9e par le r\u00e9gime d&rsquo;occupation fran\u00e7ais.<\/p>\n<p style=\"text-align: justify;\">Sur le terrain, la r\u00e9pression se poursuit, signifiant le d\u00e9but d&rsquo;un long conflit de d\u00e9colonisation.<\/p>\n<blockquote class=\"twitter-tweet\">\n<p dir=\"ltr\" lang=\"fr\">Pour s\u00e9curiser le quartier de <a href=\"https:\/\/twitter.com\/hashtag\/Rivi%C3%A8reSal%C3%A9e?src=hash&amp;ref_src=twsrc%5Etfw\">#Rivi\u00e8reSal\u00e9e<\/a>, de nombreux effectifs ont \u00e9t\u00e9 mobilis\u00e9s : le RAID, le GIGN, une compagnie de CRS, et 4 unit\u00e9s de gendarmes mobiles.<\/p>\n<p>Les CRS ont s\u00e9curis\u00e9 les axes et les points hauts afin de permettre le bon d\u00e9roul\u00e9 de cette intervention. \u2935\ufe0f <a href=\"https:\/\/t.co\/gTKJxTNAMa\">pic.twitter.com\/gTKJxTNAMa<\/a><\/p>\n<p>\u2014 Haut-commissariat en Nouvelle-Cal\u00e9donie \ud83c\uddeb\ud83c\uddf7 (@HC98800) <a href=\"https:\/\/twitter.com\/HC98800\/status\/1796661724697006235?ref_src=twsrc%5Etfw\">May 31, 2024<\/a><\/p><\/blockquote>\n<p><script async src=\"https:\/\/platform.twitter.com\/widgets.js\" charset=\"utf-8\"><\/script><\/p>\n<p style=\"text-align: right;\"><strong>Ewen brochan<\/strong><\/p>\n","protected":false},"excerpt":{"rendered":"<p>En Kanaky, la campagne de r\u00e9pression coloniale bat son plein. La presse d&rsquo;\u00e9tat fran\u00e7aise se f\u00e9licite de la poursuite de plus de 800 patriotes kanaks suite \u00e0 l&rsquo;insurrection ind\u00e9pendantiste de ces derni\u00e8res semaines. Le ton, r\u00e9solument revanchard, traduit l&rsquo;\u00e9tat d&rsquo;esprit du gouvernement fran\u00e7ais face \u00e0 la nation kanaque : v\u00e9ritable retour du refoul\u00e9, l&rsquo;imp\u00e9rialisme fran\u00e7ais [&hellip;]<\/p>\n","protected":false},"author":1,"featured_media":1572,"comment_status":"open","ping_status":"open","sticky":false,"template":"","format":"standard","meta":{"sb_editor_width":"","footnotes":""},"categories":[66,65],"tags":[],"class_list":["post-1571","post","type-post","status-publish","format-standard","has-post-thumbnail","hentry","category-international","category-principale"],"relative_dates":{"created":"2 ans ago","modified":"2 ans ago"},"yoast_head":"<!-- This site is optimized with the Yoast SEO plugin v26.3 - https:\/\/yoast.com\/wordpress\/plugins\/seo\/ -->\n<title>Kanaky : plus de 800 patriotes kanaks interpell\u00e9s par le r\u00e9gime colonial fran\u00e7ais - STOURM<\/title>\n<meta name=\"robots\" content=\"index, follow, max-snippet:-1, max-image-preview:large, max-video-preview:-1\" \/>\n<link rel=\"canonical\" href=\"https:\/\/stourm.news\/?p=1571\" \/>\n<meta property=\"og:locale\" content=\"fr_FR\" \/>\n<meta property=\"og:type\" content=\"article\" \/>\n<meta property=\"og:title\" content=\"Kanaky : plus de 800 patriotes kanaks interpell\u00e9s par le r\u00e9gime colonial fran\u00e7ais - STOURM\" \/>\n<meta property=\"og:description\" content=\"En Kanaky, la campagne de r\u00e9pression coloniale bat son plein. La presse d&rsquo;\u00e9tat fran\u00e7aise se f\u00e9licite de la poursuite de plus de 800 patriotes kanaks suite \u00e0 l&rsquo;insurrection ind\u00e9pendantiste de ces derni\u00e8res semaines. Le ton, r\u00e9solument revanchard, traduit l&rsquo;\u00e9tat d&rsquo;esprit du gouvernement fran\u00e7ais face \u00e0 la nation kanaque : v\u00e9ritable retour du refoul\u00e9, l&rsquo;imp\u00e9rialisme fran\u00e7ais [&hellip;]\" \/>\n<meta property=\"og:url\" content=\"https:\/\/stourm.news\/?p=1571\" \/>\n<meta property=\"og:site_name\" content=\"STOURM\" \/>\n<meta property=\"article:publisher\" content=\"https:\/\/www.facebook.com\/stourmnews\/\" \/>\n<meta property=\"article:published_time\" content=\"2024-06-05T13:10:51+00:00\" \/>\n<meta property=\"og:image\" content=\"https:\/\/stourm.news\/wp-content\/uploads\/2024\/06\/1200x680_sc_ma-photo-1200x675-1.jpg\" \/>\n\t<meta property=\"og:image:width\" content=\"1191\" \/>\n\t<meta property=\"og:image:height\" content=\"675\" \/>\n\t<meta property=\"og:image:type\" content=\"image\/jpeg\" \/>\n<meta name=\"author\" content=\"La r\u00e9daction\" \/>\n<meta name=\"twitter:card\" content=\"summary_large_image\" \/>\n<meta name=\"twitter:label1\" content=\"\u00c9crit par\" \/>\n\t<meta name=\"twitter:data1\" content=\"La r\u00e9daction\" \/>\n\t<meta name=\"twitter:label2\" content=\"Dur\u00e9e de lecture estim\u00e9e\" \/>\n\t<meta name=\"twitter:data2\" content=\"1 minute\" \/>\n<script type=\"application\/ld+json\" class=\"yoast-schema-graph\">{\"@context\":\"https:\/\/schema.org\",\"@graph\":[{\"@type\":\"Article\",\"@id\":\"https:\/\/stourm.news\/?p=1571#article\",\"isPartOf\":{\"@id\":\"https:\/\/stourm.news\/?p=1571\"},\"author\":{\"name\":\"La r\u00e9daction\",\"@id\":\"https:\/\/stourm.news\/#\/schema\/person\/c3e1dc65988632e190969234ef046cf9\"},\"headline\":\"Kanaky : plus de 800 patriotes kanaks interpell\u00e9s par le r\u00e9gime colonial fran\u00e7ais\",\"datePublished\":\"2024-06-05T13:10:51+00:00\",\"mainEntityOfPage\":{\"@id\":\"https:\/\/stourm.news\/?p=1571\"},\"wordCount\":184,\"commentCount\":0,\"publisher\":{\"@id\":\"https:\/\/stourm.news\/#organization\"},\"image\":{\"@id\":\"https:\/\/stourm.news\/?p=1571#primaryimage\"},\"thumbnailUrl\":\"https:\/\/stourm.news\/wp-content\/uploads\/2024\/06\/1200x680_sc_ma-photo-1200x675-1.jpg\",\"articleSection\":[\"International\",\"Principale\"],\"inLanguage\":\"fr-FR\",\"potentialAction\":[{\"@type\":\"CommentAction\",\"name\":\"Comment\",\"target\":[\"https:\/\/stourm.news\/?p=1571#respond\"]}]},{\"@type\":\"WebPage\",\"@id\":\"https:\/\/stourm.news\/?p=1571\",\"url\":\"https:\/\/stourm.news\/?p=1571\",\"name\":\"Kanaky : plus de 800 patriotes kanaks interpell\u00e9s par le r\u00e9gime colonial fran\u00e7ais - STOURM\",\"isPartOf\":{\"@id\":\"https:\/\/stourm.news\/#website\"},\"primaryImageOfPage\":{\"@id\":\"https:\/\/stourm.news\/?p=1571#primaryimage\"},\"image\":{\"@id\":\"https:\/\/stourm.news\/?p=1571#primaryimage\"},\"thumbnailUrl\":\"https:\/\/stourm.news\/wp-content\/uploads\/2024\/06\/1200x680_sc_ma-photo-1200x675-1.jpg\",\"datePublished\":\"2024-06-05T13:10:51+00:00\",\"breadcrumb\":{\"@id\":\"https:\/\/stourm.news\/?p=1571#breadcrumb\"},\"inLanguage\":\"fr-FR\",\"potentialAction\":[{\"@type\":\"ReadAction\",\"target\":[\"https:\/\/stourm.news\/?p=1571\"]}]},{\"@type\":\"ImageObject\",\"inLanguage\":\"fr-FR\",\"@id\":\"https:\/\/stourm.news\/?p=1571#primaryimage\",\"url\":\"https:\/\/stourm.news\/wp-content\/uploads\/2024\/06\/1200x680_sc_ma-photo-1200x675-1.jpg\",\"contentUrl\":\"https:\/\/stourm.news\/wp-content\/uploads\/2024\/06\/1200x680_sc_ma-photo-1200x675-1.jpg\",\"width\":1191,\"height\":675},{\"@type\":\"BreadcrumbList\",\"@id\":\"https:\/\/stourm.news\/?p=1571#breadcrumb\",\"itemListElement\":[{\"@type\":\"ListItem\",\"position\":1,\"name\":\"Accueil\",\"item\":\"https:\/\/stourm.news\/\"},{\"@type\":\"ListItem\",\"position\":2,\"name\":\"Kanaky : plus de 800 patriotes kanaks interpell\u00e9s par le r\u00e9gime colonial fran\u00e7ais\"}]},{\"@type\":\"WebSite\",\"@id\":\"https:\/\/stourm.news\/#website\",\"url\":\"https:\/\/stourm.news\/\",\"name\":\"Stourm\",\"description\":\"Kazetenn Strollad Broadel Breizh\",\"publisher\":{\"@id\":\"https:\/\/stourm.news\/#organization\"},\"potentialAction\":[{\"@type\":\"SearchAction\",\"target\":{\"@type\":\"EntryPoint\",\"urlTemplate\":\"https:\/\/stourm.news\/?s={search_term_string}\"},\"query-input\":{\"@type\":\"PropertyValueSpecification\",\"valueRequired\":true,\"valueName\":\"search_term_string\"}}],\"inLanguage\":\"fr-FR\"},{\"@type\":\"Organization\",\"@id\":\"https:\/\/stourm.news\/#organization\",\"name\":\"Stourm\",\"url\":\"https:\/\/stourm.news\/\",\"logo\":{\"@type\":\"ImageObject\",\"inLanguage\":\"fr-FR\",\"@id\":\"https:\/\/stourm.news\/#\/schema\/logo\/image\/\",\"url\":\"https:\/\/stourm.news\/wp-content\/uploads\/2025\/11\/cropped-Capture-decran-2025-11-28-a-15.19.07.png\",\"contentUrl\":\"https:\/\/stourm.news\/wp-content\/uploads\/2025\/11\/cropped-Capture-decran-2025-11-28-a-15.19.07.png\",\"width\":1855,\"height\":383,\"caption\":\"Stourm\"},\"image\":{\"@id\":\"https:\/\/stourm.news\/#\/schema\/logo\/image\/\"},\"sameAs\":[\"https:\/\/www.facebook.com\/stourmnews\/\"]},{\"@type\":\"Person\",\"@id\":\"https:\/\/stourm.news\/#\/schema\/person\/c3e1dc65988632e190969234ef046cf9\",\"name\":\"La r\u00e9daction\",\"image\":{\"@type\":\"ImageObject\",\"inLanguage\":\"fr-FR\",\"@id\":\"https:\/\/stourm.news\/#\/schema\/person\/image\/\",\"url\":\"https:\/\/secure.gravatar.com\/avatar\/7463443f194b6b5fb706b074ca0ef59a0cfcfd720cb47764b0ec5a952ce422b3?s=96&d=mm&r=g\",\"contentUrl\":\"https:\/\/secure.gravatar.com\/avatar\/7463443f194b6b5fb706b074ca0ef59a0cfcfd720cb47764b0ec5a952ce422b3?s=96&d=mm&r=g\",\"caption\":\"La r\u00e9daction\"},\"sameAs\":[\"https:\/\/stourm.news\"],\"url\":\"https:\/\/stourm.news\/?author=1\"}]}<\/script>\n<!-- \/ Yoast SEO plugin. -->","yoast_head_json":{"title":"Kanaky : plus de 800 patriotes kanaks interpell\u00e9s par le r\u00e9gime colonial fran\u00e7ais - STOURM","robots":{"index":"index","follow":"follow","max-snippet":"max-snippet:-1","max-image-preview":"max-image-preview:large","max-video-preview":"max-video-preview:-1"},"canonical":"https:\/\/stourm.news\/?p=1571","og_locale":"fr_FR","og_type":"article","og_title":"Kanaky : plus de 800 patriotes kanaks interpell\u00e9s par le r\u00e9gime colonial fran\u00e7ais - STOURM","og_description":"En Kanaky, la campagne de r\u00e9pression coloniale bat son plein. La presse d&rsquo;\u00e9tat fran\u00e7aise se f\u00e9licite de la poursuite de plus de 800 patriotes kanaks suite \u00e0 l&rsquo;insurrection ind\u00e9pendantiste de ces derni\u00e8res semaines. Le ton, r\u00e9solument revanchard, traduit l&rsquo;\u00e9tat d&rsquo;esprit du gouvernement fran\u00e7ais face \u00e0 la nation kanaque : v\u00e9ritable retour du refoul\u00e9, l&rsquo;imp\u00e9rialisme fran\u00e7ais [&hellip;]","og_url":"https:\/\/stourm.news\/?p=1571","og_site_name":"STOURM","article_publisher":"https:\/\/www.facebook.com\/stourmnews\/","article_published_time":"2024-06-05T13:10:51+00:00","og_image":[{"width":1191,"height":675,"url":"https:\/\/stourm.news\/wp-content\/uploads\/2024\/06\/1200x680_sc_ma-photo-1200x675-1.jpg","type":"image\/jpeg"}],"author":"La r\u00e9daction","twitter_card":"summary_large_image","twitter_misc":{"\u00c9crit par":"La r\u00e9daction","Dur\u00e9e de lecture estim\u00e9e":"1 minute"},"schema":{"@context":"https:\/\/schema.org","@graph":[{"@type":"Article","@id":"https:\/\/stourm.news\/?p=1571#article","isPartOf":{"@id":"https:\/\/stourm.news\/?p=1571"},"author":{"name":"La r\u00e9daction","@id":"https:\/\/stourm.news\/#\/schema\/person\/c3e1dc65988632e190969234ef046cf9"},"headline":"Kanaky : plus de 800 patriotes kanaks interpell\u00e9s par le r\u00e9gime colonial fran\u00e7ais","datePublished":"2024-06-05T13:10:51+00:00","mainEntityOfPage":{"@id":"https:\/\/stourm.news\/?p=1571"},"wordCount":184,"commentCount":0,"publisher":{"@id":"https:\/\/stourm.news\/#organization"},"image":{"@id":"https:\/\/stourm.news\/?p=1571#primaryimage"},"thumbnailUrl":"https:\/\/stourm.news\/wp-content\/uploads\/2024\/06\/1200x680_sc_ma-photo-1200x675-1.jpg","articleSection":["International","Principale"],"inLanguage":"fr-FR","potentialAction":[{"@type":"CommentAction","name":"Comment","target":["https:\/\/stourm.news\/?p=1571#respond"]}]},{"@type":"WebPage","@id":"https:\/\/stourm.news\/?p=1571","url":"https:\/\/stourm.news\/?p=1571","name":"Kanaky : plus de 800 patriotes kanaks interpell\u00e9s par le r\u00e9gime colonial fran\u00e7ais - STOURM","isPartOf":{"@id":"https:\/\/stourm.news\/#website"},"primaryImageOfPage":{"@id":"https:\/\/stourm.news\/?p=1571#primaryimage"},"image":{"@id":"https:\/\/stourm.news\/?p=1571#primaryimage"},"thumbnailUrl":"https:\/\/stourm.news\/wp-content\/uploads\/2024\/06\/1200x680_sc_ma-photo-1200x675-1.jpg","datePublished":"2024-06-05T13:10:51+00:00","breadcrumb":{"@id":"https:\/\/stourm.news\/?p=1571#breadcrumb"},"inLanguage":"fr-FR","potentialAction":[{"@type":"ReadAction","target":["https:\/\/stourm.news\/?p=1571"]}]},{"@type":"ImageObject","inLanguage":"fr-FR","@id":"https:\/\/stourm.news\/?p=1571#primaryimage","url":"https:\/\/stourm.news\/wp-content\/uploads\/2024\/06\/1200x680_sc_ma-photo-1200x675-1.jpg","contentUrl":"https:\/\/stourm.news\/wp-content\/uploads\/2024\/06\/1200x680_sc_ma-photo-1200x675-1.jpg","width":1191,"height":675},{"@type":"BreadcrumbList","@id":"https:\/\/stourm.news\/?p=1571#breadcrumb","itemListElement":[{"@type":"ListItem","position":1,"name":"Accueil","item":"https:\/\/stourm.news\/"},{"@type":"ListItem","position":2,"name":"Kanaky : plus de 800 patriotes kanaks interpell\u00e9s par le r\u00e9gime colonial fran\u00e7ais"}]},{"@type":"WebSite","@id":"https:\/\/stourm.news\/#website","url":"https:\/\/stourm.news\/","name":"Stourm","description":"Kazetenn Strollad Broadel Breizh","publisher":{"@id":"https:\/\/stourm.news\/#organization"},"potentialAction":[{"@type":"SearchAction","target":{"@type":"EntryPoint","urlTemplate":"https:\/\/stourm.news\/?s={search_term_string}"},"query-input":{"@type":"PropertyValueSpecification","valueRequired":true,"valueName":"search_term_string"}}],"inLanguage":"fr-FR"},{"@type":"Organization","@id":"https:\/\/stourm.news\/#organization","name":"Stourm","url":"https:\/\/stourm.news\/","logo":{"@type":"ImageObject","inLanguage":"fr-FR","@id":"https:\/\/stourm.news\/#\/schema\/logo\/image\/","url":"https:\/\/stourm.news\/wp-content\/uploads\/2025\/11\/cropped-Capture-decran-2025-11-28-a-15.19.07.png","contentUrl":"https:\/\/stourm.news\/wp-content\/uploads\/2025\/11\/cropped-Capture-decran-2025-11-28-a-15.19.07.png","width":1855,"height":383,"caption":"Stourm"},"image":{"@id":"https:\/\/stourm.news\/#\/schema\/logo\/image\/"},"sameAs":["https:\/\/www.facebook.com\/stourmnews\/"]},{"@type":"Person","@id":"https:\/\/stourm.news\/#\/schema\/person\/c3e1dc65988632e190969234ef046cf9","name":"La r\u00e9daction","image":{"@type":"ImageObject","inLanguage":"fr-FR","@id":"https:\/\/stourm.news\/#\/schema\/person\/image\/","url":"https:\/\/secure.gravatar.com\/avatar\/7463443f194b6b5fb706b074ca0ef59a0cfcfd720cb47764b0ec5a952ce422b3?s=96&d=mm&r=g","contentUrl":"https:\/\/secure.gravatar.com\/avatar\/7463443f194b6b5fb706b074ca0ef59a0cfcfd720cb47764b0ec5a952ce422b3?s=96&d=mm&r=g","caption":"La r\u00e9daction"},"sameAs":["https:\/\/stourm.news"],"url":"https:\/\/stourm.news\/?author=1"}]}},"_links":{"self":[{"href":"https:\/\/stourm.news\/index.php?rest_route=\/wp\/v2\/posts\/1571","targetHints":{"allow":["GET"]}}],"collection":[{"href":"https:\/\/stourm.news\/index.php?rest_route=\/wp\/v2\/posts"}],"about":[{"href":"https:\/\/stourm.news\/index.php?rest_route=\/wp\/v2\/types\/post"}],"author":[{"embeddable":true,"href":"https:\/\/stourm.news\/index.php?rest_route=\/wp\/v2\/users\/1"}],"replies":[{"embeddable":true,"href":"https:\/\/stourm.news\/index.php?rest_route=%2Fwp%2Fv2%2Fcomments&post=1571"}],"version-history":[{"count":1,"href":"https:\/\/stourm.news\/index.php?rest_route=\/wp\/v2\/posts\/1571\/revisions"}],"predecessor-version":[{"id":1573,"href":"https:\/\/stourm.news\/index.php?rest_route=\/wp\/v2\/posts\/1571\/revisions\/1573"}],"wp:featuredmedia":[{"embeddable":true,"href":"https:\/\/stourm.news\/index.php?rest_route=\/wp\/v2\/media\/1572"}],"wp:attachment":[{"href":"https:\/\/stourm.news\/index.php?rest_route=%2Fwp%2Fv2%2Fmedia&parent=1571"}],"wp:term":[{"taxonomy":"category","embeddable":true,"href":"https:\/\/stourm.news\/index.php?rest_route=%2Fwp%2Fv2%2Fcategories&post=1571"},{"taxonomy":"post_tag","embeddable":true,"href":"https:\/\/stourm.news\/index.php?rest_route=%2Fwp%2Fv2%2Ftags&post=1571"}],"curies":[{"name":"wp","href":"https:\/\/api.w.org\/{rel}","templated":true}]}}