{"id":1579,"date":"2024-06-06T05:43:40","date_gmt":"2024-06-06T05:43:40","guid":{"rendered":"https:\/\/stourm.news\/?p=1579"},"modified":"2024-06-06T05:43:40","modified_gmt":"2024-06-06T05:43:40","slug":"nantes-un-eleve-du-lycee-les-bourdonnieres-attaque-au-couteau-par-5-individus","status":"publish","type":"post","link":"https:\/\/stourm.news\/?p=1579","title":{"rendered":"Nantes : un \u00e9l\u00e8ve du lyc\u00e9e Les Bourdonni\u00e8res attaqu\u00e9 au couteau par 5 individus"},"content":{"rendered":"<p style=\"text-align: justify;\">Plusieurs individus <strong>ont attaqu\u00e9<\/strong> un lyc\u00e9en de 16 ans <strong>au couteau<\/strong> dans l\u2019enceinte de son \u00e9tablissement \u00e0 Nantes, ce mardi 4 juin, le blessant l\u00e9g\u00e8rement au mollet. Une enqu\u00eate a \u00e9t\u00e9 ouverte.<\/p>\n<p style=\"text-align: justify;\">L&rsquo;incident aurait pu virer au drame. Ce mercredi 5 juin, dans l\u2019apr\u00e8s-midi, un \u00e9tudiant du lyc\u00e9e polyvalent Les Bourdonni\u00e8res \u00e0 Nantes a \u00e9t\u00e9 attaqu\u00e9 <strong>au couteau<\/strong> dans l\u2019enceinte de l\u2019\u00e9tablissement. Au total, cinq personnes s\u2019y seraient introduites avant <strong>d\u2019agresser<\/strong> le jeune homme.<\/p>\n<p style=\"text-align: justify;\">Ce dernier a \u00e9t\u00e9 \u00absoign\u00e9 par l\u2019infirmerie de l\u2019\u00e9tablissement pour une blessure superficielle, puis remis \u00e0 ses parents\u00bb, a indiqu\u00e9 le procureur de la R\u00e9publique de Nantes, Renaud Gaudeul. Celui-ci a, par ailleurs, ajout\u00e9 que les agresseurs de l\u2019adolescent de 16 ans auraient ensuite \u00abpris la fuite\u00bb.<\/p>\n<p style=\"text-align: justify;\">Pour l\u2019heure, les motifs de l\u2019agression demeurent flous, d\u2019autant plus que \u00able jeune refuse son audition\u00bb, comme l&rsquo;a expliqu\u00e9 le procureur. Les investigations sont donc particuli\u00e8rement attendues afin d\u2019\u00e9clairer cette affaire.<\/p>\n<p style=\"text-align: justify;\">Aucun individu n\u2019a, pour l\u2019instant, \u00e9t\u00e9 interpell\u00e9. Ils sont cependant recherch\u00e9s et l\u2019enqu\u00eate a \u00e9t\u00e9 confi\u00e9e \u00e0 la police judiciaire.<\/p>\n<p>Source : <a href=\"https:\/\/www.cnews.fr\/faits-divers\/2024-06-05\/nantes-un-lyceen-legerement-blesse-apres-avoir-ete-attaque-au-couteau-dans\">CNews<\/a><\/p>\n","protected":false},"excerpt":{"rendered":"<p>Plusieurs individus ont attaqu\u00e9 un lyc\u00e9en de 16 ans au couteau dans l\u2019enceinte de son \u00e9tablissement \u00e0 Nantes, ce mardi 4 juin, le blessant l\u00e9g\u00e8rement au mollet. Une enqu\u00eate a \u00e9t\u00e9 ouverte. L&rsquo;incident aurait pu virer au drame. Ce mercredi 5 juin, dans l\u2019apr\u00e8s-midi, un \u00e9tudiant du lyc\u00e9e polyvalent Les Bourdonni\u00e8res \u00e0 Nantes a \u00e9t\u00e9 [&hellip;]<\/p>\n","protected":false},"author":1,"featured_media":1580,"comment_status":"open","ping_status":"open","sticky":false,"template":"","format":"standard","meta":{"sb_editor_width":"","footnotes":""},"categories":[31,42,62],"tags":[],"class_list":["post-1579","post","type-post","status-publish","format-standard","has-post-thumbnail","hentry","category-agression","category-loire-atlantique","category-revue-de-presse"],"relative_dates":{"created":"2 ans ago","modified":"2 ans ago"},"yoast_head":"<!-- This site is optimized with the Yoast SEO plugin v26.3 - https:\/\/yoast.com\/wordpress\/plugins\/seo\/ -->\n<title>Nantes : un \u00e9l\u00e8ve du lyc\u00e9e Les Bourdonni\u00e8res attaqu\u00e9 au couteau par 5 individus - STOURM<\/title>\n<meta name=\"robots\" content=\"index, follow, max-snippet:-1, max-image-preview:large, max-video-preview:-1\" \/>\n<link rel=\"canonical\" href=\"https:\/\/stourm.news\/?p=1579\" \/>\n<meta property=\"og:locale\" content=\"fr_FR\" \/>\n<meta property=\"og:type\" content=\"article\" \/>\n<meta property=\"og:title\" content=\"Nantes : un \u00e9l\u00e8ve du lyc\u00e9e Les Bourdonni\u00e8res attaqu\u00e9 au couteau par 5 individus - STOURM\" \/>\n<meta property=\"og:description\" content=\"Plusieurs individus ont attaqu\u00e9 un lyc\u00e9en de 16 ans au couteau dans l\u2019enceinte de son \u00e9tablissement \u00e0 Nantes, ce mardi 4 juin, le blessant l\u00e9g\u00e8rement au mollet. Une enqu\u00eate a \u00e9t\u00e9 ouverte. L&rsquo;incident aurait pu virer au drame. Ce mercredi 5 juin, dans l\u2019apr\u00e8s-midi, un \u00e9tudiant du lyc\u00e9e polyvalent Les Bourdonni\u00e8res \u00e0 Nantes a \u00e9t\u00e9 [&hellip;]\" \/>\n<meta property=\"og:url\" content=\"https:\/\/stourm.news\/?p=1579\" \/>\n<meta property=\"og:site_name\" content=\"STOURM\" \/>\n<meta property=\"article:publisher\" content=\"https:\/\/www.facebook.com\/stourmnews\/\" \/>\n<meta property=\"article:published_time\" content=\"2024-06-06T05:43:40+00:00\" \/>\n<meta property=\"og:image\" content=\"https:\/\/stourm.news\/wp-content\/uploads\/2024\/06\/DSC00027-scaled-1.jpg\" \/>\n\t<meta property=\"og:image:width\" content=\"2560\" \/>\n\t<meta property=\"og:image:height\" content=\"1707\" \/>\n\t<meta property=\"og:image:type\" content=\"image\/jpeg\" \/>\n<meta name=\"author\" content=\"La r\u00e9daction\" \/>\n<meta name=\"twitter:card\" content=\"summary_large_image\" \/>\n<meta name=\"twitter:label1\" content=\"\u00c9crit par\" \/>\n\t<meta name=\"twitter:data1\" content=\"La r\u00e9daction\" \/>\n\t<meta name=\"twitter:label2\" content=\"Dur\u00e9e de lecture estim\u00e9e\" \/>\n\t<meta name=\"twitter:data2\" content=\"1 minute\" \/>\n<script type=\"application\/ld+json\" class=\"yoast-schema-graph\">{\"@context\":\"https:\/\/schema.org\",\"@graph\":[{\"@type\":\"Article\",\"@id\":\"https:\/\/stourm.news\/?p=1579#article\",\"isPartOf\":{\"@id\":\"https:\/\/stourm.news\/?p=1579\"},\"author\":{\"name\":\"La r\u00e9daction\",\"@id\":\"https:\/\/stourm.news\/#\/schema\/person\/c3e1dc65988632e190969234ef046cf9\"},\"headline\":\"Nantes : un \u00e9l\u00e8ve du lyc\u00e9e Les Bourdonni\u00e8res attaqu\u00e9 au couteau par 5 individus\",\"datePublished\":\"2024-06-06T05:43:40+00:00\",\"mainEntityOfPage\":{\"@id\":\"https:\/\/stourm.news\/?p=1579\"},\"wordCount\":211,\"commentCount\":0,\"publisher\":{\"@id\":\"https:\/\/stourm.news\/#organization\"},\"image\":{\"@id\":\"https:\/\/stourm.news\/?p=1579#primaryimage\"},\"thumbnailUrl\":\"https:\/\/stourm.news\/wp-content\/uploads\/2024\/06\/DSC00027-scaled-1.jpg\",\"articleSection\":[\"Agression\",\"Loire-Atlantique\",\"Revue de presse\"],\"inLanguage\":\"fr-FR\",\"potentialAction\":[{\"@type\":\"CommentAction\",\"name\":\"Comment\",\"target\":[\"https:\/\/stourm.news\/?p=1579#respond\"]}]},{\"@type\":\"WebPage\",\"@id\":\"https:\/\/stourm.news\/?p=1579\",\"url\":\"https:\/\/stourm.news\/?p=1579\",\"name\":\"Nantes : un \u00e9l\u00e8ve du lyc\u00e9e Les Bourdonni\u00e8res attaqu\u00e9 au couteau par 5 individus - STOURM\",\"isPartOf\":{\"@id\":\"https:\/\/stourm.news\/#website\"},\"primaryImageOfPage\":{\"@id\":\"https:\/\/stourm.news\/?p=1579#primaryimage\"},\"image\":{\"@id\":\"https:\/\/stourm.news\/?p=1579#primaryimage\"},\"thumbnailUrl\":\"https:\/\/stourm.news\/wp-content\/uploads\/2024\/06\/DSC00027-scaled-1.jpg\",\"datePublished\":\"2024-06-06T05:43:40+00:00\",\"breadcrumb\":{\"@id\":\"https:\/\/stourm.news\/?p=1579#breadcrumb\"},\"inLanguage\":\"fr-FR\",\"potentialAction\":[{\"@type\":\"ReadAction\",\"target\":[\"https:\/\/stourm.news\/?p=1579\"]}]},{\"@type\":\"ImageObject\",\"inLanguage\":\"fr-FR\",\"@id\":\"https:\/\/stourm.news\/?p=1579#primaryimage\",\"url\":\"https:\/\/stourm.news\/wp-content\/uploads\/2024\/06\/DSC00027-scaled-1.jpg\",\"contentUrl\":\"https:\/\/stourm.news\/wp-content\/uploads\/2024\/06\/DSC00027-scaled-1.jpg\",\"width\":2560,\"height\":1707},{\"@type\":\"BreadcrumbList\",\"@id\":\"https:\/\/stourm.news\/?p=1579#breadcrumb\",\"itemListElement\":[{\"@type\":\"ListItem\",\"position\":1,\"name\":\"Accueil\",\"item\":\"https:\/\/stourm.news\/\"},{\"@type\":\"ListItem\",\"position\":2,\"name\":\"Nantes : un \u00e9l\u00e8ve du lyc\u00e9e Les Bourdonni\u00e8res attaqu\u00e9 au couteau par 5 individus\"}]},{\"@type\":\"WebSite\",\"@id\":\"https:\/\/stourm.news\/#website\",\"url\":\"https:\/\/stourm.news\/\",\"name\":\"Stourm\",\"description\":\"Kazetenn Strollad Broadel Breizh\",\"publisher\":{\"@id\":\"https:\/\/stourm.news\/#organization\"},\"potentialAction\":[{\"@type\":\"SearchAction\",\"target\":{\"@type\":\"EntryPoint\",\"urlTemplate\":\"https:\/\/stourm.news\/?s={search_term_string}\"},\"query-input\":{\"@type\":\"PropertyValueSpecification\",\"valueRequired\":true,\"valueName\":\"search_term_string\"}}],\"inLanguage\":\"fr-FR\"},{\"@type\":\"Organization\",\"@id\":\"https:\/\/stourm.news\/#organization\",\"name\":\"Stourm\",\"url\":\"https:\/\/stourm.news\/\",\"logo\":{\"@type\":\"ImageObject\",\"inLanguage\":\"fr-FR\",\"@id\":\"https:\/\/stourm.news\/#\/schema\/logo\/image\/\",\"url\":\"https:\/\/stourm.news\/wp-content\/uploads\/2025\/11\/cropped-Capture-decran-2025-11-28-a-15.19.07.png\",\"contentUrl\":\"https:\/\/stourm.news\/wp-content\/uploads\/2025\/11\/cropped-Capture-decran-2025-11-28-a-15.19.07.png\",\"width\":1855,\"height\":383,\"caption\":\"Stourm\"},\"image\":{\"@id\":\"https:\/\/stourm.news\/#\/schema\/logo\/image\/\"},\"sameAs\":[\"https:\/\/www.facebook.com\/stourmnews\/\"]},{\"@type\":\"Person\",\"@id\":\"https:\/\/stourm.news\/#\/schema\/person\/c3e1dc65988632e190969234ef046cf9\",\"name\":\"La r\u00e9daction\",\"image\":{\"@type\":\"ImageObject\",\"inLanguage\":\"fr-FR\",\"@id\":\"https:\/\/stourm.news\/#\/schema\/person\/image\/\",\"url\":\"https:\/\/secure.gravatar.com\/avatar\/7463443f194b6b5fb706b074ca0ef59a0cfcfd720cb47764b0ec5a952ce422b3?s=96&d=mm&r=g\",\"contentUrl\":\"https:\/\/secure.gravatar.com\/avatar\/7463443f194b6b5fb706b074ca0ef59a0cfcfd720cb47764b0ec5a952ce422b3?s=96&d=mm&r=g\",\"caption\":\"La r\u00e9daction\"},\"sameAs\":[\"https:\/\/stourm.news\"],\"url\":\"https:\/\/stourm.news\/?author=1\"}]}<\/script>\n<!-- \/ Yoast SEO plugin. -->","yoast_head_json":{"title":"Nantes : un \u00e9l\u00e8ve du lyc\u00e9e Les Bourdonni\u00e8res attaqu\u00e9 au couteau par 5 individus - STOURM","robots":{"index":"index","follow":"follow","max-snippet":"max-snippet:-1","max-image-preview":"max-image-preview:large","max-video-preview":"max-video-preview:-1"},"canonical":"https:\/\/stourm.news\/?p=1579","og_locale":"fr_FR","og_type":"article","og_title":"Nantes : un \u00e9l\u00e8ve du lyc\u00e9e Les Bourdonni\u00e8res attaqu\u00e9 au couteau par 5 individus - STOURM","og_description":"Plusieurs individus ont attaqu\u00e9 un lyc\u00e9en de 16 ans au couteau dans l\u2019enceinte de son \u00e9tablissement \u00e0 Nantes, ce mardi 4 juin, le blessant l\u00e9g\u00e8rement au mollet. Une enqu\u00eate a \u00e9t\u00e9 ouverte. L&rsquo;incident aurait pu virer au drame. Ce mercredi 5 juin, dans l\u2019apr\u00e8s-midi, un \u00e9tudiant du lyc\u00e9e polyvalent Les Bourdonni\u00e8res \u00e0 Nantes a \u00e9t\u00e9 [&hellip;]","og_url":"https:\/\/stourm.news\/?p=1579","og_site_name":"STOURM","article_publisher":"https:\/\/www.facebook.com\/stourmnews\/","article_published_time":"2024-06-06T05:43:40+00:00","og_image":[{"width":2560,"height":1707,"url":"https:\/\/stourm.news\/wp-content\/uploads\/2024\/06\/DSC00027-scaled-1.jpg","type":"image\/jpeg"}],"author":"La r\u00e9daction","twitter_card":"summary_large_image","twitter_misc":{"\u00c9crit par":"La r\u00e9daction","Dur\u00e9e de lecture estim\u00e9e":"1 minute"},"schema":{"@context":"https:\/\/schema.org","@graph":[{"@type":"Article","@id":"https:\/\/stourm.news\/?p=1579#article","isPartOf":{"@id":"https:\/\/stourm.news\/?p=1579"},"author":{"name":"La r\u00e9daction","@id":"https:\/\/stourm.news\/#\/schema\/person\/c3e1dc65988632e190969234ef046cf9"},"headline":"Nantes : un \u00e9l\u00e8ve du lyc\u00e9e Les Bourdonni\u00e8res attaqu\u00e9 au couteau par 5 individus","datePublished":"2024-06-06T05:43:40+00:00","mainEntityOfPage":{"@id":"https:\/\/stourm.news\/?p=1579"},"wordCount":211,"commentCount":0,"publisher":{"@id":"https:\/\/stourm.news\/#organization"},"image":{"@id":"https:\/\/stourm.news\/?p=1579#primaryimage"},"thumbnailUrl":"https:\/\/stourm.news\/wp-content\/uploads\/2024\/06\/DSC00027-scaled-1.jpg","articleSection":["Agression","Loire-Atlantique","Revue de presse"],"inLanguage":"fr-FR","potentialAction":[{"@type":"CommentAction","name":"Comment","target":["https:\/\/stourm.news\/?p=1579#respond"]}]},{"@type":"WebPage","@id":"https:\/\/stourm.news\/?p=1579","url":"https:\/\/stourm.news\/?p=1579","name":"Nantes : un \u00e9l\u00e8ve du lyc\u00e9e Les Bourdonni\u00e8res attaqu\u00e9 au couteau par 5 individus - STOURM","isPartOf":{"@id":"https:\/\/stourm.news\/#website"},"primaryImageOfPage":{"@id":"https:\/\/stourm.news\/?p=1579#primaryimage"},"image":{"@id":"https:\/\/stourm.news\/?p=1579#primaryimage"},"thumbnailUrl":"https:\/\/stourm.news\/wp-content\/uploads\/2024\/06\/DSC00027-scaled-1.jpg","datePublished":"2024-06-06T05:43:40+00:00","breadcrumb":{"@id":"https:\/\/stourm.news\/?p=1579#breadcrumb"},"inLanguage":"fr-FR","potentialAction":[{"@type":"ReadAction","target":["https:\/\/stourm.news\/?p=1579"]}]},{"@type":"ImageObject","inLanguage":"fr-FR","@id":"https:\/\/stourm.news\/?p=1579#primaryimage","url":"https:\/\/stourm.news\/wp-content\/uploads\/2024\/06\/DSC00027-scaled-1.jpg","contentUrl":"https:\/\/stourm.news\/wp-content\/uploads\/2024\/06\/DSC00027-scaled-1.jpg","width":2560,"height":1707},{"@type":"BreadcrumbList","@id":"https:\/\/stourm.news\/?p=1579#breadcrumb","itemListElement":[{"@type":"ListItem","position":1,"name":"Accueil","item":"https:\/\/stourm.news\/"},{"@type":"ListItem","position":2,"name":"Nantes : un \u00e9l\u00e8ve du lyc\u00e9e Les Bourdonni\u00e8res attaqu\u00e9 au couteau par 5 individus"}]},{"@type":"WebSite","@id":"https:\/\/stourm.news\/#website","url":"https:\/\/stourm.news\/","name":"Stourm","description":"Kazetenn Strollad Broadel Breizh","publisher":{"@id":"https:\/\/stourm.news\/#organization"},"potentialAction":[{"@type":"SearchAction","target":{"@type":"EntryPoint","urlTemplate":"https:\/\/stourm.news\/?s={search_term_string}"},"query-input":{"@type":"PropertyValueSpecification","valueRequired":true,"valueName":"search_term_string"}}],"inLanguage":"fr-FR"},{"@type":"Organization","@id":"https:\/\/stourm.news\/#organization","name":"Stourm","url":"https:\/\/stourm.news\/","logo":{"@type":"ImageObject","inLanguage":"fr-FR","@id":"https:\/\/stourm.news\/#\/schema\/logo\/image\/","url":"https:\/\/stourm.news\/wp-content\/uploads\/2025\/11\/cropped-Capture-decran-2025-11-28-a-15.19.07.png","contentUrl":"https:\/\/stourm.news\/wp-content\/uploads\/2025\/11\/cropped-Capture-decran-2025-11-28-a-15.19.07.png","width":1855,"height":383,"caption":"Stourm"},"image":{"@id":"https:\/\/stourm.news\/#\/schema\/logo\/image\/"},"sameAs":["https:\/\/www.facebook.com\/stourmnews\/"]},{"@type":"Person","@id":"https:\/\/stourm.news\/#\/schema\/person\/c3e1dc65988632e190969234ef046cf9","name":"La r\u00e9daction","image":{"@type":"ImageObject","inLanguage":"fr-FR","@id":"https:\/\/stourm.news\/#\/schema\/person\/image\/","url":"https:\/\/secure.gravatar.com\/avatar\/7463443f194b6b5fb706b074ca0ef59a0cfcfd720cb47764b0ec5a952ce422b3?s=96&d=mm&r=g","contentUrl":"https:\/\/secure.gravatar.com\/avatar\/7463443f194b6b5fb706b074ca0ef59a0cfcfd720cb47764b0ec5a952ce422b3?s=96&d=mm&r=g","caption":"La r\u00e9daction"},"sameAs":["https:\/\/stourm.news"],"url":"https:\/\/stourm.news\/?author=1"}]}},"_links":{"self":[{"href":"https:\/\/stourm.news\/index.php?rest_route=\/wp\/v2\/posts\/1579","targetHints":{"allow":["GET"]}}],"collection":[{"href":"https:\/\/stourm.news\/index.php?rest_route=\/wp\/v2\/posts"}],"about":[{"href":"https:\/\/stourm.news\/index.php?rest_route=\/wp\/v2\/types\/post"}],"author":[{"embeddable":true,"href":"https:\/\/stourm.news\/index.php?rest_route=\/wp\/v2\/users\/1"}],"replies":[{"embeddable":true,"href":"https:\/\/stourm.news\/index.php?rest_route=%2Fwp%2Fv2%2Fcomments&post=1579"}],"version-history":[{"count":1,"href":"https:\/\/stourm.news\/index.php?rest_route=\/wp\/v2\/posts\/1579\/revisions"}],"predecessor-version":[{"id":1581,"href":"https:\/\/stourm.news\/index.php?rest_route=\/wp\/v2\/posts\/1579\/revisions\/1581"}],"wp:featuredmedia":[{"embeddable":true,"href":"https:\/\/stourm.news\/index.php?rest_route=\/wp\/v2\/media\/1580"}],"wp:attachment":[{"href":"https:\/\/stourm.news\/index.php?rest_route=%2Fwp%2Fv2%2Fmedia&parent=1579"}],"wp:term":[{"taxonomy":"category","embeddable":true,"href":"https:\/\/stourm.news\/index.php?rest_route=%2Fwp%2Fv2%2Fcategories&post=1579"},{"taxonomy":"post_tag","embeddable":true,"href":"https:\/\/stourm.news\/index.php?rest_route=%2Fwp%2Fv2%2Ftags&post=1579"}],"curies":[{"name":"wp","href":"https:\/\/api.w.org\/{rel}","templated":true}]}}