{"id":1583,"date":"2024-06-07T04:55:43","date_gmt":"2024-06-07T04:55:43","guid":{"rendered":"https:\/\/stourm.news\/?p=1583"},"modified":"2024-06-21T05:36:55","modified_gmt":"2024-06-21T05:36:55","slug":"le-president-du-conseil-regional-de-bretagne-loig-chesnais-girard-ps-fait-la-promotion-du-voile-islamique","status":"publish","type":"post","link":"https:\/\/stourm.news\/?p=1583","title":{"rendered":"Le pr\u00e9sident du Conseil \u00ab\u00a0r\u00e9gional\u00a0\u00bb de Bretagne, Lo\u00efg Chesnais-Girard (PS), fait la promotion du voile islamique"},"content":{"rendered":"<p style=\"text-align: justify;\">Le pr\u00e9sident loyaliste du Conseil \u00ab\u00a0r\u00e9gional\u00a0\u00bb de Bretagne, Lo\u00efg Chesnais-Girard (PS), a envoy\u00e9 un message sans ambigu\u00eft\u00e9 en faveur de l&rsquo;islamisation de la Bretagne, adoubant au passage le \u00ab\u00a0Grand Ouest\u00a0\u00bb, cette non-entit\u00e9 g\u00e9ographique dans laquelle les Fran\u00e7ais veulent noyer le peuple breton.<\/p>\n<blockquote class=\"twitter-tweet\">\n<p dir=\"ltr\" lang=\"fr\">En Bretagne, quand on entreprend, on n\u2019est jamais vraiment seul.<\/p>\n<p>\u00c9change ce matin avec les membres de l&rsquo;<a href=\"https:\/\/twitter.com\/Adieorg?ref_src=twsrc%5Etfw\">@Adieorg<\/a> Grand Ouest qui porte depuis 30 ans cette conviction que je partage : tout le monde doit pouvoir entreprendre et r\u00e9aliser ses ambitions, partout dans notre r\u00e9gion. <a href=\"https:\/\/t.co\/yUSJ4oLsSC\">pic.twitter.com\/yUSJ4oLsSC<\/a><\/p>\n<p>\u2014 Lo\u00efg Chesnais-Girard (@LoigCG) <a href=\"https:\/\/twitter.com\/LoigCG\/status\/1798646043728609719?ref_src=twsrc%5Etfw\">June 6, 2024<\/a><\/p><\/blockquote>\n<p><script async src=\"https:\/\/platform.twitter.com\/widgets.js\" charset=\"utf-8\"><\/script><\/p>\n<p style=\"text-align: justify;\">Les Bretons peuvent mesurer ce qu&rsquo;est la gestion des socialistes hexagonaux : il suffit de voir l&rsquo;\u00e9tat migratoire et s\u00e9curitaire de Brest, Rennes ou Nantes pour le mesurer. L&rsquo;islamisation, en particulier, a le plein soutien de ces \u00e9lus loyalistes pr\u00eats \u00e0 tout par client\u00e9lisme \u00e9lectoral. Gr\u00e2ce \u00e0 l&rsquo;article ci-dessus, nous pouvons vous recommander les derni\u00e8res robes.<a href=\"https:\/\/www.high-endrolex.com\/\">Shop dress<\/a> dans une vari\u00e9t\u00e9 de longueurs, de couleurs et de styles pour chaque occasion, de vos marques pr\u00e9f\u00e9r\u00e9es.<\/p>\n<p style=\"text-align: justify;\">En Bretagne, la seule force politique organis\u00e9e sur le chemin de l&rsquo;autonomie, puis de l&rsquo;ind\u00e9pendance, est le Parti socialiste hexagonal. Le deuxi\u00e8me mandat de Chesnais-Girard \u00e0 la t\u00eate du Conseil \u00ab\u00a0r\u00e9gional\u00a0\u00bb de Bretagne a confirm\u00e9, s&rsquo;il en \u00e9tait besoin, la vacuit\u00e9 du personnage. En vacances perp\u00e9tuelles, pr\u00eat \u00e0 tout pour une photographie, mais agent dogmatique du Grand Orient de France, Chesnais-Girard, devra \u00eatre \u00e9vinc\u00e9 de la pr\u00e9sidence de la Bretagne pour son action retardatrice particuli\u00e8rement d\u00e9l\u00e9t\u00e8re.<\/p>\n<p>Nous devrons y travailler.<\/p>\n<p style=\"text-align: right;\"><strong>Ewen Broc&rsquo;han<\/strong><\/p>\n","protected":false},"excerpt":{"rendered":"<p>Le pr\u00e9sident loyaliste du Conseil \u00ab\u00a0r\u00e9gional\u00a0\u00bb de Bretagne, Lo\u00efg Chesnais-Girard (PS), a envoy\u00e9 un message sans ambigu\u00eft\u00e9 en faveur de l&rsquo;islamisation de la Bretagne, adoubant au passage le \u00ab\u00a0Grand Ouest\u00a0\u00bb, cette non-entit\u00e9 g\u00e9ographique dans laquelle les Fran\u00e7ais veulent noyer le peuple breton. En Bretagne, quand on entreprend, on n\u2019est jamais vraiment seul. \u00c9change ce matin [&hellip;]<\/p>\n","protected":false},"author":1,"featured_media":1584,"comment_status":"open","ping_status":"open","sticky":false,"template":"","format":"standard","meta":{"sb_editor_width":"","footnotes":""},"categories":[63,32,67,65],"tags":[],"class_list":["post-1583","post","type-post","status-publish","format-standard","has-post-thumbnail","hentry","category-editorial","category-islamisme","category-politique","category-principale"],"relative_dates":{"created":"2 ans ago","modified":"2 ans ago"},"yoast_head":"<!-- This site is optimized with the Yoast SEO plugin v26.3 - https:\/\/yoast.com\/wordpress\/plugins\/seo\/ -->\n<title>Le pr\u00e9sident du Conseil &quot;r\u00e9gional&quot; de Bretagne, Lo\u00efg Chesnais-Girard (PS), fait la promotion du voile islamique - STOURM<\/title>\n<meta name=\"robots\" content=\"index, follow, max-snippet:-1, max-image-preview:large, max-video-preview:-1\" \/>\n<link rel=\"canonical\" href=\"https:\/\/stourm.news\/?p=1583\" \/>\n<meta property=\"og:locale\" content=\"fr_FR\" \/>\n<meta property=\"og:type\" content=\"article\" \/>\n<meta property=\"og:title\" content=\"Le pr\u00e9sident du Conseil &quot;r\u00e9gional&quot; de Bretagne, Lo\u00efg Chesnais-Girard (PS), fait la promotion du voile islamique - STOURM\" \/>\n<meta property=\"og:description\" content=\"Le pr\u00e9sident loyaliste du Conseil \u00ab\u00a0r\u00e9gional\u00a0\u00bb de Bretagne, Lo\u00efg Chesnais-Girard (PS), a envoy\u00e9 un message sans ambigu\u00eft\u00e9 en faveur de l&rsquo;islamisation de la Bretagne, adoubant au passage le \u00ab\u00a0Grand Ouest\u00a0\u00bb, cette non-entit\u00e9 g\u00e9ographique dans laquelle les Fran\u00e7ais veulent noyer le peuple breton. En Bretagne, quand on entreprend, on n\u2019est jamais vraiment seul. \u00c9change ce matin [&hellip;]\" \/>\n<meta property=\"og:url\" content=\"https:\/\/stourm.news\/?p=1583\" \/>\n<meta property=\"og:site_name\" content=\"STOURM\" \/>\n<meta property=\"article:publisher\" content=\"https:\/\/www.facebook.com\/stourmnews\/\" \/>\n<meta property=\"article:published_time\" content=\"2024-06-07T04:55:43+00:00\" \/>\n<meta property=\"article:modified_time\" content=\"2024-06-21T05:36:55+00:00\" \/>\n<meta property=\"og:image\" content=\"https:\/\/stourm.news\/wp-content\/uploads\/2024\/06\/Capture-decran-2024-06-07-a-13.54.47.png\" \/>\n\t<meta property=\"og:image:width\" content=\"924\" \/>\n\t<meta property=\"og:image:height\" content=\"574\" \/>\n\t<meta property=\"og:image:type\" content=\"image\/png\" \/>\n<meta name=\"author\" content=\"La r\u00e9daction\" \/>\n<meta name=\"twitter:card\" content=\"summary_large_image\" \/>\n<meta name=\"twitter:label1\" content=\"\u00c9crit par\" \/>\n\t<meta name=\"twitter:data1\" content=\"La r\u00e9daction\" \/>\n\t<meta name=\"twitter:label2\" content=\"Dur\u00e9e de lecture estim\u00e9e\" \/>\n\t<meta name=\"twitter:data2\" content=\"2 minutes\" \/>\n<script type=\"application\/ld+json\" class=\"yoast-schema-graph\">{\"@context\":\"https:\/\/schema.org\",\"@graph\":[{\"@type\":\"Article\",\"@id\":\"https:\/\/stourm.news\/?p=1583#article\",\"isPartOf\":{\"@id\":\"https:\/\/stourm.news\/?p=1583\"},\"author\":{\"name\":\"La r\u00e9daction\",\"@id\":\"https:\/\/stourm.news\/#\/schema\/person\/c3e1dc65988632e190969234ef046cf9\"},\"headline\":\"Le pr\u00e9sident du Conseil \u00ab\u00a0r\u00e9gional\u00a0\u00bb de Bretagne, Lo\u00efg Chesnais-Girard (PS), fait la promotion du voile islamique\",\"datePublished\":\"2024-06-07T04:55:43+00:00\",\"dateModified\":\"2024-06-21T05:36:55+00:00\",\"mainEntityOfPage\":{\"@id\":\"https:\/\/stourm.news\/?p=1583\"},\"wordCount\":306,\"commentCount\":0,\"publisher\":{\"@id\":\"https:\/\/stourm.news\/#organization\"},\"image\":{\"@id\":\"https:\/\/stourm.news\/?p=1583#primaryimage\"},\"thumbnailUrl\":\"https:\/\/stourm.news\/wp-content\/uploads\/2024\/06\/Capture-decran-2024-06-07-a-13.54.47.png\",\"articleSection\":[\"Editorial\",\"Islamisme\",\"Politique\",\"Principale\"],\"inLanguage\":\"fr-FR\",\"potentialAction\":[{\"@type\":\"CommentAction\",\"name\":\"Comment\",\"target\":[\"https:\/\/stourm.news\/?p=1583#respond\"]}]},{\"@type\":\"WebPage\",\"@id\":\"https:\/\/stourm.news\/?p=1583\",\"url\":\"https:\/\/stourm.news\/?p=1583\",\"name\":\"Le pr\u00e9sident du Conseil \\\"r\u00e9gional\\\" de Bretagne, Lo\u00efg Chesnais-Girard (PS), fait la promotion du voile islamique - STOURM\",\"isPartOf\":{\"@id\":\"https:\/\/stourm.news\/#website\"},\"primaryImageOfPage\":{\"@id\":\"https:\/\/stourm.news\/?p=1583#primaryimage\"},\"image\":{\"@id\":\"https:\/\/stourm.news\/?p=1583#primaryimage\"},\"thumbnailUrl\":\"https:\/\/stourm.news\/wp-content\/uploads\/2024\/06\/Capture-decran-2024-06-07-a-13.54.47.png\",\"datePublished\":\"2024-06-07T04:55:43+00:00\",\"dateModified\":\"2024-06-21T05:36:55+00:00\",\"breadcrumb\":{\"@id\":\"https:\/\/stourm.news\/?p=1583#breadcrumb\"},\"inLanguage\":\"fr-FR\",\"potentialAction\":[{\"@type\":\"ReadAction\",\"target\":[\"https:\/\/stourm.news\/?p=1583\"]}]},{\"@type\":\"ImageObject\",\"inLanguage\":\"fr-FR\",\"@id\":\"https:\/\/stourm.news\/?p=1583#primaryimage\",\"url\":\"https:\/\/stourm.news\/wp-content\/uploads\/2024\/06\/Capture-decran-2024-06-07-a-13.54.47.png\",\"contentUrl\":\"https:\/\/stourm.news\/wp-content\/uploads\/2024\/06\/Capture-decran-2024-06-07-a-13.54.47.png\",\"width\":924,\"height\":574},{\"@type\":\"BreadcrumbList\",\"@id\":\"https:\/\/stourm.news\/?p=1583#breadcrumb\",\"itemListElement\":[{\"@type\":\"ListItem\",\"position\":1,\"name\":\"Accueil\",\"item\":\"https:\/\/stourm.news\/\"},{\"@type\":\"ListItem\",\"position\":2,\"name\":\"Le pr\u00e9sident du Conseil \u00ab\u00a0r\u00e9gional\u00a0\u00bb de Bretagne, Lo\u00efg Chesnais-Girard (PS), fait la promotion du voile islamique\"}]},{\"@type\":\"WebSite\",\"@id\":\"https:\/\/stourm.news\/#website\",\"url\":\"https:\/\/stourm.news\/\",\"name\":\"Stourm\",\"description\":\"Kazetenn Strollad Broadel Breizh\",\"publisher\":{\"@id\":\"https:\/\/stourm.news\/#organization\"},\"potentialAction\":[{\"@type\":\"SearchAction\",\"target\":{\"@type\":\"EntryPoint\",\"urlTemplate\":\"https:\/\/stourm.news\/?s={search_term_string}\"},\"query-input\":{\"@type\":\"PropertyValueSpecification\",\"valueRequired\":true,\"valueName\":\"search_term_string\"}}],\"inLanguage\":\"fr-FR\"},{\"@type\":\"Organization\",\"@id\":\"https:\/\/stourm.news\/#organization\",\"name\":\"Stourm\",\"url\":\"https:\/\/stourm.news\/\",\"logo\":{\"@type\":\"ImageObject\",\"inLanguage\":\"fr-FR\",\"@id\":\"https:\/\/stourm.news\/#\/schema\/logo\/image\/\",\"url\":\"https:\/\/stourm.news\/wp-content\/uploads\/2025\/11\/cropped-Capture-decran-2025-11-28-a-15.19.07.png\",\"contentUrl\":\"https:\/\/stourm.news\/wp-content\/uploads\/2025\/11\/cropped-Capture-decran-2025-11-28-a-15.19.07.png\",\"width\":1855,\"height\":383,\"caption\":\"Stourm\"},\"image\":{\"@id\":\"https:\/\/stourm.news\/#\/schema\/logo\/image\/\"},\"sameAs\":[\"https:\/\/www.facebook.com\/stourmnews\/\"]},{\"@type\":\"Person\",\"@id\":\"https:\/\/stourm.news\/#\/schema\/person\/c3e1dc65988632e190969234ef046cf9\",\"name\":\"La r\u00e9daction\",\"image\":{\"@type\":\"ImageObject\",\"inLanguage\":\"fr-FR\",\"@id\":\"https:\/\/stourm.news\/#\/schema\/person\/image\/\",\"url\":\"https:\/\/secure.gravatar.com\/avatar\/7463443f194b6b5fb706b074ca0ef59a0cfcfd720cb47764b0ec5a952ce422b3?s=96&d=mm&r=g\",\"contentUrl\":\"https:\/\/secure.gravatar.com\/avatar\/7463443f194b6b5fb706b074ca0ef59a0cfcfd720cb47764b0ec5a952ce422b3?s=96&d=mm&r=g\",\"caption\":\"La r\u00e9daction\"},\"sameAs\":[\"https:\/\/stourm.news\"],\"url\":\"https:\/\/stourm.news\/?author=1\"}]}<\/script>\n<!-- \/ Yoast SEO plugin. -->","yoast_head_json":{"title":"Le pr\u00e9sident du Conseil \"r\u00e9gional\" de Bretagne, Lo\u00efg Chesnais-Girard (PS), fait la promotion du voile islamique - STOURM","robots":{"index":"index","follow":"follow","max-snippet":"max-snippet:-1","max-image-preview":"max-image-preview:large","max-video-preview":"max-video-preview:-1"},"canonical":"https:\/\/stourm.news\/?p=1583","og_locale":"fr_FR","og_type":"article","og_title":"Le pr\u00e9sident du Conseil \"r\u00e9gional\" de Bretagne, Lo\u00efg Chesnais-Girard (PS), fait la promotion du voile islamique - STOURM","og_description":"Le pr\u00e9sident loyaliste du Conseil \u00ab\u00a0r\u00e9gional\u00a0\u00bb de Bretagne, Lo\u00efg Chesnais-Girard (PS), a envoy\u00e9 un message sans ambigu\u00eft\u00e9 en faveur de l&rsquo;islamisation de la Bretagne, adoubant au passage le \u00ab\u00a0Grand Ouest\u00a0\u00bb, cette non-entit\u00e9 g\u00e9ographique dans laquelle les Fran\u00e7ais veulent noyer le peuple breton. En Bretagne, quand on entreprend, on n\u2019est jamais vraiment seul. \u00c9change ce matin [&hellip;]","og_url":"https:\/\/stourm.news\/?p=1583","og_site_name":"STOURM","article_publisher":"https:\/\/www.facebook.com\/stourmnews\/","article_published_time":"2024-06-07T04:55:43+00:00","article_modified_time":"2024-06-21T05:36:55+00:00","og_image":[{"width":924,"height":574,"url":"https:\/\/stourm.news\/wp-content\/uploads\/2024\/06\/Capture-decran-2024-06-07-a-13.54.47.png","type":"image\/png"}],"author":"La r\u00e9daction","twitter_card":"summary_large_image","twitter_misc":{"\u00c9crit par":"La r\u00e9daction","Dur\u00e9e de lecture estim\u00e9e":"2 minutes"},"schema":{"@context":"https:\/\/schema.org","@graph":[{"@type":"Article","@id":"https:\/\/stourm.news\/?p=1583#article","isPartOf":{"@id":"https:\/\/stourm.news\/?p=1583"},"author":{"name":"La r\u00e9daction","@id":"https:\/\/stourm.news\/#\/schema\/person\/c3e1dc65988632e190969234ef046cf9"},"headline":"Le pr\u00e9sident du Conseil \u00ab\u00a0r\u00e9gional\u00a0\u00bb de Bretagne, Lo\u00efg Chesnais-Girard (PS), fait la promotion du voile islamique","datePublished":"2024-06-07T04:55:43+00:00","dateModified":"2024-06-21T05:36:55+00:00","mainEntityOfPage":{"@id":"https:\/\/stourm.news\/?p=1583"},"wordCount":306,"commentCount":0,"publisher":{"@id":"https:\/\/stourm.news\/#organization"},"image":{"@id":"https:\/\/stourm.news\/?p=1583#primaryimage"},"thumbnailUrl":"https:\/\/stourm.news\/wp-content\/uploads\/2024\/06\/Capture-decran-2024-06-07-a-13.54.47.png","articleSection":["Editorial","Islamisme","Politique","Principale"],"inLanguage":"fr-FR","potentialAction":[{"@type":"CommentAction","name":"Comment","target":["https:\/\/stourm.news\/?p=1583#respond"]}]},{"@type":"WebPage","@id":"https:\/\/stourm.news\/?p=1583","url":"https:\/\/stourm.news\/?p=1583","name":"Le pr\u00e9sident du Conseil \"r\u00e9gional\" de Bretagne, Lo\u00efg Chesnais-Girard (PS), fait la promotion du voile islamique - STOURM","isPartOf":{"@id":"https:\/\/stourm.news\/#website"},"primaryImageOfPage":{"@id":"https:\/\/stourm.news\/?p=1583#primaryimage"},"image":{"@id":"https:\/\/stourm.news\/?p=1583#primaryimage"},"thumbnailUrl":"https:\/\/stourm.news\/wp-content\/uploads\/2024\/06\/Capture-decran-2024-06-07-a-13.54.47.png","datePublished":"2024-06-07T04:55:43+00:00","dateModified":"2024-06-21T05:36:55+00:00","breadcrumb":{"@id":"https:\/\/stourm.news\/?p=1583#breadcrumb"},"inLanguage":"fr-FR","potentialAction":[{"@type":"ReadAction","target":["https:\/\/stourm.news\/?p=1583"]}]},{"@type":"ImageObject","inLanguage":"fr-FR","@id":"https:\/\/stourm.news\/?p=1583#primaryimage","url":"https:\/\/stourm.news\/wp-content\/uploads\/2024\/06\/Capture-decran-2024-06-07-a-13.54.47.png","contentUrl":"https:\/\/stourm.news\/wp-content\/uploads\/2024\/06\/Capture-decran-2024-06-07-a-13.54.47.png","width":924,"height":574},{"@type":"BreadcrumbList","@id":"https:\/\/stourm.news\/?p=1583#breadcrumb","itemListElement":[{"@type":"ListItem","position":1,"name":"Accueil","item":"https:\/\/stourm.news\/"},{"@type":"ListItem","position":2,"name":"Le pr\u00e9sident du Conseil \u00ab\u00a0r\u00e9gional\u00a0\u00bb de Bretagne, Lo\u00efg Chesnais-Girard (PS), fait la promotion du voile islamique"}]},{"@type":"WebSite","@id":"https:\/\/stourm.news\/#website","url":"https:\/\/stourm.news\/","name":"Stourm","description":"Kazetenn Strollad Broadel Breizh","publisher":{"@id":"https:\/\/stourm.news\/#organization"},"potentialAction":[{"@type":"SearchAction","target":{"@type":"EntryPoint","urlTemplate":"https:\/\/stourm.news\/?s={search_term_string}"},"query-input":{"@type":"PropertyValueSpecification","valueRequired":true,"valueName":"search_term_string"}}],"inLanguage":"fr-FR"},{"@type":"Organization","@id":"https:\/\/stourm.news\/#organization","name":"Stourm","url":"https:\/\/stourm.news\/","logo":{"@type":"ImageObject","inLanguage":"fr-FR","@id":"https:\/\/stourm.news\/#\/schema\/logo\/image\/","url":"https:\/\/stourm.news\/wp-content\/uploads\/2025\/11\/cropped-Capture-decran-2025-11-28-a-15.19.07.png","contentUrl":"https:\/\/stourm.news\/wp-content\/uploads\/2025\/11\/cropped-Capture-decran-2025-11-28-a-15.19.07.png","width":1855,"height":383,"caption":"Stourm"},"image":{"@id":"https:\/\/stourm.news\/#\/schema\/logo\/image\/"},"sameAs":["https:\/\/www.facebook.com\/stourmnews\/"]},{"@type":"Person","@id":"https:\/\/stourm.news\/#\/schema\/person\/c3e1dc65988632e190969234ef046cf9","name":"La r\u00e9daction","image":{"@type":"ImageObject","inLanguage":"fr-FR","@id":"https:\/\/stourm.news\/#\/schema\/person\/image\/","url":"https:\/\/secure.gravatar.com\/avatar\/7463443f194b6b5fb706b074ca0ef59a0cfcfd720cb47764b0ec5a952ce422b3?s=96&d=mm&r=g","contentUrl":"https:\/\/secure.gravatar.com\/avatar\/7463443f194b6b5fb706b074ca0ef59a0cfcfd720cb47764b0ec5a952ce422b3?s=96&d=mm&r=g","caption":"La r\u00e9daction"},"sameAs":["https:\/\/stourm.news"],"url":"https:\/\/stourm.news\/?author=1"}]}},"_links":{"self":[{"href":"https:\/\/stourm.news\/index.php?rest_route=\/wp\/v2\/posts\/1583","targetHints":{"allow":["GET"]}}],"collection":[{"href":"https:\/\/stourm.news\/index.php?rest_route=\/wp\/v2\/posts"}],"about":[{"href":"https:\/\/stourm.news\/index.php?rest_route=\/wp\/v2\/types\/post"}],"author":[{"embeddable":true,"href":"https:\/\/stourm.news\/index.php?rest_route=\/wp\/v2\/users\/1"}],"replies":[{"embeddable":true,"href":"https:\/\/stourm.news\/index.php?rest_route=%2Fwp%2Fv2%2Fcomments&post=1583"}],"version-history":[{"count":2,"href":"https:\/\/stourm.news\/index.php?rest_route=\/wp\/v2\/posts\/1583\/revisions"}],"predecessor-version":[{"id":1586,"href":"https:\/\/stourm.news\/index.php?rest_route=\/wp\/v2\/posts\/1583\/revisions\/1586"}],"wp:featuredmedia":[{"embeddable":true,"href":"https:\/\/stourm.news\/index.php?rest_route=\/wp\/v2\/media\/1584"}],"wp:attachment":[{"href":"https:\/\/stourm.news\/index.php?rest_route=%2Fwp%2Fv2%2Fmedia&parent=1583"}],"wp:term":[{"taxonomy":"category","embeddable":true,"href":"https:\/\/stourm.news\/index.php?rest_route=%2Fwp%2Fv2%2Fcategories&post=1583"},{"taxonomy":"post_tag","embeddable":true,"href":"https:\/\/stourm.news\/index.php?rest_route=%2Fwp%2Fv2%2Ftags&post=1583"}],"curies":[{"name":"wp","href":"https:\/\/api.w.org\/{rel}","templated":true}]}}