{"id":1693,"date":"2024-06-21T06:39:31","date_gmt":"2024-06-21T06:39:31","guid":{"rendered":"https:\/\/stourm.news\/?p=1693"},"modified":"2024-06-21T06:39:31","modified_gmt":"2024-06-21T06:39:31","slug":"lorient-300-elements-de-lextreme-gauche-francaise-manifestent","status":"publish","type":"post","link":"https:\/\/stourm.news\/?p=1693","title":{"rendered":"Lorient : 300 \u00e9l\u00e9ments de l&rsquo;extr\u00eame-gauche fran\u00e7aise manifestent"},"content":{"rendered":"<p style=\"text-align: justify;\">\u00ab Lorient, Lorient\u2026 Antifa ! \u00bb Environ 300 personnes ont manifest\u00e9, ce jeudi 20 juin 2024, dans les rues de Lorient contre le fascisme et l\u2019extr\u00eame droite. Ce rassemblement, organis\u00e9 par collectif antifasciste du Morbihan, a \u00e9t\u00e9 pens\u00e9 depuis \u00ab plusieurs mois \u00bb dans le but de cr\u00e9er un \u00ab front commun \u00bb, fait savoir Morgane, porte-parole de Solidaire 56. \u00ab On cherche \u00e0 unifier tout le monde, syndicats, associations, partis politiques. \u00c0 la base, il n\u2019y avait aucun lien avec les \u00e9lections l\u00e9gislatives, poursuit la syndicaliste. On souhaite avant tout faire durer ce mouvement dans le temps. L\u2019objectif est surtout de d\u00e9construire le discours toxique de l\u2019extr\u00eame droite \u00bb.<\/p>\n<p>Source : <a href=\"https:\/\/www.letelegramme.fr\/morbihan\/lorient-56100\/environ-300-personnes-ont-manifeste-contre-le-fascisme-a-lorient-6608946.php\">Le T\u00e9l\u00e9gramme<\/a><\/p>\n","protected":false},"excerpt":{"rendered":"<p>\u00ab Lorient, Lorient\u2026 Antifa ! \u00bb Environ 300 personnes ont manifest\u00e9, ce jeudi 20 juin 2024, dans les rues de Lorient contre le fascisme et l\u2019extr\u00eame droite. Ce rassemblement, organis\u00e9 par collectif antifasciste du Morbihan, a \u00e9t\u00e9 pens\u00e9 depuis \u00ab plusieurs mois \u00bb dans le but de cr\u00e9er un \u00ab front commun \u00bb, fait savoir [&hellip;]<\/p>\n","protected":false},"author":1,"featured_media":1718,"comment_status":"open","ping_status":"open","sticky":false,"template":"","format":"standard","meta":{"sb_editor_width":"","footnotes":""},"categories":[36,40,62],"tags":[],"class_list":["post-1693","post","type-post","status-publish","format-standard","has-post-thumbnail","hentry","category-extreme-gauche","category-morbihan","category-revue-de-presse"],"relative_dates":{"created":"2 ans ago","modified":"2 ans ago"},"yoast_head":"<!-- This site is optimized with the Yoast SEO plugin v26.3 - https:\/\/yoast.com\/wordpress\/plugins\/seo\/ -->\n<title>Lorient : 300 \u00e9l\u00e9ments de l&#039;extr\u00eame-gauche fran\u00e7aise manifestent - STOURM<\/title>\n<meta name=\"robots\" content=\"index, follow, max-snippet:-1, max-image-preview:large, max-video-preview:-1\" \/>\n<link rel=\"canonical\" href=\"https:\/\/stourm.news\/?p=1693\" \/>\n<meta property=\"og:locale\" content=\"fr_FR\" \/>\n<meta property=\"og:type\" content=\"article\" \/>\n<meta property=\"og:title\" content=\"Lorient : 300 \u00e9l\u00e9ments de l&#039;extr\u00eame-gauche fran\u00e7aise manifestent - STOURM\" \/>\n<meta property=\"og:description\" content=\"\u00ab Lorient, Lorient\u2026 Antifa ! \u00bb Environ 300 personnes ont manifest\u00e9, ce jeudi 20 juin 2024, dans les rues de Lorient contre le fascisme et l\u2019extr\u00eame droite. Ce rassemblement, organis\u00e9 par collectif antifasciste du Morbihan, a \u00e9t\u00e9 pens\u00e9 depuis \u00ab plusieurs mois \u00bb dans le but de cr\u00e9er un \u00ab front commun \u00bb, fait savoir [&hellip;]\" \/>\n<meta property=\"og:url\" content=\"https:\/\/stourm.news\/?p=1693\" \/>\n<meta property=\"og:site_name\" content=\"STOURM\" \/>\n<meta property=\"article:publisher\" content=\"https:\/\/www.facebook.com\/stourmnews\/\" \/>\n<meta property=\"article:published_time\" content=\"2024-06-21T06:39:31+00:00\" \/>\n<meta property=\"og:image\" content=\"https:\/\/stourm.news\/wp-content\/uploads\/2024\/06\/6674721fa6b3327f3f7b9125.1.webp\" \/>\n\t<meta property=\"og:image:width\" content=\"960\" \/>\n\t<meta property=\"og:image:height\" content=\"600\" \/>\n\t<meta property=\"og:image:type\" content=\"image\/webp\" \/>\n<meta name=\"author\" content=\"La r\u00e9daction\" \/>\n<meta name=\"twitter:card\" content=\"summary_large_image\" \/>\n<meta name=\"twitter:label1\" content=\"\u00c9crit par\" \/>\n\t<meta name=\"twitter:data1\" content=\"La r\u00e9daction\" \/>\n\t<meta name=\"twitter:label2\" content=\"Dur\u00e9e de lecture estim\u00e9e\" \/>\n\t<meta name=\"twitter:data2\" content=\"1 minute\" \/>\n<script type=\"application\/ld+json\" class=\"yoast-schema-graph\">{\"@context\":\"https:\/\/schema.org\",\"@graph\":[{\"@type\":\"Article\",\"@id\":\"https:\/\/stourm.news\/?p=1693#article\",\"isPartOf\":{\"@id\":\"https:\/\/stourm.news\/?p=1693\"},\"author\":{\"name\":\"La r\u00e9daction\",\"@id\":\"https:\/\/stourm.news\/#\/schema\/person\/c3e1dc65988632e190969234ef046cf9\"},\"headline\":\"Lorient : 300 \u00e9l\u00e9ments de l&rsquo;extr\u00eame-gauche fran\u00e7aise manifestent\",\"datePublished\":\"2024-06-21T06:39:31+00:00\",\"mainEntityOfPage\":{\"@id\":\"https:\/\/stourm.news\/?p=1693\"},\"wordCount\":119,\"commentCount\":0,\"publisher\":{\"@id\":\"https:\/\/stourm.news\/#organization\"},\"image\":{\"@id\":\"https:\/\/stourm.news\/?p=1693#primaryimage\"},\"thumbnailUrl\":\"https:\/\/stourm.news\/wp-content\/uploads\/2024\/06\/6674721fa6b3327f3f7b9125.1.webp\",\"articleSection\":[\"Extr\u00eame-gauche\",\"Morbihan\",\"Revue de presse\"],\"inLanguage\":\"fr-FR\",\"potentialAction\":[{\"@type\":\"CommentAction\",\"name\":\"Comment\",\"target\":[\"https:\/\/stourm.news\/?p=1693#respond\"]}]},{\"@type\":\"WebPage\",\"@id\":\"https:\/\/stourm.news\/?p=1693\",\"url\":\"https:\/\/stourm.news\/?p=1693\",\"name\":\"Lorient : 300 \u00e9l\u00e9ments de l'extr\u00eame-gauche fran\u00e7aise manifestent - STOURM\",\"isPartOf\":{\"@id\":\"https:\/\/stourm.news\/#website\"},\"primaryImageOfPage\":{\"@id\":\"https:\/\/stourm.news\/?p=1693#primaryimage\"},\"image\":{\"@id\":\"https:\/\/stourm.news\/?p=1693#primaryimage\"},\"thumbnailUrl\":\"https:\/\/stourm.news\/wp-content\/uploads\/2024\/06\/6674721fa6b3327f3f7b9125.1.webp\",\"datePublished\":\"2024-06-21T06:39:31+00:00\",\"breadcrumb\":{\"@id\":\"https:\/\/stourm.news\/?p=1693#breadcrumb\"},\"inLanguage\":\"fr-FR\",\"potentialAction\":[{\"@type\":\"ReadAction\",\"target\":[\"https:\/\/stourm.news\/?p=1693\"]}]},{\"@type\":\"ImageObject\",\"inLanguage\":\"fr-FR\",\"@id\":\"https:\/\/stourm.news\/?p=1693#primaryimage\",\"url\":\"https:\/\/stourm.news\/wp-content\/uploads\/2024\/06\/6674721fa6b3327f3f7b9125.1.webp\",\"contentUrl\":\"https:\/\/stourm.news\/wp-content\/uploads\/2024\/06\/6674721fa6b3327f3f7b9125.1.webp\",\"width\":960,\"height\":600},{\"@type\":\"BreadcrumbList\",\"@id\":\"https:\/\/stourm.news\/?p=1693#breadcrumb\",\"itemListElement\":[{\"@type\":\"ListItem\",\"position\":1,\"name\":\"Accueil\",\"item\":\"https:\/\/stourm.news\/\"},{\"@type\":\"ListItem\",\"position\":2,\"name\":\"Lorient : 300 \u00e9l\u00e9ments de l&rsquo;extr\u00eame-gauche fran\u00e7aise manifestent\"}]},{\"@type\":\"WebSite\",\"@id\":\"https:\/\/stourm.news\/#website\",\"url\":\"https:\/\/stourm.news\/\",\"name\":\"Stourm\",\"description\":\"Kazetenn Strollad Broadel Breizh\",\"publisher\":{\"@id\":\"https:\/\/stourm.news\/#organization\"},\"potentialAction\":[{\"@type\":\"SearchAction\",\"target\":{\"@type\":\"EntryPoint\",\"urlTemplate\":\"https:\/\/stourm.news\/?s={search_term_string}\"},\"query-input\":{\"@type\":\"PropertyValueSpecification\",\"valueRequired\":true,\"valueName\":\"search_term_string\"}}],\"inLanguage\":\"fr-FR\"},{\"@type\":\"Organization\",\"@id\":\"https:\/\/stourm.news\/#organization\",\"name\":\"Stourm\",\"url\":\"https:\/\/stourm.news\/\",\"logo\":{\"@type\":\"ImageObject\",\"inLanguage\":\"fr-FR\",\"@id\":\"https:\/\/stourm.news\/#\/schema\/logo\/image\/\",\"url\":\"https:\/\/stourm.news\/wp-content\/uploads\/2025\/11\/cropped-Capture-decran-2025-11-28-a-15.19.07.png\",\"contentUrl\":\"https:\/\/stourm.news\/wp-content\/uploads\/2025\/11\/cropped-Capture-decran-2025-11-28-a-15.19.07.png\",\"width\":1855,\"height\":383,\"caption\":\"Stourm\"},\"image\":{\"@id\":\"https:\/\/stourm.news\/#\/schema\/logo\/image\/\"},\"sameAs\":[\"https:\/\/www.facebook.com\/stourmnews\/\"]},{\"@type\":\"Person\",\"@id\":\"https:\/\/stourm.news\/#\/schema\/person\/c3e1dc65988632e190969234ef046cf9\",\"name\":\"La r\u00e9daction\",\"image\":{\"@type\":\"ImageObject\",\"inLanguage\":\"fr-FR\",\"@id\":\"https:\/\/stourm.news\/#\/schema\/person\/image\/\",\"url\":\"https:\/\/secure.gravatar.com\/avatar\/7463443f194b6b5fb706b074ca0ef59a0cfcfd720cb47764b0ec5a952ce422b3?s=96&d=mm&r=g\",\"contentUrl\":\"https:\/\/secure.gravatar.com\/avatar\/7463443f194b6b5fb706b074ca0ef59a0cfcfd720cb47764b0ec5a952ce422b3?s=96&d=mm&r=g\",\"caption\":\"La r\u00e9daction\"},\"sameAs\":[\"https:\/\/stourm.news\"],\"url\":\"https:\/\/stourm.news\/?author=1\"}]}<\/script>\n<!-- \/ Yoast SEO plugin. -->","yoast_head_json":{"title":"Lorient : 300 \u00e9l\u00e9ments de l'extr\u00eame-gauche fran\u00e7aise manifestent - STOURM","robots":{"index":"index","follow":"follow","max-snippet":"max-snippet:-1","max-image-preview":"max-image-preview:large","max-video-preview":"max-video-preview:-1"},"canonical":"https:\/\/stourm.news\/?p=1693","og_locale":"fr_FR","og_type":"article","og_title":"Lorient : 300 \u00e9l\u00e9ments de l'extr\u00eame-gauche fran\u00e7aise manifestent - STOURM","og_description":"\u00ab Lorient, Lorient\u2026 Antifa ! \u00bb Environ 300 personnes ont manifest\u00e9, ce jeudi 20 juin 2024, dans les rues de Lorient contre le fascisme et l\u2019extr\u00eame droite. Ce rassemblement, organis\u00e9 par collectif antifasciste du Morbihan, a \u00e9t\u00e9 pens\u00e9 depuis \u00ab plusieurs mois \u00bb dans le but de cr\u00e9er un \u00ab front commun \u00bb, fait savoir [&hellip;]","og_url":"https:\/\/stourm.news\/?p=1693","og_site_name":"STOURM","article_publisher":"https:\/\/www.facebook.com\/stourmnews\/","article_published_time":"2024-06-21T06:39:31+00:00","og_image":[{"width":960,"height":600,"url":"https:\/\/stourm.news\/wp-content\/uploads\/2024\/06\/6674721fa6b3327f3f7b9125.1.webp","type":"image\/webp"}],"author":"La r\u00e9daction","twitter_card":"summary_large_image","twitter_misc":{"\u00c9crit par":"La r\u00e9daction","Dur\u00e9e de lecture estim\u00e9e":"1 minute"},"schema":{"@context":"https:\/\/schema.org","@graph":[{"@type":"Article","@id":"https:\/\/stourm.news\/?p=1693#article","isPartOf":{"@id":"https:\/\/stourm.news\/?p=1693"},"author":{"name":"La r\u00e9daction","@id":"https:\/\/stourm.news\/#\/schema\/person\/c3e1dc65988632e190969234ef046cf9"},"headline":"Lorient : 300 \u00e9l\u00e9ments de l&rsquo;extr\u00eame-gauche fran\u00e7aise manifestent","datePublished":"2024-06-21T06:39:31+00:00","mainEntityOfPage":{"@id":"https:\/\/stourm.news\/?p=1693"},"wordCount":119,"commentCount":0,"publisher":{"@id":"https:\/\/stourm.news\/#organization"},"image":{"@id":"https:\/\/stourm.news\/?p=1693#primaryimage"},"thumbnailUrl":"https:\/\/stourm.news\/wp-content\/uploads\/2024\/06\/6674721fa6b3327f3f7b9125.1.webp","articleSection":["Extr\u00eame-gauche","Morbihan","Revue de presse"],"inLanguage":"fr-FR","potentialAction":[{"@type":"CommentAction","name":"Comment","target":["https:\/\/stourm.news\/?p=1693#respond"]}]},{"@type":"WebPage","@id":"https:\/\/stourm.news\/?p=1693","url":"https:\/\/stourm.news\/?p=1693","name":"Lorient : 300 \u00e9l\u00e9ments de l'extr\u00eame-gauche fran\u00e7aise manifestent - STOURM","isPartOf":{"@id":"https:\/\/stourm.news\/#website"},"primaryImageOfPage":{"@id":"https:\/\/stourm.news\/?p=1693#primaryimage"},"image":{"@id":"https:\/\/stourm.news\/?p=1693#primaryimage"},"thumbnailUrl":"https:\/\/stourm.news\/wp-content\/uploads\/2024\/06\/6674721fa6b3327f3f7b9125.1.webp","datePublished":"2024-06-21T06:39:31+00:00","breadcrumb":{"@id":"https:\/\/stourm.news\/?p=1693#breadcrumb"},"inLanguage":"fr-FR","potentialAction":[{"@type":"ReadAction","target":["https:\/\/stourm.news\/?p=1693"]}]},{"@type":"ImageObject","inLanguage":"fr-FR","@id":"https:\/\/stourm.news\/?p=1693#primaryimage","url":"https:\/\/stourm.news\/wp-content\/uploads\/2024\/06\/6674721fa6b3327f3f7b9125.1.webp","contentUrl":"https:\/\/stourm.news\/wp-content\/uploads\/2024\/06\/6674721fa6b3327f3f7b9125.1.webp","width":960,"height":600},{"@type":"BreadcrumbList","@id":"https:\/\/stourm.news\/?p=1693#breadcrumb","itemListElement":[{"@type":"ListItem","position":1,"name":"Accueil","item":"https:\/\/stourm.news\/"},{"@type":"ListItem","position":2,"name":"Lorient : 300 \u00e9l\u00e9ments de l&rsquo;extr\u00eame-gauche fran\u00e7aise manifestent"}]},{"@type":"WebSite","@id":"https:\/\/stourm.news\/#website","url":"https:\/\/stourm.news\/","name":"Stourm","description":"Kazetenn Strollad Broadel Breizh","publisher":{"@id":"https:\/\/stourm.news\/#organization"},"potentialAction":[{"@type":"SearchAction","target":{"@type":"EntryPoint","urlTemplate":"https:\/\/stourm.news\/?s={search_term_string}"},"query-input":{"@type":"PropertyValueSpecification","valueRequired":true,"valueName":"search_term_string"}}],"inLanguage":"fr-FR"},{"@type":"Organization","@id":"https:\/\/stourm.news\/#organization","name":"Stourm","url":"https:\/\/stourm.news\/","logo":{"@type":"ImageObject","inLanguage":"fr-FR","@id":"https:\/\/stourm.news\/#\/schema\/logo\/image\/","url":"https:\/\/stourm.news\/wp-content\/uploads\/2025\/11\/cropped-Capture-decran-2025-11-28-a-15.19.07.png","contentUrl":"https:\/\/stourm.news\/wp-content\/uploads\/2025\/11\/cropped-Capture-decran-2025-11-28-a-15.19.07.png","width":1855,"height":383,"caption":"Stourm"},"image":{"@id":"https:\/\/stourm.news\/#\/schema\/logo\/image\/"},"sameAs":["https:\/\/www.facebook.com\/stourmnews\/"]},{"@type":"Person","@id":"https:\/\/stourm.news\/#\/schema\/person\/c3e1dc65988632e190969234ef046cf9","name":"La r\u00e9daction","image":{"@type":"ImageObject","inLanguage":"fr-FR","@id":"https:\/\/stourm.news\/#\/schema\/person\/image\/","url":"https:\/\/secure.gravatar.com\/avatar\/7463443f194b6b5fb706b074ca0ef59a0cfcfd720cb47764b0ec5a952ce422b3?s=96&d=mm&r=g","contentUrl":"https:\/\/secure.gravatar.com\/avatar\/7463443f194b6b5fb706b074ca0ef59a0cfcfd720cb47764b0ec5a952ce422b3?s=96&d=mm&r=g","caption":"La r\u00e9daction"},"sameAs":["https:\/\/stourm.news"],"url":"https:\/\/stourm.news\/?author=1"}]}},"_links":{"self":[{"href":"https:\/\/stourm.news\/index.php?rest_route=\/wp\/v2\/posts\/1693","targetHints":{"allow":["GET"]}}],"collection":[{"href":"https:\/\/stourm.news\/index.php?rest_route=\/wp\/v2\/posts"}],"about":[{"href":"https:\/\/stourm.news\/index.php?rest_route=\/wp\/v2\/types\/post"}],"author":[{"embeddable":true,"href":"https:\/\/stourm.news\/index.php?rest_route=\/wp\/v2\/users\/1"}],"replies":[{"embeddable":true,"href":"https:\/\/stourm.news\/index.php?rest_route=%2Fwp%2Fv2%2Fcomments&post=1693"}],"version-history":[{"count":1,"href":"https:\/\/stourm.news\/index.php?rest_route=\/wp\/v2\/posts\/1693\/revisions"}],"predecessor-version":[{"id":1719,"href":"https:\/\/stourm.news\/index.php?rest_route=\/wp\/v2\/posts\/1693\/revisions\/1719"}],"wp:featuredmedia":[{"embeddable":true,"href":"https:\/\/stourm.news\/index.php?rest_route=\/wp\/v2\/media\/1718"}],"wp:attachment":[{"href":"https:\/\/stourm.news\/index.php?rest_route=%2Fwp%2Fv2%2Fmedia&parent=1693"}],"wp:term":[{"taxonomy":"category","embeddable":true,"href":"https:\/\/stourm.news\/index.php?rest_route=%2Fwp%2Fv2%2Fcategories&post=1693"},{"taxonomy":"post_tag","embeddable":true,"href":"https:\/\/stourm.news\/index.php?rest_route=%2Fwp%2Fv2%2Ftags&post=1693"}],"curies":[{"name":"wp","href":"https:\/\/api.w.org\/{rel}","templated":true}]}}