{"id":1699,"date":"2024-06-21T06:28:19","date_gmt":"2024-06-21T06:28:19","guid":{"rendered":"https:\/\/stourm.news\/?p=1699"},"modified":"2024-06-21T06:32:57","modified_gmt":"2024-06-21T06:32:57","slug":"emmanuel-macron-songe-a-sarroger-tous-les-pouvoirs-la-deconfiture-de-letat-francais-se-precise","status":"publish","type":"post","link":"https:\/\/stourm.news\/?p=1699","title":{"rendered":"Emmanuel Macron songe \u00e0 s&rsquo;arroger tous les pouvoirs : le PNB face \u00e0 la d\u00e9sint\u00e9gration de l&rsquo;\u00c9tat fran\u00e7ais"},"content":{"rendered":"<p style=\"text-align: justify;\">D&rsquo;apr\u00e8s le m\u00e9dia Europe 1, le pr\u00e9sident fran\u00e7ais \u00e9tudie la possibilit\u00e9 d&rsquo;activer l&rsquo;article 16 de la constitution r\u00e9publicaine pour s&rsquo;arroger des \u00ab\u00a0pouvoirs exceptionnels\u00a0\u00bb au lendemain des \u00e9lections l\u00e9gislatives, le 8 juillet 2024.<\/p>\n<p><a href=\"https:\/\/www.europe1.fr\/politique\/europe-1-vous-revele-en-cas-de-debordements-apres-les-elections-le-emmanuel-macron-pourrait-activer-larticle-16-de-la-constitution-4253775\">Europe 1<\/a> :<\/p>\n<blockquote>\n<p style=\"text-align: justify;\">Face au blocage des institutions, Emmanuel Macron pourrait alors d\u00e9missionner, mais le chef de l&rsquo;\u00c9tat dispose d&rsquo;une autre solution : <strong>le recours \u00e0 l&rsquo;article 16 de la Constitution<\/strong>, qui lui conf\u00e8re les pleins pouvoirs. Selon les informations d&rsquo;Europe 1, <strong>Emmanuel Macron a discut\u00e9 de cette hypoth\u00e8se<\/strong> avec plusieurs proches. De son c\u00f4t\u00e9, l&rsquo;Elys\u00e9e d\u00e9ment.<\/p>\n<p style=\"text-align: justify;\">Il existe deux conditions pour actionner l&rsquo;article 16 de la Constitution : <strong>une menace insurrectionnelle<\/strong>, susceptible de remettre en cause l&rsquo;int\u00e9grit\u00e9 du territoire <strong>ou l&rsquo;interruption du fonctionnement r\u00e9gulier des pouvoirs publics<\/strong>. Ce deuxi\u00e8me cas pourrait \u00eatre choisi par Emmanuel Macron apr\u00e8s ces l\u00e9gislatives. <strong>Le chef de l&rsquo;\u00c9tat pourrait alors s&rsquo;arroger tous les pouvoirs.<\/strong><\/p>\n<\/blockquote>\n<p style=\"text-align: justify;\">Ces \u00ab\u00a0pouvoirs exceptionnels\u00a0\u00bb ne sont rien d&rsquo;autre que l&rsquo;instauration de la dictature dans le sens originel du mot lorsque le S\u00e9nat romain conf\u00e9rait le pouvoir absolu \u00e0 un homme de son choix pour une dur\u00e9e d&rsquo;un an. Il s&rsquo;agit alors pour le S\u00e9nat de simplifier la prise de d\u00e9cision pour faire face \u00e0 un p\u00e9ril existentiel.<\/p>\n<p><strong>Une classe dominante assi\u00e9g\u00e9e<\/strong><\/p>\n<p style=\"text-align: justify;\">Si les commentateurs hexagonaux se focalisent beaucoup sur la personnalit\u00e9 d&rsquo;Emmanuel Macron, le pr\u00e9sident fran\u00e7ais n&rsquo;est pas le seul acteur d&rsquo;un tel processus. C&rsquo;est bien la classe dominante centr\u00e9e \u00e0 Paris qui redoute une contestation radicale et convergente venue des masses de gauche et de droite, au point, comme on le pressent, de paralyser le parlement fran\u00e7ais, donc l&rsquo;\u00c9tat.<\/p>\n<p style=\"text-align: justify;\">La radicalisation des masses populaires et le r\u00e9tr\u00e9cissement de la classe moyenne aboutit \u00e0 un effondrement des partis centristes qu&rsquo;Emmanuel Macron avait coagul\u00e9 en 2017. Sans recours \u00e0 un r\u00e9gime autoritaire, les quelques 25% de Fran\u00e7ais qui soutiennent le r\u00e9gime se retrouveront marginalis\u00e9s parce qu&rsquo;ils appellent le \u00ab\u00a0populisme\u00a0\u00bb, de droite et de gauche.<\/p>\n<p><strong>Le va-tout du r\u00e9gime<\/strong><\/p>\n<p style=\"text-align: justify;\">Toute la question tourne actuellement autour de la \u00ab\u00a0cr\u00e9dibilit\u00e9\u00a0\u00bb des deux programmes concurrents, et pour cause : la France est en \u00e9tat de faillite financi\u00e8re, ce que seul l&rsquo;endettement exponentiel permet de conjurer \u00e0 court terme.<\/p>\n<p style=\"text-align: justify;\">Si Emmanuel Macron, en tant que repr\u00e9sentant de la bourgeoisie dominante, b\u00e9n\u00e9ficie de la confiance des pr\u00eateurs internationaux, tel n&rsquo;est pas le cas pour les forces radicales qui pr\u00e9tendent occuper le pouvoir \u00e0 Paris. En peu de temps, l&rsquo;\u00c9tat fran\u00e7ais devrait proc\u00e9der \u00e0 des r\u00e9ductions budg\u00e9taires massives, ce qui n&rsquo;\u00e9chappe pas au pr\u00e9sident fran\u00e7ais qui, \u00e0 n&rsquo;en pas douter, est heureux de remettre la patate chaude \u00e0 l&rsquo;une des deux factions pour qu&rsquo;elle assume les cons\u00e9quences de 50 ans de mauvaise gestion fiscale.<\/p>\n<p style=\"text-align: justify;\">Cerise sur le g\u00e2teau : le pr\u00e9sident fran\u00e7ais pense discr\u00e9diter les oppositions radicales gr\u00e2ce \u00e0 l&rsquo;anarchie parlementaire et reconstituer le centre autour de lui d&rsquo;ici 2027.<\/p>\n<p><strong>In\u00e9vitable d\u00e9sint\u00e9gration du syst\u00e8me<\/strong><\/p>\n<p style=\"text-align: justify;\">Si cette strat\u00e9gie est s\u00e9duisante en th\u00e9orie, elle suppose la d\u00e9sint\u00e9gration acc\u00e9l\u00e9r\u00e9e de l&rsquo;\u00e9tat-providence fran\u00e7ais sous l&rsquo;effet d&rsquo;un d\u00e9faut partiel ou total sur sa dette. C&rsquo;est un mod\u00e8le \u00e9tatique et une soci\u00e9t\u00e9 de plus d&rsquo;un si\u00e8cle qui soudainement imploserait sous l&rsquo;effet de la cessation de paiement, ce qui ne manquerait pas de lib\u00e9rer de puissantes forces de contestation.<\/p>\n<p style=\"text-align: justify;\">Pour les Bretons dont l&rsquo;int\u00e9gration dans le syst\u00e8me fran\u00e7ais repose justement sur le diptyque<em> francisation-assistanat social,\u00a0<\/em>un tel repli g\u00e9n\u00e9ral de l&rsquo;\u00e9tat-providence hexagonal d\u00e9clencherait quasi instantan\u00e9ment un profond m\u00e9contentement. \u00a0Mais surtout, pourquoi accepter le principe de la francisation si plus aucun d\u00e9bouch\u00e9 social ne se trouve au bout de ce processus ?<\/p>\n<p><strong>Difficult\u00e9s fran\u00e7aises, opportunit\u00e9s bretonnes<\/strong><\/p>\n<p style=\"text-align: justify;\">Pour l&rsquo;Emsav et son parti, le PNB, c&rsquo;est une opportunit\u00e9 historique majeure. Comme l&rsquo;annonce notre barde national, Glenmor, \u00ab\u00a0Toute bonne graine honore le semeur\u00a0\u00bb. Un si\u00e8cle d&rsquo;action de l&rsquo;Emsav a largement pos\u00e9 le cadre de la r\u00e9volution nationaliste. Non seulement le drapeau de Breiz Atao est d\u00e9sormais, de fait, le drapeau national, mais l&rsquo;inconscient breton a \u00e9t\u00e9 structur\u00e9 \u00e0 la fa\u00e7on d&rsquo;une r\u00e9volution silencieuse par un inlassable labour d&rsquo;une avant-garde d\u00e9termin\u00e9e, dans tous les domaines de l&rsquo;activit\u00e9 humaine.<\/p>\n<p style=\"text-align: justify;\">Beaucoup seront surpris de voir l&rsquo;unanimit\u00e9 des Bretons lorsque l&rsquo;\u00c9tat fran\u00e7ais, d\u00e9finitivement paralys\u00e9 par ses contradictions sociales insurmontables, ne pourra plus rien. Cette unanimit\u00e9 aura besoin d&rsquo;un v\u00e9hicule r\u00e9volutionnaire, instrument de cette conscience nouvelle d&rsquo;une nation bretonne enfin en ordre de marche. C&rsquo;est la fonction de notre Parti. Il est d&rsquo;autant plus important d&rsquo;avoir une vision claire de ce que nous voulons pour notre patrie, Breizh, et que formule notre programme : un \u00e9tat breton !<\/p>\n<p style=\"text-align: justify;\">Nous ne devons pas nous embarrasser de ces notions d\u00e9cr\u00e9pites de \u00ab\u00a0droite\u00a0\u00bb ou de \u00ab\u00a0gauche\u00a0\u00bb, mais adopter la seule voie possible : le nationalisme. Un nationalisme par et pour les Bretons.\u00a0Confiance dans le Parti, avan\u00e7ons dans la lutte avec la ferme conviction que l&rsquo;heure de notre peuple est venue, l&rsquo;heure o\u00f9 les Fran\u00e7ais seront chass\u00e9s de notre pays et o\u00f9 le Breton sera \u00e0 nouveau ma\u00eetre sur sa terre.<\/p>\n<p style=\"text-align: right;\"><strong>Ewen Broc&rsquo;han<\/strong><\/p>\n<p>&nbsp;<\/p>\n","protected":false},"excerpt":{"rendered":"<p>D&rsquo;apr\u00e8s le m\u00e9dia Europe 1, le pr\u00e9sident fran\u00e7ais \u00e9tudie la possibilit\u00e9 d&rsquo;activer l&rsquo;article 16 de la constitution r\u00e9publicaine pour s&rsquo;arroger des \u00ab\u00a0pouvoirs exceptionnels\u00a0\u00bb au lendemain des \u00e9lections l\u00e9gislatives, le 8 juillet 2024. Europe 1 : Face au blocage des institutions, Emmanuel Macron pourrait alors d\u00e9missionner, mais le chef de l&rsquo;\u00c9tat dispose d&rsquo;une autre solution : [&hellip;]<\/p>\n","protected":false},"author":1,"featured_media":1712,"comment_status":"open","ping_status":"open","sticky":false,"template":"","format":"standard","meta":{"sb_editor_width":"","footnotes":""},"categories":[63,65],"tags":[],"class_list":["post-1699","post","type-post","status-publish","format-standard","has-post-thumbnail","hentry","category-editorial","category-principale"],"relative_dates":{"created":"2 ans ago","modified":"2 ans ago"},"yoast_head":"<!-- This site is optimized with the Yoast SEO plugin v26.3 - https:\/\/yoast.com\/wordpress\/plugins\/seo\/ -->\n<title>Emmanuel Macron songe \u00e0 s&#039;arroger tous les pouvoirs : le PNB face \u00e0 la d\u00e9sint\u00e9gration de l&#039;\u00c9tat fran\u00e7ais - STOURM<\/title>\n<meta name=\"robots\" content=\"index, follow, max-snippet:-1, max-image-preview:large, max-video-preview:-1\" \/>\n<link rel=\"canonical\" href=\"https:\/\/stourm.news\/?p=1699\" \/>\n<meta property=\"og:locale\" content=\"fr_FR\" \/>\n<meta property=\"og:type\" content=\"article\" \/>\n<meta property=\"og:title\" content=\"Emmanuel Macron songe \u00e0 s&#039;arroger tous les pouvoirs : le PNB face \u00e0 la d\u00e9sint\u00e9gration de l&#039;\u00c9tat fran\u00e7ais - STOURM\" \/>\n<meta property=\"og:description\" content=\"D&rsquo;apr\u00e8s le m\u00e9dia Europe 1, le pr\u00e9sident fran\u00e7ais \u00e9tudie la possibilit\u00e9 d&rsquo;activer l&rsquo;article 16 de la constitution r\u00e9publicaine pour s&rsquo;arroger des \u00ab\u00a0pouvoirs exceptionnels\u00a0\u00bb au lendemain des \u00e9lections l\u00e9gislatives, le 8 juillet 2024. Europe 1 : Face au blocage des institutions, Emmanuel Macron pourrait alors d\u00e9missionner, mais le chef de l&rsquo;\u00c9tat dispose d&rsquo;une autre solution : [&hellip;]\" \/>\n<meta property=\"og:url\" content=\"https:\/\/stourm.news\/?p=1699\" \/>\n<meta property=\"og:site_name\" content=\"STOURM\" \/>\n<meta property=\"article:publisher\" content=\"https:\/\/www.facebook.com\/stourmnews\/\" \/>\n<meta property=\"article:published_time\" content=\"2024-06-21T06:28:19+00:00\" \/>\n<meta property=\"article:modified_time\" content=\"2024-06-21T06:32:57+00:00\" \/>\n<meta property=\"og:image\" content=\"https:\/\/stourm.news\/wp-content\/uploads\/2024\/06\/as9LtA0K7DYw9WyIc.webp\" \/>\n\t<meta property=\"og:image:width\" content=\"770\" \/>\n\t<meta property=\"og:image:height\" content=\"462\" \/>\n\t<meta property=\"og:image:type\" content=\"image\/webp\" \/>\n<meta name=\"author\" content=\"La r\u00e9daction\" \/>\n<meta name=\"twitter:card\" content=\"summary_large_image\" \/>\n<meta name=\"twitter:label1\" content=\"\u00c9crit par\" \/>\n\t<meta name=\"twitter:data1\" content=\"La r\u00e9daction\" \/>\n\t<meta name=\"twitter:label2\" content=\"Dur\u00e9e de lecture estim\u00e9e\" \/>\n\t<meta name=\"twitter:data2\" content=\"4 minutes\" \/>\n<script type=\"application\/ld+json\" class=\"yoast-schema-graph\">{\"@context\":\"https:\/\/schema.org\",\"@graph\":[{\"@type\":\"Article\",\"@id\":\"https:\/\/stourm.news\/?p=1699#article\",\"isPartOf\":{\"@id\":\"https:\/\/stourm.news\/?p=1699\"},\"author\":{\"name\":\"La r\u00e9daction\",\"@id\":\"https:\/\/stourm.news\/#\/schema\/person\/c3e1dc65988632e190969234ef046cf9\"},\"headline\":\"Emmanuel Macron songe \u00e0 s&rsquo;arroger tous les pouvoirs : le PNB face \u00e0 la d\u00e9sint\u00e9gration de l&rsquo;\u00c9tat fran\u00e7ais\",\"datePublished\":\"2024-06-21T06:28:19+00:00\",\"dateModified\":\"2024-06-21T06:32:57+00:00\",\"mainEntityOfPage\":{\"@id\":\"https:\/\/stourm.news\/?p=1699\"},\"wordCount\":956,\"commentCount\":0,\"publisher\":{\"@id\":\"https:\/\/stourm.news\/#organization\"},\"image\":{\"@id\":\"https:\/\/stourm.news\/?p=1699#primaryimage\"},\"thumbnailUrl\":\"https:\/\/stourm.news\/wp-content\/uploads\/2024\/06\/as9LtA0K7DYw9WyIc.webp\",\"articleSection\":[\"Editorial\",\"Principale\"],\"inLanguage\":\"fr-FR\",\"potentialAction\":[{\"@type\":\"CommentAction\",\"name\":\"Comment\",\"target\":[\"https:\/\/stourm.news\/?p=1699#respond\"]}]},{\"@type\":\"WebPage\",\"@id\":\"https:\/\/stourm.news\/?p=1699\",\"url\":\"https:\/\/stourm.news\/?p=1699\",\"name\":\"Emmanuel Macron songe \u00e0 s'arroger tous les pouvoirs : le PNB face \u00e0 la d\u00e9sint\u00e9gration de l'\u00c9tat fran\u00e7ais - STOURM\",\"isPartOf\":{\"@id\":\"https:\/\/stourm.news\/#website\"},\"primaryImageOfPage\":{\"@id\":\"https:\/\/stourm.news\/?p=1699#primaryimage\"},\"image\":{\"@id\":\"https:\/\/stourm.news\/?p=1699#primaryimage\"},\"thumbnailUrl\":\"https:\/\/stourm.news\/wp-content\/uploads\/2024\/06\/as9LtA0K7DYw9WyIc.webp\",\"datePublished\":\"2024-06-21T06:28:19+00:00\",\"dateModified\":\"2024-06-21T06:32:57+00:00\",\"breadcrumb\":{\"@id\":\"https:\/\/stourm.news\/?p=1699#breadcrumb\"},\"inLanguage\":\"fr-FR\",\"potentialAction\":[{\"@type\":\"ReadAction\",\"target\":[\"https:\/\/stourm.news\/?p=1699\"]}]},{\"@type\":\"ImageObject\",\"inLanguage\":\"fr-FR\",\"@id\":\"https:\/\/stourm.news\/?p=1699#primaryimage\",\"url\":\"https:\/\/stourm.news\/wp-content\/uploads\/2024\/06\/as9LtA0K7DYw9WyIc.webp\",\"contentUrl\":\"https:\/\/stourm.news\/wp-content\/uploads\/2024\/06\/as9LtA0K7DYw9WyIc.webp\",\"width\":770,\"height\":462},{\"@type\":\"BreadcrumbList\",\"@id\":\"https:\/\/stourm.news\/?p=1699#breadcrumb\",\"itemListElement\":[{\"@type\":\"ListItem\",\"position\":1,\"name\":\"Accueil\",\"item\":\"https:\/\/stourm.news\/\"},{\"@type\":\"ListItem\",\"position\":2,\"name\":\"Emmanuel Macron songe \u00e0 s&rsquo;arroger tous les pouvoirs : le PNB face \u00e0 la d\u00e9sint\u00e9gration de l&rsquo;\u00c9tat fran\u00e7ais\"}]},{\"@type\":\"WebSite\",\"@id\":\"https:\/\/stourm.news\/#website\",\"url\":\"https:\/\/stourm.news\/\",\"name\":\"Stourm\",\"description\":\"Kazetenn Strollad Broadel Breizh\",\"publisher\":{\"@id\":\"https:\/\/stourm.news\/#organization\"},\"potentialAction\":[{\"@type\":\"SearchAction\",\"target\":{\"@type\":\"EntryPoint\",\"urlTemplate\":\"https:\/\/stourm.news\/?s={search_term_string}\"},\"query-input\":{\"@type\":\"PropertyValueSpecification\",\"valueRequired\":true,\"valueName\":\"search_term_string\"}}],\"inLanguage\":\"fr-FR\"},{\"@type\":\"Organization\",\"@id\":\"https:\/\/stourm.news\/#organization\",\"name\":\"Stourm\",\"url\":\"https:\/\/stourm.news\/\",\"logo\":{\"@type\":\"ImageObject\",\"inLanguage\":\"fr-FR\",\"@id\":\"https:\/\/stourm.news\/#\/schema\/logo\/image\/\",\"url\":\"https:\/\/stourm.news\/wp-content\/uploads\/2025\/11\/cropped-Capture-decran-2025-11-28-a-15.19.07.png\",\"contentUrl\":\"https:\/\/stourm.news\/wp-content\/uploads\/2025\/11\/cropped-Capture-decran-2025-11-28-a-15.19.07.png\",\"width\":1855,\"height\":383,\"caption\":\"Stourm\"},\"image\":{\"@id\":\"https:\/\/stourm.news\/#\/schema\/logo\/image\/\"},\"sameAs\":[\"https:\/\/www.facebook.com\/stourmnews\/\"]},{\"@type\":\"Person\",\"@id\":\"https:\/\/stourm.news\/#\/schema\/person\/c3e1dc65988632e190969234ef046cf9\",\"name\":\"La r\u00e9daction\",\"image\":{\"@type\":\"ImageObject\",\"inLanguage\":\"fr-FR\",\"@id\":\"https:\/\/stourm.news\/#\/schema\/person\/image\/\",\"url\":\"https:\/\/secure.gravatar.com\/avatar\/7463443f194b6b5fb706b074ca0ef59a0cfcfd720cb47764b0ec5a952ce422b3?s=96&d=mm&r=g\",\"contentUrl\":\"https:\/\/secure.gravatar.com\/avatar\/7463443f194b6b5fb706b074ca0ef59a0cfcfd720cb47764b0ec5a952ce422b3?s=96&d=mm&r=g\",\"caption\":\"La r\u00e9daction\"},\"sameAs\":[\"https:\/\/stourm.news\"],\"url\":\"https:\/\/stourm.news\/?author=1\"}]}<\/script>\n<!-- \/ Yoast SEO plugin. -->","yoast_head_json":{"title":"Emmanuel Macron songe \u00e0 s'arroger tous les pouvoirs : le PNB face \u00e0 la d\u00e9sint\u00e9gration de l'\u00c9tat fran\u00e7ais - STOURM","robots":{"index":"index","follow":"follow","max-snippet":"max-snippet:-1","max-image-preview":"max-image-preview:large","max-video-preview":"max-video-preview:-1"},"canonical":"https:\/\/stourm.news\/?p=1699","og_locale":"fr_FR","og_type":"article","og_title":"Emmanuel Macron songe \u00e0 s'arroger tous les pouvoirs : le PNB face \u00e0 la d\u00e9sint\u00e9gration de l'\u00c9tat fran\u00e7ais - STOURM","og_description":"D&rsquo;apr\u00e8s le m\u00e9dia Europe 1, le pr\u00e9sident fran\u00e7ais \u00e9tudie la possibilit\u00e9 d&rsquo;activer l&rsquo;article 16 de la constitution r\u00e9publicaine pour s&rsquo;arroger des \u00ab\u00a0pouvoirs exceptionnels\u00a0\u00bb au lendemain des \u00e9lections l\u00e9gislatives, le 8 juillet 2024. Europe 1 : Face au blocage des institutions, Emmanuel Macron pourrait alors d\u00e9missionner, mais le chef de l&rsquo;\u00c9tat dispose d&rsquo;une autre solution : [&hellip;]","og_url":"https:\/\/stourm.news\/?p=1699","og_site_name":"STOURM","article_publisher":"https:\/\/www.facebook.com\/stourmnews\/","article_published_time":"2024-06-21T06:28:19+00:00","article_modified_time":"2024-06-21T06:32:57+00:00","og_image":[{"width":770,"height":462,"url":"https:\/\/stourm.news\/wp-content\/uploads\/2024\/06\/as9LtA0K7DYw9WyIc.webp","type":"image\/webp"}],"author":"La r\u00e9daction","twitter_card":"summary_large_image","twitter_misc":{"\u00c9crit par":"La r\u00e9daction","Dur\u00e9e de lecture estim\u00e9e":"4 minutes"},"schema":{"@context":"https:\/\/schema.org","@graph":[{"@type":"Article","@id":"https:\/\/stourm.news\/?p=1699#article","isPartOf":{"@id":"https:\/\/stourm.news\/?p=1699"},"author":{"name":"La r\u00e9daction","@id":"https:\/\/stourm.news\/#\/schema\/person\/c3e1dc65988632e190969234ef046cf9"},"headline":"Emmanuel Macron songe \u00e0 s&rsquo;arroger tous les pouvoirs : le PNB face \u00e0 la d\u00e9sint\u00e9gration de l&rsquo;\u00c9tat fran\u00e7ais","datePublished":"2024-06-21T06:28:19+00:00","dateModified":"2024-06-21T06:32:57+00:00","mainEntityOfPage":{"@id":"https:\/\/stourm.news\/?p=1699"},"wordCount":956,"commentCount":0,"publisher":{"@id":"https:\/\/stourm.news\/#organization"},"image":{"@id":"https:\/\/stourm.news\/?p=1699#primaryimage"},"thumbnailUrl":"https:\/\/stourm.news\/wp-content\/uploads\/2024\/06\/as9LtA0K7DYw9WyIc.webp","articleSection":["Editorial","Principale"],"inLanguage":"fr-FR","potentialAction":[{"@type":"CommentAction","name":"Comment","target":["https:\/\/stourm.news\/?p=1699#respond"]}]},{"@type":"WebPage","@id":"https:\/\/stourm.news\/?p=1699","url":"https:\/\/stourm.news\/?p=1699","name":"Emmanuel Macron songe \u00e0 s'arroger tous les pouvoirs : le PNB face \u00e0 la d\u00e9sint\u00e9gration de l'\u00c9tat fran\u00e7ais - STOURM","isPartOf":{"@id":"https:\/\/stourm.news\/#website"},"primaryImageOfPage":{"@id":"https:\/\/stourm.news\/?p=1699#primaryimage"},"image":{"@id":"https:\/\/stourm.news\/?p=1699#primaryimage"},"thumbnailUrl":"https:\/\/stourm.news\/wp-content\/uploads\/2024\/06\/as9LtA0K7DYw9WyIc.webp","datePublished":"2024-06-21T06:28:19+00:00","dateModified":"2024-06-21T06:32:57+00:00","breadcrumb":{"@id":"https:\/\/stourm.news\/?p=1699#breadcrumb"},"inLanguage":"fr-FR","potentialAction":[{"@type":"ReadAction","target":["https:\/\/stourm.news\/?p=1699"]}]},{"@type":"ImageObject","inLanguage":"fr-FR","@id":"https:\/\/stourm.news\/?p=1699#primaryimage","url":"https:\/\/stourm.news\/wp-content\/uploads\/2024\/06\/as9LtA0K7DYw9WyIc.webp","contentUrl":"https:\/\/stourm.news\/wp-content\/uploads\/2024\/06\/as9LtA0K7DYw9WyIc.webp","width":770,"height":462},{"@type":"BreadcrumbList","@id":"https:\/\/stourm.news\/?p=1699#breadcrumb","itemListElement":[{"@type":"ListItem","position":1,"name":"Accueil","item":"https:\/\/stourm.news\/"},{"@type":"ListItem","position":2,"name":"Emmanuel Macron songe \u00e0 s&rsquo;arroger tous les pouvoirs : le PNB face \u00e0 la d\u00e9sint\u00e9gration de l&rsquo;\u00c9tat fran\u00e7ais"}]},{"@type":"WebSite","@id":"https:\/\/stourm.news\/#website","url":"https:\/\/stourm.news\/","name":"Stourm","description":"Kazetenn Strollad Broadel Breizh","publisher":{"@id":"https:\/\/stourm.news\/#organization"},"potentialAction":[{"@type":"SearchAction","target":{"@type":"EntryPoint","urlTemplate":"https:\/\/stourm.news\/?s={search_term_string}"},"query-input":{"@type":"PropertyValueSpecification","valueRequired":true,"valueName":"search_term_string"}}],"inLanguage":"fr-FR"},{"@type":"Organization","@id":"https:\/\/stourm.news\/#organization","name":"Stourm","url":"https:\/\/stourm.news\/","logo":{"@type":"ImageObject","inLanguage":"fr-FR","@id":"https:\/\/stourm.news\/#\/schema\/logo\/image\/","url":"https:\/\/stourm.news\/wp-content\/uploads\/2025\/11\/cropped-Capture-decran-2025-11-28-a-15.19.07.png","contentUrl":"https:\/\/stourm.news\/wp-content\/uploads\/2025\/11\/cropped-Capture-decran-2025-11-28-a-15.19.07.png","width":1855,"height":383,"caption":"Stourm"},"image":{"@id":"https:\/\/stourm.news\/#\/schema\/logo\/image\/"},"sameAs":["https:\/\/www.facebook.com\/stourmnews\/"]},{"@type":"Person","@id":"https:\/\/stourm.news\/#\/schema\/person\/c3e1dc65988632e190969234ef046cf9","name":"La r\u00e9daction","image":{"@type":"ImageObject","inLanguage":"fr-FR","@id":"https:\/\/stourm.news\/#\/schema\/person\/image\/","url":"https:\/\/secure.gravatar.com\/avatar\/7463443f194b6b5fb706b074ca0ef59a0cfcfd720cb47764b0ec5a952ce422b3?s=96&d=mm&r=g","contentUrl":"https:\/\/secure.gravatar.com\/avatar\/7463443f194b6b5fb706b074ca0ef59a0cfcfd720cb47764b0ec5a952ce422b3?s=96&d=mm&r=g","caption":"La r\u00e9daction"},"sameAs":["https:\/\/stourm.news"],"url":"https:\/\/stourm.news\/?author=1"}]}},"_links":{"self":[{"href":"https:\/\/stourm.news\/index.php?rest_route=\/wp\/v2\/posts\/1699","targetHints":{"allow":["GET"]}}],"collection":[{"href":"https:\/\/stourm.news\/index.php?rest_route=\/wp\/v2\/posts"}],"about":[{"href":"https:\/\/stourm.news\/index.php?rest_route=\/wp\/v2\/types\/post"}],"author":[{"embeddable":true,"href":"https:\/\/stourm.news\/index.php?rest_route=\/wp\/v2\/users\/1"}],"replies":[{"embeddable":true,"href":"https:\/\/stourm.news\/index.php?rest_route=%2Fwp%2Fv2%2Fcomments&post=1699"}],"version-history":[{"count":4,"href":"https:\/\/stourm.news\/index.php?rest_route=\/wp\/v2\/posts\/1699\/revisions"}],"predecessor-version":[{"id":1716,"href":"https:\/\/stourm.news\/index.php?rest_route=\/wp\/v2\/posts\/1699\/revisions\/1716"}],"wp:featuredmedia":[{"embeddable":true,"href":"https:\/\/stourm.news\/index.php?rest_route=\/wp\/v2\/media\/1712"}],"wp:attachment":[{"href":"https:\/\/stourm.news\/index.php?rest_route=%2Fwp%2Fv2%2Fmedia&parent=1699"}],"wp:term":[{"taxonomy":"category","embeddable":true,"href":"https:\/\/stourm.news\/index.php?rest_route=%2Fwp%2Fv2%2Fcategories&post=1699"},{"taxonomy":"post_tag","embeddable":true,"href":"https:\/\/stourm.news\/index.php?rest_route=%2Fwp%2Fv2%2Ftags&post=1699"}],"curies":[{"name":"wp","href":"https:\/\/api.w.org\/{rel}","templated":true}]}}