{"id":1720,"date":"2024-06-21T06:42:42","date_gmt":"2024-06-21T06:42:42","guid":{"rendered":"https:\/\/stourm.news\/?p=1720"},"modified":"2024-06-21T06:42:42","modified_gmt":"2024-06-21T06:42:42","slug":"saint-brieuc-lextreme-gauche-francaise-occupe-la-passerelle","status":"publish","type":"post","link":"https:\/\/stourm.news\/?p=1720","title":{"rendered":"Saint-Brieuc : l&rsquo;extr\u00eame-gauche fran\u00e7aise occupe La Passerelle"},"content":{"rendered":"<p style=\"text-align: justify;\">Ce jeudi 20 juin, \u00e0 17 h, les militants du Front commun antifasciste briochin se sont r\u00e9unis place de La Grille avant de se rendre \u00e0 La Passerelle. Deux affiches,<strong> \u00ab Face aux racistes et aux sexistes, riposte trans f\u00e9ministe \u00bb<\/strong> et<strong> \u00ab Lieu occup\u00e9 contre l\u2019extr\u00eame droite \u00bb<\/strong> ont \u00e9t\u00e9 accroch\u00e9es sur le devant de la Sc\u00e8ne Nationale de Saint-Brieuc. Une assembl\u00e9e g\u00e9n\u00e9rale s\u2019est tenue sur place, \u00e0 m\u00eame le sol. La presse n\u2019y \u00e9tait pas convi\u00e9e.<\/p>\n<p>Source : <a href=\"https:\/\/www.letelegramme.fr\/cotes-d-armor\/saint-brieuc-22000\/le-front-commun-antifasciste-marque-son-opposition-a-lextreme-droite-en-occupant-la-passerelle-6608870.php\">Le T\u00e9l\u00e9gramme<\/a><\/p>\n","protected":false},"excerpt":{"rendered":"<p>Ce jeudi 20 juin, \u00e0 17 h, les militants du Front commun antifasciste briochin se sont r\u00e9unis place de La Grille avant de se rendre \u00e0 La Passerelle. Deux affiches, \u00ab Face aux racistes et aux sexistes, riposte trans f\u00e9ministe \u00bb et \u00ab Lieu occup\u00e9 contre l\u2019extr\u00eame droite \u00bb ont \u00e9t\u00e9 accroch\u00e9es sur le devant [&hellip;]<\/p>\n","protected":false},"author":1,"featured_media":1721,"comment_status":"open","ping_status":"open","sticky":false,"template":"","format":"standard","meta":{"sb_editor_width":"","footnotes":""},"categories":[39,36,62],"tags":[],"class_list":["post-1720","post","type-post","status-publish","format-standard","has-post-thumbnail","hentry","category-cotes-darmor","category-extreme-gauche","category-revue-de-presse"],"relative_dates":{"created":"2 ans ago","modified":"2 ans ago"},"yoast_head":"<!-- This site is optimized with the Yoast SEO plugin v26.3 - https:\/\/yoast.com\/wordpress\/plugins\/seo\/ -->\n<title>Saint-Brieuc : l&#039;extr\u00eame-gauche fran\u00e7aise occupe La Passerelle - STOURM<\/title>\n<meta name=\"robots\" content=\"index, follow, max-snippet:-1, max-image-preview:large, max-video-preview:-1\" \/>\n<link rel=\"canonical\" href=\"https:\/\/stourm.news\/?p=1720\" \/>\n<meta property=\"og:locale\" content=\"fr_FR\" \/>\n<meta property=\"og:type\" content=\"article\" \/>\n<meta property=\"og:title\" content=\"Saint-Brieuc : l&#039;extr\u00eame-gauche fran\u00e7aise occupe La Passerelle - STOURM\" \/>\n<meta property=\"og:description\" content=\"Ce jeudi 20 juin, \u00e0 17 h, les militants du Front commun antifasciste briochin se sont r\u00e9unis place de La Grille avant de se rendre \u00e0 La Passerelle. Deux affiches, \u00ab Face aux racistes et aux sexistes, riposte trans f\u00e9ministe \u00bb et \u00ab Lieu occup\u00e9 contre l\u2019extr\u00eame droite \u00bb ont \u00e9t\u00e9 accroch\u00e9es sur le devant [&hellip;]\" \/>\n<meta property=\"og:url\" content=\"https:\/\/stourm.news\/?p=1720\" \/>\n<meta property=\"og:site_name\" content=\"STOURM\" \/>\n<meta property=\"article:publisher\" content=\"https:\/\/www.facebook.com\/stourmnews\/\" \/>\n<meta property=\"article:published_time\" content=\"2024-06-21T06:42:42+00:00\" \/>\n<meta property=\"og:image\" content=\"https:\/\/stourm.news\/wp-content\/uploads\/2024\/06\/667460d0a5110a345728baf6.1.webp\" \/>\n\t<meta property=\"og:image:width\" content=\"1200\" \/>\n\t<meta property=\"og:image:height\" content=\"750\" \/>\n\t<meta property=\"og:image:type\" content=\"image\/webp\" \/>\n<meta name=\"author\" content=\"La r\u00e9daction\" \/>\n<meta name=\"twitter:card\" content=\"summary_large_image\" \/>\n<meta name=\"twitter:label1\" content=\"\u00c9crit par\" \/>\n\t<meta name=\"twitter:data1\" content=\"La r\u00e9daction\" \/>\n\t<meta name=\"twitter:label2\" content=\"Dur\u00e9e de lecture estim\u00e9e\" \/>\n\t<meta name=\"twitter:data2\" content=\"1 minute\" \/>\n<script type=\"application\/ld+json\" class=\"yoast-schema-graph\">{\"@context\":\"https:\/\/schema.org\",\"@graph\":[{\"@type\":\"Article\",\"@id\":\"https:\/\/stourm.news\/?p=1720#article\",\"isPartOf\":{\"@id\":\"https:\/\/stourm.news\/?p=1720\"},\"author\":{\"name\":\"La r\u00e9daction\",\"@id\":\"https:\/\/stourm.news\/#\/schema\/person\/c3e1dc65988632e190969234ef046cf9\"},\"headline\":\"Saint-Brieuc : l&rsquo;extr\u00eame-gauche fran\u00e7aise occupe La Passerelle\",\"datePublished\":\"2024-06-21T06:42:42+00:00\",\"mainEntityOfPage\":{\"@id\":\"https:\/\/stourm.news\/?p=1720\"},\"wordCount\":96,\"commentCount\":0,\"publisher\":{\"@id\":\"https:\/\/stourm.news\/#organization\"},\"image\":{\"@id\":\"https:\/\/stourm.news\/?p=1720#primaryimage\"},\"thumbnailUrl\":\"https:\/\/stourm.news\/wp-content\/uploads\/2024\/06\/667460d0a5110a345728baf6.1.webp\",\"articleSection\":[\"C\u00f4tes d'Armor\",\"Extr\u00eame-gauche\",\"Revue de presse\"],\"inLanguage\":\"fr-FR\",\"potentialAction\":[{\"@type\":\"CommentAction\",\"name\":\"Comment\",\"target\":[\"https:\/\/stourm.news\/?p=1720#respond\"]}]},{\"@type\":\"WebPage\",\"@id\":\"https:\/\/stourm.news\/?p=1720\",\"url\":\"https:\/\/stourm.news\/?p=1720\",\"name\":\"Saint-Brieuc : l'extr\u00eame-gauche fran\u00e7aise occupe La Passerelle - STOURM\",\"isPartOf\":{\"@id\":\"https:\/\/stourm.news\/#website\"},\"primaryImageOfPage\":{\"@id\":\"https:\/\/stourm.news\/?p=1720#primaryimage\"},\"image\":{\"@id\":\"https:\/\/stourm.news\/?p=1720#primaryimage\"},\"thumbnailUrl\":\"https:\/\/stourm.news\/wp-content\/uploads\/2024\/06\/667460d0a5110a345728baf6.1.webp\",\"datePublished\":\"2024-06-21T06:42:42+00:00\",\"breadcrumb\":{\"@id\":\"https:\/\/stourm.news\/?p=1720#breadcrumb\"},\"inLanguage\":\"fr-FR\",\"potentialAction\":[{\"@type\":\"ReadAction\",\"target\":[\"https:\/\/stourm.news\/?p=1720\"]}]},{\"@type\":\"ImageObject\",\"inLanguage\":\"fr-FR\",\"@id\":\"https:\/\/stourm.news\/?p=1720#primaryimage\",\"url\":\"https:\/\/stourm.news\/wp-content\/uploads\/2024\/06\/667460d0a5110a345728baf6.1.webp\",\"contentUrl\":\"https:\/\/stourm.news\/wp-content\/uploads\/2024\/06\/667460d0a5110a345728baf6.1.webp\",\"width\":1200,\"height\":750},{\"@type\":\"BreadcrumbList\",\"@id\":\"https:\/\/stourm.news\/?p=1720#breadcrumb\",\"itemListElement\":[{\"@type\":\"ListItem\",\"position\":1,\"name\":\"Accueil\",\"item\":\"https:\/\/stourm.news\/\"},{\"@type\":\"ListItem\",\"position\":2,\"name\":\"Saint-Brieuc : l&rsquo;extr\u00eame-gauche fran\u00e7aise occupe La Passerelle\"}]},{\"@type\":\"WebSite\",\"@id\":\"https:\/\/stourm.news\/#website\",\"url\":\"https:\/\/stourm.news\/\",\"name\":\"Stourm\",\"description\":\"Kazetenn Strollad Broadel Breizh\",\"publisher\":{\"@id\":\"https:\/\/stourm.news\/#organization\"},\"potentialAction\":[{\"@type\":\"SearchAction\",\"target\":{\"@type\":\"EntryPoint\",\"urlTemplate\":\"https:\/\/stourm.news\/?s={search_term_string}\"},\"query-input\":{\"@type\":\"PropertyValueSpecification\",\"valueRequired\":true,\"valueName\":\"search_term_string\"}}],\"inLanguage\":\"fr-FR\"},{\"@type\":\"Organization\",\"@id\":\"https:\/\/stourm.news\/#organization\",\"name\":\"Stourm\",\"url\":\"https:\/\/stourm.news\/\",\"logo\":{\"@type\":\"ImageObject\",\"inLanguage\":\"fr-FR\",\"@id\":\"https:\/\/stourm.news\/#\/schema\/logo\/image\/\",\"url\":\"https:\/\/stourm.news\/wp-content\/uploads\/2025\/11\/cropped-Capture-decran-2025-11-28-a-15.19.07.png\",\"contentUrl\":\"https:\/\/stourm.news\/wp-content\/uploads\/2025\/11\/cropped-Capture-decran-2025-11-28-a-15.19.07.png\",\"width\":1855,\"height\":383,\"caption\":\"Stourm\"},\"image\":{\"@id\":\"https:\/\/stourm.news\/#\/schema\/logo\/image\/\"},\"sameAs\":[\"https:\/\/www.facebook.com\/stourmnews\/\"]},{\"@type\":\"Person\",\"@id\":\"https:\/\/stourm.news\/#\/schema\/person\/c3e1dc65988632e190969234ef046cf9\",\"name\":\"La r\u00e9daction\",\"image\":{\"@type\":\"ImageObject\",\"inLanguage\":\"fr-FR\",\"@id\":\"https:\/\/stourm.news\/#\/schema\/person\/image\/\",\"url\":\"https:\/\/secure.gravatar.com\/avatar\/7463443f194b6b5fb706b074ca0ef59a0cfcfd720cb47764b0ec5a952ce422b3?s=96&d=mm&r=g\",\"contentUrl\":\"https:\/\/secure.gravatar.com\/avatar\/7463443f194b6b5fb706b074ca0ef59a0cfcfd720cb47764b0ec5a952ce422b3?s=96&d=mm&r=g\",\"caption\":\"La r\u00e9daction\"},\"sameAs\":[\"https:\/\/stourm.news\"],\"url\":\"https:\/\/stourm.news\/?author=1\"}]}<\/script>\n<!-- \/ Yoast SEO plugin. -->","yoast_head_json":{"title":"Saint-Brieuc : l'extr\u00eame-gauche fran\u00e7aise occupe La Passerelle - STOURM","robots":{"index":"index","follow":"follow","max-snippet":"max-snippet:-1","max-image-preview":"max-image-preview:large","max-video-preview":"max-video-preview:-1"},"canonical":"https:\/\/stourm.news\/?p=1720","og_locale":"fr_FR","og_type":"article","og_title":"Saint-Brieuc : l'extr\u00eame-gauche fran\u00e7aise occupe La Passerelle - STOURM","og_description":"Ce jeudi 20 juin, \u00e0 17 h, les militants du Front commun antifasciste briochin se sont r\u00e9unis place de La Grille avant de se rendre \u00e0 La Passerelle. Deux affiches, \u00ab Face aux racistes et aux sexistes, riposte trans f\u00e9ministe \u00bb et \u00ab Lieu occup\u00e9 contre l\u2019extr\u00eame droite \u00bb ont \u00e9t\u00e9 accroch\u00e9es sur le devant [&hellip;]","og_url":"https:\/\/stourm.news\/?p=1720","og_site_name":"STOURM","article_publisher":"https:\/\/www.facebook.com\/stourmnews\/","article_published_time":"2024-06-21T06:42:42+00:00","og_image":[{"width":1200,"height":750,"url":"https:\/\/stourm.news\/wp-content\/uploads\/2024\/06\/667460d0a5110a345728baf6.1.webp","type":"image\/webp"}],"author":"La r\u00e9daction","twitter_card":"summary_large_image","twitter_misc":{"\u00c9crit par":"La r\u00e9daction","Dur\u00e9e de lecture estim\u00e9e":"1 minute"},"schema":{"@context":"https:\/\/schema.org","@graph":[{"@type":"Article","@id":"https:\/\/stourm.news\/?p=1720#article","isPartOf":{"@id":"https:\/\/stourm.news\/?p=1720"},"author":{"name":"La r\u00e9daction","@id":"https:\/\/stourm.news\/#\/schema\/person\/c3e1dc65988632e190969234ef046cf9"},"headline":"Saint-Brieuc : l&rsquo;extr\u00eame-gauche fran\u00e7aise occupe La Passerelle","datePublished":"2024-06-21T06:42:42+00:00","mainEntityOfPage":{"@id":"https:\/\/stourm.news\/?p=1720"},"wordCount":96,"commentCount":0,"publisher":{"@id":"https:\/\/stourm.news\/#organization"},"image":{"@id":"https:\/\/stourm.news\/?p=1720#primaryimage"},"thumbnailUrl":"https:\/\/stourm.news\/wp-content\/uploads\/2024\/06\/667460d0a5110a345728baf6.1.webp","articleSection":["C\u00f4tes d'Armor","Extr\u00eame-gauche","Revue de presse"],"inLanguage":"fr-FR","potentialAction":[{"@type":"CommentAction","name":"Comment","target":["https:\/\/stourm.news\/?p=1720#respond"]}]},{"@type":"WebPage","@id":"https:\/\/stourm.news\/?p=1720","url":"https:\/\/stourm.news\/?p=1720","name":"Saint-Brieuc : l'extr\u00eame-gauche fran\u00e7aise occupe La Passerelle - STOURM","isPartOf":{"@id":"https:\/\/stourm.news\/#website"},"primaryImageOfPage":{"@id":"https:\/\/stourm.news\/?p=1720#primaryimage"},"image":{"@id":"https:\/\/stourm.news\/?p=1720#primaryimage"},"thumbnailUrl":"https:\/\/stourm.news\/wp-content\/uploads\/2024\/06\/667460d0a5110a345728baf6.1.webp","datePublished":"2024-06-21T06:42:42+00:00","breadcrumb":{"@id":"https:\/\/stourm.news\/?p=1720#breadcrumb"},"inLanguage":"fr-FR","potentialAction":[{"@type":"ReadAction","target":["https:\/\/stourm.news\/?p=1720"]}]},{"@type":"ImageObject","inLanguage":"fr-FR","@id":"https:\/\/stourm.news\/?p=1720#primaryimage","url":"https:\/\/stourm.news\/wp-content\/uploads\/2024\/06\/667460d0a5110a345728baf6.1.webp","contentUrl":"https:\/\/stourm.news\/wp-content\/uploads\/2024\/06\/667460d0a5110a345728baf6.1.webp","width":1200,"height":750},{"@type":"BreadcrumbList","@id":"https:\/\/stourm.news\/?p=1720#breadcrumb","itemListElement":[{"@type":"ListItem","position":1,"name":"Accueil","item":"https:\/\/stourm.news\/"},{"@type":"ListItem","position":2,"name":"Saint-Brieuc : l&rsquo;extr\u00eame-gauche fran\u00e7aise occupe La Passerelle"}]},{"@type":"WebSite","@id":"https:\/\/stourm.news\/#website","url":"https:\/\/stourm.news\/","name":"Stourm","description":"Kazetenn Strollad Broadel Breizh","publisher":{"@id":"https:\/\/stourm.news\/#organization"},"potentialAction":[{"@type":"SearchAction","target":{"@type":"EntryPoint","urlTemplate":"https:\/\/stourm.news\/?s={search_term_string}"},"query-input":{"@type":"PropertyValueSpecification","valueRequired":true,"valueName":"search_term_string"}}],"inLanguage":"fr-FR"},{"@type":"Organization","@id":"https:\/\/stourm.news\/#organization","name":"Stourm","url":"https:\/\/stourm.news\/","logo":{"@type":"ImageObject","inLanguage":"fr-FR","@id":"https:\/\/stourm.news\/#\/schema\/logo\/image\/","url":"https:\/\/stourm.news\/wp-content\/uploads\/2025\/11\/cropped-Capture-decran-2025-11-28-a-15.19.07.png","contentUrl":"https:\/\/stourm.news\/wp-content\/uploads\/2025\/11\/cropped-Capture-decran-2025-11-28-a-15.19.07.png","width":1855,"height":383,"caption":"Stourm"},"image":{"@id":"https:\/\/stourm.news\/#\/schema\/logo\/image\/"},"sameAs":["https:\/\/www.facebook.com\/stourmnews\/"]},{"@type":"Person","@id":"https:\/\/stourm.news\/#\/schema\/person\/c3e1dc65988632e190969234ef046cf9","name":"La r\u00e9daction","image":{"@type":"ImageObject","inLanguage":"fr-FR","@id":"https:\/\/stourm.news\/#\/schema\/person\/image\/","url":"https:\/\/secure.gravatar.com\/avatar\/7463443f194b6b5fb706b074ca0ef59a0cfcfd720cb47764b0ec5a952ce422b3?s=96&d=mm&r=g","contentUrl":"https:\/\/secure.gravatar.com\/avatar\/7463443f194b6b5fb706b074ca0ef59a0cfcfd720cb47764b0ec5a952ce422b3?s=96&d=mm&r=g","caption":"La r\u00e9daction"},"sameAs":["https:\/\/stourm.news"],"url":"https:\/\/stourm.news\/?author=1"}]}},"_links":{"self":[{"href":"https:\/\/stourm.news\/index.php?rest_route=\/wp\/v2\/posts\/1720","targetHints":{"allow":["GET"]}}],"collection":[{"href":"https:\/\/stourm.news\/index.php?rest_route=\/wp\/v2\/posts"}],"about":[{"href":"https:\/\/stourm.news\/index.php?rest_route=\/wp\/v2\/types\/post"}],"author":[{"embeddable":true,"href":"https:\/\/stourm.news\/index.php?rest_route=\/wp\/v2\/users\/1"}],"replies":[{"embeddable":true,"href":"https:\/\/stourm.news\/index.php?rest_route=%2Fwp%2Fv2%2Fcomments&post=1720"}],"version-history":[{"count":1,"href":"https:\/\/stourm.news\/index.php?rest_route=\/wp\/v2\/posts\/1720\/revisions"}],"predecessor-version":[{"id":1722,"href":"https:\/\/stourm.news\/index.php?rest_route=\/wp\/v2\/posts\/1720\/revisions\/1722"}],"wp:featuredmedia":[{"embeddable":true,"href":"https:\/\/stourm.news\/index.php?rest_route=\/wp\/v2\/media\/1721"}],"wp:attachment":[{"href":"https:\/\/stourm.news\/index.php?rest_route=%2Fwp%2Fv2%2Fmedia&parent=1720"}],"wp:term":[{"taxonomy":"category","embeddable":true,"href":"https:\/\/stourm.news\/index.php?rest_route=%2Fwp%2Fv2%2Fcategories&post=1720"},{"taxonomy":"post_tag","embeddable":true,"href":"https:\/\/stourm.news\/index.php?rest_route=%2Fwp%2Fv2%2Ftags&post=1720"}],"curies":[{"name":"wp","href":"https:\/\/api.w.org\/{rel}","templated":true}]}}