{"id":1728,"date":"2024-06-22T06:38:25","date_gmt":"2024-06-22T06:38:25","guid":{"rendered":"https:\/\/stourm.news\/?p=1728"},"modified":"2024-06-22T06:38:25","modified_gmt":"2024-06-22T06:38:25","slug":"ciotti-et-bardella-veulent-abolir-la-region-bretagne","status":"publish","type":"post","link":"https:\/\/stourm.news\/?p=1728","title":{"rendered":"Ciotti et Bardella veulent abolir la \u00ab\u00a0r\u00e9gion\u00a0\u00bb Bretagne"},"content":{"rendered":"<p style=\"text-align: justify;\">\u00c9ric Ciotti, d\u00e9put\u00e9 de Nice et pr\u00e9sident du parti Les R\u00e9publicains, a annonc\u00e9 son intention de supprimer les r\u00e9gions.<\/p>\n<blockquote class=\"twitter-tweet\">\n<p dir=\"ltr\" lang=\"fr\">Pour r\u00e9aliser des \u00e9conomies de d\u00e9penses publiques et renforcer la proximit\u00e9, je propose la suppression des r\u00e9gions.<\/p>\n<p>Il faut r\u00e9duire ce millefeuille administratif indigeste pour notre pays. <a href=\"https:\/\/t.co\/TdDoluIH8M\">pic.twitter.com\/TdDoluIH8M<\/a><\/p>\n<p>\u2014 Eric Ciotti (@ECiotti) <a href=\"https:\/\/twitter.com\/ECiotti\/status\/1804080841921888754?ref_src=twsrc%5Etfw\">June 21, 2024<\/a><\/p><\/blockquote>\n<p><script async src=\"https:\/\/platform.twitter.com\/widgets.js\" charset=\"utf-8\"><\/script><\/p>\n<p style=\"text-align: justify;\">Le Parti National Breton a r\u00e9agi et appel\u00e9 les Bretons \u00e0 se mobiliser pour leur parlement national.<\/p>\n<blockquote class=\"twitter-tweet\">\n<p dir=\"ltr\" lang=\"fr\">\ud83d\udfe8\u2b1b\ufe0f Face au projet de la droite hexagonale de supprimer les r\u00e9gions, le PNB appelle les Bretons \u00e0 la mobilisation pour d\u00e9fendre leur parlement et leurs droits nationaux.<\/p>\n<p>\ud83d\udc47 <a href=\"https:\/\/t.co\/anqnCX7yhR\">pic.twitter.com\/anqnCX7yhR<\/a><\/p>\n<p>\u2014 Parti National Breton &#8211; Strollad Broadel Breizh (@pnbsbb) <a href=\"https:\/\/twitter.com\/pnbsbb\/status\/1804393885587902535?ref_src=twsrc%5Etfw\">June 22, 2024<\/a><\/p><\/blockquote>\n<p><script async src=\"https:\/\/platform.twitter.com\/widgets.js\" charset=\"utf-8\"><\/script><\/p>\n<p style=\"text-align: justify;\">Cette radicalisation n\u00e9o-jacobine de la droite hexagonale traduit la profonde crise que traverse l&rsquo;\u00c9tat fran\u00e7ais. Le v\u00e9ritable putsch institutionnel qu&rsquo;a tent\u00e9 de mener Paris en Kanaky pr\u00e9figurait d\u00e9j\u00e0 cette offensive de Paris contre les p\u00e9riph\u00e9ries.<\/p>\n<p style=\"text-align: justify;\">Une confrontation dure contre la France est in\u00e9vitable. Dans l&rsquo;imm\u00e9diat, le Conseil \u00ab\u00a0r\u00e9gional\u00a0\u00bb de Bretagne, comme acquis politique et <em>de facto<\/em> parlement national breton, doit \u00eatre d\u00e9fendu, mais surtout ses pr\u00e9rogatives doivent \u00eatre largement \u00e9tendues. C&rsquo;est d&rsquo;ailleurs le souhait tr\u00e8s majoritairement exprim\u00e9 par l&rsquo;opinion bretonne.<\/p>\n<p style=\"text-align: right;\"><strong>Budig Gourmaelon<\/strong><\/p>\n","protected":false},"excerpt":{"rendered":"<p>\u00c9ric Ciotti, d\u00e9put\u00e9 de Nice et pr\u00e9sident du parti Les R\u00e9publicains, a annonc\u00e9 son intention de supprimer les r\u00e9gions. Pour r\u00e9aliser des \u00e9conomies de d\u00e9penses publiques et renforcer la proximit\u00e9, je propose la suppression des r\u00e9gions. Il faut r\u00e9duire ce millefeuille administratif indigeste pour notre pays. pic.twitter.com\/TdDoluIH8M \u2014 Eric Ciotti (@ECiotti) June 21, 2024 Le [&hellip;]<\/p>\n","protected":false},"author":1,"featured_media":1729,"comment_status":"open","ping_status":"open","sticky":false,"template":"","format":"standard","meta":{"sb_editor_width":"","footnotes":""},"categories":[67,65],"tags":[],"class_list":["post-1728","post","type-post","status-publish","format-standard","has-post-thumbnail","hentry","category-politique","category-principale"],"relative_dates":{"created":"2 ans ago","modified":"2 ans ago"},"yoast_head":"<!-- This site is optimized with the Yoast SEO plugin v26.3 - https:\/\/yoast.com\/wordpress\/plugins\/seo\/ -->\n<title>Ciotti et Bardella veulent abolir la &quot;r\u00e9gion&quot; Bretagne - STOURM<\/title>\n<meta name=\"robots\" content=\"index, follow, max-snippet:-1, max-image-preview:large, max-video-preview:-1\" \/>\n<link rel=\"canonical\" href=\"https:\/\/stourm.news\/?p=1728\" \/>\n<meta property=\"og:locale\" content=\"fr_FR\" \/>\n<meta property=\"og:type\" content=\"article\" \/>\n<meta property=\"og:title\" content=\"Ciotti et Bardella veulent abolir la &quot;r\u00e9gion&quot; Bretagne - STOURM\" \/>\n<meta property=\"og:description\" content=\"\u00c9ric Ciotti, d\u00e9put\u00e9 de Nice et pr\u00e9sident du parti Les R\u00e9publicains, a annonc\u00e9 son intention de supprimer les r\u00e9gions. Pour r\u00e9aliser des \u00e9conomies de d\u00e9penses publiques et renforcer la proximit\u00e9, je propose la suppression des r\u00e9gions. Il faut r\u00e9duire ce millefeuille administratif indigeste pour notre pays. pic.twitter.com\/TdDoluIH8M \u2014 Eric Ciotti (@ECiotti) June 21, 2024 Le [&hellip;]\" \/>\n<meta property=\"og:url\" content=\"https:\/\/stourm.news\/?p=1728\" \/>\n<meta property=\"og:site_name\" content=\"STOURM\" \/>\n<meta property=\"article:publisher\" content=\"https:\/\/www.facebook.com\/stourmnews\/\" \/>\n<meta property=\"article:published_time\" content=\"2024-06-22T06:38:25+00:00\" \/>\n<meta property=\"og:image\" content=\"https:\/\/stourm.news\/wp-content\/uploads\/2024\/06\/1200x680_sc_maxnewsfrfive690184.jpg\" \/>\n\t<meta property=\"og:image:width\" content=\"1200\" \/>\n\t<meta property=\"og:image:height\" content=\"680\" \/>\n\t<meta property=\"og:image:type\" content=\"image\/jpeg\" \/>\n<meta name=\"author\" content=\"La r\u00e9daction\" \/>\n<meta name=\"twitter:card\" content=\"summary_large_image\" \/>\n<meta name=\"twitter:label1\" content=\"\u00c9crit par\" \/>\n\t<meta name=\"twitter:data1\" content=\"La r\u00e9daction\" \/>\n\t<meta name=\"twitter:label2\" content=\"Dur\u00e9e de lecture estim\u00e9e\" \/>\n\t<meta name=\"twitter:data2\" content=\"1 minute\" \/>\n<script type=\"application\/ld+json\" class=\"yoast-schema-graph\">{\"@context\":\"https:\/\/schema.org\",\"@graph\":[{\"@type\":\"Article\",\"@id\":\"https:\/\/stourm.news\/?p=1728#article\",\"isPartOf\":{\"@id\":\"https:\/\/stourm.news\/?p=1728\"},\"author\":{\"name\":\"La r\u00e9daction\",\"@id\":\"https:\/\/stourm.news\/#\/schema\/person\/c3e1dc65988632e190969234ef046cf9\"},\"headline\":\"Ciotti et Bardella veulent abolir la \u00ab\u00a0r\u00e9gion\u00a0\u00bb Bretagne\",\"datePublished\":\"2024-06-22T06:38:25+00:00\",\"mainEntityOfPage\":{\"@id\":\"https:\/\/stourm.news\/?p=1728\"},\"wordCount\":232,\"commentCount\":0,\"publisher\":{\"@id\":\"https:\/\/stourm.news\/#organization\"},\"image\":{\"@id\":\"https:\/\/stourm.news\/?p=1728#primaryimage\"},\"thumbnailUrl\":\"https:\/\/stourm.news\/wp-content\/uploads\/2024\/06\/1200x680_sc_maxnewsfrfive690184.jpg\",\"articleSection\":[\"Politique\",\"Principale\"],\"inLanguage\":\"fr-FR\",\"potentialAction\":[{\"@type\":\"CommentAction\",\"name\":\"Comment\",\"target\":[\"https:\/\/stourm.news\/?p=1728#respond\"]}]},{\"@type\":\"WebPage\",\"@id\":\"https:\/\/stourm.news\/?p=1728\",\"url\":\"https:\/\/stourm.news\/?p=1728\",\"name\":\"Ciotti et Bardella veulent abolir la \\\"r\u00e9gion\\\" Bretagne - STOURM\",\"isPartOf\":{\"@id\":\"https:\/\/stourm.news\/#website\"},\"primaryImageOfPage\":{\"@id\":\"https:\/\/stourm.news\/?p=1728#primaryimage\"},\"image\":{\"@id\":\"https:\/\/stourm.news\/?p=1728#primaryimage\"},\"thumbnailUrl\":\"https:\/\/stourm.news\/wp-content\/uploads\/2024\/06\/1200x680_sc_maxnewsfrfive690184.jpg\",\"datePublished\":\"2024-06-22T06:38:25+00:00\",\"breadcrumb\":{\"@id\":\"https:\/\/stourm.news\/?p=1728#breadcrumb\"},\"inLanguage\":\"fr-FR\",\"potentialAction\":[{\"@type\":\"ReadAction\",\"target\":[\"https:\/\/stourm.news\/?p=1728\"]}]},{\"@type\":\"ImageObject\",\"inLanguage\":\"fr-FR\",\"@id\":\"https:\/\/stourm.news\/?p=1728#primaryimage\",\"url\":\"https:\/\/stourm.news\/wp-content\/uploads\/2024\/06\/1200x680_sc_maxnewsfrfive690184.jpg\",\"contentUrl\":\"https:\/\/stourm.news\/wp-content\/uploads\/2024\/06\/1200x680_sc_maxnewsfrfive690184.jpg\",\"width\":1200,\"height\":680},{\"@type\":\"BreadcrumbList\",\"@id\":\"https:\/\/stourm.news\/?p=1728#breadcrumb\",\"itemListElement\":[{\"@type\":\"ListItem\",\"position\":1,\"name\":\"Accueil\",\"item\":\"https:\/\/stourm.news\/\"},{\"@type\":\"ListItem\",\"position\":2,\"name\":\"Ciotti et Bardella veulent abolir la \u00ab\u00a0r\u00e9gion\u00a0\u00bb Bretagne\"}]},{\"@type\":\"WebSite\",\"@id\":\"https:\/\/stourm.news\/#website\",\"url\":\"https:\/\/stourm.news\/\",\"name\":\"Stourm\",\"description\":\"Kazetenn Strollad Broadel Breizh\",\"publisher\":{\"@id\":\"https:\/\/stourm.news\/#organization\"},\"potentialAction\":[{\"@type\":\"SearchAction\",\"target\":{\"@type\":\"EntryPoint\",\"urlTemplate\":\"https:\/\/stourm.news\/?s={search_term_string}\"},\"query-input\":{\"@type\":\"PropertyValueSpecification\",\"valueRequired\":true,\"valueName\":\"search_term_string\"}}],\"inLanguage\":\"fr-FR\"},{\"@type\":\"Organization\",\"@id\":\"https:\/\/stourm.news\/#organization\",\"name\":\"Stourm\",\"url\":\"https:\/\/stourm.news\/\",\"logo\":{\"@type\":\"ImageObject\",\"inLanguage\":\"fr-FR\",\"@id\":\"https:\/\/stourm.news\/#\/schema\/logo\/image\/\",\"url\":\"https:\/\/stourm.news\/wp-content\/uploads\/2025\/11\/cropped-Capture-decran-2025-11-28-a-15.19.07.png\",\"contentUrl\":\"https:\/\/stourm.news\/wp-content\/uploads\/2025\/11\/cropped-Capture-decran-2025-11-28-a-15.19.07.png\",\"width\":1855,\"height\":383,\"caption\":\"Stourm\"},\"image\":{\"@id\":\"https:\/\/stourm.news\/#\/schema\/logo\/image\/\"},\"sameAs\":[\"https:\/\/www.facebook.com\/stourmnews\/\"]},{\"@type\":\"Person\",\"@id\":\"https:\/\/stourm.news\/#\/schema\/person\/c3e1dc65988632e190969234ef046cf9\",\"name\":\"La r\u00e9daction\",\"image\":{\"@type\":\"ImageObject\",\"inLanguage\":\"fr-FR\",\"@id\":\"https:\/\/stourm.news\/#\/schema\/person\/image\/\",\"url\":\"https:\/\/secure.gravatar.com\/avatar\/7463443f194b6b5fb706b074ca0ef59a0cfcfd720cb47764b0ec5a952ce422b3?s=96&d=mm&r=g\",\"contentUrl\":\"https:\/\/secure.gravatar.com\/avatar\/7463443f194b6b5fb706b074ca0ef59a0cfcfd720cb47764b0ec5a952ce422b3?s=96&d=mm&r=g\",\"caption\":\"La r\u00e9daction\"},\"sameAs\":[\"https:\/\/stourm.news\"],\"url\":\"https:\/\/stourm.news\/?author=1\"}]}<\/script>\n<!-- \/ Yoast SEO plugin. -->","yoast_head_json":{"title":"Ciotti et Bardella veulent abolir la \"r\u00e9gion\" Bretagne - STOURM","robots":{"index":"index","follow":"follow","max-snippet":"max-snippet:-1","max-image-preview":"max-image-preview:large","max-video-preview":"max-video-preview:-1"},"canonical":"https:\/\/stourm.news\/?p=1728","og_locale":"fr_FR","og_type":"article","og_title":"Ciotti et Bardella veulent abolir la \"r\u00e9gion\" Bretagne - STOURM","og_description":"\u00c9ric Ciotti, d\u00e9put\u00e9 de Nice et pr\u00e9sident du parti Les R\u00e9publicains, a annonc\u00e9 son intention de supprimer les r\u00e9gions. Pour r\u00e9aliser des \u00e9conomies de d\u00e9penses publiques et renforcer la proximit\u00e9, je propose la suppression des r\u00e9gions. Il faut r\u00e9duire ce millefeuille administratif indigeste pour notre pays. pic.twitter.com\/TdDoluIH8M \u2014 Eric Ciotti (@ECiotti) June 21, 2024 Le [&hellip;]","og_url":"https:\/\/stourm.news\/?p=1728","og_site_name":"STOURM","article_publisher":"https:\/\/www.facebook.com\/stourmnews\/","article_published_time":"2024-06-22T06:38:25+00:00","og_image":[{"width":1200,"height":680,"url":"https:\/\/stourm.news\/wp-content\/uploads\/2024\/06\/1200x680_sc_maxnewsfrfive690184.jpg","type":"image\/jpeg"}],"author":"La r\u00e9daction","twitter_card":"summary_large_image","twitter_misc":{"\u00c9crit par":"La r\u00e9daction","Dur\u00e9e de lecture estim\u00e9e":"1 minute"},"schema":{"@context":"https:\/\/schema.org","@graph":[{"@type":"Article","@id":"https:\/\/stourm.news\/?p=1728#article","isPartOf":{"@id":"https:\/\/stourm.news\/?p=1728"},"author":{"name":"La r\u00e9daction","@id":"https:\/\/stourm.news\/#\/schema\/person\/c3e1dc65988632e190969234ef046cf9"},"headline":"Ciotti et Bardella veulent abolir la \u00ab\u00a0r\u00e9gion\u00a0\u00bb Bretagne","datePublished":"2024-06-22T06:38:25+00:00","mainEntityOfPage":{"@id":"https:\/\/stourm.news\/?p=1728"},"wordCount":232,"commentCount":0,"publisher":{"@id":"https:\/\/stourm.news\/#organization"},"image":{"@id":"https:\/\/stourm.news\/?p=1728#primaryimage"},"thumbnailUrl":"https:\/\/stourm.news\/wp-content\/uploads\/2024\/06\/1200x680_sc_maxnewsfrfive690184.jpg","articleSection":["Politique","Principale"],"inLanguage":"fr-FR","potentialAction":[{"@type":"CommentAction","name":"Comment","target":["https:\/\/stourm.news\/?p=1728#respond"]}]},{"@type":"WebPage","@id":"https:\/\/stourm.news\/?p=1728","url":"https:\/\/stourm.news\/?p=1728","name":"Ciotti et Bardella veulent abolir la \"r\u00e9gion\" Bretagne - STOURM","isPartOf":{"@id":"https:\/\/stourm.news\/#website"},"primaryImageOfPage":{"@id":"https:\/\/stourm.news\/?p=1728#primaryimage"},"image":{"@id":"https:\/\/stourm.news\/?p=1728#primaryimage"},"thumbnailUrl":"https:\/\/stourm.news\/wp-content\/uploads\/2024\/06\/1200x680_sc_maxnewsfrfive690184.jpg","datePublished":"2024-06-22T06:38:25+00:00","breadcrumb":{"@id":"https:\/\/stourm.news\/?p=1728#breadcrumb"},"inLanguage":"fr-FR","potentialAction":[{"@type":"ReadAction","target":["https:\/\/stourm.news\/?p=1728"]}]},{"@type":"ImageObject","inLanguage":"fr-FR","@id":"https:\/\/stourm.news\/?p=1728#primaryimage","url":"https:\/\/stourm.news\/wp-content\/uploads\/2024\/06\/1200x680_sc_maxnewsfrfive690184.jpg","contentUrl":"https:\/\/stourm.news\/wp-content\/uploads\/2024\/06\/1200x680_sc_maxnewsfrfive690184.jpg","width":1200,"height":680},{"@type":"BreadcrumbList","@id":"https:\/\/stourm.news\/?p=1728#breadcrumb","itemListElement":[{"@type":"ListItem","position":1,"name":"Accueil","item":"https:\/\/stourm.news\/"},{"@type":"ListItem","position":2,"name":"Ciotti et Bardella veulent abolir la \u00ab\u00a0r\u00e9gion\u00a0\u00bb Bretagne"}]},{"@type":"WebSite","@id":"https:\/\/stourm.news\/#website","url":"https:\/\/stourm.news\/","name":"Stourm","description":"Kazetenn Strollad Broadel Breizh","publisher":{"@id":"https:\/\/stourm.news\/#organization"},"potentialAction":[{"@type":"SearchAction","target":{"@type":"EntryPoint","urlTemplate":"https:\/\/stourm.news\/?s={search_term_string}"},"query-input":{"@type":"PropertyValueSpecification","valueRequired":true,"valueName":"search_term_string"}}],"inLanguage":"fr-FR"},{"@type":"Organization","@id":"https:\/\/stourm.news\/#organization","name":"Stourm","url":"https:\/\/stourm.news\/","logo":{"@type":"ImageObject","inLanguage":"fr-FR","@id":"https:\/\/stourm.news\/#\/schema\/logo\/image\/","url":"https:\/\/stourm.news\/wp-content\/uploads\/2025\/11\/cropped-Capture-decran-2025-11-28-a-15.19.07.png","contentUrl":"https:\/\/stourm.news\/wp-content\/uploads\/2025\/11\/cropped-Capture-decran-2025-11-28-a-15.19.07.png","width":1855,"height":383,"caption":"Stourm"},"image":{"@id":"https:\/\/stourm.news\/#\/schema\/logo\/image\/"},"sameAs":["https:\/\/www.facebook.com\/stourmnews\/"]},{"@type":"Person","@id":"https:\/\/stourm.news\/#\/schema\/person\/c3e1dc65988632e190969234ef046cf9","name":"La r\u00e9daction","image":{"@type":"ImageObject","inLanguage":"fr-FR","@id":"https:\/\/stourm.news\/#\/schema\/person\/image\/","url":"https:\/\/secure.gravatar.com\/avatar\/7463443f194b6b5fb706b074ca0ef59a0cfcfd720cb47764b0ec5a952ce422b3?s=96&d=mm&r=g","contentUrl":"https:\/\/secure.gravatar.com\/avatar\/7463443f194b6b5fb706b074ca0ef59a0cfcfd720cb47764b0ec5a952ce422b3?s=96&d=mm&r=g","caption":"La r\u00e9daction"},"sameAs":["https:\/\/stourm.news"],"url":"https:\/\/stourm.news\/?author=1"}]}},"_links":{"self":[{"href":"https:\/\/stourm.news\/index.php?rest_route=\/wp\/v2\/posts\/1728","targetHints":{"allow":["GET"]}}],"collection":[{"href":"https:\/\/stourm.news\/index.php?rest_route=\/wp\/v2\/posts"}],"about":[{"href":"https:\/\/stourm.news\/index.php?rest_route=\/wp\/v2\/types\/post"}],"author":[{"embeddable":true,"href":"https:\/\/stourm.news\/index.php?rest_route=\/wp\/v2\/users\/1"}],"replies":[{"embeddable":true,"href":"https:\/\/stourm.news\/index.php?rest_route=%2Fwp%2Fv2%2Fcomments&post=1728"}],"version-history":[{"count":1,"href":"https:\/\/stourm.news\/index.php?rest_route=\/wp\/v2\/posts\/1728\/revisions"}],"predecessor-version":[{"id":1730,"href":"https:\/\/stourm.news\/index.php?rest_route=\/wp\/v2\/posts\/1728\/revisions\/1730"}],"wp:featuredmedia":[{"embeddable":true,"href":"https:\/\/stourm.news\/index.php?rest_route=\/wp\/v2\/media\/1729"}],"wp:attachment":[{"href":"https:\/\/stourm.news\/index.php?rest_route=%2Fwp%2Fv2%2Fmedia&parent=1728"}],"wp:term":[{"taxonomy":"category","embeddable":true,"href":"https:\/\/stourm.news\/index.php?rest_route=%2Fwp%2Fv2%2Fcategories&post=1728"},{"taxonomy":"post_tag","embeddable":true,"href":"https:\/\/stourm.news\/index.php?rest_route=%2Fwp%2Fv2%2Ftags&post=1728"}],"curies":[{"name":"wp","href":"https:\/\/api.w.org\/{rel}","templated":true}]}}