{"id":1733,"date":"2024-06-25T15:45:22","date_gmt":"2024-06-25T15:45:22","guid":{"rendered":"https:\/\/stourm.news\/?p=1733"},"modified":"2024-06-25T15:45:22","modified_gmt":"2024-06-25T15:45:22","slug":"rennes-percutee-par-une-trottinette-stephanie-51-ans-est-decedee","status":"publish","type":"post","link":"https:\/\/stourm.news\/?p=1733","title":{"rendered":"Rennes : percut\u00e9e par une trottinette, St\u00e9phanie, 51 ans, est d\u00e9c\u00e9d\u00e9e"},"content":{"rendered":"<p style=\"text-align: justify;\">Le 18 juin dernier, <strong>St\u00e9phanie Cadeau<\/strong>, \u00e2g\u00e9e de 51 ans et m\u00e8re de deux enfants, a \u00e9t\u00e9 renvers\u00e9e par <strong>une trottinette \u00e9lectrique<\/strong> sur le Mail Fran\u00e7ois-Mitterrand, conduite par un adolescent de 18 ans. Men\u00e9e au CHU de Rennes par le SAMU au service de r\u00e9animation, elle a succomb\u00e9 \u00e0 ses blessures le 24 juin. \u00c0 Rennes, elle \u00e9tait la programmatrice du festival \u00ab\u2009Les Embellies\u2009\u00bb. Elle \u00e9tait aussi tr\u00e8s investie au sein du collectif MDP (Maison des productrices et des producteurs) et au SMA \u2014 Syndicat des musiques actuelles.<\/p>\n<p style=\"text-align: justify;\">Le conducteur de la trottinette, qui \u00e9tait selon nos informations<strong> joueur au centre de formation du Stade rennais<\/strong>, \u00e9tait accompagn\u00e9 d\u2019un autre footballeur du m\u00eame \u00e2ge. \u00ab\u2009Les tests d\u2019alcool\u00e9mie et de stup\u00e9fiants effectu\u00e9s sur eux se sont r\u00e9v\u00e9l\u00e9s n\u00e9gatifs\u2009\u00bb, a confi\u00e9 le procureur de la R\u00e9publique, Philippe Astruc. Une enqu\u00eate pour homicide involontaire est en cours.<\/p>\n<p>Source : <a href=\"https:\/\/www.rennes-infos-autrement.fr\/renversee-par-une-trottinette-electrique-une-figure-rennaise-de-la-culture-succombe-a-ses-blessures\/\">Rennes Infos Autrement<\/a><\/p>\n","protected":false},"excerpt":{"rendered":"<p>Le 18 juin dernier, St\u00e9phanie Cadeau, \u00e2g\u00e9e de 51 ans et m\u00e8re de deux enfants, a \u00e9t\u00e9 renvers\u00e9e par une trottinette \u00e9lectrique sur le Mail Fran\u00e7ois-Mitterrand, conduite par un adolescent de 18 ans. Men\u00e9e au CHU de Rennes par le SAMU au service de r\u00e9animation, elle a succomb\u00e9 \u00e0 ses blessures le 24 juin. \u00c0 [&hellip;]<\/p>\n","protected":false},"author":1,"featured_media":1734,"comment_status":"open","ping_status":"open","sticky":false,"template":"","format":"standard","meta":{"sb_editor_width":"","footnotes":""},"categories":[52,41,62],"tags":[],"class_list":["post-1733","post","type-post","status-publish","format-standard","has-post-thumbnail","hentry","category-faits-divers","category-ille-et-vilaine","category-revue-de-presse"],"relative_dates":{"created":"2 ans ago","modified":"2 ans ago"},"yoast_head":"<!-- This site is optimized with the Yoast SEO plugin v26.3 - https:\/\/yoast.com\/wordpress\/plugins\/seo\/ -->\n<title>Rennes : percut\u00e9e par une trottinette, St\u00e9phanie, 51 ans, est d\u00e9c\u00e9d\u00e9e - STOURM<\/title>\n<meta name=\"robots\" content=\"index, follow, max-snippet:-1, max-image-preview:large, max-video-preview:-1\" \/>\n<link rel=\"canonical\" href=\"https:\/\/stourm.news\/?p=1733\" \/>\n<meta property=\"og:locale\" content=\"fr_FR\" \/>\n<meta property=\"og:type\" content=\"article\" \/>\n<meta property=\"og:title\" content=\"Rennes : percut\u00e9e par une trottinette, St\u00e9phanie, 51 ans, est d\u00e9c\u00e9d\u00e9e - STOURM\" \/>\n<meta property=\"og:description\" content=\"Le 18 juin dernier, St\u00e9phanie Cadeau, \u00e2g\u00e9e de 51 ans et m\u00e8re de deux enfants, a \u00e9t\u00e9 renvers\u00e9e par une trottinette \u00e9lectrique sur le Mail Fran\u00e7ois-Mitterrand, conduite par un adolescent de 18 ans. Men\u00e9e au CHU de Rennes par le SAMU au service de r\u00e9animation, elle a succomb\u00e9 \u00e0 ses blessures le 24 juin. \u00c0 [&hellip;]\" \/>\n<meta property=\"og:url\" content=\"https:\/\/stourm.news\/?p=1733\" \/>\n<meta property=\"og:site_name\" content=\"STOURM\" \/>\n<meta property=\"article:publisher\" content=\"https:\/\/www.facebook.com\/stourmnews\/\" \/>\n<meta property=\"article:published_time\" content=\"2024-06-25T15:45:22+00:00\" \/>\n<meta property=\"og:image\" content=\"https:\/\/stourm.news\/wp-content\/uploads\/2024\/06\/Capture-decran-2024-06-26-a-00.35.19.png\" \/>\n\t<meta property=\"og:image:width\" content=\"1154\" \/>\n\t<meta property=\"og:image:height\" content=\"820\" \/>\n\t<meta property=\"og:image:type\" content=\"image\/png\" \/>\n<meta name=\"author\" content=\"La r\u00e9daction\" \/>\n<meta name=\"twitter:card\" content=\"summary_large_image\" \/>\n<meta name=\"twitter:label1\" content=\"\u00c9crit par\" \/>\n\t<meta name=\"twitter:data1\" content=\"La r\u00e9daction\" \/>\n\t<meta name=\"twitter:label2\" content=\"Dur\u00e9e de lecture estim\u00e9e\" \/>\n\t<meta name=\"twitter:data2\" content=\"1 minute\" \/>\n<script type=\"application\/ld+json\" class=\"yoast-schema-graph\">{\"@context\":\"https:\/\/schema.org\",\"@graph\":[{\"@type\":\"Article\",\"@id\":\"https:\/\/stourm.news\/?p=1733#article\",\"isPartOf\":{\"@id\":\"https:\/\/stourm.news\/?p=1733\"},\"author\":{\"name\":\"La r\u00e9daction\",\"@id\":\"https:\/\/stourm.news\/#\/schema\/person\/c3e1dc65988632e190969234ef046cf9\"},\"headline\":\"Rennes : percut\u00e9e par une trottinette, St\u00e9phanie, 51 ans, est d\u00e9c\u00e9d\u00e9e\",\"datePublished\":\"2024-06-25T15:45:22+00:00\",\"mainEntityOfPage\":{\"@id\":\"https:\/\/stourm.news\/?p=1733\"},\"wordCount\":175,\"commentCount\":0,\"publisher\":{\"@id\":\"https:\/\/stourm.news\/#organization\"},\"image\":{\"@id\":\"https:\/\/stourm.news\/?p=1733#primaryimage\"},\"thumbnailUrl\":\"https:\/\/stourm.news\/wp-content\/uploads\/2024\/06\/Capture-decran-2024-06-26-a-00.35.19.png\",\"articleSection\":[\"Faits divers\",\"Ille-et-Vilaine\",\"Revue de presse\"],\"inLanguage\":\"fr-FR\",\"potentialAction\":[{\"@type\":\"CommentAction\",\"name\":\"Comment\",\"target\":[\"https:\/\/stourm.news\/?p=1733#respond\"]}]},{\"@type\":\"WebPage\",\"@id\":\"https:\/\/stourm.news\/?p=1733\",\"url\":\"https:\/\/stourm.news\/?p=1733\",\"name\":\"Rennes : percut\u00e9e par une trottinette, St\u00e9phanie, 51 ans, est d\u00e9c\u00e9d\u00e9e - STOURM\",\"isPartOf\":{\"@id\":\"https:\/\/stourm.news\/#website\"},\"primaryImageOfPage\":{\"@id\":\"https:\/\/stourm.news\/?p=1733#primaryimage\"},\"image\":{\"@id\":\"https:\/\/stourm.news\/?p=1733#primaryimage\"},\"thumbnailUrl\":\"https:\/\/stourm.news\/wp-content\/uploads\/2024\/06\/Capture-decran-2024-06-26-a-00.35.19.png\",\"datePublished\":\"2024-06-25T15:45:22+00:00\",\"breadcrumb\":{\"@id\":\"https:\/\/stourm.news\/?p=1733#breadcrumb\"},\"inLanguage\":\"fr-FR\",\"potentialAction\":[{\"@type\":\"ReadAction\",\"target\":[\"https:\/\/stourm.news\/?p=1733\"]}]},{\"@type\":\"ImageObject\",\"inLanguage\":\"fr-FR\",\"@id\":\"https:\/\/stourm.news\/?p=1733#primaryimage\",\"url\":\"https:\/\/stourm.news\/wp-content\/uploads\/2024\/06\/Capture-decran-2024-06-26-a-00.35.19.png\",\"contentUrl\":\"https:\/\/stourm.news\/wp-content\/uploads\/2024\/06\/Capture-decran-2024-06-26-a-00.35.19.png\",\"width\":1154,\"height\":820},{\"@type\":\"BreadcrumbList\",\"@id\":\"https:\/\/stourm.news\/?p=1733#breadcrumb\",\"itemListElement\":[{\"@type\":\"ListItem\",\"position\":1,\"name\":\"Accueil\",\"item\":\"https:\/\/stourm.news\/\"},{\"@type\":\"ListItem\",\"position\":2,\"name\":\"Rennes : percut\u00e9e par une trottinette, St\u00e9phanie, 51 ans, est d\u00e9c\u00e9d\u00e9e\"}]},{\"@type\":\"WebSite\",\"@id\":\"https:\/\/stourm.news\/#website\",\"url\":\"https:\/\/stourm.news\/\",\"name\":\"Stourm\",\"description\":\"Kazetenn Strollad Broadel Breizh\",\"publisher\":{\"@id\":\"https:\/\/stourm.news\/#organization\"},\"potentialAction\":[{\"@type\":\"SearchAction\",\"target\":{\"@type\":\"EntryPoint\",\"urlTemplate\":\"https:\/\/stourm.news\/?s={search_term_string}\"},\"query-input\":{\"@type\":\"PropertyValueSpecification\",\"valueRequired\":true,\"valueName\":\"search_term_string\"}}],\"inLanguage\":\"fr-FR\"},{\"@type\":\"Organization\",\"@id\":\"https:\/\/stourm.news\/#organization\",\"name\":\"Stourm\",\"url\":\"https:\/\/stourm.news\/\",\"logo\":{\"@type\":\"ImageObject\",\"inLanguage\":\"fr-FR\",\"@id\":\"https:\/\/stourm.news\/#\/schema\/logo\/image\/\",\"url\":\"https:\/\/stourm.news\/wp-content\/uploads\/2025\/11\/cropped-Capture-decran-2025-11-28-a-15.19.07.png\",\"contentUrl\":\"https:\/\/stourm.news\/wp-content\/uploads\/2025\/11\/cropped-Capture-decran-2025-11-28-a-15.19.07.png\",\"width\":1855,\"height\":383,\"caption\":\"Stourm\"},\"image\":{\"@id\":\"https:\/\/stourm.news\/#\/schema\/logo\/image\/\"},\"sameAs\":[\"https:\/\/www.facebook.com\/stourmnews\/\"]},{\"@type\":\"Person\",\"@id\":\"https:\/\/stourm.news\/#\/schema\/person\/c3e1dc65988632e190969234ef046cf9\",\"name\":\"La r\u00e9daction\",\"image\":{\"@type\":\"ImageObject\",\"inLanguage\":\"fr-FR\",\"@id\":\"https:\/\/stourm.news\/#\/schema\/person\/image\/\",\"url\":\"https:\/\/secure.gravatar.com\/avatar\/7463443f194b6b5fb706b074ca0ef59a0cfcfd720cb47764b0ec5a952ce422b3?s=96&d=mm&r=g\",\"contentUrl\":\"https:\/\/secure.gravatar.com\/avatar\/7463443f194b6b5fb706b074ca0ef59a0cfcfd720cb47764b0ec5a952ce422b3?s=96&d=mm&r=g\",\"caption\":\"La r\u00e9daction\"},\"sameAs\":[\"https:\/\/stourm.news\"],\"url\":\"https:\/\/stourm.news\/?author=1\"}]}<\/script>\n<!-- \/ Yoast SEO plugin. -->","yoast_head_json":{"title":"Rennes : percut\u00e9e par une trottinette, St\u00e9phanie, 51 ans, est d\u00e9c\u00e9d\u00e9e - STOURM","robots":{"index":"index","follow":"follow","max-snippet":"max-snippet:-1","max-image-preview":"max-image-preview:large","max-video-preview":"max-video-preview:-1"},"canonical":"https:\/\/stourm.news\/?p=1733","og_locale":"fr_FR","og_type":"article","og_title":"Rennes : percut\u00e9e par une trottinette, St\u00e9phanie, 51 ans, est d\u00e9c\u00e9d\u00e9e - STOURM","og_description":"Le 18 juin dernier, St\u00e9phanie Cadeau, \u00e2g\u00e9e de 51 ans et m\u00e8re de deux enfants, a \u00e9t\u00e9 renvers\u00e9e par une trottinette \u00e9lectrique sur le Mail Fran\u00e7ois-Mitterrand, conduite par un adolescent de 18 ans. Men\u00e9e au CHU de Rennes par le SAMU au service de r\u00e9animation, elle a succomb\u00e9 \u00e0 ses blessures le 24 juin. \u00c0 [&hellip;]","og_url":"https:\/\/stourm.news\/?p=1733","og_site_name":"STOURM","article_publisher":"https:\/\/www.facebook.com\/stourmnews\/","article_published_time":"2024-06-25T15:45:22+00:00","og_image":[{"width":1154,"height":820,"url":"https:\/\/stourm.news\/wp-content\/uploads\/2024\/06\/Capture-decran-2024-06-26-a-00.35.19.png","type":"image\/png"}],"author":"La r\u00e9daction","twitter_card":"summary_large_image","twitter_misc":{"\u00c9crit par":"La r\u00e9daction","Dur\u00e9e de lecture estim\u00e9e":"1 minute"},"schema":{"@context":"https:\/\/schema.org","@graph":[{"@type":"Article","@id":"https:\/\/stourm.news\/?p=1733#article","isPartOf":{"@id":"https:\/\/stourm.news\/?p=1733"},"author":{"name":"La r\u00e9daction","@id":"https:\/\/stourm.news\/#\/schema\/person\/c3e1dc65988632e190969234ef046cf9"},"headline":"Rennes : percut\u00e9e par une trottinette, St\u00e9phanie, 51 ans, est d\u00e9c\u00e9d\u00e9e","datePublished":"2024-06-25T15:45:22+00:00","mainEntityOfPage":{"@id":"https:\/\/stourm.news\/?p=1733"},"wordCount":175,"commentCount":0,"publisher":{"@id":"https:\/\/stourm.news\/#organization"},"image":{"@id":"https:\/\/stourm.news\/?p=1733#primaryimage"},"thumbnailUrl":"https:\/\/stourm.news\/wp-content\/uploads\/2024\/06\/Capture-decran-2024-06-26-a-00.35.19.png","articleSection":["Faits divers","Ille-et-Vilaine","Revue de presse"],"inLanguage":"fr-FR","potentialAction":[{"@type":"CommentAction","name":"Comment","target":["https:\/\/stourm.news\/?p=1733#respond"]}]},{"@type":"WebPage","@id":"https:\/\/stourm.news\/?p=1733","url":"https:\/\/stourm.news\/?p=1733","name":"Rennes : percut\u00e9e par une trottinette, St\u00e9phanie, 51 ans, est d\u00e9c\u00e9d\u00e9e - STOURM","isPartOf":{"@id":"https:\/\/stourm.news\/#website"},"primaryImageOfPage":{"@id":"https:\/\/stourm.news\/?p=1733#primaryimage"},"image":{"@id":"https:\/\/stourm.news\/?p=1733#primaryimage"},"thumbnailUrl":"https:\/\/stourm.news\/wp-content\/uploads\/2024\/06\/Capture-decran-2024-06-26-a-00.35.19.png","datePublished":"2024-06-25T15:45:22+00:00","breadcrumb":{"@id":"https:\/\/stourm.news\/?p=1733#breadcrumb"},"inLanguage":"fr-FR","potentialAction":[{"@type":"ReadAction","target":["https:\/\/stourm.news\/?p=1733"]}]},{"@type":"ImageObject","inLanguage":"fr-FR","@id":"https:\/\/stourm.news\/?p=1733#primaryimage","url":"https:\/\/stourm.news\/wp-content\/uploads\/2024\/06\/Capture-decran-2024-06-26-a-00.35.19.png","contentUrl":"https:\/\/stourm.news\/wp-content\/uploads\/2024\/06\/Capture-decran-2024-06-26-a-00.35.19.png","width":1154,"height":820},{"@type":"BreadcrumbList","@id":"https:\/\/stourm.news\/?p=1733#breadcrumb","itemListElement":[{"@type":"ListItem","position":1,"name":"Accueil","item":"https:\/\/stourm.news\/"},{"@type":"ListItem","position":2,"name":"Rennes : percut\u00e9e par une trottinette, St\u00e9phanie, 51 ans, est d\u00e9c\u00e9d\u00e9e"}]},{"@type":"WebSite","@id":"https:\/\/stourm.news\/#website","url":"https:\/\/stourm.news\/","name":"Stourm","description":"Kazetenn Strollad Broadel Breizh","publisher":{"@id":"https:\/\/stourm.news\/#organization"},"potentialAction":[{"@type":"SearchAction","target":{"@type":"EntryPoint","urlTemplate":"https:\/\/stourm.news\/?s={search_term_string}"},"query-input":{"@type":"PropertyValueSpecification","valueRequired":true,"valueName":"search_term_string"}}],"inLanguage":"fr-FR"},{"@type":"Organization","@id":"https:\/\/stourm.news\/#organization","name":"Stourm","url":"https:\/\/stourm.news\/","logo":{"@type":"ImageObject","inLanguage":"fr-FR","@id":"https:\/\/stourm.news\/#\/schema\/logo\/image\/","url":"https:\/\/stourm.news\/wp-content\/uploads\/2025\/11\/cropped-Capture-decran-2025-11-28-a-15.19.07.png","contentUrl":"https:\/\/stourm.news\/wp-content\/uploads\/2025\/11\/cropped-Capture-decran-2025-11-28-a-15.19.07.png","width":1855,"height":383,"caption":"Stourm"},"image":{"@id":"https:\/\/stourm.news\/#\/schema\/logo\/image\/"},"sameAs":["https:\/\/www.facebook.com\/stourmnews\/"]},{"@type":"Person","@id":"https:\/\/stourm.news\/#\/schema\/person\/c3e1dc65988632e190969234ef046cf9","name":"La r\u00e9daction","image":{"@type":"ImageObject","inLanguage":"fr-FR","@id":"https:\/\/stourm.news\/#\/schema\/person\/image\/","url":"https:\/\/secure.gravatar.com\/avatar\/7463443f194b6b5fb706b074ca0ef59a0cfcfd720cb47764b0ec5a952ce422b3?s=96&d=mm&r=g","contentUrl":"https:\/\/secure.gravatar.com\/avatar\/7463443f194b6b5fb706b074ca0ef59a0cfcfd720cb47764b0ec5a952ce422b3?s=96&d=mm&r=g","caption":"La r\u00e9daction"},"sameAs":["https:\/\/stourm.news"],"url":"https:\/\/stourm.news\/?author=1"}]}},"_links":{"self":[{"href":"https:\/\/stourm.news\/index.php?rest_route=\/wp\/v2\/posts\/1733","targetHints":{"allow":["GET"]}}],"collection":[{"href":"https:\/\/stourm.news\/index.php?rest_route=\/wp\/v2\/posts"}],"about":[{"href":"https:\/\/stourm.news\/index.php?rest_route=\/wp\/v2\/types\/post"}],"author":[{"embeddable":true,"href":"https:\/\/stourm.news\/index.php?rest_route=\/wp\/v2\/users\/1"}],"replies":[{"embeddable":true,"href":"https:\/\/stourm.news\/index.php?rest_route=%2Fwp%2Fv2%2Fcomments&post=1733"}],"version-history":[{"count":1,"href":"https:\/\/stourm.news\/index.php?rest_route=\/wp\/v2\/posts\/1733\/revisions"}],"predecessor-version":[{"id":1735,"href":"https:\/\/stourm.news\/index.php?rest_route=\/wp\/v2\/posts\/1733\/revisions\/1735"}],"wp:featuredmedia":[{"embeddable":true,"href":"https:\/\/stourm.news\/index.php?rest_route=\/wp\/v2\/media\/1734"}],"wp:attachment":[{"href":"https:\/\/stourm.news\/index.php?rest_route=%2Fwp%2Fv2%2Fmedia&parent=1733"}],"wp:term":[{"taxonomy":"category","embeddable":true,"href":"https:\/\/stourm.news\/index.php?rest_route=%2Fwp%2Fv2%2Fcategories&post=1733"},{"taxonomy":"post_tag","embeddable":true,"href":"https:\/\/stourm.news\/index.php?rest_route=%2Fwp%2Fv2%2Ftags&post=1733"}],"curies":[{"name":"wp","href":"https:\/\/api.w.org\/{rel}","templated":true}]}}