{"id":1736,"date":"2024-06-25T15:51:40","date_gmt":"2024-06-25T15:51:40","guid":{"rendered":"https:\/\/stourm.news\/?p=1736"},"modified":"2024-06-25T15:51:40","modified_gmt":"2024-06-25T15:51:40","slug":"rennes-par-peur-des-futurs-manifestations-dultra-gauche-les-commerces-se-barricadent","status":"publish","type":"post","link":"https:\/\/stourm.news\/?p=1736","title":{"rendered":"Rennes : par peur des futurs manifestations d&rsquo;ultra-gauche, les commerces se barricadent"},"content":{"rendered":"<p style=\"text-align: justify;\">Depuis quelques jours, sur les grands boulevards de Rennes, il flotte comme une ambiance <strong>de ville assi\u00e9g\u00e9e, de ville en guerre<\/strong>. \u00c0 la faveur des <strong>manifestations<\/strong> qui se sont d\u00e9roul\u00e9es suite aux r\u00e9sultats des \u00e9lections europ\u00e9ennes mais aussi suite \u00e0 la marche des fiert\u00e9s, o\u00f9 des membres<strong> de l\u2019ultra gauche<\/strong> ont saccag\u00e9 des commerces, les panneaux de bois ont refleuri massivement dans la ville en fin de semaine derni\u00e8re. \u00ab On est tous traumatis\u00e9s par la r\u00e9forme des retraites, souffle J\u00e9r\u00f4me, salari\u00e9 chez un cuisiniste. \u00ab Durant des mois l\u2019an dernier, <strong>l\u2019ultra gauche<\/strong> s\u2019est acharn\u00e9e sur Rennes. Maintenant, nous pr\u00e9f\u00e9rons anticiper que de subir des gros d\u00e9g\u00e2ts. Nous pr\u00e9f\u00e9rons \u00e9viter d\u2019avoir des personnels traumatis\u00e9s et de devoir fermer nos commerces des semaines, voire des mois. \u00bb M\u00eame son de cloche chez le courtier Meilleur taux : \u00ab On pr\u00e9f\u00e8re se calfeutrer que d\u2019avoir \u00e0 fermer compl\u00e8tement une agence saccag\u00e9e. \u00bb<\/p>\n<p>Source : <a href=\"https:\/\/www.letelegramme.fr\/ille-et-vilaine\/rennes-35000\/a-rennes-pourquoi-les-commercants-se-barricadent-6612256.php\">Le T\u00e9l\u00e9gramme<\/a><\/p>\n","protected":false},"excerpt":{"rendered":"<p>Depuis quelques jours, sur les grands boulevards de Rennes, il flotte comme une ambiance de ville assi\u00e9g\u00e9e, de ville en guerre. \u00c0 la faveur des manifestations qui se sont d\u00e9roul\u00e9es suite aux r\u00e9sultats des \u00e9lections europ\u00e9ennes mais aussi suite \u00e0 la marche des fiert\u00e9s, o\u00f9 des membres de l\u2019ultra gauche ont saccag\u00e9 des commerces, les [&hellip;]<\/p>\n","protected":false},"author":1,"featured_media":1737,"comment_status":"open","ping_status":"open","sticky":false,"template":"","format":"standard","meta":{"sb_editor_width":"","footnotes":""},"categories":[36,41,62],"tags":[],"class_list":["post-1736","post","type-post","status-publish","format-standard","has-post-thumbnail","hentry","category-extreme-gauche","category-ille-et-vilaine","category-revue-de-presse"],"relative_dates":{"created":"2 ans ago","modified":"2 ans ago"},"yoast_head":"<!-- This site is optimized with the Yoast SEO plugin v26.3 - https:\/\/yoast.com\/wordpress\/plugins\/seo\/ -->\n<title>Rennes : par peur des futurs manifestations d&#039;ultra-gauche, les commerces se barricadent - STOURM<\/title>\n<meta name=\"robots\" content=\"index, follow, max-snippet:-1, max-image-preview:large, max-video-preview:-1\" \/>\n<link rel=\"canonical\" href=\"https:\/\/stourm.news\/?p=1736\" \/>\n<meta property=\"og:locale\" content=\"fr_FR\" \/>\n<meta property=\"og:type\" content=\"article\" \/>\n<meta property=\"og:title\" content=\"Rennes : par peur des futurs manifestations d&#039;ultra-gauche, les commerces se barricadent - STOURM\" \/>\n<meta property=\"og:description\" content=\"Depuis quelques jours, sur les grands boulevards de Rennes, il flotte comme une ambiance de ville assi\u00e9g\u00e9e, de ville en guerre. \u00c0 la faveur des manifestations qui se sont d\u00e9roul\u00e9es suite aux r\u00e9sultats des \u00e9lections europ\u00e9ennes mais aussi suite \u00e0 la marche des fiert\u00e9s, o\u00f9 des membres de l\u2019ultra gauche ont saccag\u00e9 des commerces, les [&hellip;]\" \/>\n<meta property=\"og:url\" content=\"https:\/\/stourm.news\/?p=1736\" \/>\n<meta property=\"og:site_name\" content=\"STOURM\" \/>\n<meta property=\"article:publisher\" content=\"https:\/\/www.facebook.com\/stourmnews\/\" \/>\n<meta property=\"article:published_time\" content=\"2024-06-25T15:51:40+00:00\" \/>\n<meta property=\"og:image\" content=\"https:\/\/stourm.news\/wp-content\/uploads\/2024\/06\/1200x680_sc_e11ae562-590a-4fe1-8153-498c4b0628c5.jpg\" \/>\n\t<meta property=\"og:image:width\" content=\"1200\" \/>\n\t<meta property=\"og:image:height\" content=\"680\" \/>\n\t<meta property=\"og:image:type\" content=\"image\/jpeg\" \/>\n<meta name=\"author\" content=\"La r\u00e9daction\" \/>\n<meta name=\"twitter:card\" content=\"summary_large_image\" \/>\n<meta name=\"twitter:label1\" content=\"\u00c9crit par\" \/>\n\t<meta name=\"twitter:data1\" content=\"La r\u00e9daction\" \/>\n\t<meta name=\"twitter:label2\" content=\"Dur\u00e9e de lecture estim\u00e9e\" \/>\n\t<meta name=\"twitter:data2\" content=\"1 minute\" \/>\n<script type=\"application\/ld+json\" class=\"yoast-schema-graph\">{\"@context\":\"https:\/\/schema.org\",\"@graph\":[{\"@type\":\"Article\",\"@id\":\"https:\/\/stourm.news\/?p=1736#article\",\"isPartOf\":{\"@id\":\"https:\/\/stourm.news\/?p=1736\"},\"author\":{\"name\":\"La r\u00e9daction\",\"@id\":\"https:\/\/stourm.news\/#\/schema\/person\/c3e1dc65988632e190969234ef046cf9\"},\"headline\":\"Rennes : par peur des futurs manifestations d&rsquo;ultra-gauche, les commerces se barricadent\",\"datePublished\":\"2024-06-25T15:51:40+00:00\",\"mainEntityOfPage\":{\"@id\":\"https:\/\/stourm.news\/?p=1736\"},\"wordCount\":189,\"commentCount\":0,\"publisher\":{\"@id\":\"https:\/\/stourm.news\/#organization\"},\"image\":{\"@id\":\"https:\/\/stourm.news\/?p=1736#primaryimage\"},\"thumbnailUrl\":\"https:\/\/stourm.news\/wp-content\/uploads\/2024\/06\/1200x680_sc_e11ae562-590a-4fe1-8153-498c4b0628c5.jpg\",\"articleSection\":[\"Extr\u00eame-gauche\",\"Ille-et-Vilaine\",\"Revue de presse\"],\"inLanguage\":\"fr-FR\",\"potentialAction\":[{\"@type\":\"CommentAction\",\"name\":\"Comment\",\"target\":[\"https:\/\/stourm.news\/?p=1736#respond\"]}]},{\"@type\":\"WebPage\",\"@id\":\"https:\/\/stourm.news\/?p=1736\",\"url\":\"https:\/\/stourm.news\/?p=1736\",\"name\":\"Rennes : par peur des futurs manifestations d'ultra-gauche, les commerces se barricadent - STOURM\",\"isPartOf\":{\"@id\":\"https:\/\/stourm.news\/#website\"},\"primaryImageOfPage\":{\"@id\":\"https:\/\/stourm.news\/?p=1736#primaryimage\"},\"image\":{\"@id\":\"https:\/\/stourm.news\/?p=1736#primaryimage\"},\"thumbnailUrl\":\"https:\/\/stourm.news\/wp-content\/uploads\/2024\/06\/1200x680_sc_e11ae562-590a-4fe1-8153-498c4b0628c5.jpg\",\"datePublished\":\"2024-06-25T15:51:40+00:00\",\"breadcrumb\":{\"@id\":\"https:\/\/stourm.news\/?p=1736#breadcrumb\"},\"inLanguage\":\"fr-FR\",\"potentialAction\":[{\"@type\":\"ReadAction\",\"target\":[\"https:\/\/stourm.news\/?p=1736\"]}]},{\"@type\":\"ImageObject\",\"inLanguage\":\"fr-FR\",\"@id\":\"https:\/\/stourm.news\/?p=1736#primaryimage\",\"url\":\"https:\/\/stourm.news\/wp-content\/uploads\/2024\/06\/1200x680_sc_e11ae562-590a-4fe1-8153-498c4b0628c5.jpg\",\"contentUrl\":\"https:\/\/stourm.news\/wp-content\/uploads\/2024\/06\/1200x680_sc_e11ae562-590a-4fe1-8153-498c4b0628c5.jpg\",\"width\":1200,\"height\":680},{\"@type\":\"BreadcrumbList\",\"@id\":\"https:\/\/stourm.news\/?p=1736#breadcrumb\",\"itemListElement\":[{\"@type\":\"ListItem\",\"position\":1,\"name\":\"Accueil\",\"item\":\"https:\/\/stourm.news\/\"},{\"@type\":\"ListItem\",\"position\":2,\"name\":\"Rennes : par peur des futurs manifestations d&rsquo;ultra-gauche, les commerces se barricadent\"}]},{\"@type\":\"WebSite\",\"@id\":\"https:\/\/stourm.news\/#website\",\"url\":\"https:\/\/stourm.news\/\",\"name\":\"Stourm\",\"description\":\"Kazetenn Strollad Broadel Breizh\",\"publisher\":{\"@id\":\"https:\/\/stourm.news\/#organization\"},\"potentialAction\":[{\"@type\":\"SearchAction\",\"target\":{\"@type\":\"EntryPoint\",\"urlTemplate\":\"https:\/\/stourm.news\/?s={search_term_string}\"},\"query-input\":{\"@type\":\"PropertyValueSpecification\",\"valueRequired\":true,\"valueName\":\"search_term_string\"}}],\"inLanguage\":\"fr-FR\"},{\"@type\":\"Organization\",\"@id\":\"https:\/\/stourm.news\/#organization\",\"name\":\"Stourm\",\"url\":\"https:\/\/stourm.news\/\",\"logo\":{\"@type\":\"ImageObject\",\"inLanguage\":\"fr-FR\",\"@id\":\"https:\/\/stourm.news\/#\/schema\/logo\/image\/\",\"url\":\"https:\/\/stourm.news\/wp-content\/uploads\/2025\/11\/cropped-Capture-decran-2025-11-28-a-15.19.07.png\",\"contentUrl\":\"https:\/\/stourm.news\/wp-content\/uploads\/2025\/11\/cropped-Capture-decran-2025-11-28-a-15.19.07.png\",\"width\":1855,\"height\":383,\"caption\":\"Stourm\"},\"image\":{\"@id\":\"https:\/\/stourm.news\/#\/schema\/logo\/image\/\"},\"sameAs\":[\"https:\/\/www.facebook.com\/stourmnews\/\"]},{\"@type\":\"Person\",\"@id\":\"https:\/\/stourm.news\/#\/schema\/person\/c3e1dc65988632e190969234ef046cf9\",\"name\":\"La r\u00e9daction\",\"image\":{\"@type\":\"ImageObject\",\"inLanguage\":\"fr-FR\",\"@id\":\"https:\/\/stourm.news\/#\/schema\/person\/image\/\",\"url\":\"https:\/\/secure.gravatar.com\/avatar\/7463443f194b6b5fb706b074ca0ef59a0cfcfd720cb47764b0ec5a952ce422b3?s=96&d=mm&r=g\",\"contentUrl\":\"https:\/\/secure.gravatar.com\/avatar\/7463443f194b6b5fb706b074ca0ef59a0cfcfd720cb47764b0ec5a952ce422b3?s=96&d=mm&r=g\",\"caption\":\"La r\u00e9daction\"},\"sameAs\":[\"https:\/\/stourm.news\"],\"url\":\"https:\/\/stourm.news\/?author=1\"}]}<\/script>\n<!-- \/ Yoast SEO plugin. -->","yoast_head_json":{"title":"Rennes : par peur des futurs manifestations d'ultra-gauche, les commerces se barricadent - STOURM","robots":{"index":"index","follow":"follow","max-snippet":"max-snippet:-1","max-image-preview":"max-image-preview:large","max-video-preview":"max-video-preview:-1"},"canonical":"https:\/\/stourm.news\/?p=1736","og_locale":"fr_FR","og_type":"article","og_title":"Rennes : par peur des futurs manifestations d'ultra-gauche, les commerces se barricadent - STOURM","og_description":"Depuis quelques jours, sur les grands boulevards de Rennes, il flotte comme une ambiance de ville assi\u00e9g\u00e9e, de ville en guerre. \u00c0 la faveur des manifestations qui se sont d\u00e9roul\u00e9es suite aux r\u00e9sultats des \u00e9lections europ\u00e9ennes mais aussi suite \u00e0 la marche des fiert\u00e9s, o\u00f9 des membres de l\u2019ultra gauche ont saccag\u00e9 des commerces, les [&hellip;]","og_url":"https:\/\/stourm.news\/?p=1736","og_site_name":"STOURM","article_publisher":"https:\/\/www.facebook.com\/stourmnews\/","article_published_time":"2024-06-25T15:51:40+00:00","og_image":[{"width":1200,"height":680,"url":"https:\/\/stourm.news\/wp-content\/uploads\/2024\/06\/1200x680_sc_e11ae562-590a-4fe1-8153-498c4b0628c5.jpg","type":"image\/jpeg"}],"author":"La r\u00e9daction","twitter_card":"summary_large_image","twitter_misc":{"\u00c9crit par":"La r\u00e9daction","Dur\u00e9e de lecture estim\u00e9e":"1 minute"},"schema":{"@context":"https:\/\/schema.org","@graph":[{"@type":"Article","@id":"https:\/\/stourm.news\/?p=1736#article","isPartOf":{"@id":"https:\/\/stourm.news\/?p=1736"},"author":{"name":"La r\u00e9daction","@id":"https:\/\/stourm.news\/#\/schema\/person\/c3e1dc65988632e190969234ef046cf9"},"headline":"Rennes : par peur des futurs manifestations d&rsquo;ultra-gauche, les commerces se barricadent","datePublished":"2024-06-25T15:51:40+00:00","mainEntityOfPage":{"@id":"https:\/\/stourm.news\/?p=1736"},"wordCount":189,"commentCount":0,"publisher":{"@id":"https:\/\/stourm.news\/#organization"},"image":{"@id":"https:\/\/stourm.news\/?p=1736#primaryimage"},"thumbnailUrl":"https:\/\/stourm.news\/wp-content\/uploads\/2024\/06\/1200x680_sc_e11ae562-590a-4fe1-8153-498c4b0628c5.jpg","articleSection":["Extr\u00eame-gauche","Ille-et-Vilaine","Revue de presse"],"inLanguage":"fr-FR","potentialAction":[{"@type":"CommentAction","name":"Comment","target":["https:\/\/stourm.news\/?p=1736#respond"]}]},{"@type":"WebPage","@id":"https:\/\/stourm.news\/?p=1736","url":"https:\/\/stourm.news\/?p=1736","name":"Rennes : par peur des futurs manifestations d'ultra-gauche, les commerces se barricadent - STOURM","isPartOf":{"@id":"https:\/\/stourm.news\/#website"},"primaryImageOfPage":{"@id":"https:\/\/stourm.news\/?p=1736#primaryimage"},"image":{"@id":"https:\/\/stourm.news\/?p=1736#primaryimage"},"thumbnailUrl":"https:\/\/stourm.news\/wp-content\/uploads\/2024\/06\/1200x680_sc_e11ae562-590a-4fe1-8153-498c4b0628c5.jpg","datePublished":"2024-06-25T15:51:40+00:00","breadcrumb":{"@id":"https:\/\/stourm.news\/?p=1736#breadcrumb"},"inLanguage":"fr-FR","potentialAction":[{"@type":"ReadAction","target":["https:\/\/stourm.news\/?p=1736"]}]},{"@type":"ImageObject","inLanguage":"fr-FR","@id":"https:\/\/stourm.news\/?p=1736#primaryimage","url":"https:\/\/stourm.news\/wp-content\/uploads\/2024\/06\/1200x680_sc_e11ae562-590a-4fe1-8153-498c4b0628c5.jpg","contentUrl":"https:\/\/stourm.news\/wp-content\/uploads\/2024\/06\/1200x680_sc_e11ae562-590a-4fe1-8153-498c4b0628c5.jpg","width":1200,"height":680},{"@type":"BreadcrumbList","@id":"https:\/\/stourm.news\/?p=1736#breadcrumb","itemListElement":[{"@type":"ListItem","position":1,"name":"Accueil","item":"https:\/\/stourm.news\/"},{"@type":"ListItem","position":2,"name":"Rennes : par peur des futurs manifestations d&rsquo;ultra-gauche, les commerces se barricadent"}]},{"@type":"WebSite","@id":"https:\/\/stourm.news\/#website","url":"https:\/\/stourm.news\/","name":"Stourm","description":"Kazetenn Strollad Broadel Breizh","publisher":{"@id":"https:\/\/stourm.news\/#organization"},"potentialAction":[{"@type":"SearchAction","target":{"@type":"EntryPoint","urlTemplate":"https:\/\/stourm.news\/?s={search_term_string}"},"query-input":{"@type":"PropertyValueSpecification","valueRequired":true,"valueName":"search_term_string"}}],"inLanguage":"fr-FR"},{"@type":"Organization","@id":"https:\/\/stourm.news\/#organization","name":"Stourm","url":"https:\/\/stourm.news\/","logo":{"@type":"ImageObject","inLanguage":"fr-FR","@id":"https:\/\/stourm.news\/#\/schema\/logo\/image\/","url":"https:\/\/stourm.news\/wp-content\/uploads\/2025\/11\/cropped-Capture-decran-2025-11-28-a-15.19.07.png","contentUrl":"https:\/\/stourm.news\/wp-content\/uploads\/2025\/11\/cropped-Capture-decran-2025-11-28-a-15.19.07.png","width":1855,"height":383,"caption":"Stourm"},"image":{"@id":"https:\/\/stourm.news\/#\/schema\/logo\/image\/"},"sameAs":["https:\/\/www.facebook.com\/stourmnews\/"]},{"@type":"Person","@id":"https:\/\/stourm.news\/#\/schema\/person\/c3e1dc65988632e190969234ef046cf9","name":"La r\u00e9daction","image":{"@type":"ImageObject","inLanguage":"fr-FR","@id":"https:\/\/stourm.news\/#\/schema\/person\/image\/","url":"https:\/\/secure.gravatar.com\/avatar\/7463443f194b6b5fb706b074ca0ef59a0cfcfd720cb47764b0ec5a952ce422b3?s=96&d=mm&r=g","contentUrl":"https:\/\/secure.gravatar.com\/avatar\/7463443f194b6b5fb706b074ca0ef59a0cfcfd720cb47764b0ec5a952ce422b3?s=96&d=mm&r=g","caption":"La r\u00e9daction"},"sameAs":["https:\/\/stourm.news"],"url":"https:\/\/stourm.news\/?author=1"}]}},"_links":{"self":[{"href":"https:\/\/stourm.news\/index.php?rest_route=\/wp\/v2\/posts\/1736","targetHints":{"allow":["GET"]}}],"collection":[{"href":"https:\/\/stourm.news\/index.php?rest_route=\/wp\/v2\/posts"}],"about":[{"href":"https:\/\/stourm.news\/index.php?rest_route=\/wp\/v2\/types\/post"}],"author":[{"embeddable":true,"href":"https:\/\/stourm.news\/index.php?rest_route=\/wp\/v2\/users\/1"}],"replies":[{"embeddable":true,"href":"https:\/\/stourm.news\/index.php?rest_route=%2Fwp%2Fv2%2Fcomments&post=1736"}],"version-history":[{"count":1,"href":"https:\/\/stourm.news\/index.php?rest_route=\/wp\/v2\/posts\/1736\/revisions"}],"predecessor-version":[{"id":1738,"href":"https:\/\/stourm.news\/index.php?rest_route=\/wp\/v2\/posts\/1736\/revisions\/1738"}],"wp:featuredmedia":[{"embeddable":true,"href":"https:\/\/stourm.news\/index.php?rest_route=\/wp\/v2\/media\/1737"}],"wp:attachment":[{"href":"https:\/\/stourm.news\/index.php?rest_route=%2Fwp%2Fv2%2Fmedia&parent=1736"}],"wp:term":[{"taxonomy":"category","embeddable":true,"href":"https:\/\/stourm.news\/index.php?rest_route=%2Fwp%2Fv2%2Fcategories&post=1736"},{"taxonomy":"post_tag","embeddable":true,"href":"https:\/\/stourm.news\/index.php?rest_route=%2Fwp%2Fv2%2Ftags&post=1736"}],"curies":[{"name":"wp","href":"https:\/\/api.w.org\/{rel}","templated":true}]}}