{"id":1745,"date":"2024-06-26T09:34:02","date_gmt":"2024-06-26T09:34:02","guid":{"rendered":"https:\/\/stourm.news\/?p=1745"},"modified":"2024-06-26T09:36:01","modified_gmt":"2024-06-26T09:36:01","slug":"limmigration-est-quelque-chose-de-positif-sur-le-territoire-de-morlaix-affirment-les-associations-dextreme-gauche-qui-organisent-linstallation-des-migrants","status":"publish","type":"post","link":"https:\/\/stourm.news\/?p=1745","title":{"rendered":"\u00ab L\u2019immigration est quelque chose de positif sur le territoire de Morlaix \u00bb affirment les associations d&rsquo;extr\u00eame-gauche qui organisent l&rsquo;installation des migrants"},"content":{"rendered":"<p style=\"text-align: justify;\">Le Collectif d\u2019associations du Pays de Morlaix venant en aide aux personnes exil\u00e9es (Utopistes en action, Morlaix libert\u00e9s, Cent pour un toit Morlaix, Landivisiau et Saint-Pol-de-L\u00e9on, Ligue des droits de l\u2019homme, Amnesty International, ACAT et EMAL29), r\u00e9uni devant un lieu embl\u00e9matique de leurs actions compl\u00e9mentaires sur le territoire : l\u2019\u00c9cole alternative des monts d\u2019Arr\u00e9e \u00e0 Pleyber-Christ.<\/p>\n<p style=\"text-align: justify;\">\u00ab L\u2019immigration est quelque chose de positif sur le territoire de Morlaix : ce sont des jeunes qui vont au lyc\u00e9e avec beaucoup de r\u00e9ussite car ils en veulent, qui obtiennent des promesses d\u2019embauche. Ce sont de nombreuses m\u00e8res seules avec leurs enfants scolaris\u00e9s qui remplissent les \u00e9coles. Ce sont des hommes et des femmes qui ont r\u00e9ussi \u00e0 trouver du travail, \u00e0 \u00eatre r\u00e9gularis\u00e9s : des pans entiers de l\u2019\u00e9conomie locale (agroalimentaire, agriculture, restauration) ne tourneraient pas sans eux \u00bb. Voil\u00e0 les grandes lignes du tableau bross\u00e9 par le Collectif d\u2019associations venant en aide aux personnes exil\u00e9es (*), qui accompagne sur le Pays de Morlaix \u00ab un panel mondial d\u2019immigr\u00e9s, pour raisons politiques, \u00e9conomiques ou qui fuient le poids des traditions (violences intrafamiliales, mariages forc\u00e9s, excision, probl\u00e8me d\u2019acceptation de genre) \u00bb.<\/p>\n<p>Source : <a href=\"https:\/\/www.letelegramme.fr\/finistere\/morlaix-29600\/limmigration-est-quelque-chose-de-positif-sur-le-territoire-de-morlaix-le-collectif-daide-aux-exiles-inquiet-pour-lavenir-6612463.php\">Le T\u00e9l\u00e9gramme<\/a><\/p>\n","protected":false},"excerpt":{"rendered":"<p>Le Collectif d\u2019associations du Pays de Morlaix venant en aide aux personnes exil\u00e9es (Utopistes en action, Morlaix libert\u00e9s, Cent pour un toit Morlaix, Landivisiau et Saint-Pol-de-L\u00e9on, Ligue des droits de l\u2019homme, Amnesty International, ACAT et EMAL29), r\u00e9uni devant un lieu embl\u00e9matique de leurs actions compl\u00e9mentaires sur le territoire : l\u2019\u00c9cole alternative des monts d\u2019Arr\u00e9e \u00e0 [&hellip;]<\/p>\n","protected":false},"author":1,"featured_media":1747,"comment_status":"open","ping_status":"open","sticky":false,"template":"","format":"standard","meta":{"sb_editor_width":"","footnotes":""},"categories":[36,38,33,62],"tags":[],"class_list":["post-1745","post","type-post","status-publish","format-standard","has-post-thumbnail","hentry","category-extreme-gauche","category-finistere","category-immigration","category-revue-de-presse"],"relative_dates":{"created":"2 ans ago","modified":"2 ans ago"},"yoast_head":"<!-- This site is optimized with the Yoast SEO plugin v26.3 - https:\/\/yoast.com\/wordpress\/plugins\/seo\/ -->\n<title>\u00ab L\u2019immigration est quelque chose de positif sur le territoire de Morlaix \u00bb affirment les associations d&#039;extr\u00eame-gauche qui organisent l&#039;installation des migrants - STOURM<\/title>\n<meta name=\"robots\" content=\"index, follow, max-snippet:-1, max-image-preview:large, max-video-preview:-1\" \/>\n<link rel=\"canonical\" href=\"https:\/\/stourm.news\/?p=1745\" \/>\n<meta property=\"og:locale\" content=\"fr_FR\" \/>\n<meta property=\"og:type\" content=\"article\" \/>\n<meta property=\"og:title\" content=\"\u00ab L\u2019immigration est quelque chose de positif sur le territoire de Morlaix \u00bb affirment les associations d&#039;extr\u00eame-gauche qui organisent l&#039;installation des migrants - STOURM\" \/>\n<meta property=\"og:description\" content=\"Le Collectif d\u2019associations du Pays de Morlaix venant en aide aux personnes exil\u00e9es (Utopistes en action, Morlaix libert\u00e9s, Cent pour un toit Morlaix, Landivisiau et Saint-Pol-de-L\u00e9on, Ligue des droits de l\u2019homme, Amnesty International, ACAT et EMAL29), r\u00e9uni devant un lieu embl\u00e9matique de leurs actions compl\u00e9mentaires sur le territoire : l\u2019\u00c9cole alternative des monts d\u2019Arr\u00e9e \u00e0 [&hellip;]\" \/>\n<meta property=\"og:url\" content=\"https:\/\/stourm.news\/?p=1745\" \/>\n<meta property=\"og:site_name\" content=\"STOURM\" \/>\n<meta property=\"article:publisher\" content=\"https:\/\/www.facebook.com\/stourmnews\/\" \/>\n<meta property=\"article:published_time\" content=\"2024-06-26T09:34:02+00:00\" \/>\n<meta property=\"article:modified_time\" content=\"2024-06-26T09:36:01+00:00\" \/>\n<meta property=\"og:image\" content=\"https:\/\/stourm.news\/wp-content\/uploads\/2024\/06\/en-france-de-nombreux-campements-de-fortune-regorgent-de-demandeurs-d-asile-photo-afp-christophe-archambault-1642781739.jpg\" \/>\n\t<meta property=\"og:image:width\" content=\"1600\" \/>\n\t<meta property=\"og:image:height\" content=\"1067\" \/>\n\t<meta property=\"og:image:type\" content=\"image\/jpeg\" \/>\n<meta name=\"author\" content=\"La r\u00e9daction\" \/>\n<meta name=\"twitter:card\" content=\"summary_large_image\" \/>\n<meta name=\"twitter:label1\" content=\"\u00c9crit par\" \/>\n\t<meta name=\"twitter:data1\" content=\"La r\u00e9daction\" \/>\n\t<meta name=\"twitter:label2\" content=\"Dur\u00e9e de lecture estim\u00e9e\" \/>\n\t<meta name=\"twitter:data2\" content=\"2 minutes\" \/>\n<script type=\"application\/ld+json\" class=\"yoast-schema-graph\">{\"@context\":\"https:\/\/schema.org\",\"@graph\":[{\"@type\":\"Article\",\"@id\":\"https:\/\/stourm.news\/?p=1745#article\",\"isPartOf\":{\"@id\":\"https:\/\/stourm.news\/?p=1745\"},\"author\":{\"name\":\"La r\u00e9daction\",\"@id\":\"https:\/\/stourm.news\/#\/schema\/person\/c3e1dc65988632e190969234ef046cf9\"},\"headline\":\"\u00ab L\u2019immigration est quelque chose de positif sur le territoire de Morlaix \u00bb affirment les associations d&rsquo;extr\u00eame-gauche qui organisent l&rsquo;installation des migrants\",\"datePublished\":\"2024-06-26T09:34:02+00:00\",\"dateModified\":\"2024-06-26T09:36:01+00:00\",\"mainEntityOfPage\":{\"@id\":\"https:\/\/stourm.news\/?p=1745\"},\"wordCount\":234,\"commentCount\":0,\"publisher\":{\"@id\":\"https:\/\/stourm.news\/#organization\"},\"image\":{\"@id\":\"https:\/\/stourm.news\/?p=1745#primaryimage\"},\"thumbnailUrl\":\"https:\/\/stourm.news\/wp-content\/uploads\/2024\/06\/en-france-de-nombreux-campements-de-fortune-regorgent-de-demandeurs-d-asile-photo-afp-christophe-archambault-1642781739.jpg\",\"articleSection\":[\"Extr\u00eame-gauche\",\"Finist\u00e8re\",\"Immigration\",\"Revue de presse\"],\"inLanguage\":\"fr-FR\",\"potentialAction\":[{\"@type\":\"CommentAction\",\"name\":\"Comment\",\"target\":[\"https:\/\/stourm.news\/?p=1745#respond\"]}]},{\"@type\":\"WebPage\",\"@id\":\"https:\/\/stourm.news\/?p=1745\",\"url\":\"https:\/\/stourm.news\/?p=1745\",\"name\":\"\u00ab L\u2019immigration est quelque chose de positif sur le territoire de Morlaix \u00bb affirment les associations d'extr\u00eame-gauche qui organisent l'installation des migrants - STOURM\",\"isPartOf\":{\"@id\":\"https:\/\/stourm.news\/#website\"},\"primaryImageOfPage\":{\"@id\":\"https:\/\/stourm.news\/?p=1745#primaryimage\"},\"image\":{\"@id\":\"https:\/\/stourm.news\/?p=1745#primaryimage\"},\"thumbnailUrl\":\"https:\/\/stourm.news\/wp-content\/uploads\/2024\/06\/en-france-de-nombreux-campements-de-fortune-regorgent-de-demandeurs-d-asile-photo-afp-christophe-archambault-1642781739.jpg\",\"datePublished\":\"2024-06-26T09:34:02+00:00\",\"dateModified\":\"2024-06-26T09:36:01+00:00\",\"breadcrumb\":{\"@id\":\"https:\/\/stourm.news\/?p=1745#breadcrumb\"},\"inLanguage\":\"fr-FR\",\"potentialAction\":[{\"@type\":\"ReadAction\",\"target\":[\"https:\/\/stourm.news\/?p=1745\"]}]},{\"@type\":\"ImageObject\",\"inLanguage\":\"fr-FR\",\"@id\":\"https:\/\/stourm.news\/?p=1745#primaryimage\",\"url\":\"https:\/\/stourm.news\/wp-content\/uploads\/2024\/06\/en-france-de-nombreux-campements-de-fortune-regorgent-de-demandeurs-d-asile-photo-afp-christophe-archambault-1642781739.jpg\",\"contentUrl\":\"https:\/\/stourm.news\/wp-content\/uploads\/2024\/06\/en-france-de-nombreux-campements-de-fortune-regorgent-de-demandeurs-d-asile-photo-afp-christophe-archambault-1642781739.jpg\",\"width\":1600,\"height\":1067},{\"@type\":\"BreadcrumbList\",\"@id\":\"https:\/\/stourm.news\/?p=1745#breadcrumb\",\"itemListElement\":[{\"@type\":\"ListItem\",\"position\":1,\"name\":\"Accueil\",\"item\":\"https:\/\/stourm.news\/\"},{\"@type\":\"ListItem\",\"position\":2,\"name\":\"\u00ab L\u2019immigration est quelque chose de positif sur le territoire de Morlaix \u00bb affirment les associations d&rsquo;extr\u00eame-gauche qui organisent l&rsquo;installation des migrants\"}]},{\"@type\":\"WebSite\",\"@id\":\"https:\/\/stourm.news\/#website\",\"url\":\"https:\/\/stourm.news\/\",\"name\":\"Stourm\",\"description\":\"Kazetenn Strollad Broadel Breizh\",\"publisher\":{\"@id\":\"https:\/\/stourm.news\/#organization\"},\"potentialAction\":[{\"@type\":\"SearchAction\",\"target\":{\"@type\":\"EntryPoint\",\"urlTemplate\":\"https:\/\/stourm.news\/?s={search_term_string}\"},\"query-input\":{\"@type\":\"PropertyValueSpecification\",\"valueRequired\":true,\"valueName\":\"search_term_string\"}}],\"inLanguage\":\"fr-FR\"},{\"@type\":\"Organization\",\"@id\":\"https:\/\/stourm.news\/#organization\",\"name\":\"Stourm\",\"url\":\"https:\/\/stourm.news\/\",\"logo\":{\"@type\":\"ImageObject\",\"inLanguage\":\"fr-FR\",\"@id\":\"https:\/\/stourm.news\/#\/schema\/logo\/image\/\",\"url\":\"https:\/\/stourm.news\/wp-content\/uploads\/2025\/11\/cropped-Capture-decran-2025-11-28-a-15.19.07.png\",\"contentUrl\":\"https:\/\/stourm.news\/wp-content\/uploads\/2025\/11\/cropped-Capture-decran-2025-11-28-a-15.19.07.png\",\"width\":1855,\"height\":383,\"caption\":\"Stourm\"},\"image\":{\"@id\":\"https:\/\/stourm.news\/#\/schema\/logo\/image\/\"},\"sameAs\":[\"https:\/\/www.facebook.com\/stourmnews\/\"]},{\"@type\":\"Person\",\"@id\":\"https:\/\/stourm.news\/#\/schema\/person\/c3e1dc65988632e190969234ef046cf9\",\"name\":\"La r\u00e9daction\",\"image\":{\"@type\":\"ImageObject\",\"inLanguage\":\"fr-FR\",\"@id\":\"https:\/\/stourm.news\/#\/schema\/person\/image\/\",\"url\":\"https:\/\/secure.gravatar.com\/avatar\/7463443f194b6b5fb706b074ca0ef59a0cfcfd720cb47764b0ec5a952ce422b3?s=96&d=mm&r=g\",\"contentUrl\":\"https:\/\/secure.gravatar.com\/avatar\/7463443f194b6b5fb706b074ca0ef59a0cfcfd720cb47764b0ec5a952ce422b3?s=96&d=mm&r=g\",\"caption\":\"La r\u00e9daction\"},\"sameAs\":[\"https:\/\/stourm.news\"],\"url\":\"https:\/\/stourm.news\/?author=1\"}]}<\/script>\n<!-- \/ Yoast SEO plugin. -->","yoast_head_json":{"title":"\u00ab L\u2019immigration est quelque chose de positif sur le territoire de Morlaix \u00bb affirment les associations d'extr\u00eame-gauche qui organisent l'installation des migrants - STOURM","robots":{"index":"index","follow":"follow","max-snippet":"max-snippet:-1","max-image-preview":"max-image-preview:large","max-video-preview":"max-video-preview:-1"},"canonical":"https:\/\/stourm.news\/?p=1745","og_locale":"fr_FR","og_type":"article","og_title":"\u00ab L\u2019immigration est quelque chose de positif sur le territoire de Morlaix \u00bb affirment les associations d'extr\u00eame-gauche qui organisent l'installation des migrants - STOURM","og_description":"Le Collectif d\u2019associations du Pays de Morlaix venant en aide aux personnes exil\u00e9es (Utopistes en action, Morlaix libert\u00e9s, Cent pour un toit Morlaix, Landivisiau et Saint-Pol-de-L\u00e9on, Ligue des droits de l\u2019homme, Amnesty International, ACAT et EMAL29), r\u00e9uni devant un lieu embl\u00e9matique de leurs actions compl\u00e9mentaires sur le territoire : l\u2019\u00c9cole alternative des monts d\u2019Arr\u00e9e \u00e0 [&hellip;]","og_url":"https:\/\/stourm.news\/?p=1745","og_site_name":"STOURM","article_publisher":"https:\/\/www.facebook.com\/stourmnews\/","article_published_time":"2024-06-26T09:34:02+00:00","article_modified_time":"2024-06-26T09:36:01+00:00","og_image":[{"width":1600,"height":1067,"url":"https:\/\/stourm.news\/wp-content\/uploads\/2024\/06\/en-france-de-nombreux-campements-de-fortune-regorgent-de-demandeurs-d-asile-photo-afp-christophe-archambault-1642781739.jpg","type":"image\/jpeg"}],"author":"La r\u00e9daction","twitter_card":"summary_large_image","twitter_misc":{"\u00c9crit par":"La r\u00e9daction","Dur\u00e9e de lecture estim\u00e9e":"2 minutes"},"schema":{"@context":"https:\/\/schema.org","@graph":[{"@type":"Article","@id":"https:\/\/stourm.news\/?p=1745#article","isPartOf":{"@id":"https:\/\/stourm.news\/?p=1745"},"author":{"name":"La r\u00e9daction","@id":"https:\/\/stourm.news\/#\/schema\/person\/c3e1dc65988632e190969234ef046cf9"},"headline":"\u00ab L\u2019immigration est quelque chose de positif sur le territoire de Morlaix \u00bb affirment les associations d&rsquo;extr\u00eame-gauche qui organisent l&rsquo;installation des migrants","datePublished":"2024-06-26T09:34:02+00:00","dateModified":"2024-06-26T09:36:01+00:00","mainEntityOfPage":{"@id":"https:\/\/stourm.news\/?p=1745"},"wordCount":234,"commentCount":0,"publisher":{"@id":"https:\/\/stourm.news\/#organization"},"image":{"@id":"https:\/\/stourm.news\/?p=1745#primaryimage"},"thumbnailUrl":"https:\/\/stourm.news\/wp-content\/uploads\/2024\/06\/en-france-de-nombreux-campements-de-fortune-regorgent-de-demandeurs-d-asile-photo-afp-christophe-archambault-1642781739.jpg","articleSection":["Extr\u00eame-gauche","Finist\u00e8re","Immigration","Revue de presse"],"inLanguage":"fr-FR","potentialAction":[{"@type":"CommentAction","name":"Comment","target":["https:\/\/stourm.news\/?p=1745#respond"]}]},{"@type":"WebPage","@id":"https:\/\/stourm.news\/?p=1745","url":"https:\/\/stourm.news\/?p=1745","name":"\u00ab L\u2019immigration est quelque chose de positif sur le territoire de Morlaix \u00bb affirment les associations d'extr\u00eame-gauche qui organisent l'installation des migrants - STOURM","isPartOf":{"@id":"https:\/\/stourm.news\/#website"},"primaryImageOfPage":{"@id":"https:\/\/stourm.news\/?p=1745#primaryimage"},"image":{"@id":"https:\/\/stourm.news\/?p=1745#primaryimage"},"thumbnailUrl":"https:\/\/stourm.news\/wp-content\/uploads\/2024\/06\/en-france-de-nombreux-campements-de-fortune-regorgent-de-demandeurs-d-asile-photo-afp-christophe-archambault-1642781739.jpg","datePublished":"2024-06-26T09:34:02+00:00","dateModified":"2024-06-26T09:36:01+00:00","breadcrumb":{"@id":"https:\/\/stourm.news\/?p=1745#breadcrumb"},"inLanguage":"fr-FR","potentialAction":[{"@type":"ReadAction","target":["https:\/\/stourm.news\/?p=1745"]}]},{"@type":"ImageObject","inLanguage":"fr-FR","@id":"https:\/\/stourm.news\/?p=1745#primaryimage","url":"https:\/\/stourm.news\/wp-content\/uploads\/2024\/06\/en-france-de-nombreux-campements-de-fortune-regorgent-de-demandeurs-d-asile-photo-afp-christophe-archambault-1642781739.jpg","contentUrl":"https:\/\/stourm.news\/wp-content\/uploads\/2024\/06\/en-france-de-nombreux-campements-de-fortune-regorgent-de-demandeurs-d-asile-photo-afp-christophe-archambault-1642781739.jpg","width":1600,"height":1067},{"@type":"BreadcrumbList","@id":"https:\/\/stourm.news\/?p=1745#breadcrumb","itemListElement":[{"@type":"ListItem","position":1,"name":"Accueil","item":"https:\/\/stourm.news\/"},{"@type":"ListItem","position":2,"name":"\u00ab L\u2019immigration est quelque chose de positif sur le territoire de Morlaix \u00bb affirment les associations d&rsquo;extr\u00eame-gauche qui organisent l&rsquo;installation des migrants"}]},{"@type":"WebSite","@id":"https:\/\/stourm.news\/#website","url":"https:\/\/stourm.news\/","name":"Stourm","description":"Kazetenn Strollad Broadel Breizh","publisher":{"@id":"https:\/\/stourm.news\/#organization"},"potentialAction":[{"@type":"SearchAction","target":{"@type":"EntryPoint","urlTemplate":"https:\/\/stourm.news\/?s={search_term_string}"},"query-input":{"@type":"PropertyValueSpecification","valueRequired":true,"valueName":"search_term_string"}}],"inLanguage":"fr-FR"},{"@type":"Organization","@id":"https:\/\/stourm.news\/#organization","name":"Stourm","url":"https:\/\/stourm.news\/","logo":{"@type":"ImageObject","inLanguage":"fr-FR","@id":"https:\/\/stourm.news\/#\/schema\/logo\/image\/","url":"https:\/\/stourm.news\/wp-content\/uploads\/2025\/11\/cropped-Capture-decran-2025-11-28-a-15.19.07.png","contentUrl":"https:\/\/stourm.news\/wp-content\/uploads\/2025\/11\/cropped-Capture-decran-2025-11-28-a-15.19.07.png","width":1855,"height":383,"caption":"Stourm"},"image":{"@id":"https:\/\/stourm.news\/#\/schema\/logo\/image\/"},"sameAs":["https:\/\/www.facebook.com\/stourmnews\/"]},{"@type":"Person","@id":"https:\/\/stourm.news\/#\/schema\/person\/c3e1dc65988632e190969234ef046cf9","name":"La r\u00e9daction","image":{"@type":"ImageObject","inLanguage":"fr-FR","@id":"https:\/\/stourm.news\/#\/schema\/person\/image\/","url":"https:\/\/secure.gravatar.com\/avatar\/7463443f194b6b5fb706b074ca0ef59a0cfcfd720cb47764b0ec5a952ce422b3?s=96&d=mm&r=g","contentUrl":"https:\/\/secure.gravatar.com\/avatar\/7463443f194b6b5fb706b074ca0ef59a0cfcfd720cb47764b0ec5a952ce422b3?s=96&d=mm&r=g","caption":"La r\u00e9daction"},"sameAs":["https:\/\/stourm.news"],"url":"https:\/\/stourm.news\/?author=1"}]}},"_links":{"self":[{"href":"https:\/\/stourm.news\/index.php?rest_route=\/wp\/v2\/posts\/1745","targetHints":{"allow":["GET"]}}],"collection":[{"href":"https:\/\/stourm.news\/index.php?rest_route=\/wp\/v2\/posts"}],"about":[{"href":"https:\/\/stourm.news\/index.php?rest_route=\/wp\/v2\/types\/post"}],"author":[{"embeddable":true,"href":"https:\/\/stourm.news\/index.php?rest_route=\/wp\/v2\/users\/1"}],"replies":[{"embeddable":true,"href":"https:\/\/stourm.news\/index.php?rest_route=%2Fwp%2Fv2%2Fcomments&post=1745"}],"version-history":[{"count":1,"href":"https:\/\/stourm.news\/index.php?rest_route=\/wp\/v2\/posts\/1745\/revisions"}],"predecessor-version":[{"id":1748,"href":"https:\/\/stourm.news\/index.php?rest_route=\/wp\/v2\/posts\/1745\/revisions\/1748"}],"wp:featuredmedia":[{"embeddable":true,"href":"https:\/\/stourm.news\/index.php?rest_route=\/wp\/v2\/media\/1747"}],"wp:attachment":[{"href":"https:\/\/stourm.news\/index.php?rest_route=%2Fwp%2Fv2%2Fmedia&parent=1745"}],"wp:term":[{"taxonomy":"category","embeddable":true,"href":"https:\/\/stourm.news\/index.php?rest_route=%2Fwp%2Fv2%2Fcategories&post=1745"},{"taxonomy":"post_tag","embeddable":true,"href":"https:\/\/stourm.news\/index.php?rest_route=%2Fwp%2Fv2%2Ftags&post=1745"}],"curies":[{"name":"wp","href":"https:\/\/api.w.org\/{rel}","templated":true}]}}