{"id":1749,"date":"2024-06-26T09:39:14","date_gmt":"2024-06-26T09:39:14","guid":{"rendered":"https:\/\/stourm.news\/?p=1749"},"modified":"2024-06-26T09:47:31","modified_gmt":"2024-06-26T09:47:31","slug":"un-homme-abattu-pres-dun-point-de-deal-dans-le-quartier-multiculturel-du-blosne","status":"publish","type":"post","link":"https:\/\/stourm.news\/?p=1749","title":{"rendered":"Un homme abattu pr\u00e8s d&rsquo;un point de deal dans le quartier multiculturel du Blosne"},"content":{"rendered":"<p style=\"text-align: justify;\">Un jeune homme<strong> a \u00e9t\u00e9 bless\u00e9 par balle<\/strong> dans la nuit de mardi \u00e0 mercredi, au centre commercial Italie, <strong>dans le quartier du Blosne<\/strong>, \u00e0 Rennes. Ses jours ne sont pas en danger.<\/p>\n<p>Un jeune homme de 22 ans, faisant l\u2019objet <strong>d\u2019un mandat de recherche<\/strong>, a \u00e9t\u00e9 victime <strong>d\u2019un r\u00e8glement de comptes<\/strong> dans la nuit de mardi \u00e0 mercredi, \u00e0 Rennes. Alors qu\u2019il se trouvait au centre commercial Italie, vers 2 h, il a re\u00e7u des coups de couteau, sans gravit\u00e9. Il s\u2019est \u00e9galement fait tirer dessus.<strong> Il a notamment re\u00e7u une balle dans la jambe.<\/strong><\/p>\n","protected":false},"excerpt":{"rendered":"<p>Un jeune homme a \u00e9t\u00e9 bless\u00e9 par balle dans la nuit de mardi \u00e0 mercredi, au centre commercial Italie, dans le quartier du Blosne, \u00e0 Rennes. Ses jours ne sont pas en danger. Un jeune homme de 22 ans, faisant l\u2019objet d\u2019un mandat de recherche, a \u00e9t\u00e9 victime d\u2019un r\u00e8glement de comptes dans la nuit [&hellip;]<\/p>\n","protected":false},"author":1,"featured_media":1750,"comment_status":"open","ping_status":"open","sticky":false,"template":"","format":"standard","meta":{"sb_editor_width":"","footnotes":""},"categories":[29,41,62],"tags":[],"class_list":["post-1749","post","type-post","status-publish","format-standard","has-post-thumbnail","hentry","category-drogue","category-ille-et-vilaine","category-revue-de-presse"],"relative_dates":{"created":"2 ans ago","modified":"2 ans ago"},"yoast_head":"<!-- This site is optimized with the Yoast SEO plugin v26.3 - https:\/\/yoast.com\/wordpress\/plugins\/seo\/ -->\n<title>Un homme abattu pr\u00e8s d&#039;un point de deal dans le quartier multiculturel du Blosne - STOURM<\/title>\n<meta name=\"robots\" content=\"index, follow, max-snippet:-1, max-image-preview:large, max-video-preview:-1\" \/>\n<link rel=\"canonical\" href=\"https:\/\/stourm.news\/?p=1749\" \/>\n<meta property=\"og:locale\" content=\"fr_FR\" \/>\n<meta property=\"og:type\" content=\"article\" \/>\n<meta property=\"og:title\" content=\"Un homme abattu pr\u00e8s d&#039;un point de deal dans le quartier multiculturel du Blosne - STOURM\" \/>\n<meta property=\"og:description\" content=\"Un jeune homme a \u00e9t\u00e9 bless\u00e9 par balle dans la nuit de mardi \u00e0 mercredi, au centre commercial Italie, dans le quartier du Blosne, \u00e0 Rennes. Ses jours ne sont pas en danger. Un jeune homme de 22 ans, faisant l\u2019objet d\u2019un mandat de recherche, a \u00e9t\u00e9 victime d\u2019un r\u00e8glement de comptes dans la nuit [&hellip;]\" \/>\n<meta property=\"og:url\" content=\"https:\/\/stourm.news\/?p=1749\" \/>\n<meta property=\"og:site_name\" content=\"STOURM\" \/>\n<meta property=\"article:publisher\" content=\"https:\/\/www.facebook.com\/stourmnews\/\" \/>\n<meta property=\"article:published_time\" content=\"2024-06-26T09:39:14+00:00\" \/>\n<meta property=\"article:modified_time\" content=\"2024-06-26T09:47:31+00:00\" \/>\n<meta property=\"og:image\" content=\"https:\/\/stourm.news\/wp-content\/uploads\/2024\/06\/MjAyNDA1ZjNkZmUyYTYxODc4OWIwZjI4NDJlZmZmMjljNTNmNjg.webp\" \/>\n\t<meta property=\"og:image:width\" content=\"1260\" \/>\n\t<meta property=\"og:image:height\" content=\"708\" \/>\n\t<meta property=\"og:image:type\" content=\"image\/webp\" \/>\n<meta name=\"author\" content=\"La r\u00e9daction\" \/>\n<meta name=\"twitter:card\" content=\"summary_large_image\" \/>\n<meta name=\"twitter:label1\" content=\"\u00c9crit par\" \/>\n\t<meta name=\"twitter:data1\" content=\"La r\u00e9daction\" \/>\n\t<meta name=\"twitter:label2\" content=\"Dur\u00e9e de lecture estim\u00e9e\" \/>\n\t<meta name=\"twitter:data2\" content=\"1 minute\" \/>\n<script type=\"application\/ld+json\" class=\"yoast-schema-graph\">{\"@context\":\"https:\/\/schema.org\",\"@graph\":[{\"@type\":\"Article\",\"@id\":\"https:\/\/stourm.news\/?p=1749#article\",\"isPartOf\":{\"@id\":\"https:\/\/stourm.news\/?p=1749\"},\"author\":{\"name\":\"La r\u00e9daction\",\"@id\":\"https:\/\/stourm.news\/#\/schema\/person\/c3e1dc65988632e190969234ef046cf9\"},\"headline\":\"Un homme abattu pr\u00e8s d&rsquo;un point de deal dans le quartier multiculturel du Blosne\",\"datePublished\":\"2024-06-26T09:39:14+00:00\",\"dateModified\":\"2024-06-26T09:47:31+00:00\",\"mainEntityOfPage\":{\"@id\":\"https:\/\/stourm.news\/?p=1749\"},\"wordCount\":114,\"commentCount\":0,\"publisher\":{\"@id\":\"https:\/\/stourm.news\/#organization\"},\"image\":{\"@id\":\"https:\/\/stourm.news\/?p=1749#primaryimage\"},\"thumbnailUrl\":\"https:\/\/stourm.news\/wp-content\/uploads\/2024\/06\/MjAyNDA1ZjNkZmUyYTYxODc4OWIwZjI4NDJlZmZmMjljNTNmNjg.webp\",\"articleSection\":[\"Drogue\",\"Ille-et-Vilaine\",\"Revue de presse\"],\"inLanguage\":\"fr-FR\",\"potentialAction\":[{\"@type\":\"CommentAction\",\"name\":\"Comment\",\"target\":[\"https:\/\/stourm.news\/?p=1749#respond\"]}]},{\"@type\":\"WebPage\",\"@id\":\"https:\/\/stourm.news\/?p=1749\",\"url\":\"https:\/\/stourm.news\/?p=1749\",\"name\":\"Un homme abattu pr\u00e8s d'un point de deal dans le quartier multiculturel du Blosne - STOURM\",\"isPartOf\":{\"@id\":\"https:\/\/stourm.news\/#website\"},\"primaryImageOfPage\":{\"@id\":\"https:\/\/stourm.news\/?p=1749#primaryimage\"},\"image\":{\"@id\":\"https:\/\/stourm.news\/?p=1749#primaryimage\"},\"thumbnailUrl\":\"https:\/\/stourm.news\/wp-content\/uploads\/2024\/06\/MjAyNDA1ZjNkZmUyYTYxODc4OWIwZjI4NDJlZmZmMjljNTNmNjg.webp\",\"datePublished\":\"2024-06-26T09:39:14+00:00\",\"dateModified\":\"2024-06-26T09:47:31+00:00\",\"breadcrumb\":{\"@id\":\"https:\/\/stourm.news\/?p=1749#breadcrumb\"},\"inLanguage\":\"fr-FR\",\"potentialAction\":[{\"@type\":\"ReadAction\",\"target\":[\"https:\/\/stourm.news\/?p=1749\"]}]},{\"@type\":\"ImageObject\",\"inLanguage\":\"fr-FR\",\"@id\":\"https:\/\/stourm.news\/?p=1749#primaryimage\",\"url\":\"https:\/\/stourm.news\/wp-content\/uploads\/2024\/06\/MjAyNDA1ZjNkZmUyYTYxODc4OWIwZjI4NDJlZmZmMjljNTNmNjg.webp\",\"contentUrl\":\"https:\/\/stourm.news\/wp-content\/uploads\/2024\/06\/MjAyNDA1ZjNkZmUyYTYxODc4OWIwZjI4NDJlZmZmMjljNTNmNjg.webp\",\"width\":1260,\"height\":708},{\"@type\":\"BreadcrumbList\",\"@id\":\"https:\/\/stourm.news\/?p=1749#breadcrumb\",\"itemListElement\":[{\"@type\":\"ListItem\",\"position\":1,\"name\":\"Accueil\",\"item\":\"https:\/\/stourm.news\/\"},{\"@type\":\"ListItem\",\"position\":2,\"name\":\"Un homme abattu pr\u00e8s d&rsquo;un point de deal dans le quartier multiculturel du Blosne\"}]},{\"@type\":\"WebSite\",\"@id\":\"https:\/\/stourm.news\/#website\",\"url\":\"https:\/\/stourm.news\/\",\"name\":\"Stourm\",\"description\":\"Kazetenn Strollad Broadel Breizh\",\"publisher\":{\"@id\":\"https:\/\/stourm.news\/#organization\"},\"potentialAction\":[{\"@type\":\"SearchAction\",\"target\":{\"@type\":\"EntryPoint\",\"urlTemplate\":\"https:\/\/stourm.news\/?s={search_term_string}\"},\"query-input\":{\"@type\":\"PropertyValueSpecification\",\"valueRequired\":true,\"valueName\":\"search_term_string\"}}],\"inLanguage\":\"fr-FR\"},{\"@type\":\"Organization\",\"@id\":\"https:\/\/stourm.news\/#organization\",\"name\":\"Stourm\",\"url\":\"https:\/\/stourm.news\/\",\"logo\":{\"@type\":\"ImageObject\",\"inLanguage\":\"fr-FR\",\"@id\":\"https:\/\/stourm.news\/#\/schema\/logo\/image\/\",\"url\":\"https:\/\/stourm.news\/wp-content\/uploads\/2025\/11\/cropped-Capture-decran-2025-11-28-a-15.19.07.png\",\"contentUrl\":\"https:\/\/stourm.news\/wp-content\/uploads\/2025\/11\/cropped-Capture-decran-2025-11-28-a-15.19.07.png\",\"width\":1855,\"height\":383,\"caption\":\"Stourm\"},\"image\":{\"@id\":\"https:\/\/stourm.news\/#\/schema\/logo\/image\/\"},\"sameAs\":[\"https:\/\/www.facebook.com\/stourmnews\/\"]},{\"@type\":\"Person\",\"@id\":\"https:\/\/stourm.news\/#\/schema\/person\/c3e1dc65988632e190969234ef046cf9\",\"name\":\"La r\u00e9daction\",\"image\":{\"@type\":\"ImageObject\",\"inLanguage\":\"fr-FR\",\"@id\":\"https:\/\/stourm.news\/#\/schema\/person\/image\/\",\"url\":\"https:\/\/secure.gravatar.com\/avatar\/7463443f194b6b5fb706b074ca0ef59a0cfcfd720cb47764b0ec5a952ce422b3?s=96&d=mm&r=g\",\"contentUrl\":\"https:\/\/secure.gravatar.com\/avatar\/7463443f194b6b5fb706b074ca0ef59a0cfcfd720cb47764b0ec5a952ce422b3?s=96&d=mm&r=g\",\"caption\":\"La r\u00e9daction\"},\"sameAs\":[\"https:\/\/stourm.news\"],\"url\":\"https:\/\/stourm.news\/?author=1\"}]}<\/script>\n<!-- \/ Yoast SEO plugin. -->","yoast_head_json":{"title":"Un homme abattu pr\u00e8s d'un point de deal dans le quartier multiculturel du Blosne - STOURM","robots":{"index":"index","follow":"follow","max-snippet":"max-snippet:-1","max-image-preview":"max-image-preview:large","max-video-preview":"max-video-preview:-1"},"canonical":"https:\/\/stourm.news\/?p=1749","og_locale":"fr_FR","og_type":"article","og_title":"Un homme abattu pr\u00e8s d'un point de deal dans le quartier multiculturel du Blosne - STOURM","og_description":"Un jeune homme a \u00e9t\u00e9 bless\u00e9 par balle dans la nuit de mardi \u00e0 mercredi, au centre commercial Italie, dans le quartier du Blosne, \u00e0 Rennes. Ses jours ne sont pas en danger. Un jeune homme de 22 ans, faisant l\u2019objet d\u2019un mandat de recherche, a \u00e9t\u00e9 victime d\u2019un r\u00e8glement de comptes dans la nuit [&hellip;]","og_url":"https:\/\/stourm.news\/?p=1749","og_site_name":"STOURM","article_publisher":"https:\/\/www.facebook.com\/stourmnews\/","article_published_time":"2024-06-26T09:39:14+00:00","article_modified_time":"2024-06-26T09:47:31+00:00","og_image":[{"width":1260,"height":708,"url":"https:\/\/stourm.news\/wp-content\/uploads\/2024\/06\/MjAyNDA1ZjNkZmUyYTYxODc4OWIwZjI4NDJlZmZmMjljNTNmNjg.webp","type":"image\/webp"}],"author":"La r\u00e9daction","twitter_card":"summary_large_image","twitter_misc":{"\u00c9crit par":"La r\u00e9daction","Dur\u00e9e de lecture estim\u00e9e":"1 minute"},"schema":{"@context":"https:\/\/schema.org","@graph":[{"@type":"Article","@id":"https:\/\/stourm.news\/?p=1749#article","isPartOf":{"@id":"https:\/\/stourm.news\/?p=1749"},"author":{"name":"La r\u00e9daction","@id":"https:\/\/stourm.news\/#\/schema\/person\/c3e1dc65988632e190969234ef046cf9"},"headline":"Un homme abattu pr\u00e8s d&rsquo;un point de deal dans le quartier multiculturel du Blosne","datePublished":"2024-06-26T09:39:14+00:00","dateModified":"2024-06-26T09:47:31+00:00","mainEntityOfPage":{"@id":"https:\/\/stourm.news\/?p=1749"},"wordCount":114,"commentCount":0,"publisher":{"@id":"https:\/\/stourm.news\/#organization"},"image":{"@id":"https:\/\/stourm.news\/?p=1749#primaryimage"},"thumbnailUrl":"https:\/\/stourm.news\/wp-content\/uploads\/2024\/06\/MjAyNDA1ZjNkZmUyYTYxODc4OWIwZjI4NDJlZmZmMjljNTNmNjg.webp","articleSection":["Drogue","Ille-et-Vilaine","Revue de presse"],"inLanguage":"fr-FR","potentialAction":[{"@type":"CommentAction","name":"Comment","target":["https:\/\/stourm.news\/?p=1749#respond"]}]},{"@type":"WebPage","@id":"https:\/\/stourm.news\/?p=1749","url":"https:\/\/stourm.news\/?p=1749","name":"Un homme abattu pr\u00e8s d'un point de deal dans le quartier multiculturel du Blosne - STOURM","isPartOf":{"@id":"https:\/\/stourm.news\/#website"},"primaryImageOfPage":{"@id":"https:\/\/stourm.news\/?p=1749#primaryimage"},"image":{"@id":"https:\/\/stourm.news\/?p=1749#primaryimage"},"thumbnailUrl":"https:\/\/stourm.news\/wp-content\/uploads\/2024\/06\/MjAyNDA1ZjNkZmUyYTYxODc4OWIwZjI4NDJlZmZmMjljNTNmNjg.webp","datePublished":"2024-06-26T09:39:14+00:00","dateModified":"2024-06-26T09:47:31+00:00","breadcrumb":{"@id":"https:\/\/stourm.news\/?p=1749#breadcrumb"},"inLanguage":"fr-FR","potentialAction":[{"@type":"ReadAction","target":["https:\/\/stourm.news\/?p=1749"]}]},{"@type":"ImageObject","inLanguage":"fr-FR","@id":"https:\/\/stourm.news\/?p=1749#primaryimage","url":"https:\/\/stourm.news\/wp-content\/uploads\/2024\/06\/MjAyNDA1ZjNkZmUyYTYxODc4OWIwZjI4NDJlZmZmMjljNTNmNjg.webp","contentUrl":"https:\/\/stourm.news\/wp-content\/uploads\/2024\/06\/MjAyNDA1ZjNkZmUyYTYxODc4OWIwZjI4NDJlZmZmMjljNTNmNjg.webp","width":1260,"height":708},{"@type":"BreadcrumbList","@id":"https:\/\/stourm.news\/?p=1749#breadcrumb","itemListElement":[{"@type":"ListItem","position":1,"name":"Accueil","item":"https:\/\/stourm.news\/"},{"@type":"ListItem","position":2,"name":"Un homme abattu pr\u00e8s d&rsquo;un point de deal dans le quartier multiculturel du Blosne"}]},{"@type":"WebSite","@id":"https:\/\/stourm.news\/#website","url":"https:\/\/stourm.news\/","name":"Stourm","description":"Kazetenn Strollad Broadel Breizh","publisher":{"@id":"https:\/\/stourm.news\/#organization"},"potentialAction":[{"@type":"SearchAction","target":{"@type":"EntryPoint","urlTemplate":"https:\/\/stourm.news\/?s={search_term_string}"},"query-input":{"@type":"PropertyValueSpecification","valueRequired":true,"valueName":"search_term_string"}}],"inLanguage":"fr-FR"},{"@type":"Organization","@id":"https:\/\/stourm.news\/#organization","name":"Stourm","url":"https:\/\/stourm.news\/","logo":{"@type":"ImageObject","inLanguage":"fr-FR","@id":"https:\/\/stourm.news\/#\/schema\/logo\/image\/","url":"https:\/\/stourm.news\/wp-content\/uploads\/2025\/11\/cropped-Capture-decran-2025-11-28-a-15.19.07.png","contentUrl":"https:\/\/stourm.news\/wp-content\/uploads\/2025\/11\/cropped-Capture-decran-2025-11-28-a-15.19.07.png","width":1855,"height":383,"caption":"Stourm"},"image":{"@id":"https:\/\/stourm.news\/#\/schema\/logo\/image\/"},"sameAs":["https:\/\/www.facebook.com\/stourmnews\/"]},{"@type":"Person","@id":"https:\/\/stourm.news\/#\/schema\/person\/c3e1dc65988632e190969234ef046cf9","name":"La r\u00e9daction","image":{"@type":"ImageObject","inLanguage":"fr-FR","@id":"https:\/\/stourm.news\/#\/schema\/person\/image\/","url":"https:\/\/secure.gravatar.com\/avatar\/7463443f194b6b5fb706b074ca0ef59a0cfcfd720cb47764b0ec5a952ce422b3?s=96&d=mm&r=g","contentUrl":"https:\/\/secure.gravatar.com\/avatar\/7463443f194b6b5fb706b074ca0ef59a0cfcfd720cb47764b0ec5a952ce422b3?s=96&d=mm&r=g","caption":"La r\u00e9daction"},"sameAs":["https:\/\/stourm.news"],"url":"https:\/\/stourm.news\/?author=1"}]}},"_links":{"self":[{"href":"https:\/\/stourm.news\/index.php?rest_route=\/wp\/v2\/posts\/1749","targetHints":{"allow":["GET"]}}],"collection":[{"href":"https:\/\/stourm.news\/index.php?rest_route=\/wp\/v2\/posts"}],"about":[{"href":"https:\/\/stourm.news\/index.php?rest_route=\/wp\/v2\/types\/post"}],"author":[{"embeddable":true,"href":"https:\/\/stourm.news\/index.php?rest_route=\/wp\/v2\/users\/1"}],"replies":[{"embeddable":true,"href":"https:\/\/stourm.news\/index.php?rest_route=%2Fwp%2Fv2%2Fcomments&post=1749"}],"version-history":[{"count":1,"href":"https:\/\/stourm.news\/index.php?rest_route=\/wp\/v2\/posts\/1749\/revisions"}],"predecessor-version":[{"id":1751,"href":"https:\/\/stourm.news\/index.php?rest_route=\/wp\/v2\/posts\/1749\/revisions\/1751"}],"wp:featuredmedia":[{"embeddable":true,"href":"https:\/\/stourm.news\/index.php?rest_route=\/wp\/v2\/media\/1750"}],"wp:attachment":[{"href":"https:\/\/stourm.news\/index.php?rest_route=%2Fwp%2Fv2%2Fmedia&parent=1749"}],"wp:term":[{"taxonomy":"category","embeddable":true,"href":"https:\/\/stourm.news\/index.php?rest_route=%2Fwp%2Fv2%2Fcategories&post=1749"},{"taxonomy":"post_tag","embeddable":true,"href":"https:\/\/stourm.news\/index.php?rest_route=%2Fwp%2Fv2%2Ftags&post=1749"}],"curies":[{"name":"wp","href":"https:\/\/api.w.org\/{rel}","templated":true}]}}