{"id":1753,"date":"2024-06-26T10:35:21","date_gmt":"2024-06-26T10:35:21","guid":{"rendered":"https:\/\/stourm.news\/?p=1753"},"modified":"2024-06-26T10:35:21","modified_gmt":"2024-06-26T10:35:21","slug":"26-juin-1471-francois-ii-duc-de-bretagne-epouse-marguerite-de-foix-fille-de-la-reine-de-navarre","status":"publish","type":"post","link":"https:\/\/stourm.news\/?p=1753","title":{"rendered":"26 juin 1471 : Fran\u00e7ois II, duc de Bretagne, \u00e9pouse Marguerite de Foix, fille de la reine de Navarre"},"content":{"rendered":"<p style=\"text-align: justify;\">Le 26 juin 1471, Fran\u00e7ois II, Duc de Bretagne, \u00e9pouse en secondes noces \u00e0 Clisson Marguerite de Foix, comtesse de Foix et fille de la reine \u00c9l\u00e9onore de Navarre (Pays Basque actuel).<\/p>\n<p style=\"text-align: justify;\">Le coupe donne naissance \u00e0 Anne de Bretagne (1477 &#8211; 1514) et d&rsquo;Isabeau de Bretagne (1478 &#8211; 1490). Fran\u00e7ois II et Marguerite de Navarre reposent aujourd&rsquo;hui dans la cath\u00e9drale de Nantes, capitale de la nation.<\/p>\n","protected":false},"excerpt":{"rendered":"<p>Le 26 juin 1471, Fran\u00e7ois II, Duc de Bretagne, \u00e9pouse en secondes noces \u00e0 Clisson Marguerite de Foix, comtesse de Foix et fille de la reine \u00c9l\u00e9onore de Navarre (Pays Basque actuel). Le coupe donne naissance \u00e0 Anne de Bretagne (1477 &#8211; 1514) et d&rsquo;Isabeau de Bretagne (1478 &#8211; 1490). Fran\u00e7ois II et Marguerite de [&hellip;]<\/p>\n","protected":false},"author":1,"featured_media":1755,"comment_status":"open","ping_status":"open","sticky":false,"template":"","format":"standard","meta":{"sb_editor_width":"","footnotes":""},"categories":[58,50],"tags":[],"class_list":["post-1753","post","type-post","status-publish","format-standard","has-post-thumbnail","hentry","category-breizh","category-histoire-de-bretagne"],"relative_dates":{"created":"2 ans ago","modified":"2 ans ago"},"yoast_head":"<!-- This site is optimized with the Yoast SEO plugin v26.3 - https:\/\/yoast.com\/wordpress\/plugins\/seo\/ -->\n<title>26 juin 1471 : Fran\u00e7ois II, duc de Bretagne, \u00e9pouse Marguerite de Foix, fille de la reine de Navarre - STOURM<\/title>\n<meta name=\"robots\" content=\"index, follow, max-snippet:-1, max-image-preview:large, max-video-preview:-1\" \/>\n<link rel=\"canonical\" href=\"https:\/\/stourm.news\/?p=1753\" \/>\n<meta property=\"og:locale\" content=\"fr_FR\" \/>\n<meta property=\"og:type\" content=\"article\" \/>\n<meta property=\"og:title\" content=\"26 juin 1471 : Fran\u00e7ois II, duc de Bretagne, \u00e9pouse Marguerite de Foix, fille de la reine de Navarre - STOURM\" \/>\n<meta property=\"og:description\" content=\"Le 26 juin 1471, Fran\u00e7ois II, Duc de Bretagne, \u00e9pouse en secondes noces \u00e0 Clisson Marguerite de Foix, comtesse de Foix et fille de la reine \u00c9l\u00e9onore de Navarre (Pays Basque actuel). Le coupe donne naissance \u00e0 Anne de Bretagne (1477 &#8211; 1514) et d&rsquo;Isabeau de Bretagne (1478 &#8211; 1490). Fran\u00e7ois II et Marguerite de [&hellip;]\" \/>\n<meta property=\"og:url\" content=\"https:\/\/stourm.news\/?p=1753\" \/>\n<meta property=\"og:site_name\" content=\"STOURM\" \/>\n<meta property=\"article:publisher\" content=\"https:\/\/www.facebook.com\/stourmnews\/\" \/>\n<meta property=\"article:published_time\" content=\"2024-06-26T10:35:21+00:00\" \/>\n<meta property=\"og:image\" content=\"https:\/\/stourm.news\/wp-content\/uploads\/2024\/06\/Design-sans-titre.jpg\" \/>\n\t<meta property=\"og:image:width\" content=\"1080\" \/>\n\t<meta property=\"og:image:height\" content=\"1080\" \/>\n\t<meta property=\"og:image:type\" content=\"image\/jpeg\" \/>\n<meta name=\"author\" content=\"La r\u00e9daction\" \/>\n<meta name=\"twitter:card\" content=\"summary_large_image\" \/>\n<meta name=\"twitter:label1\" content=\"\u00c9crit par\" \/>\n\t<meta name=\"twitter:data1\" content=\"La r\u00e9daction\" \/>\n\t<meta name=\"twitter:label2\" content=\"Dur\u00e9e de lecture estim\u00e9e\" \/>\n\t<meta name=\"twitter:data2\" content=\"1 minute\" \/>\n<script type=\"application\/ld+json\" class=\"yoast-schema-graph\">{\"@context\":\"https:\/\/schema.org\",\"@graph\":[{\"@type\":\"Article\",\"@id\":\"https:\/\/stourm.news\/?p=1753#article\",\"isPartOf\":{\"@id\":\"https:\/\/stourm.news\/?p=1753\"},\"author\":{\"name\":\"La r\u00e9daction\",\"@id\":\"https:\/\/stourm.news\/#\/schema\/person\/c3e1dc65988632e190969234ef046cf9\"},\"headline\":\"26 juin 1471 : Fran\u00e7ois II, duc de Bretagne, \u00e9pouse Marguerite de Foix, fille de la reine de Navarre\",\"datePublished\":\"2024-06-26T10:35:21+00:00\",\"mainEntityOfPage\":{\"@id\":\"https:\/\/stourm.news\/?p=1753\"},\"wordCount\":82,\"commentCount\":0,\"publisher\":{\"@id\":\"https:\/\/stourm.news\/#organization\"},\"image\":{\"@id\":\"https:\/\/stourm.news\/?p=1753#primaryimage\"},\"thumbnailUrl\":\"https:\/\/stourm.news\/wp-content\/uploads\/2024\/06\/Design-sans-titre.jpg\",\"articleSection\":[\"Breizh\",\"Histoire de Bretagne\"],\"inLanguage\":\"fr-FR\",\"potentialAction\":[{\"@type\":\"CommentAction\",\"name\":\"Comment\",\"target\":[\"https:\/\/stourm.news\/?p=1753#respond\"]}]},{\"@type\":\"WebPage\",\"@id\":\"https:\/\/stourm.news\/?p=1753\",\"url\":\"https:\/\/stourm.news\/?p=1753\",\"name\":\"26 juin 1471 : Fran\u00e7ois II, duc de Bretagne, \u00e9pouse Marguerite de Foix, fille de la reine de Navarre - STOURM\",\"isPartOf\":{\"@id\":\"https:\/\/stourm.news\/#website\"},\"primaryImageOfPage\":{\"@id\":\"https:\/\/stourm.news\/?p=1753#primaryimage\"},\"image\":{\"@id\":\"https:\/\/stourm.news\/?p=1753#primaryimage\"},\"thumbnailUrl\":\"https:\/\/stourm.news\/wp-content\/uploads\/2024\/06\/Design-sans-titre.jpg\",\"datePublished\":\"2024-06-26T10:35:21+00:00\",\"breadcrumb\":{\"@id\":\"https:\/\/stourm.news\/?p=1753#breadcrumb\"},\"inLanguage\":\"fr-FR\",\"potentialAction\":[{\"@type\":\"ReadAction\",\"target\":[\"https:\/\/stourm.news\/?p=1753\"]}]},{\"@type\":\"ImageObject\",\"inLanguage\":\"fr-FR\",\"@id\":\"https:\/\/stourm.news\/?p=1753#primaryimage\",\"url\":\"https:\/\/stourm.news\/wp-content\/uploads\/2024\/06\/Design-sans-titre.jpg\",\"contentUrl\":\"https:\/\/stourm.news\/wp-content\/uploads\/2024\/06\/Design-sans-titre.jpg\",\"width\":1080,\"height\":1080},{\"@type\":\"BreadcrumbList\",\"@id\":\"https:\/\/stourm.news\/?p=1753#breadcrumb\",\"itemListElement\":[{\"@type\":\"ListItem\",\"position\":1,\"name\":\"Accueil\",\"item\":\"https:\/\/stourm.news\/\"},{\"@type\":\"ListItem\",\"position\":2,\"name\":\"26 juin 1471 : Fran\u00e7ois II, duc de Bretagne, \u00e9pouse Marguerite de Foix, fille de la reine de Navarre\"}]},{\"@type\":\"WebSite\",\"@id\":\"https:\/\/stourm.news\/#website\",\"url\":\"https:\/\/stourm.news\/\",\"name\":\"Stourm\",\"description\":\"Kazetenn Strollad Broadel Breizh\",\"publisher\":{\"@id\":\"https:\/\/stourm.news\/#organization\"},\"potentialAction\":[{\"@type\":\"SearchAction\",\"target\":{\"@type\":\"EntryPoint\",\"urlTemplate\":\"https:\/\/stourm.news\/?s={search_term_string}\"},\"query-input\":{\"@type\":\"PropertyValueSpecification\",\"valueRequired\":true,\"valueName\":\"search_term_string\"}}],\"inLanguage\":\"fr-FR\"},{\"@type\":\"Organization\",\"@id\":\"https:\/\/stourm.news\/#organization\",\"name\":\"Stourm\",\"url\":\"https:\/\/stourm.news\/\",\"logo\":{\"@type\":\"ImageObject\",\"inLanguage\":\"fr-FR\",\"@id\":\"https:\/\/stourm.news\/#\/schema\/logo\/image\/\",\"url\":\"https:\/\/stourm.news\/wp-content\/uploads\/2025\/11\/cropped-Capture-decran-2025-11-28-a-15.19.07.png\",\"contentUrl\":\"https:\/\/stourm.news\/wp-content\/uploads\/2025\/11\/cropped-Capture-decran-2025-11-28-a-15.19.07.png\",\"width\":1855,\"height\":383,\"caption\":\"Stourm\"},\"image\":{\"@id\":\"https:\/\/stourm.news\/#\/schema\/logo\/image\/\"},\"sameAs\":[\"https:\/\/www.facebook.com\/stourmnews\/\"]},{\"@type\":\"Person\",\"@id\":\"https:\/\/stourm.news\/#\/schema\/person\/c3e1dc65988632e190969234ef046cf9\",\"name\":\"La r\u00e9daction\",\"image\":{\"@type\":\"ImageObject\",\"inLanguage\":\"fr-FR\",\"@id\":\"https:\/\/stourm.news\/#\/schema\/person\/image\/\",\"url\":\"https:\/\/secure.gravatar.com\/avatar\/7463443f194b6b5fb706b074ca0ef59a0cfcfd720cb47764b0ec5a952ce422b3?s=96&d=mm&r=g\",\"contentUrl\":\"https:\/\/secure.gravatar.com\/avatar\/7463443f194b6b5fb706b074ca0ef59a0cfcfd720cb47764b0ec5a952ce422b3?s=96&d=mm&r=g\",\"caption\":\"La r\u00e9daction\"},\"sameAs\":[\"https:\/\/stourm.news\"],\"url\":\"https:\/\/stourm.news\/?author=1\"}]}<\/script>\n<!-- \/ Yoast SEO plugin. -->","yoast_head_json":{"title":"26 juin 1471 : Fran\u00e7ois II, duc de Bretagne, \u00e9pouse Marguerite de Foix, fille de la reine de Navarre - STOURM","robots":{"index":"index","follow":"follow","max-snippet":"max-snippet:-1","max-image-preview":"max-image-preview:large","max-video-preview":"max-video-preview:-1"},"canonical":"https:\/\/stourm.news\/?p=1753","og_locale":"fr_FR","og_type":"article","og_title":"26 juin 1471 : Fran\u00e7ois II, duc de Bretagne, \u00e9pouse Marguerite de Foix, fille de la reine de Navarre - STOURM","og_description":"Le 26 juin 1471, Fran\u00e7ois II, Duc de Bretagne, \u00e9pouse en secondes noces \u00e0 Clisson Marguerite de Foix, comtesse de Foix et fille de la reine \u00c9l\u00e9onore de Navarre (Pays Basque actuel). Le coupe donne naissance \u00e0 Anne de Bretagne (1477 &#8211; 1514) et d&rsquo;Isabeau de Bretagne (1478 &#8211; 1490). Fran\u00e7ois II et Marguerite de [&hellip;]","og_url":"https:\/\/stourm.news\/?p=1753","og_site_name":"STOURM","article_publisher":"https:\/\/www.facebook.com\/stourmnews\/","article_published_time":"2024-06-26T10:35:21+00:00","og_image":[{"width":1080,"height":1080,"url":"https:\/\/stourm.news\/wp-content\/uploads\/2024\/06\/Design-sans-titre.jpg","type":"image\/jpeg"}],"author":"La r\u00e9daction","twitter_card":"summary_large_image","twitter_misc":{"\u00c9crit par":"La r\u00e9daction","Dur\u00e9e de lecture estim\u00e9e":"1 minute"},"schema":{"@context":"https:\/\/schema.org","@graph":[{"@type":"Article","@id":"https:\/\/stourm.news\/?p=1753#article","isPartOf":{"@id":"https:\/\/stourm.news\/?p=1753"},"author":{"name":"La r\u00e9daction","@id":"https:\/\/stourm.news\/#\/schema\/person\/c3e1dc65988632e190969234ef046cf9"},"headline":"26 juin 1471 : Fran\u00e7ois II, duc de Bretagne, \u00e9pouse Marguerite de Foix, fille de la reine de Navarre","datePublished":"2024-06-26T10:35:21+00:00","mainEntityOfPage":{"@id":"https:\/\/stourm.news\/?p=1753"},"wordCount":82,"commentCount":0,"publisher":{"@id":"https:\/\/stourm.news\/#organization"},"image":{"@id":"https:\/\/stourm.news\/?p=1753#primaryimage"},"thumbnailUrl":"https:\/\/stourm.news\/wp-content\/uploads\/2024\/06\/Design-sans-titre.jpg","articleSection":["Breizh","Histoire de Bretagne"],"inLanguage":"fr-FR","potentialAction":[{"@type":"CommentAction","name":"Comment","target":["https:\/\/stourm.news\/?p=1753#respond"]}]},{"@type":"WebPage","@id":"https:\/\/stourm.news\/?p=1753","url":"https:\/\/stourm.news\/?p=1753","name":"26 juin 1471 : Fran\u00e7ois II, duc de Bretagne, \u00e9pouse Marguerite de Foix, fille de la reine de Navarre - STOURM","isPartOf":{"@id":"https:\/\/stourm.news\/#website"},"primaryImageOfPage":{"@id":"https:\/\/stourm.news\/?p=1753#primaryimage"},"image":{"@id":"https:\/\/stourm.news\/?p=1753#primaryimage"},"thumbnailUrl":"https:\/\/stourm.news\/wp-content\/uploads\/2024\/06\/Design-sans-titre.jpg","datePublished":"2024-06-26T10:35:21+00:00","breadcrumb":{"@id":"https:\/\/stourm.news\/?p=1753#breadcrumb"},"inLanguage":"fr-FR","potentialAction":[{"@type":"ReadAction","target":["https:\/\/stourm.news\/?p=1753"]}]},{"@type":"ImageObject","inLanguage":"fr-FR","@id":"https:\/\/stourm.news\/?p=1753#primaryimage","url":"https:\/\/stourm.news\/wp-content\/uploads\/2024\/06\/Design-sans-titre.jpg","contentUrl":"https:\/\/stourm.news\/wp-content\/uploads\/2024\/06\/Design-sans-titre.jpg","width":1080,"height":1080},{"@type":"BreadcrumbList","@id":"https:\/\/stourm.news\/?p=1753#breadcrumb","itemListElement":[{"@type":"ListItem","position":1,"name":"Accueil","item":"https:\/\/stourm.news\/"},{"@type":"ListItem","position":2,"name":"26 juin 1471 : Fran\u00e7ois II, duc de Bretagne, \u00e9pouse Marguerite de Foix, fille de la reine de Navarre"}]},{"@type":"WebSite","@id":"https:\/\/stourm.news\/#website","url":"https:\/\/stourm.news\/","name":"Stourm","description":"Kazetenn Strollad Broadel Breizh","publisher":{"@id":"https:\/\/stourm.news\/#organization"},"potentialAction":[{"@type":"SearchAction","target":{"@type":"EntryPoint","urlTemplate":"https:\/\/stourm.news\/?s={search_term_string}"},"query-input":{"@type":"PropertyValueSpecification","valueRequired":true,"valueName":"search_term_string"}}],"inLanguage":"fr-FR"},{"@type":"Organization","@id":"https:\/\/stourm.news\/#organization","name":"Stourm","url":"https:\/\/stourm.news\/","logo":{"@type":"ImageObject","inLanguage":"fr-FR","@id":"https:\/\/stourm.news\/#\/schema\/logo\/image\/","url":"https:\/\/stourm.news\/wp-content\/uploads\/2025\/11\/cropped-Capture-decran-2025-11-28-a-15.19.07.png","contentUrl":"https:\/\/stourm.news\/wp-content\/uploads\/2025\/11\/cropped-Capture-decran-2025-11-28-a-15.19.07.png","width":1855,"height":383,"caption":"Stourm"},"image":{"@id":"https:\/\/stourm.news\/#\/schema\/logo\/image\/"},"sameAs":["https:\/\/www.facebook.com\/stourmnews\/"]},{"@type":"Person","@id":"https:\/\/stourm.news\/#\/schema\/person\/c3e1dc65988632e190969234ef046cf9","name":"La r\u00e9daction","image":{"@type":"ImageObject","inLanguage":"fr-FR","@id":"https:\/\/stourm.news\/#\/schema\/person\/image\/","url":"https:\/\/secure.gravatar.com\/avatar\/7463443f194b6b5fb706b074ca0ef59a0cfcfd720cb47764b0ec5a952ce422b3?s=96&d=mm&r=g","contentUrl":"https:\/\/secure.gravatar.com\/avatar\/7463443f194b6b5fb706b074ca0ef59a0cfcfd720cb47764b0ec5a952ce422b3?s=96&d=mm&r=g","caption":"La r\u00e9daction"},"sameAs":["https:\/\/stourm.news"],"url":"https:\/\/stourm.news\/?author=1"}]}},"_links":{"self":[{"href":"https:\/\/stourm.news\/index.php?rest_route=\/wp\/v2\/posts\/1753","targetHints":{"allow":["GET"]}}],"collection":[{"href":"https:\/\/stourm.news\/index.php?rest_route=\/wp\/v2\/posts"}],"about":[{"href":"https:\/\/stourm.news\/index.php?rest_route=\/wp\/v2\/types\/post"}],"author":[{"embeddable":true,"href":"https:\/\/stourm.news\/index.php?rest_route=\/wp\/v2\/users\/1"}],"replies":[{"embeddable":true,"href":"https:\/\/stourm.news\/index.php?rest_route=%2Fwp%2Fv2%2Fcomments&post=1753"}],"version-history":[{"count":1,"href":"https:\/\/stourm.news\/index.php?rest_route=\/wp\/v2\/posts\/1753\/revisions"}],"predecessor-version":[{"id":1756,"href":"https:\/\/stourm.news\/index.php?rest_route=\/wp\/v2\/posts\/1753\/revisions\/1756"}],"wp:featuredmedia":[{"embeddable":true,"href":"https:\/\/stourm.news\/index.php?rest_route=\/wp\/v2\/media\/1755"}],"wp:attachment":[{"href":"https:\/\/stourm.news\/index.php?rest_route=%2Fwp%2Fv2%2Fmedia&parent=1753"}],"wp:term":[{"taxonomy":"category","embeddable":true,"href":"https:\/\/stourm.news\/index.php?rest_route=%2Fwp%2Fv2%2Fcategories&post=1753"},{"taxonomy":"post_tag","embeddable":true,"href":"https:\/\/stourm.news\/index.php?rest_route=%2Fwp%2Fv2%2Ftags&post=1753"}],"curies":[{"name":"wp","href":"https:\/\/api.w.org\/{rel}","templated":true}]}}