{"id":1757,"date":"2024-06-27T06:42:32","date_gmt":"2024-06-27T06:42:32","guid":{"rendered":"https:\/\/stourm.news\/?p=1757"},"modified":"2024-06-27T06:42:32","modified_gmt":"2024-06-27T06:42:32","slug":"un-chauffeur-de-bus-agresse-a-saint-herblain-et-serieusement-blesse","status":"publish","type":"post","link":"https:\/\/stourm.news\/?p=1757","title":{"rendered":"Un chauffeur de bus agress\u00e9 \u00e0 Saint-Herblain et s\u00e9rieusement bless\u00e9"},"content":{"rendered":"<p style=\"text-align: justify;\">Un chauffeur de bus de la Semitan, les transports en commun nantais, a d\u00fb \u00eatre emmen\u00e9 \u00e0 l&rsquo;h\u00f4pital apr\u00e8s <strong>une agression<\/strong>, ce jeudi vers 17h30, \u00e0 Saint-Herblain, sur la ligne C3 dans une zone qui relie le quartier Doulon \u00e0 la zone de bureaux derri\u00e8re le Z\u00e9nith.<\/p>\n<p style=\"text-align: justify;\">Tout commence \u00e0 l&rsquo;arr\u00eat Franklin, en direction d&rsquo;Armor, rue Faraday. Le bus est sur le point de repartir, un passager arrive, mais le conducteur, un homme de 40 ans, ne le voit pas. Le passager donne alors un coup de pied dans la porte.<\/p>\n<p style=\"text-align: justify;\">La suite imm\u00e9diate reste un peu floue, le bus repart. Un peu plus loin, le chauffeur s&rsquo;arr\u00eate. Il sort de sa loge de conduite. Et c&rsquo;est \u00e0 ce moment-l\u00e0 <strong>qu&rsquo;il est rou\u00e9 de coups<\/strong> par au moins une personne, peut-\u00eatre plusieurs.<\/p>\n<p style=\"text-align: justify;\">Le chauffeur est <strong>s\u00e9rieusement bless\u00e9 au visage<\/strong> et il a plusieurs <strong>c\u00f4tes cass\u00e9es<\/strong>, selon le repr\u00e9sentant du syndicat Force ouvri\u00e8re \u00e0 la Semitan.<\/p>\n<p style=\"text-align: justify;\">Le syndicat Force ouvri\u00e8re de la Semitan indique avoir imm\u00e9diatement demand\u00e9 l&rsquo;arr\u00eat du r\u00e9seau \u00e0 la direction, ce jeudi soir, ce qu&rsquo;elle a refus\u00e9. Mais les choses pourraient \u00e9voluer dans la journ\u00e9e de jeudi, car une r\u00e9union est pr\u00e9vue entre syndicats et direction.<\/p>\n<p>Source : <a href=\"https:\/\/www.francebleu.fr\/infos\/faits-divers-justice\/un-chauffeur-de-bus-agresse-a-saint-herblain-4980730\">France Bleu<\/a><\/p>\n","protected":false},"excerpt":{"rendered":"<p>Un chauffeur de bus de la Semitan, les transports en commun nantais, a d\u00fb \u00eatre emmen\u00e9 \u00e0 l&rsquo;h\u00f4pital apr\u00e8s une agression, ce jeudi vers 17h30, \u00e0 Saint-Herblain, sur la ligne C3 dans une zone qui relie le quartier Doulon \u00e0 la zone de bureaux derri\u00e8re le Z\u00e9nith. Tout commence \u00e0 l&rsquo;arr\u00eat Franklin, en direction d&rsquo;Armor, [&hellip;]<\/p>\n","protected":false},"author":1,"featured_media":1758,"comment_status":"open","ping_status":"open","sticky":false,"template":"","format":"standard","meta":{"sb_editor_width":"","footnotes":""},"categories":[31,52,42,62],"tags":[],"class_list":["post-1757","post","type-post","status-publish","format-standard","has-post-thumbnail","hentry","category-agression","category-faits-divers","category-loire-atlantique","category-revue-de-presse"],"relative_dates":{"created":"2 ans ago","modified":"2 ans ago"},"yoast_head":"<!-- This site is optimized with the Yoast SEO plugin v26.3 - https:\/\/yoast.com\/wordpress\/plugins\/seo\/ -->\n<title>Un chauffeur de bus agress\u00e9 \u00e0 Saint-Herblain et s\u00e9rieusement bless\u00e9 - STOURM<\/title>\n<meta name=\"robots\" content=\"index, follow, max-snippet:-1, max-image-preview:large, max-video-preview:-1\" \/>\n<link rel=\"canonical\" href=\"https:\/\/stourm.news\/?p=1757\" \/>\n<meta property=\"og:locale\" content=\"fr_FR\" \/>\n<meta property=\"og:type\" content=\"article\" \/>\n<meta property=\"og:title\" content=\"Un chauffeur de bus agress\u00e9 \u00e0 Saint-Herblain et s\u00e9rieusement bless\u00e9 - STOURM\" \/>\n<meta property=\"og:description\" content=\"Un chauffeur de bus de la Semitan, les transports en commun nantais, a d\u00fb \u00eatre emmen\u00e9 \u00e0 l&rsquo;h\u00f4pital apr\u00e8s une agression, ce jeudi vers 17h30, \u00e0 Saint-Herblain, sur la ligne C3 dans une zone qui relie le quartier Doulon \u00e0 la zone de bureaux derri\u00e8re le Z\u00e9nith. Tout commence \u00e0 l&rsquo;arr\u00eat Franklin, en direction d&rsquo;Armor, [&hellip;]\" \/>\n<meta property=\"og:url\" content=\"https:\/\/stourm.news\/?p=1757\" \/>\n<meta property=\"og:site_name\" content=\"STOURM\" \/>\n<meta property=\"article:publisher\" content=\"https:\/\/www.facebook.com\/stourmnews\/\" \/>\n<meta property=\"article:published_time\" content=\"2024-06-27T06:42:32+00:00\" \/>\n<meta property=\"og:image\" content=\"https:\/\/stourm.news\/wp-content\/uploads\/2024\/06\/1200x680_425872-3msibhloe9-whr.jpg\" \/>\n\t<meta property=\"og:image:width\" content=\"1200\" \/>\n\t<meta property=\"og:image:height\" content=\"680\" \/>\n\t<meta property=\"og:image:type\" content=\"image\/jpeg\" \/>\n<meta name=\"author\" content=\"La r\u00e9daction\" \/>\n<meta name=\"twitter:card\" content=\"summary_large_image\" \/>\n<meta name=\"twitter:label1\" content=\"\u00c9crit par\" \/>\n\t<meta name=\"twitter:data1\" content=\"La r\u00e9daction\" \/>\n\t<meta name=\"twitter:label2\" content=\"Dur\u00e9e de lecture estim\u00e9e\" \/>\n\t<meta name=\"twitter:data2\" content=\"2 minutes\" \/>\n<script type=\"application\/ld+json\" class=\"yoast-schema-graph\">{\"@context\":\"https:\/\/schema.org\",\"@graph\":[{\"@type\":\"Article\",\"@id\":\"https:\/\/stourm.news\/?p=1757#article\",\"isPartOf\":{\"@id\":\"https:\/\/stourm.news\/?p=1757\"},\"author\":{\"name\":\"La r\u00e9daction\",\"@id\":\"https:\/\/stourm.news\/#\/schema\/person\/c3e1dc65988632e190969234ef046cf9\"},\"headline\":\"Un chauffeur de bus agress\u00e9 \u00e0 Saint-Herblain et s\u00e9rieusement bless\u00e9\",\"datePublished\":\"2024-06-27T06:42:32+00:00\",\"mainEntityOfPage\":{\"@id\":\"https:\/\/stourm.news\/?p=1757\"},\"wordCount\":231,\"commentCount\":0,\"publisher\":{\"@id\":\"https:\/\/stourm.news\/#organization\"},\"image\":{\"@id\":\"https:\/\/stourm.news\/?p=1757#primaryimage\"},\"thumbnailUrl\":\"https:\/\/stourm.news\/wp-content\/uploads\/2024\/06\/1200x680_425872-3msibhloe9-whr.jpg\",\"articleSection\":[\"Agression\",\"Faits divers\",\"Loire-Atlantique\",\"Revue de presse\"],\"inLanguage\":\"fr-FR\",\"potentialAction\":[{\"@type\":\"CommentAction\",\"name\":\"Comment\",\"target\":[\"https:\/\/stourm.news\/?p=1757#respond\"]}]},{\"@type\":\"WebPage\",\"@id\":\"https:\/\/stourm.news\/?p=1757\",\"url\":\"https:\/\/stourm.news\/?p=1757\",\"name\":\"Un chauffeur de bus agress\u00e9 \u00e0 Saint-Herblain et s\u00e9rieusement bless\u00e9 - STOURM\",\"isPartOf\":{\"@id\":\"https:\/\/stourm.news\/#website\"},\"primaryImageOfPage\":{\"@id\":\"https:\/\/stourm.news\/?p=1757#primaryimage\"},\"image\":{\"@id\":\"https:\/\/stourm.news\/?p=1757#primaryimage\"},\"thumbnailUrl\":\"https:\/\/stourm.news\/wp-content\/uploads\/2024\/06\/1200x680_425872-3msibhloe9-whr.jpg\",\"datePublished\":\"2024-06-27T06:42:32+00:00\",\"breadcrumb\":{\"@id\":\"https:\/\/stourm.news\/?p=1757#breadcrumb\"},\"inLanguage\":\"fr-FR\",\"potentialAction\":[{\"@type\":\"ReadAction\",\"target\":[\"https:\/\/stourm.news\/?p=1757\"]}]},{\"@type\":\"ImageObject\",\"inLanguage\":\"fr-FR\",\"@id\":\"https:\/\/stourm.news\/?p=1757#primaryimage\",\"url\":\"https:\/\/stourm.news\/wp-content\/uploads\/2024\/06\/1200x680_425872-3msibhloe9-whr.jpg\",\"contentUrl\":\"https:\/\/stourm.news\/wp-content\/uploads\/2024\/06\/1200x680_425872-3msibhloe9-whr.jpg\",\"width\":1200,\"height\":680},{\"@type\":\"BreadcrumbList\",\"@id\":\"https:\/\/stourm.news\/?p=1757#breadcrumb\",\"itemListElement\":[{\"@type\":\"ListItem\",\"position\":1,\"name\":\"Accueil\",\"item\":\"https:\/\/stourm.news\/\"},{\"@type\":\"ListItem\",\"position\":2,\"name\":\"Un chauffeur de bus agress\u00e9 \u00e0 Saint-Herblain et s\u00e9rieusement bless\u00e9\"}]},{\"@type\":\"WebSite\",\"@id\":\"https:\/\/stourm.news\/#website\",\"url\":\"https:\/\/stourm.news\/\",\"name\":\"Stourm\",\"description\":\"Kazetenn Strollad Broadel Breizh\",\"publisher\":{\"@id\":\"https:\/\/stourm.news\/#organization\"},\"potentialAction\":[{\"@type\":\"SearchAction\",\"target\":{\"@type\":\"EntryPoint\",\"urlTemplate\":\"https:\/\/stourm.news\/?s={search_term_string}\"},\"query-input\":{\"@type\":\"PropertyValueSpecification\",\"valueRequired\":true,\"valueName\":\"search_term_string\"}}],\"inLanguage\":\"fr-FR\"},{\"@type\":\"Organization\",\"@id\":\"https:\/\/stourm.news\/#organization\",\"name\":\"Stourm\",\"url\":\"https:\/\/stourm.news\/\",\"logo\":{\"@type\":\"ImageObject\",\"inLanguage\":\"fr-FR\",\"@id\":\"https:\/\/stourm.news\/#\/schema\/logo\/image\/\",\"url\":\"https:\/\/stourm.news\/wp-content\/uploads\/2025\/11\/cropped-Capture-decran-2025-11-28-a-15.19.07.png\",\"contentUrl\":\"https:\/\/stourm.news\/wp-content\/uploads\/2025\/11\/cropped-Capture-decran-2025-11-28-a-15.19.07.png\",\"width\":1855,\"height\":383,\"caption\":\"Stourm\"},\"image\":{\"@id\":\"https:\/\/stourm.news\/#\/schema\/logo\/image\/\"},\"sameAs\":[\"https:\/\/www.facebook.com\/stourmnews\/\"]},{\"@type\":\"Person\",\"@id\":\"https:\/\/stourm.news\/#\/schema\/person\/c3e1dc65988632e190969234ef046cf9\",\"name\":\"La r\u00e9daction\",\"image\":{\"@type\":\"ImageObject\",\"inLanguage\":\"fr-FR\",\"@id\":\"https:\/\/stourm.news\/#\/schema\/person\/image\/\",\"url\":\"https:\/\/secure.gravatar.com\/avatar\/7463443f194b6b5fb706b074ca0ef59a0cfcfd720cb47764b0ec5a952ce422b3?s=96&d=mm&r=g\",\"contentUrl\":\"https:\/\/secure.gravatar.com\/avatar\/7463443f194b6b5fb706b074ca0ef59a0cfcfd720cb47764b0ec5a952ce422b3?s=96&d=mm&r=g\",\"caption\":\"La r\u00e9daction\"},\"sameAs\":[\"https:\/\/stourm.news\"],\"url\":\"https:\/\/stourm.news\/?author=1\"}]}<\/script>\n<!-- \/ Yoast SEO plugin. -->","yoast_head_json":{"title":"Un chauffeur de bus agress\u00e9 \u00e0 Saint-Herblain et s\u00e9rieusement bless\u00e9 - STOURM","robots":{"index":"index","follow":"follow","max-snippet":"max-snippet:-1","max-image-preview":"max-image-preview:large","max-video-preview":"max-video-preview:-1"},"canonical":"https:\/\/stourm.news\/?p=1757","og_locale":"fr_FR","og_type":"article","og_title":"Un chauffeur de bus agress\u00e9 \u00e0 Saint-Herblain et s\u00e9rieusement bless\u00e9 - STOURM","og_description":"Un chauffeur de bus de la Semitan, les transports en commun nantais, a d\u00fb \u00eatre emmen\u00e9 \u00e0 l&rsquo;h\u00f4pital apr\u00e8s une agression, ce jeudi vers 17h30, \u00e0 Saint-Herblain, sur la ligne C3 dans une zone qui relie le quartier Doulon \u00e0 la zone de bureaux derri\u00e8re le Z\u00e9nith. Tout commence \u00e0 l&rsquo;arr\u00eat Franklin, en direction d&rsquo;Armor, [&hellip;]","og_url":"https:\/\/stourm.news\/?p=1757","og_site_name":"STOURM","article_publisher":"https:\/\/www.facebook.com\/stourmnews\/","article_published_time":"2024-06-27T06:42:32+00:00","og_image":[{"width":1200,"height":680,"url":"https:\/\/stourm.news\/wp-content\/uploads\/2024\/06\/1200x680_425872-3msibhloe9-whr.jpg","type":"image\/jpeg"}],"author":"La r\u00e9daction","twitter_card":"summary_large_image","twitter_misc":{"\u00c9crit par":"La r\u00e9daction","Dur\u00e9e de lecture estim\u00e9e":"2 minutes"},"schema":{"@context":"https:\/\/schema.org","@graph":[{"@type":"Article","@id":"https:\/\/stourm.news\/?p=1757#article","isPartOf":{"@id":"https:\/\/stourm.news\/?p=1757"},"author":{"name":"La r\u00e9daction","@id":"https:\/\/stourm.news\/#\/schema\/person\/c3e1dc65988632e190969234ef046cf9"},"headline":"Un chauffeur de bus agress\u00e9 \u00e0 Saint-Herblain et s\u00e9rieusement bless\u00e9","datePublished":"2024-06-27T06:42:32+00:00","mainEntityOfPage":{"@id":"https:\/\/stourm.news\/?p=1757"},"wordCount":231,"commentCount":0,"publisher":{"@id":"https:\/\/stourm.news\/#organization"},"image":{"@id":"https:\/\/stourm.news\/?p=1757#primaryimage"},"thumbnailUrl":"https:\/\/stourm.news\/wp-content\/uploads\/2024\/06\/1200x680_425872-3msibhloe9-whr.jpg","articleSection":["Agression","Faits divers","Loire-Atlantique","Revue de presse"],"inLanguage":"fr-FR","potentialAction":[{"@type":"CommentAction","name":"Comment","target":["https:\/\/stourm.news\/?p=1757#respond"]}]},{"@type":"WebPage","@id":"https:\/\/stourm.news\/?p=1757","url":"https:\/\/stourm.news\/?p=1757","name":"Un chauffeur de bus agress\u00e9 \u00e0 Saint-Herblain et s\u00e9rieusement bless\u00e9 - STOURM","isPartOf":{"@id":"https:\/\/stourm.news\/#website"},"primaryImageOfPage":{"@id":"https:\/\/stourm.news\/?p=1757#primaryimage"},"image":{"@id":"https:\/\/stourm.news\/?p=1757#primaryimage"},"thumbnailUrl":"https:\/\/stourm.news\/wp-content\/uploads\/2024\/06\/1200x680_425872-3msibhloe9-whr.jpg","datePublished":"2024-06-27T06:42:32+00:00","breadcrumb":{"@id":"https:\/\/stourm.news\/?p=1757#breadcrumb"},"inLanguage":"fr-FR","potentialAction":[{"@type":"ReadAction","target":["https:\/\/stourm.news\/?p=1757"]}]},{"@type":"ImageObject","inLanguage":"fr-FR","@id":"https:\/\/stourm.news\/?p=1757#primaryimage","url":"https:\/\/stourm.news\/wp-content\/uploads\/2024\/06\/1200x680_425872-3msibhloe9-whr.jpg","contentUrl":"https:\/\/stourm.news\/wp-content\/uploads\/2024\/06\/1200x680_425872-3msibhloe9-whr.jpg","width":1200,"height":680},{"@type":"BreadcrumbList","@id":"https:\/\/stourm.news\/?p=1757#breadcrumb","itemListElement":[{"@type":"ListItem","position":1,"name":"Accueil","item":"https:\/\/stourm.news\/"},{"@type":"ListItem","position":2,"name":"Un chauffeur de bus agress\u00e9 \u00e0 Saint-Herblain et s\u00e9rieusement bless\u00e9"}]},{"@type":"WebSite","@id":"https:\/\/stourm.news\/#website","url":"https:\/\/stourm.news\/","name":"Stourm","description":"Kazetenn Strollad Broadel Breizh","publisher":{"@id":"https:\/\/stourm.news\/#organization"},"potentialAction":[{"@type":"SearchAction","target":{"@type":"EntryPoint","urlTemplate":"https:\/\/stourm.news\/?s={search_term_string}"},"query-input":{"@type":"PropertyValueSpecification","valueRequired":true,"valueName":"search_term_string"}}],"inLanguage":"fr-FR"},{"@type":"Organization","@id":"https:\/\/stourm.news\/#organization","name":"Stourm","url":"https:\/\/stourm.news\/","logo":{"@type":"ImageObject","inLanguage":"fr-FR","@id":"https:\/\/stourm.news\/#\/schema\/logo\/image\/","url":"https:\/\/stourm.news\/wp-content\/uploads\/2025\/11\/cropped-Capture-decran-2025-11-28-a-15.19.07.png","contentUrl":"https:\/\/stourm.news\/wp-content\/uploads\/2025\/11\/cropped-Capture-decran-2025-11-28-a-15.19.07.png","width":1855,"height":383,"caption":"Stourm"},"image":{"@id":"https:\/\/stourm.news\/#\/schema\/logo\/image\/"},"sameAs":["https:\/\/www.facebook.com\/stourmnews\/"]},{"@type":"Person","@id":"https:\/\/stourm.news\/#\/schema\/person\/c3e1dc65988632e190969234ef046cf9","name":"La r\u00e9daction","image":{"@type":"ImageObject","inLanguage":"fr-FR","@id":"https:\/\/stourm.news\/#\/schema\/person\/image\/","url":"https:\/\/secure.gravatar.com\/avatar\/7463443f194b6b5fb706b074ca0ef59a0cfcfd720cb47764b0ec5a952ce422b3?s=96&d=mm&r=g","contentUrl":"https:\/\/secure.gravatar.com\/avatar\/7463443f194b6b5fb706b074ca0ef59a0cfcfd720cb47764b0ec5a952ce422b3?s=96&d=mm&r=g","caption":"La r\u00e9daction"},"sameAs":["https:\/\/stourm.news"],"url":"https:\/\/stourm.news\/?author=1"}]}},"_links":{"self":[{"href":"https:\/\/stourm.news\/index.php?rest_route=\/wp\/v2\/posts\/1757","targetHints":{"allow":["GET"]}}],"collection":[{"href":"https:\/\/stourm.news\/index.php?rest_route=\/wp\/v2\/posts"}],"about":[{"href":"https:\/\/stourm.news\/index.php?rest_route=\/wp\/v2\/types\/post"}],"author":[{"embeddable":true,"href":"https:\/\/stourm.news\/index.php?rest_route=\/wp\/v2\/users\/1"}],"replies":[{"embeddable":true,"href":"https:\/\/stourm.news\/index.php?rest_route=%2Fwp%2Fv2%2Fcomments&post=1757"}],"version-history":[{"count":1,"href":"https:\/\/stourm.news\/index.php?rest_route=\/wp\/v2\/posts\/1757\/revisions"}],"predecessor-version":[{"id":1759,"href":"https:\/\/stourm.news\/index.php?rest_route=\/wp\/v2\/posts\/1757\/revisions\/1759"}],"wp:featuredmedia":[{"embeddable":true,"href":"https:\/\/stourm.news\/index.php?rest_route=\/wp\/v2\/media\/1758"}],"wp:attachment":[{"href":"https:\/\/stourm.news\/index.php?rest_route=%2Fwp%2Fv2%2Fmedia&parent=1757"}],"wp:term":[{"taxonomy":"category","embeddable":true,"href":"https:\/\/stourm.news\/index.php?rest_route=%2Fwp%2Fv2%2Fcategories&post=1757"},{"taxonomy":"post_tag","embeddable":true,"href":"https:\/\/stourm.news\/index.php?rest_route=%2Fwp%2Fv2%2Ftags&post=1757"}],"curies":[{"name":"wp","href":"https:\/\/api.w.org\/{rel}","templated":true}]}}