{"id":1762,"date":"2024-06-29T04:21:17","date_gmt":"2024-06-29T04:21:17","guid":{"rendered":"https:\/\/stourm.news\/?p=1762"},"modified":"2024-06-29T04:21:37","modified_gmt":"2024-06-29T04:21:37","slug":"agression-au-couteau-a-rennes-un-homme-gravement-blesse-au-visage","status":"publish","type":"post","link":"https:\/\/stourm.news\/?p=1762","title":{"rendered":"Agression au couteau \u00e0 Rennes : un homme gravement bless\u00e9 au visage"},"content":{"rendered":"<p style=\"text-align: justify;\">Les faits ont eu lieu vendredi 28 juin 2024 dans le quartier du Colombier, \u00e0 Rennes, plus pr\u00e9cis\u00e9ment au milieu de la place du Mar\u00e9chal Juin. Une rixe a \u00e9clat\u00e9 entre au moins deux individus, et ce, au milieu de l\u2019apr\u00e8s-midi dans un lieu r\u00e9sidentiel et commer\u00e7ants de la ville.<\/p>\n<p style=\"text-align: justify;\">\u00ab J\u2019ai vu deux hommes se battre et \u00e9changer des coups de poing. Je n\u2019ai pas vu de couteau mais la sc\u00e8ne a \u00e9t\u00e9 rapide. L\u2019un avait en tout cas le visage rempli de sang \u00bb, confie un t\u00e9moin \u00e0 actu Rennes, qui ajoute en soufflant : \u00ab Ce n\u2019est pas la premi\u00e8re fois que je vois ce genre de bagarres violentes. \u00bb<\/p>\n<p style=\"text-align: justify;\">Sollicit\u00e9e, une source polici\u00e8re affirme qu\u2019une arme blanche aurait aussi \u00e9t\u00e9 utilis\u00e9e, ce qui aurait caus\u00e9 de graves blessures \u00e0 l\u2019un des participants \u00e0 cette rixe.<\/p>\n<p style=\"text-align: justify;\">Environ 10 sapeurs-pompiers et plusieurs policiers sont intervenus vers 15 h 30 ce vendredi 28 juin. Contact\u00e9s, les sapeurs-pompiers nous expliquent avoir transport\u00e9 deux hommes bless\u00e9s vers le CHU de Rennes, confirmant une information Ouest-France.<\/p>\n<p style=\"text-align: justify;\">\u00ab Les victimes pr\u00e9sentaient diverses plaies. L\u2019une \u00e9tait gri\u00e8vement bless\u00e9e au niveau du visage et du cou. Elle a \u00e9t\u00e9 m\u00e9dicalis\u00e9e par les \u00e9quipes de la Structure mobile d\u2019urgence et de r\u00e9animation (SMUR) \u00bb, explique-t-on du c\u00f4t\u00e9 des pompiers.<\/p>\n<p style=\"text-align: justify;\">Les secours \u00e9taient stationn\u00e9s sur la dalle du Colombier durant leur intervention, ce qui a intrigu\u00e9 bon nombre de passants et de commer\u00e7ants.<\/p>\n<p>Source : <a href=\"https:\/\/actu.fr\/bretagne\/rennes_35238\/agression-au-couteau-a-rennes-un-homme-gravement-blesse-au-visage_61273860.html\">Actu.fr<\/a><\/p>\n","protected":false},"excerpt":{"rendered":"<p>Les faits ont eu lieu vendredi 28 juin 2024 dans le quartier du Colombier, \u00e0 Rennes, plus pr\u00e9cis\u00e9ment au milieu de la place du Mar\u00e9chal Juin. Une rixe a \u00e9clat\u00e9 entre au moins deux individus, et ce, au milieu de l\u2019apr\u00e8s-midi dans un lieu r\u00e9sidentiel et commer\u00e7ants de la ville. \u00ab J\u2019ai vu deux hommes [&hellip;]<\/p>\n","protected":false},"author":1,"featured_media":1763,"comment_status":"open","ping_status":"open","sticky":false,"template":"","format":"standard","meta":{"sb_editor_width":"","footnotes":""},"categories":[31,41,62],"tags":[],"class_list":["post-1762","post","type-post","status-publish","format-standard","has-post-thumbnail","hentry","category-agression","category-ille-et-vilaine","category-revue-de-presse"],"relative_dates":{"created":"2 ans ago","modified":"2 ans ago"},"yoast_head":"<!-- This site is optimized with the Yoast SEO plugin v26.3 - https:\/\/yoast.com\/wordpress\/plugins\/seo\/ -->\n<title>Agression au couteau \u00e0 Rennes : un homme gravement bless\u00e9 au visage - STOURM<\/title>\n<meta name=\"robots\" content=\"index, follow, max-snippet:-1, max-image-preview:large, max-video-preview:-1\" \/>\n<link rel=\"canonical\" href=\"https:\/\/stourm.news\/?p=1762\" \/>\n<meta property=\"og:locale\" content=\"fr_FR\" \/>\n<meta property=\"og:type\" content=\"article\" \/>\n<meta property=\"og:title\" content=\"Agression au couteau \u00e0 Rennes : un homme gravement bless\u00e9 au visage - STOURM\" \/>\n<meta property=\"og:description\" content=\"Les faits ont eu lieu vendredi 28 juin 2024 dans le quartier du Colombier, \u00e0 Rennes, plus pr\u00e9cis\u00e9ment au milieu de la place du Mar\u00e9chal Juin. Une rixe a \u00e9clat\u00e9 entre au moins deux individus, et ce, au milieu de l\u2019apr\u00e8s-midi dans un lieu r\u00e9sidentiel et commer\u00e7ants de la ville. \u00ab J\u2019ai vu deux hommes [&hellip;]\" \/>\n<meta property=\"og:url\" content=\"https:\/\/stourm.news\/?p=1762\" \/>\n<meta property=\"og:site_name\" content=\"STOURM\" \/>\n<meta property=\"article:publisher\" content=\"https:\/\/www.facebook.com\/stourmnews\/\" \/>\n<meta property=\"article:published_time\" content=\"2024-06-29T04:21:17+00:00\" \/>\n<meta property=\"article:modified_time\" content=\"2024-06-29T04:21:37+00:00\" \/>\n<meta property=\"og:image\" content=\"https:\/\/stourm.news\/wp-content\/uploads\/2024\/06\/eperon-colombier-rennes-agression-960x640-1.jpg\" \/>\n\t<meta property=\"og:image:width\" content=\"960\" \/>\n\t<meta property=\"og:image:height\" content=\"640\" \/>\n\t<meta property=\"og:image:type\" content=\"image\/jpeg\" \/>\n<meta name=\"author\" content=\"La r\u00e9daction\" \/>\n<meta name=\"twitter:card\" content=\"summary_large_image\" \/>\n<meta name=\"twitter:label1\" content=\"\u00c9crit par\" \/>\n\t<meta name=\"twitter:data1\" content=\"La r\u00e9daction\" \/>\n\t<meta name=\"twitter:label2\" content=\"Dur\u00e9e de lecture estim\u00e9e\" \/>\n\t<meta name=\"twitter:data2\" content=\"2 minutes\" \/>\n<script type=\"application\/ld+json\" class=\"yoast-schema-graph\">{\"@context\":\"https:\/\/schema.org\",\"@graph\":[{\"@type\":\"Article\",\"@id\":\"https:\/\/stourm.news\/?p=1762#article\",\"isPartOf\":{\"@id\":\"https:\/\/stourm.news\/?p=1762\"},\"author\":{\"name\":\"La r\u00e9daction\",\"@id\":\"https:\/\/stourm.news\/#\/schema\/person\/c3e1dc65988632e190969234ef046cf9\"},\"headline\":\"Agression au couteau \u00e0 Rennes : un homme gravement bless\u00e9 au visage\",\"datePublished\":\"2024-06-29T04:21:17+00:00\",\"dateModified\":\"2024-06-29T04:21:37+00:00\",\"mainEntityOfPage\":{\"@id\":\"https:\/\/stourm.news\/?p=1762\"},\"wordCount\":264,\"commentCount\":0,\"publisher\":{\"@id\":\"https:\/\/stourm.news\/#organization\"},\"image\":{\"@id\":\"https:\/\/stourm.news\/?p=1762#primaryimage\"},\"thumbnailUrl\":\"https:\/\/stourm.news\/wp-content\/uploads\/2024\/06\/eperon-colombier-rennes-agression-960x640-1.jpg\",\"articleSection\":[\"Agression\",\"Ille-et-Vilaine\",\"Revue de presse\"],\"inLanguage\":\"fr-FR\",\"potentialAction\":[{\"@type\":\"CommentAction\",\"name\":\"Comment\",\"target\":[\"https:\/\/stourm.news\/?p=1762#respond\"]}]},{\"@type\":\"WebPage\",\"@id\":\"https:\/\/stourm.news\/?p=1762\",\"url\":\"https:\/\/stourm.news\/?p=1762\",\"name\":\"Agression au couteau \u00e0 Rennes : un homme gravement bless\u00e9 au visage - STOURM\",\"isPartOf\":{\"@id\":\"https:\/\/stourm.news\/#website\"},\"primaryImageOfPage\":{\"@id\":\"https:\/\/stourm.news\/?p=1762#primaryimage\"},\"image\":{\"@id\":\"https:\/\/stourm.news\/?p=1762#primaryimage\"},\"thumbnailUrl\":\"https:\/\/stourm.news\/wp-content\/uploads\/2024\/06\/eperon-colombier-rennes-agression-960x640-1.jpg\",\"datePublished\":\"2024-06-29T04:21:17+00:00\",\"dateModified\":\"2024-06-29T04:21:37+00:00\",\"breadcrumb\":{\"@id\":\"https:\/\/stourm.news\/?p=1762#breadcrumb\"},\"inLanguage\":\"fr-FR\",\"potentialAction\":[{\"@type\":\"ReadAction\",\"target\":[\"https:\/\/stourm.news\/?p=1762\"]}]},{\"@type\":\"ImageObject\",\"inLanguage\":\"fr-FR\",\"@id\":\"https:\/\/stourm.news\/?p=1762#primaryimage\",\"url\":\"https:\/\/stourm.news\/wp-content\/uploads\/2024\/06\/eperon-colombier-rennes-agression-960x640-1.jpg\",\"contentUrl\":\"https:\/\/stourm.news\/wp-content\/uploads\/2024\/06\/eperon-colombier-rennes-agression-960x640-1.jpg\",\"width\":960,\"height\":640},{\"@type\":\"BreadcrumbList\",\"@id\":\"https:\/\/stourm.news\/?p=1762#breadcrumb\",\"itemListElement\":[{\"@type\":\"ListItem\",\"position\":1,\"name\":\"Accueil\",\"item\":\"https:\/\/stourm.news\/\"},{\"@type\":\"ListItem\",\"position\":2,\"name\":\"Agression au couteau \u00e0 Rennes : un homme gravement bless\u00e9 au visage\"}]},{\"@type\":\"WebSite\",\"@id\":\"https:\/\/stourm.news\/#website\",\"url\":\"https:\/\/stourm.news\/\",\"name\":\"Stourm\",\"description\":\"Kazetenn Strollad Broadel Breizh\",\"publisher\":{\"@id\":\"https:\/\/stourm.news\/#organization\"},\"potentialAction\":[{\"@type\":\"SearchAction\",\"target\":{\"@type\":\"EntryPoint\",\"urlTemplate\":\"https:\/\/stourm.news\/?s={search_term_string}\"},\"query-input\":{\"@type\":\"PropertyValueSpecification\",\"valueRequired\":true,\"valueName\":\"search_term_string\"}}],\"inLanguage\":\"fr-FR\"},{\"@type\":\"Organization\",\"@id\":\"https:\/\/stourm.news\/#organization\",\"name\":\"Stourm\",\"url\":\"https:\/\/stourm.news\/\",\"logo\":{\"@type\":\"ImageObject\",\"inLanguage\":\"fr-FR\",\"@id\":\"https:\/\/stourm.news\/#\/schema\/logo\/image\/\",\"url\":\"https:\/\/stourm.news\/wp-content\/uploads\/2025\/11\/cropped-Capture-decran-2025-11-28-a-15.19.07.png\",\"contentUrl\":\"https:\/\/stourm.news\/wp-content\/uploads\/2025\/11\/cropped-Capture-decran-2025-11-28-a-15.19.07.png\",\"width\":1855,\"height\":383,\"caption\":\"Stourm\"},\"image\":{\"@id\":\"https:\/\/stourm.news\/#\/schema\/logo\/image\/\"},\"sameAs\":[\"https:\/\/www.facebook.com\/stourmnews\/\"]},{\"@type\":\"Person\",\"@id\":\"https:\/\/stourm.news\/#\/schema\/person\/c3e1dc65988632e190969234ef046cf9\",\"name\":\"La r\u00e9daction\",\"image\":{\"@type\":\"ImageObject\",\"inLanguage\":\"fr-FR\",\"@id\":\"https:\/\/stourm.news\/#\/schema\/person\/image\/\",\"url\":\"https:\/\/secure.gravatar.com\/avatar\/7463443f194b6b5fb706b074ca0ef59a0cfcfd720cb47764b0ec5a952ce422b3?s=96&d=mm&r=g\",\"contentUrl\":\"https:\/\/secure.gravatar.com\/avatar\/7463443f194b6b5fb706b074ca0ef59a0cfcfd720cb47764b0ec5a952ce422b3?s=96&d=mm&r=g\",\"caption\":\"La r\u00e9daction\"},\"sameAs\":[\"https:\/\/stourm.news\"],\"url\":\"https:\/\/stourm.news\/?author=1\"}]}<\/script>\n<!-- \/ Yoast SEO plugin. -->","yoast_head_json":{"title":"Agression au couteau \u00e0 Rennes : un homme gravement bless\u00e9 au visage - STOURM","robots":{"index":"index","follow":"follow","max-snippet":"max-snippet:-1","max-image-preview":"max-image-preview:large","max-video-preview":"max-video-preview:-1"},"canonical":"https:\/\/stourm.news\/?p=1762","og_locale":"fr_FR","og_type":"article","og_title":"Agression au couteau \u00e0 Rennes : un homme gravement bless\u00e9 au visage - STOURM","og_description":"Les faits ont eu lieu vendredi 28 juin 2024 dans le quartier du Colombier, \u00e0 Rennes, plus pr\u00e9cis\u00e9ment au milieu de la place du Mar\u00e9chal Juin. Une rixe a \u00e9clat\u00e9 entre au moins deux individus, et ce, au milieu de l\u2019apr\u00e8s-midi dans un lieu r\u00e9sidentiel et commer\u00e7ants de la ville. \u00ab J\u2019ai vu deux hommes [&hellip;]","og_url":"https:\/\/stourm.news\/?p=1762","og_site_name":"STOURM","article_publisher":"https:\/\/www.facebook.com\/stourmnews\/","article_published_time":"2024-06-29T04:21:17+00:00","article_modified_time":"2024-06-29T04:21:37+00:00","og_image":[{"width":960,"height":640,"url":"https:\/\/stourm.news\/wp-content\/uploads\/2024\/06\/eperon-colombier-rennes-agression-960x640-1.jpg","type":"image\/jpeg"}],"author":"La r\u00e9daction","twitter_card":"summary_large_image","twitter_misc":{"\u00c9crit par":"La r\u00e9daction","Dur\u00e9e de lecture estim\u00e9e":"2 minutes"},"schema":{"@context":"https:\/\/schema.org","@graph":[{"@type":"Article","@id":"https:\/\/stourm.news\/?p=1762#article","isPartOf":{"@id":"https:\/\/stourm.news\/?p=1762"},"author":{"name":"La r\u00e9daction","@id":"https:\/\/stourm.news\/#\/schema\/person\/c3e1dc65988632e190969234ef046cf9"},"headline":"Agression au couteau \u00e0 Rennes : un homme gravement bless\u00e9 au visage","datePublished":"2024-06-29T04:21:17+00:00","dateModified":"2024-06-29T04:21:37+00:00","mainEntityOfPage":{"@id":"https:\/\/stourm.news\/?p=1762"},"wordCount":264,"commentCount":0,"publisher":{"@id":"https:\/\/stourm.news\/#organization"},"image":{"@id":"https:\/\/stourm.news\/?p=1762#primaryimage"},"thumbnailUrl":"https:\/\/stourm.news\/wp-content\/uploads\/2024\/06\/eperon-colombier-rennes-agression-960x640-1.jpg","articleSection":["Agression","Ille-et-Vilaine","Revue de presse"],"inLanguage":"fr-FR","potentialAction":[{"@type":"CommentAction","name":"Comment","target":["https:\/\/stourm.news\/?p=1762#respond"]}]},{"@type":"WebPage","@id":"https:\/\/stourm.news\/?p=1762","url":"https:\/\/stourm.news\/?p=1762","name":"Agression au couteau \u00e0 Rennes : un homme gravement bless\u00e9 au visage - STOURM","isPartOf":{"@id":"https:\/\/stourm.news\/#website"},"primaryImageOfPage":{"@id":"https:\/\/stourm.news\/?p=1762#primaryimage"},"image":{"@id":"https:\/\/stourm.news\/?p=1762#primaryimage"},"thumbnailUrl":"https:\/\/stourm.news\/wp-content\/uploads\/2024\/06\/eperon-colombier-rennes-agression-960x640-1.jpg","datePublished":"2024-06-29T04:21:17+00:00","dateModified":"2024-06-29T04:21:37+00:00","breadcrumb":{"@id":"https:\/\/stourm.news\/?p=1762#breadcrumb"},"inLanguage":"fr-FR","potentialAction":[{"@type":"ReadAction","target":["https:\/\/stourm.news\/?p=1762"]}]},{"@type":"ImageObject","inLanguage":"fr-FR","@id":"https:\/\/stourm.news\/?p=1762#primaryimage","url":"https:\/\/stourm.news\/wp-content\/uploads\/2024\/06\/eperon-colombier-rennes-agression-960x640-1.jpg","contentUrl":"https:\/\/stourm.news\/wp-content\/uploads\/2024\/06\/eperon-colombier-rennes-agression-960x640-1.jpg","width":960,"height":640},{"@type":"BreadcrumbList","@id":"https:\/\/stourm.news\/?p=1762#breadcrumb","itemListElement":[{"@type":"ListItem","position":1,"name":"Accueil","item":"https:\/\/stourm.news\/"},{"@type":"ListItem","position":2,"name":"Agression au couteau \u00e0 Rennes : un homme gravement bless\u00e9 au visage"}]},{"@type":"WebSite","@id":"https:\/\/stourm.news\/#website","url":"https:\/\/stourm.news\/","name":"Stourm","description":"Kazetenn Strollad Broadel Breizh","publisher":{"@id":"https:\/\/stourm.news\/#organization"},"potentialAction":[{"@type":"SearchAction","target":{"@type":"EntryPoint","urlTemplate":"https:\/\/stourm.news\/?s={search_term_string}"},"query-input":{"@type":"PropertyValueSpecification","valueRequired":true,"valueName":"search_term_string"}}],"inLanguage":"fr-FR"},{"@type":"Organization","@id":"https:\/\/stourm.news\/#organization","name":"Stourm","url":"https:\/\/stourm.news\/","logo":{"@type":"ImageObject","inLanguage":"fr-FR","@id":"https:\/\/stourm.news\/#\/schema\/logo\/image\/","url":"https:\/\/stourm.news\/wp-content\/uploads\/2025\/11\/cropped-Capture-decran-2025-11-28-a-15.19.07.png","contentUrl":"https:\/\/stourm.news\/wp-content\/uploads\/2025\/11\/cropped-Capture-decran-2025-11-28-a-15.19.07.png","width":1855,"height":383,"caption":"Stourm"},"image":{"@id":"https:\/\/stourm.news\/#\/schema\/logo\/image\/"},"sameAs":["https:\/\/www.facebook.com\/stourmnews\/"]},{"@type":"Person","@id":"https:\/\/stourm.news\/#\/schema\/person\/c3e1dc65988632e190969234ef046cf9","name":"La r\u00e9daction","image":{"@type":"ImageObject","inLanguage":"fr-FR","@id":"https:\/\/stourm.news\/#\/schema\/person\/image\/","url":"https:\/\/secure.gravatar.com\/avatar\/7463443f194b6b5fb706b074ca0ef59a0cfcfd720cb47764b0ec5a952ce422b3?s=96&d=mm&r=g","contentUrl":"https:\/\/secure.gravatar.com\/avatar\/7463443f194b6b5fb706b074ca0ef59a0cfcfd720cb47764b0ec5a952ce422b3?s=96&d=mm&r=g","caption":"La r\u00e9daction"},"sameAs":["https:\/\/stourm.news"],"url":"https:\/\/stourm.news\/?author=1"}]}},"_links":{"self":[{"href":"https:\/\/stourm.news\/index.php?rest_route=\/wp\/v2\/posts\/1762","targetHints":{"allow":["GET"]}}],"collection":[{"href":"https:\/\/stourm.news\/index.php?rest_route=\/wp\/v2\/posts"}],"about":[{"href":"https:\/\/stourm.news\/index.php?rest_route=\/wp\/v2\/types\/post"}],"author":[{"embeddable":true,"href":"https:\/\/stourm.news\/index.php?rest_route=\/wp\/v2\/users\/1"}],"replies":[{"embeddable":true,"href":"https:\/\/stourm.news\/index.php?rest_route=%2Fwp%2Fv2%2Fcomments&post=1762"}],"version-history":[{"count":1,"href":"https:\/\/stourm.news\/index.php?rest_route=\/wp\/v2\/posts\/1762\/revisions"}],"predecessor-version":[{"id":1764,"href":"https:\/\/stourm.news\/index.php?rest_route=\/wp\/v2\/posts\/1762\/revisions\/1764"}],"wp:featuredmedia":[{"embeddable":true,"href":"https:\/\/stourm.news\/index.php?rest_route=\/wp\/v2\/media\/1763"}],"wp:attachment":[{"href":"https:\/\/stourm.news\/index.php?rest_route=%2Fwp%2Fv2%2Fmedia&parent=1762"}],"wp:term":[{"taxonomy":"category","embeddable":true,"href":"https:\/\/stourm.news\/index.php?rest_route=%2Fwp%2Fv2%2Fcategories&post=1762"},{"taxonomy":"post_tag","embeddable":true,"href":"https:\/\/stourm.news\/index.php?rest_route=%2Fwp%2Fv2%2Ftags&post=1762"}],"curies":[{"name":"wp","href":"https:\/\/api.w.org\/{rel}","templated":true}]}}