{"id":1769,"date":"2024-07-02T11:03:59","date_gmt":"2024-07-02T11:03:59","guid":{"rendered":"https:\/\/stourm.news\/?p=1769"},"modified":"2024-07-02T11:03:59","modified_gmt":"2024-07-02T11:03:59","slug":"il-se-sentait-seul-pour-laid-une-34eme-condamnation-pour-le-passager-clandestin-pour-avoir-frappe-une-controleuse","status":"publish","type":"post","link":"https:\/\/stourm.news\/?p=1769","title":{"rendered":"Il se sentait \u00ab\u00a0seul\u00a0\u00bb pour l&rsquo;A\u00efd : une 34\u00e8me condamnation pour le passager clandestin pour avoir frapp\u00e9 une contr\u00f4leuse"},"content":{"rendered":"<p style=\"text-align: justify;\">Un quadrag\u00e9naire de Nanterre (Hauts-de-Seine) a \u00e9t\u00e9 condamn\u00e9 ce mercredi 19 juin 2024 par le tribunal correctionnel de Rennes <strong>apr\u00e8s avoir menac\u00e9 et frapp\u00e9<\/strong> une contr\u00f4leuse SNCF. Il s&rsquo;\u00e9tait enferm\u00e9 dans les toilettes jusqu&rsquo;\u00e0 l&rsquo;arr\u00eat forc\u00e9 \u00e0 Redon. Il \u00e9tait jug\u00e9 \u00e0 Rennes en comparution imm\u00e9diate.<\/p>\n<p style=\"text-align: justify;\">Le 16 juin 2024, le pr\u00e9venu avait \u00e9t\u00e9 forc\u00e9 \u00e0 descendre d&rsquo;un train qui circulait entre Rennes et Nantes : des gendarmes l&rsquo;attendaient \u00e0 son arriv\u00e9e \u00e0 Redon (Ille-et-Vilaine). Aux alentours de 21h, l&rsquo;homme de 41 ans avait en fait tent\u00e9 d&rsquo;\u00e9chapper \u00e0 la contr\u00f4leuse SNCF : \u00e0 son arriv\u00e9e dans le wagon, il s&rsquo;\u00e9tait r\u00e9fugi\u00e9 dans les toilettes, desquelles se d\u00e9gageait une <strong>\u00ab\u00a0forte odeur de cannabis\u00a0\u00bb<\/strong>.<\/p>\n<p style=\"text-align: justify;\">La contr\u00f4leuse avait alors demand\u00e9 \u00e0 cet homme d&rsquo;en sortir, sans succ\u00e8s. Elle avait forc\u00e9 l&rsquo;ouverture avec ses cl\u00e9s de service, avant de r\u00e9ussir \u00e0 esquiver les coups de pied et un crachat de la part de ce voyageur clandestin qui <strong>\u00ab\u00a0buvait de la vodka et sentait l&rsquo;alcool et la drogue\u00a0\u00bb<\/strong>, selon ses propres propos. Malgr\u00e9 son \u00ab\u00a0regard vitreux\u00a0\u00bb et sa \u00ab\u00a0d\u00e9marche non \u00e9quilibr\u00e9e\u00a0\u00bb, le pr\u00e9venu avait fini par quitter les toilettes en promettant \u00e0 la contr\u00f4leuse de la<strong> \u00ab\u00a0niquer\u00a0\u00bb<\/strong>, elle et ses \u00ab\u00a0copains\u00a0\u00bb. La femme avait donc finalement fait arr\u00eater le train en gare de Redon.<\/p>\n<p style=\"text-align: justify;\">En garde-\u00e0-vue, le pr\u00e9venu avait reconnu les outrages et s&rsquo;\u00e9tait dit \u00ab\u00a0d\u00e9sol\u00e9\u00a0\u00bb, une version qu&rsquo;il a maintenue devant le tribunal correctionnel de Rennes ce mercredi 19 juin 2024. \u00ab\u00a0J&rsquo;ai des soucis avec l&rsquo;alcool\u00a0\u00bb, explique-t-il : ce soir-l\u00e0,<strong> jour de l&rsquo;A\u00efd<\/strong>, il s&rsquo;\u00e9tait \u00ab\u00a0retrouv\u00e9 seul\u00a0\u00bb \u00e0 cause de \u00ab\u00a0pas mal de soucis de famille\u00a0\u00bb. Il avait bu \u00ab\u00a0une bouteille de vodka\u00a0\u00bb avant de faire \u00ab\u00a0des choses \u00e0 regret, qui m&#8217;emm\u00e8nent en prison\u00a0\u00bb.<\/p>\n<p style=\"text-align: justify;\">Il a malgr\u00e9 tout maintenu n&rsquo;avoir ass\u00e9n\u00e9 aucun coup \u00e0 la contr\u00f4leuse SNCF. \u00ab\u00a0Aucune des quatre personnes entendues [des voyageurs, ndlr] ne fait \u00e9tat de fait de violences ou de crachats\u00a0\u00bb, a d&rsquo;ailleurs soulign\u00e9 son avocate. Reste que ce marginal a un casier judiciaire bien rempli : <strong>il a d\u00e9j\u00e0 \u00e9t\u00e9 condamn\u00e9 trente-trois fois<\/strong>, pour des infractions aussi diverses que vari\u00e9es, allant des stup\u00e9fiants aux infractions routi\u00e8res, en passant par des atteintes aux biens ou \u00e0 l&rsquo;autorit\u00e9 publique, mais aussi pour <strong>quatre exhibitions sexuelles<\/strong>.<\/p>\n<p style=\"text-align: justify;\">Il \u00e9tait d&rsquo;ailleurs <strong>sorti de prison<\/strong> quelques mois plus t\u00f4t, en f\u00e9vrier 2024. H\u00e9berg\u00e9 depuis par un ami, il avait \u00ab\u00a0pr\u00e9vu de s&rsquo;installer en Bretagne pour un travail estival\u00a0\u00bb : il allait d&rsquo;ailleurs \u00e0 Biscarosse, dans les Landes, pour \u00ab\u00a0r\u00e9cup\u00e9rer un camping-car rep\u00e9r\u00e9 sur Leboncoin\u00a0\u00bb.<\/p>\n<p style=\"text-align: justify;\">\u00ab\u00a0Tout a \u00e9t\u00e9 essay\u00e9 avec monsieur\u00a0\u00bb, a d&rsquo;ailleurs d\u00e9plor\u00e9 le procureur de la R\u00e9publique. \u00ab\u00a0C&rsquo;est un constat d&rsquo;\u00e9chec de la justice et de la soci\u00e9t\u00e9 dans sa mission d&rsquo;insertion et de r\u00e9insertion\u00a0\u00bb. Conform\u00e9ment \u00e0 ses r\u00e9quisitions, le pr\u00e9venu a \u00e9t\u00e9 condamn\u00e9 \u00e0 huit mois de prison ferme. Il devra, en outre, payer 100 \u20ac pour avoir voyag\u00e9 sans billet, et verser 700 \u20ac \u00e0 la contr\u00f4leuse en r\u00e9paration de son pr\u00e9judice moral.<\/p>\n<p>Source : <a href=\"https:\/\/france3-regions.francetvinfo.fr\/bretagne\/ille-et-vilaine\/rennes\/c-est-un-constat-d-echec-de-la-justice-une-34eme-condamnation-pour-le-passager-clandestin-qui-s-etait-enferme-dans-les-toilettes-du-train-2996537.html\">France 3 Bretagne<\/a><\/p>\n","protected":false},"excerpt":{"rendered":"<p>Un quadrag\u00e9naire de Nanterre (Hauts-de-Seine) a \u00e9t\u00e9 condamn\u00e9 ce mercredi 19 juin 2024 par le tribunal correctionnel de Rennes apr\u00e8s avoir menac\u00e9 et frapp\u00e9 une contr\u00f4leuse SNCF. Il s&rsquo;\u00e9tait enferm\u00e9 dans les toilettes jusqu&rsquo;\u00e0 l&rsquo;arr\u00eat forc\u00e9 \u00e0 Redon. Il \u00e9tait jug\u00e9 \u00e0 Rennes en comparution imm\u00e9diate. Le 16 juin 2024, le pr\u00e9venu avait \u00e9t\u00e9 forc\u00e9 [&hellip;]<\/p>\n","protected":false},"author":1,"featured_media":1770,"comment_status":"open","ping_status":"open","sticky":false,"template":"","format":"standard","meta":{"sb_editor_width":"","footnotes":""},"categories":[31,41,62],"tags":[],"class_list":["post-1769","post","type-post","status-publish","format-standard","has-post-thumbnail","hentry","category-agression","category-ille-et-vilaine","category-revue-de-presse"],"relative_dates":{"created":"2 ans ago","modified":"2 ans ago"},"yoast_head":"<!-- This site is optimized with the Yoast SEO plugin v26.3 - https:\/\/yoast.com\/wordpress\/plugins\/seo\/ -->\n<title>Il se sentait &quot;seul&quot; pour l&#039;A\u00efd : une 34\u00e8me condamnation pour le passager clandestin pour avoir frapp\u00e9 une contr\u00f4leuse - STOURM<\/title>\n<meta name=\"robots\" content=\"index, follow, max-snippet:-1, max-image-preview:large, max-video-preview:-1\" \/>\n<link rel=\"canonical\" href=\"https:\/\/stourm.news\/?p=1769\" \/>\n<meta property=\"og:locale\" content=\"fr_FR\" \/>\n<meta property=\"og:type\" content=\"article\" \/>\n<meta property=\"og:title\" content=\"Il se sentait &quot;seul&quot; pour l&#039;A\u00efd : une 34\u00e8me condamnation pour le passager clandestin pour avoir frapp\u00e9 une contr\u00f4leuse - STOURM\" \/>\n<meta property=\"og:description\" content=\"Un quadrag\u00e9naire de Nanterre (Hauts-de-Seine) a \u00e9t\u00e9 condamn\u00e9 ce mercredi 19 juin 2024 par le tribunal correctionnel de Rennes apr\u00e8s avoir menac\u00e9 et frapp\u00e9 une contr\u00f4leuse SNCF. Il s&rsquo;\u00e9tait enferm\u00e9 dans les toilettes jusqu&rsquo;\u00e0 l&rsquo;arr\u00eat forc\u00e9 \u00e0 Redon. Il \u00e9tait jug\u00e9 \u00e0 Rennes en comparution imm\u00e9diate. Le 16 juin 2024, le pr\u00e9venu avait \u00e9t\u00e9 forc\u00e9 [&hellip;]\" \/>\n<meta property=\"og:url\" content=\"https:\/\/stourm.news\/?p=1769\" \/>\n<meta property=\"og:site_name\" content=\"STOURM\" \/>\n<meta property=\"article:publisher\" content=\"https:\/\/www.facebook.com\/stourmnews\/\" \/>\n<meta property=\"article:published_time\" content=\"2024-07-02T11:03:59+00:00\" \/>\n<meta property=\"og:image\" content=\"https:\/\/stourm.news\/wp-content\/uploads\/2024\/07\/1200x680_resized_img-20221122-wa00011.jpg\" \/>\n\t<meta property=\"og:image:width\" content=\"1024\" \/>\n\t<meta property=\"og:image:height\" content=\"580\" \/>\n\t<meta property=\"og:image:type\" content=\"image\/jpeg\" \/>\n<meta name=\"author\" content=\"La r\u00e9daction\" \/>\n<meta name=\"twitter:card\" content=\"summary_large_image\" \/>\n<meta name=\"twitter:label1\" content=\"\u00c9crit par\" \/>\n\t<meta name=\"twitter:data1\" content=\"La r\u00e9daction\" \/>\n\t<meta name=\"twitter:label2\" content=\"Dur\u00e9e de lecture estim\u00e9e\" \/>\n\t<meta name=\"twitter:data2\" content=\"3 minutes\" \/>\n<script type=\"application\/ld+json\" class=\"yoast-schema-graph\">{\"@context\":\"https:\/\/schema.org\",\"@graph\":[{\"@type\":\"Article\",\"@id\":\"https:\/\/stourm.news\/?p=1769#article\",\"isPartOf\":{\"@id\":\"https:\/\/stourm.news\/?p=1769\"},\"author\":{\"name\":\"La r\u00e9daction\",\"@id\":\"https:\/\/stourm.news\/#\/schema\/person\/c3e1dc65988632e190969234ef046cf9\"},\"headline\":\"Il se sentait \u00ab\u00a0seul\u00a0\u00bb pour l&rsquo;A\u00efd : une 34\u00e8me condamnation pour le passager clandestin pour avoir frapp\u00e9 une contr\u00f4leuse\",\"datePublished\":\"2024-07-02T11:03:59+00:00\",\"mainEntityOfPage\":{\"@id\":\"https:\/\/stourm.news\/?p=1769\"},\"wordCount\":546,\"commentCount\":0,\"publisher\":{\"@id\":\"https:\/\/stourm.news\/#organization\"},\"image\":{\"@id\":\"https:\/\/stourm.news\/?p=1769#primaryimage\"},\"thumbnailUrl\":\"https:\/\/stourm.news\/wp-content\/uploads\/2024\/07\/1200x680_resized_img-20221122-wa00011.jpg\",\"articleSection\":[\"Agression\",\"Ille-et-Vilaine\",\"Revue de presse\"],\"inLanguage\":\"fr-FR\",\"potentialAction\":[{\"@type\":\"CommentAction\",\"name\":\"Comment\",\"target\":[\"https:\/\/stourm.news\/?p=1769#respond\"]}]},{\"@type\":\"WebPage\",\"@id\":\"https:\/\/stourm.news\/?p=1769\",\"url\":\"https:\/\/stourm.news\/?p=1769\",\"name\":\"Il se sentait \\\"seul\\\" pour l'A\u00efd : une 34\u00e8me condamnation pour le passager clandestin pour avoir frapp\u00e9 une contr\u00f4leuse - STOURM\",\"isPartOf\":{\"@id\":\"https:\/\/stourm.news\/#website\"},\"primaryImageOfPage\":{\"@id\":\"https:\/\/stourm.news\/?p=1769#primaryimage\"},\"image\":{\"@id\":\"https:\/\/stourm.news\/?p=1769#primaryimage\"},\"thumbnailUrl\":\"https:\/\/stourm.news\/wp-content\/uploads\/2024\/07\/1200x680_resized_img-20221122-wa00011.jpg\",\"datePublished\":\"2024-07-02T11:03:59+00:00\",\"breadcrumb\":{\"@id\":\"https:\/\/stourm.news\/?p=1769#breadcrumb\"},\"inLanguage\":\"fr-FR\",\"potentialAction\":[{\"@type\":\"ReadAction\",\"target\":[\"https:\/\/stourm.news\/?p=1769\"]}]},{\"@type\":\"ImageObject\",\"inLanguage\":\"fr-FR\",\"@id\":\"https:\/\/stourm.news\/?p=1769#primaryimage\",\"url\":\"https:\/\/stourm.news\/wp-content\/uploads\/2024\/07\/1200x680_resized_img-20221122-wa00011.jpg\",\"contentUrl\":\"https:\/\/stourm.news\/wp-content\/uploads\/2024\/07\/1200x680_resized_img-20221122-wa00011.jpg\",\"width\":1024,\"height\":580},{\"@type\":\"BreadcrumbList\",\"@id\":\"https:\/\/stourm.news\/?p=1769#breadcrumb\",\"itemListElement\":[{\"@type\":\"ListItem\",\"position\":1,\"name\":\"Accueil\",\"item\":\"https:\/\/stourm.news\/\"},{\"@type\":\"ListItem\",\"position\":2,\"name\":\"Il se sentait \u00ab\u00a0seul\u00a0\u00bb pour l&rsquo;A\u00efd : une 34\u00e8me condamnation pour le passager clandestin pour avoir frapp\u00e9 une contr\u00f4leuse\"}]},{\"@type\":\"WebSite\",\"@id\":\"https:\/\/stourm.news\/#website\",\"url\":\"https:\/\/stourm.news\/\",\"name\":\"Stourm\",\"description\":\"Kazetenn Strollad Broadel Breizh\",\"publisher\":{\"@id\":\"https:\/\/stourm.news\/#organization\"},\"potentialAction\":[{\"@type\":\"SearchAction\",\"target\":{\"@type\":\"EntryPoint\",\"urlTemplate\":\"https:\/\/stourm.news\/?s={search_term_string}\"},\"query-input\":{\"@type\":\"PropertyValueSpecification\",\"valueRequired\":true,\"valueName\":\"search_term_string\"}}],\"inLanguage\":\"fr-FR\"},{\"@type\":\"Organization\",\"@id\":\"https:\/\/stourm.news\/#organization\",\"name\":\"Stourm\",\"url\":\"https:\/\/stourm.news\/\",\"logo\":{\"@type\":\"ImageObject\",\"inLanguage\":\"fr-FR\",\"@id\":\"https:\/\/stourm.news\/#\/schema\/logo\/image\/\",\"url\":\"https:\/\/stourm.news\/wp-content\/uploads\/2025\/11\/cropped-Capture-decran-2025-11-28-a-15.19.07.png\",\"contentUrl\":\"https:\/\/stourm.news\/wp-content\/uploads\/2025\/11\/cropped-Capture-decran-2025-11-28-a-15.19.07.png\",\"width\":1855,\"height\":383,\"caption\":\"Stourm\"},\"image\":{\"@id\":\"https:\/\/stourm.news\/#\/schema\/logo\/image\/\"},\"sameAs\":[\"https:\/\/www.facebook.com\/stourmnews\/\"]},{\"@type\":\"Person\",\"@id\":\"https:\/\/stourm.news\/#\/schema\/person\/c3e1dc65988632e190969234ef046cf9\",\"name\":\"La r\u00e9daction\",\"image\":{\"@type\":\"ImageObject\",\"inLanguage\":\"fr-FR\",\"@id\":\"https:\/\/stourm.news\/#\/schema\/person\/image\/\",\"url\":\"https:\/\/secure.gravatar.com\/avatar\/7463443f194b6b5fb706b074ca0ef59a0cfcfd720cb47764b0ec5a952ce422b3?s=96&d=mm&r=g\",\"contentUrl\":\"https:\/\/secure.gravatar.com\/avatar\/7463443f194b6b5fb706b074ca0ef59a0cfcfd720cb47764b0ec5a952ce422b3?s=96&d=mm&r=g\",\"caption\":\"La r\u00e9daction\"},\"sameAs\":[\"https:\/\/stourm.news\"],\"url\":\"https:\/\/stourm.news\/?author=1\"}]}<\/script>\n<!-- \/ Yoast SEO plugin. -->","yoast_head_json":{"title":"Il se sentait \"seul\" pour l'A\u00efd : une 34\u00e8me condamnation pour le passager clandestin pour avoir frapp\u00e9 une contr\u00f4leuse - STOURM","robots":{"index":"index","follow":"follow","max-snippet":"max-snippet:-1","max-image-preview":"max-image-preview:large","max-video-preview":"max-video-preview:-1"},"canonical":"https:\/\/stourm.news\/?p=1769","og_locale":"fr_FR","og_type":"article","og_title":"Il se sentait \"seul\" pour l'A\u00efd : une 34\u00e8me condamnation pour le passager clandestin pour avoir frapp\u00e9 une contr\u00f4leuse - STOURM","og_description":"Un quadrag\u00e9naire de Nanterre (Hauts-de-Seine) a \u00e9t\u00e9 condamn\u00e9 ce mercredi 19 juin 2024 par le tribunal correctionnel de Rennes apr\u00e8s avoir menac\u00e9 et frapp\u00e9 une contr\u00f4leuse SNCF. Il s&rsquo;\u00e9tait enferm\u00e9 dans les toilettes jusqu&rsquo;\u00e0 l&rsquo;arr\u00eat forc\u00e9 \u00e0 Redon. Il \u00e9tait jug\u00e9 \u00e0 Rennes en comparution imm\u00e9diate. Le 16 juin 2024, le pr\u00e9venu avait \u00e9t\u00e9 forc\u00e9 [&hellip;]","og_url":"https:\/\/stourm.news\/?p=1769","og_site_name":"STOURM","article_publisher":"https:\/\/www.facebook.com\/stourmnews\/","article_published_time":"2024-07-02T11:03:59+00:00","og_image":[{"width":1024,"height":580,"url":"https:\/\/stourm.news\/wp-content\/uploads\/2024\/07\/1200x680_resized_img-20221122-wa00011.jpg","type":"image\/jpeg"}],"author":"La r\u00e9daction","twitter_card":"summary_large_image","twitter_misc":{"\u00c9crit par":"La r\u00e9daction","Dur\u00e9e de lecture estim\u00e9e":"3 minutes"},"schema":{"@context":"https:\/\/schema.org","@graph":[{"@type":"Article","@id":"https:\/\/stourm.news\/?p=1769#article","isPartOf":{"@id":"https:\/\/stourm.news\/?p=1769"},"author":{"name":"La r\u00e9daction","@id":"https:\/\/stourm.news\/#\/schema\/person\/c3e1dc65988632e190969234ef046cf9"},"headline":"Il se sentait \u00ab\u00a0seul\u00a0\u00bb pour l&rsquo;A\u00efd : une 34\u00e8me condamnation pour le passager clandestin pour avoir frapp\u00e9 une contr\u00f4leuse","datePublished":"2024-07-02T11:03:59+00:00","mainEntityOfPage":{"@id":"https:\/\/stourm.news\/?p=1769"},"wordCount":546,"commentCount":0,"publisher":{"@id":"https:\/\/stourm.news\/#organization"},"image":{"@id":"https:\/\/stourm.news\/?p=1769#primaryimage"},"thumbnailUrl":"https:\/\/stourm.news\/wp-content\/uploads\/2024\/07\/1200x680_resized_img-20221122-wa00011.jpg","articleSection":["Agression","Ille-et-Vilaine","Revue de presse"],"inLanguage":"fr-FR","potentialAction":[{"@type":"CommentAction","name":"Comment","target":["https:\/\/stourm.news\/?p=1769#respond"]}]},{"@type":"WebPage","@id":"https:\/\/stourm.news\/?p=1769","url":"https:\/\/stourm.news\/?p=1769","name":"Il se sentait \"seul\" pour l'A\u00efd : une 34\u00e8me condamnation pour le passager clandestin pour avoir frapp\u00e9 une contr\u00f4leuse - STOURM","isPartOf":{"@id":"https:\/\/stourm.news\/#website"},"primaryImageOfPage":{"@id":"https:\/\/stourm.news\/?p=1769#primaryimage"},"image":{"@id":"https:\/\/stourm.news\/?p=1769#primaryimage"},"thumbnailUrl":"https:\/\/stourm.news\/wp-content\/uploads\/2024\/07\/1200x680_resized_img-20221122-wa00011.jpg","datePublished":"2024-07-02T11:03:59+00:00","breadcrumb":{"@id":"https:\/\/stourm.news\/?p=1769#breadcrumb"},"inLanguage":"fr-FR","potentialAction":[{"@type":"ReadAction","target":["https:\/\/stourm.news\/?p=1769"]}]},{"@type":"ImageObject","inLanguage":"fr-FR","@id":"https:\/\/stourm.news\/?p=1769#primaryimage","url":"https:\/\/stourm.news\/wp-content\/uploads\/2024\/07\/1200x680_resized_img-20221122-wa00011.jpg","contentUrl":"https:\/\/stourm.news\/wp-content\/uploads\/2024\/07\/1200x680_resized_img-20221122-wa00011.jpg","width":1024,"height":580},{"@type":"BreadcrumbList","@id":"https:\/\/stourm.news\/?p=1769#breadcrumb","itemListElement":[{"@type":"ListItem","position":1,"name":"Accueil","item":"https:\/\/stourm.news\/"},{"@type":"ListItem","position":2,"name":"Il se sentait \u00ab\u00a0seul\u00a0\u00bb pour l&rsquo;A\u00efd : une 34\u00e8me condamnation pour le passager clandestin pour avoir frapp\u00e9 une contr\u00f4leuse"}]},{"@type":"WebSite","@id":"https:\/\/stourm.news\/#website","url":"https:\/\/stourm.news\/","name":"Stourm","description":"Kazetenn Strollad Broadel Breizh","publisher":{"@id":"https:\/\/stourm.news\/#organization"},"potentialAction":[{"@type":"SearchAction","target":{"@type":"EntryPoint","urlTemplate":"https:\/\/stourm.news\/?s={search_term_string}"},"query-input":{"@type":"PropertyValueSpecification","valueRequired":true,"valueName":"search_term_string"}}],"inLanguage":"fr-FR"},{"@type":"Organization","@id":"https:\/\/stourm.news\/#organization","name":"Stourm","url":"https:\/\/stourm.news\/","logo":{"@type":"ImageObject","inLanguage":"fr-FR","@id":"https:\/\/stourm.news\/#\/schema\/logo\/image\/","url":"https:\/\/stourm.news\/wp-content\/uploads\/2025\/11\/cropped-Capture-decran-2025-11-28-a-15.19.07.png","contentUrl":"https:\/\/stourm.news\/wp-content\/uploads\/2025\/11\/cropped-Capture-decran-2025-11-28-a-15.19.07.png","width":1855,"height":383,"caption":"Stourm"},"image":{"@id":"https:\/\/stourm.news\/#\/schema\/logo\/image\/"},"sameAs":["https:\/\/www.facebook.com\/stourmnews\/"]},{"@type":"Person","@id":"https:\/\/stourm.news\/#\/schema\/person\/c3e1dc65988632e190969234ef046cf9","name":"La r\u00e9daction","image":{"@type":"ImageObject","inLanguage":"fr-FR","@id":"https:\/\/stourm.news\/#\/schema\/person\/image\/","url":"https:\/\/secure.gravatar.com\/avatar\/7463443f194b6b5fb706b074ca0ef59a0cfcfd720cb47764b0ec5a952ce422b3?s=96&d=mm&r=g","contentUrl":"https:\/\/secure.gravatar.com\/avatar\/7463443f194b6b5fb706b074ca0ef59a0cfcfd720cb47764b0ec5a952ce422b3?s=96&d=mm&r=g","caption":"La r\u00e9daction"},"sameAs":["https:\/\/stourm.news"],"url":"https:\/\/stourm.news\/?author=1"}]}},"_links":{"self":[{"href":"https:\/\/stourm.news\/index.php?rest_route=\/wp\/v2\/posts\/1769","targetHints":{"allow":["GET"]}}],"collection":[{"href":"https:\/\/stourm.news\/index.php?rest_route=\/wp\/v2\/posts"}],"about":[{"href":"https:\/\/stourm.news\/index.php?rest_route=\/wp\/v2\/types\/post"}],"author":[{"embeddable":true,"href":"https:\/\/stourm.news\/index.php?rest_route=\/wp\/v2\/users\/1"}],"replies":[{"embeddable":true,"href":"https:\/\/stourm.news\/index.php?rest_route=%2Fwp%2Fv2%2Fcomments&post=1769"}],"version-history":[{"count":1,"href":"https:\/\/stourm.news\/index.php?rest_route=\/wp\/v2\/posts\/1769\/revisions"}],"predecessor-version":[{"id":1771,"href":"https:\/\/stourm.news\/index.php?rest_route=\/wp\/v2\/posts\/1769\/revisions\/1771"}],"wp:featuredmedia":[{"embeddable":true,"href":"https:\/\/stourm.news\/index.php?rest_route=\/wp\/v2\/media\/1770"}],"wp:attachment":[{"href":"https:\/\/stourm.news\/index.php?rest_route=%2Fwp%2Fv2%2Fmedia&parent=1769"}],"wp:term":[{"taxonomy":"category","embeddable":true,"href":"https:\/\/stourm.news\/index.php?rest_route=%2Fwp%2Fv2%2Fcategories&post=1769"},{"taxonomy":"post_tag","embeddable":true,"href":"https:\/\/stourm.news\/index.php?rest_route=%2Fwp%2Fv2%2Ftags&post=1769"}],"curies":[{"name":"wp","href":"https:\/\/api.w.org\/{rel}","templated":true}]}}