{"id":1772,"date":"2024-07-02T11:26:48","date_gmt":"2024-07-02T11:26:48","guid":{"rendered":"https:\/\/stourm.news\/?p=1772"},"modified":"2024-07-02T11:26:48","modified_gmt":"2024-07-02T11:26:48","slug":"a-nantes-un-ado-de-13-ans-interpelle-pour-avoir-braque-une-arme-de-poing-sur-un-policier","status":"publish","type":"post","link":"https:\/\/stourm.news\/?p=1772","title":{"rendered":"\u00c0 Nantes, un ado de 13 ans interpell\u00e9 pour avoir braqu\u00e9 une arme de poing sur un policier"},"content":{"rendered":"<p style=\"text-align: justify;\">Les faits remontent \u00e0 samedi, \u00e0 Orvault, dans la banlieue au nord-ouest de Nantes. Une \u00e9quipe de quatre policiers patrouille le long de la ligne de tramway en bordure de l\u2019agglom\u00e9ration. En fin d\u2019apr\u00e8s-midi, les agents aper\u00e7oivent <strong>quatre jeunes qui d\u00e9pouillent deux victimes<\/strong> \u00e0 un arr\u00eat. Les forces de l\u2019ordre pressent le pas, pr\u00e9viennent <strong>la tentative de vol<\/strong> et se lancent aux trousses des d\u00e9linquants.<\/p>\n<p style=\"text-align: justify;\">L\u2019un d\u2019eux se retourne et braque<strong> une arme de poing<\/strong>, un pistolet de type semi-automatique, sur l\u2019un des fonctionnaires. L\u2019homme s\u2019arr\u00eate, p\u00e9trifi\u00e9. Coup de bluff ou arme r\u00e9elle ? Gardant son sang-froid, il sait se trouver en potentielle condition de l\u00e9gitime d\u00e9fense. Ses confr\u00e8res parviennent cependant \u00e0 d\u00e9sarmer le jeune individu. Son arme, factice, n\u2019\u00e9tait charg\u00e9e que de billes de plomb.<\/p>\n<p style=\"text-align: justify;\">L\u2019adolescent a \u00e9t\u00e9 plac\u00e9 samedi soir en garde \u00e0 vue. \u00c2g\u00e9 d&rsquo;\u00e0 peine 13 ans, le jeune homme se trouvait encore au commissariat central de Nantes lundi matin. \u00abMalgr\u00e9 son \u00e2ge, ce mineur est d\u00e9j\u00e0 <strong>notoirement connu<\/strong> de nos services. Il tra\u00eene dans une bande qui \u00e9cume le tram depuis plusieurs semaines\u00bb, indique une source polici\u00e8re au Figaro. Plusieurs affaires de vols, dont des vols avec violence, sont not\u00e9es au casier judiciaire de l\u2019adolescent. Le policier vis\u00e9 par l\u2019arme factice a port\u00e9 plainte.<\/p>\n<p style=\"text-align: justify;\">La patrouille agress\u00e9e par le jeune homme faisait partie d\u2019un dispositif policier d\u00e9ploy\u00e9 autour du tramway qui d\u00e9bouche \u00e0 Orvault, \u00e0 la suite <strong>des nombreuses plaintes pour vol<\/strong> qui y avaient \u00e9t\u00e9 recens\u00e9es ces derni\u00e8res semaines. Les forces de police nantaises observent depuis une poign\u00e9e d\u2019ann\u00e9es une recrudescence, voire une banalisation, <strong>de la circulation d\u2019armes \u00e0 feu<\/strong>, en lien avec les r\u00e9seaux de trafic de drogue.<\/p>\n<p>Source : <a href=\"https:\/\/www.lefigaro.fr\/nantes\/a-nantes-un-ado-de-13-ans-interpelle-pour-avoir-braque-une-arme-de-poing-sur-un-policier-20240701\">Le Figaro<\/a><\/p>\n","protected":false},"excerpt":{"rendered":"<p>Les faits remontent \u00e0 samedi, \u00e0 Orvault, dans la banlieue au nord-ouest de Nantes. Une \u00e9quipe de quatre policiers patrouille le long de la ligne de tramway en bordure de l\u2019agglom\u00e9ration. En fin d\u2019apr\u00e8s-midi, les agents aper\u00e7oivent quatre jeunes qui d\u00e9pouillent deux victimes \u00e0 un arr\u00eat. Les forces de l\u2019ordre pressent le pas, pr\u00e9viennent la [&hellip;]<\/p>\n","protected":false},"author":1,"featured_media":1773,"comment_status":"open","ping_status":"open","sticky":false,"template":"","format":"standard","meta":{"sb_editor_width":"","footnotes":""},"categories":[31,42,62],"tags":[],"class_list":["post-1772","post","type-post","status-publish","format-standard","has-post-thumbnail","hentry","category-agression","category-loire-atlantique","category-revue-de-presse"],"relative_dates":{"created":"2 ans ago","modified":"2 ans ago"},"yoast_head":"<!-- This site is optimized with the Yoast SEO plugin v26.3 - https:\/\/yoast.com\/wordpress\/plugins\/seo\/ -->\n<title>\u00c0 Nantes, un ado de 13 ans interpell\u00e9 pour avoir braqu\u00e9 une arme de poing sur un policier - STOURM<\/title>\n<meta name=\"robots\" content=\"index, follow, max-snippet:-1, max-image-preview:large, max-video-preview:-1\" \/>\n<link rel=\"canonical\" href=\"https:\/\/stourm.news\/?p=1772\" \/>\n<meta property=\"og:locale\" content=\"fr_FR\" \/>\n<meta property=\"og:type\" content=\"article\" \/>\n<meta property=\"og:title\" content=\"\u00c0 Nantes, un ado de 13 ans interpell\u00e9 pour avoir braqu\u00e9 une arme de poing sur un policier - STOURM\" \/>\n<meta property=\"og:description\" content=\"Les faits remontent \u00e0 samedi, \u00e0 Orvault, dans la banlieue au nord-ouest de Nantes. Une \u00e9quipe de quatre policiers patrouille le long de la ligne de tramway en bordure de l\u2019agglom\u00e9ration. En fin d\u2019apr\u00e8s-midi, les agents aper\u00e7oivent quatre jeunes qui d\u00e9pouillent deux victimes \u00e0 un arr\u00eat. Les forces de l\u2019ordre pressent le pas, pr\u00e9viennent la [&hellip;]\" \/>\n<meta property=\"og:url\" content=\"https:\/\/stourm.news\/?p=1772\" \/>\n<meta property=\"og:site_name\" content=\"STOURM\" \/>\n<meta property=\"article:publisher\" content=\"https:\/\/www.facebook.com\/stourmnews\/\" \/>\n<meta property=\"article:published_time\" content=\"2024-07-02T11:26:48+00:00\" \/>\n<meta property=\"og:image\" content=\"https:\/\/stourm.news\/wp-content\/uploads\/2024\/07\/8d0d971e247ba7fab6e8d40c0eb596485dbf7a9bc712e5b7070ad8a3a182c471.webp\" \/>\n\t<meta property=\"og:image:width\" content=\"704\" \/>\n\t<meta property=\"og:image:height\" content=\"396\" \/>\n\t<meta property=\"og:image:type\" content=\"image\/webp\" \/>\n<meta name=\"author\" content=\"La r\u00e9daction\" \/>\n<meta name=\"twitter:card\" content=\"summary_large_image\" \/>\n<meta name=\"twitter:label1\" content=\"\u00c9crit par\" \/>\n\t<meta name=\"twitter:data1\" content=\"La r\u00e9daction\" \/>\n\t<meta name=\"twitter:label2\" content=\"Dur\u00e9e de lecture estim\u00e9e\" \/>\n\t<meta name=\"twitter:data2\" content=\"2 minutes\" \/>\n<script type=\"application\/ld+json\" class=\"yoast-schema-graph\">{\"@context\":\"https:\/\/schema.org\",\"@graph\":[{\"@type\":\"Article\",\"@id\":\"https:\/\/stourm.news\/?p=1772#article\",\"isPartOf\":{\"@id\":\"https:\/\/stourm.news\/?p=1772\"},\"author\":{\"name\":\"La r\u00e9daction\",\"@id\":\"https:\/\/stourm.news\/#\/schema\/person\/c3e1dc65988632e190969234ef046cf9\"},\"headline\":\"\u00c0 Nantes, un ado de 13 ans interpell\u00e9 pour avoir braqu\u00e9 une arme de poing sur un policier\",\"datePublished\":\"2024-07-02T11:26:48+00:00\",\"mainEntityOfPage\":{\"@id\":\"https:\/\/stourm.news\/?p=1772\"},\"wordCount\":326,\"commentCount\":0,\"publisher\":{\"@id\":\"https:\/\/stourm.news\/#organization\"},\"image\":{\"@id\":\"https:\/\/stourm.news\/?p=1772#primaryimage\"},\"thumbnailUrl\":\"https:\/\/stourm.news\/wp-content\/uploads\/2024\/07\/8d0d971e247ba7fab6e8d40c0eb596485dbf7a9bc712e5b7070ad8a3a182c471.webp\",\"articleSection\":[\"Agression\",\"Loire-Atlantique\",\"Revue de presse\"],\"inLanguage\":\"fr-FR\",\"potentialAction\":[{\"@type\":\"CommentAction\",\"name\":\"Comment\",\"target\":[\"https:\/\/stourm.news\/?p=1772#respond\"]}]},{\"@type\":\"WebPage\",\"@id\":\"https:\/\/stourm.news\/?p=1772\",\"url\":\"https:\/\/stourm.news\/?p=1772\",\"name\":\"\u00c0 Nantes, un ado de 13 ans interpell\u00e9 pour avoir braqu\u00e9 une arme de poing sur un policier - STOURM\",\"isPartOf\":{\"@id\":\"https:\/\/stourm.news\/#website\"},\"primaryImageOfPage\":{\"@id\":\"https:\/\/stourm.news\/?p=1772#primaryimage\"},\"image\":{\"@id\":\"https:\/\/stourm.news\/?p=1772#primaryimage\"},\"thumbnailUrl\":\"https:\/\/stourm.news\/wp-content\/uploads\/2024\/07\/8d0d971e247ba7fab6e8d40c0eb596485dbf7a9bc712e5b7070ad8a3a182c471.webp\",\"datePublished\":\"2024-07-02T11:26:48+00:00\",\"breadcrumb\":{\"@id\":\"https:\/\/stourm.news\/?p=1772#breadcrumb\"},\"inLanguage\":\"fr-FR\",\"potentialAction\":[{\"@type\":\"ReadAction\",\"target\":[\"https:\/\/stourm.news\/?p=1772\"]}]},{\"@type\":\"ImageObject\",\"inLanguage\":\"fr-FR\",\"@id\":\"https:\/\/stourm.news\/?p=1772#primaryimage\",\"url\":\"https:\/\/stourm.news\/wp-content\/uploads\/2024\/07\/8d0d971e247ba7fab6e8d40c0eb596485dbf7a9bc712e5b7070ad8a3a182c471.webp\",\"contentUrl\":\"https:\/\/stourm.news\/wp-content\/uploads\/2024\/07\/8d0d971e247ba7fab6e8d40c0eb596485dbf7a9bc712e5b7070ad8a3a182c471.webp\",\"width\":704,\"height\":396},{\"@type\":\"BreadcrumbList\",\"@id\":\"https:\/\/stourm.news\/?p=1772#breadcrumb\",\"itemListElement\":[{\"@type\":\"ListItem\",\"position\":1,\"name\":\"Accueil\",\"item\":\"https:\/\/stourm.news\/\"},{\"@type\":\"ListItem\",\"position\":2,\"name\":\"\u00c0 Nantes, un ado de 13 ans interpell\u00e9 pour avoir braqu\u00e9 une arme de poing sur un policier\"}]},{\"@type\":\"WebSite\",\"@id\":\"https:\/\/stourm.news\/#website\",\"url\":\"https:\/\/stourm.news\/\",\"name\":\"Stourm\",\"description\":\"Kazetenn Strollad Broadel Breizh\",\"publisher\":{\"@id\":\"https:\/\/stourm.news\/#organization\"},\"potentialAction\":[{\"@type\":\"SearchAction\",\"target\":{\"@type\":\"EntryPoint\",\"urlTemplate\":\"https:\/\/stourm.news\/?s={search_term_string}\"},\"query-input\":{\"@type\":\"PropertyValueSpecification\",\"valueRequired\":true,\"valueName\":\"search_term_string\"}}],\"inLanguage\":\"fr-FR\"},{\"@type\":\"Organization\",\"@id\":\"https:\/\/stourm.news\/#organization\",\"name\":\"Stourm\",\"url\":\"https:\/\/stourm.news\/\",\"logo\":{\"@type\":\"ImageObject\",\"inLanguage\":\"fr-FR\",\"@id\":\"https:\/\/stourm.news\/#\/schema\/logo\/image\/\",\"url\":\"https:\/\/stourm.news\/wp-content\/uploads\/2025\/11\/cropped-Capture-decran-2025-11-28-a-15.19.07.png\",\"contentUrl\":\"https:\/\/stourm.news\/wp-content\/uploads\/2025\/11\/cropped-Capture-decran-2025-11-28-a-15.19.07.png\",\"width\":1855,\"height\":383,\"caption\":\"Stourm\"},\"image\":{\"@id\":\"https:\/\/stourm.news\/#\/schema\/logo\/image\/\"},\"sameAs\":[\"https:\/\/www.facebook.com\/stourmnews\/\"]},{\"@type\":\"Person\",\"@id\":\"https:\/\/stourm.news\/#\/schema\/person\/c3e1dc65988632e190969234ef046cf9\",\"name\":\"La r\u00e9daction\",\"image\":{\"@type\":\"ImageObject\",\"inLanguage\":\"fr-FR\",\"@id\":\"https:\/\/stourm.news\/#\/schema\/person\/image\/\",\"url\":\"https:\/\/secure.gravatar.com\/avatar\/7463443f194b6b5fb706b074ca0ef59a0cfcfd720cb47764b0ec5a952ce422b3?s=96&d=mm&r=g\",\"contentUrl\":\"https:\/\/secure.gravatar.com\/avatar\/7463443f194b6b5fb706b074ca0ef59a0cfcfd720cb47764b0ec5a952ce422b3?s=96&d=mm&r=g\",\"caption\":\"La r\u00e9daction\"},\"sameAs\":[\"https:\/\/stourm.news\"],\"url\":\"https:\/\/stourm.news\/?author=1\"}]}<\/script>\n<!-- \/ Yoast SEO plugin. -->","yoast_head_json":{"title":"\u00c0 Nantes, un ado de 13 ans interpell\u00e9 pour avoir braqu\u00e9 une arme de poing sur un policier - STOURM","robots":{"index":"index","follow":"follow","max-snippet":"max-snippet:-1","max-image-preview":"max-image-preview:large","max-video-preview":"max-video-preview:-1"},"canonical":"https:\/\/stourm.news\/?p=1772","og_locale":"fr_FR","og_type":"article","og_title":"\u00c0 Nantes, un ado de 13 ans interpell\u00e9 pour avoir braqu\u00e9 une arme de poing sur un policier - STOURM","og_description":"Les faits remontent \u00e0 samedi, \u00e0 Orvault, dans la banlieue au nord-ouest de Nantes. Une \u00e9quipe de quatre policiers patrouille le long de la ligne de tramway en bordure de l\u2019agglom\u00e9ration. En fin d\u2019apr\u00e8s-midi, les agents aper\u00e7oivent quatre jeunes qui d\u00e9pouillent deux victimes \u00e0 un arr\u00eat. Les forces de l\u2019ordre pressent le pas, pr\u00e9viennent la [&hellip;]","og_url":"https:\/\/stourm.news\/?p=1772","og_site_name":"STOURM","article_publisher":"https:\/\/www.facebook.com\/stourmnews\/","article_published_time":"2024-07-02T11:26:48+00:00","og_image":[{"width":704,"height":396,"url":"https:\/\/stourm.news\/wp-content\/uploads\/2024\/07\/8d0d971e247ba7fab6e8d40c0eb596485dbf7a9bc712e5b7070ad8a3a182c471.webp","type":"image\/webp"}],"author":"La r\u00e9daction","twitter_card":"summary_large_image","twitter_misc":{"\u00c9crit par":"La r\u00e9daction","Dur\u00e9e de lecture estim\u00e9e":"2 minutes"},"schema":{"@context":"https:\/\/schema.org","@graph":[{"@type":"Article","@id":"https:\/\/stourm.news\/?p=1772#article","isPartOf":{"@id":"https:\/\/stourm.news\/?p=1772"},"author":{"name":"La r\u00e9daction","@id":"https:\/\/stourm.news\/#\/schema\/person\/c3e1dc65988632e190969234ef046cf9"},"headline":"\u00c0 Nantes, un ado de 13 ans interpell\u00e9 pour avoir braqu\u00e9 une arme de poing sur un policier","datePublished":"2024-07-02T11:26:48+00:00","mainEntityOfPage":{"@id":"https:\/\/stourm.news\/?p=1772"},"wordCount":326,"commentCount":0,"publisher":{"@id":"https:\/\/stourm.news\/#organization"},"image":{"@id":"https:\/\/stourm.news\/?p=1772#primaryimage"},"thumbnailUrl":"https:\/\/stourm.news\/wp-content\/uploads\/2024\/07\/8d0d971e247ba7fab6e8d40c0eb596485dbf7a9bc712e5b7070ad8a3a182c471.webp","articleSection":["Agression","Loire-Atlantique","Revue de presse"],"inLanguage":"fr-FR","potentialAction":[{"@type":"CommentAction","name":"Comment","target":["https:\/\/stourm.news\/?p=1772#respond"]}]},{"@type":"WebPage","@id":"https:\/\/stourm.news\/?p=1772","url":"https:\/\/stourm.news\/?p=1772","name":"\u00c0 Nantes, un ado de 13 ans interpell\u00e9 pour avoir braqu\u00e9 une arme de poing sur un policier - STOURM","isPartOf":{"@id":"https:\/\/stourm.news\/#website"},"primaryImageOfPage":{"@id":"https:\/\/stourm.news\/?p=1772#primaryimage"},"image":{"@id":"https:\/\/stourm.news\/?p=1772#primaryimage"},"thumbnailUrl":"https:\/\/stourm.news\/wp-content\/uploads\/2024\/07\/8d0d971e247ba7fab6e8d40c0eb596485dbf7a9bc712e5b7070ad8a3a182c471.webp","datePublished":"2024-07-02T11:26:48+00:00","breadcrumb":{"@id":"https:\/\/stourm.news\/?p=1772#breadcrumb"},"inLanguage":"fr-FR","potentialAction":[{"@type":"ReadAction","target":["https:\/\/stourm.news\/?p=1772"]}]},{"@type":"ImageObject","inLanguage":"fr-FR","@id":"https:\/\/stourm.news\/?p=1772#primaryimage","url":"https:\/\/stourm.news\/wp-content\/uploads\/2024\/07\/8d0d971e247ba7fab6e8d40c0eb596485dbf7a9bc712e5b7070ad8a3a182c471.webp","contentUrl":"https:\/\/stourm.news\/wp-content\/uploads\/2024\/07\/8d0d971e247ba7fab6e8d40c0eb596485dbf7a9bc712e5b7070ad8a3a182c471.webp","width":704,"height":396},{"@type":"BreadcrumbList","@id":"https:\/\/stourm.news\/?p=1772#breadcrumb","itemListElement":[{"@type":"ListItem","position":1,"name":"Accueil","item":"https:\/\/stourm.news\/"},{"@type":"ListItem","position":2,"name":"\u00c0 Nantes, un ado de 13 ans interpell\u00e9 pour avoir braqu\u00e9 une arme de poing sur un policier"}]},{"@type":"WebSite","@id":"https:\/\/stourm.news\/#website","url":"https:\/\/stourm.news\/","name":"Stourm","description":"Kazetenn Strollad Broadel Breizh","publisher":{"@id":"https:\/\/stourm.news\/#organization"},"potentialAction":[{"@type":"SearchAction","target":{"@type":"EntryPoint","urlTemplate":"https:\/\/stourm.news\/?s={search_term_string}"},"query-input":{"@type":"PropertyValueSpecification","valueRequired":true,"valueName":"search_term_string"}}],"inLanguage":"fr-FR"},{"@type":"Organization","@id":"https:\/\/stourm.news\/#organization","name":"Stourm","url":"https:\/\/stourm.news\/","logo":{"@type":"ImageObject","inLanguage":"fr-FR","@id":"https:\/\/stourm.news\/#\/schema\/logo\/image\/","url":"https:\/\/stourm.news\/wp-content\/uploads\/2025\/11\/cropped-Capture-decran-2025-11-28-a-15.19.07.png","contentUrl":"https:\/\/stourm.news\/wp-content\/uploads\/2025\/11\/cropped-Capture-decran-2025-11-28-a-15.19.07.png","width":1855,"height":383,"caption":"Stourm"},"image":{"@id":"https:\/\/stourm.news\/#\/schema\/logo\/image\/"},"sameAs":["https:\/\/www.facebook.com\/stourmnews\/"]},{"@type":"Person","@id":"https:\/\/stourm.news\/#\/schema\/person\/c3e1dc65988632e190969234ef046cf9","name":"La r\u00e9daction","image":{"@type":"ImageObject","inLanguage":"fr-FR","@id":"https:\/\/stourm.news\/#\/schema\/person\/image\/","url":"https:\/\/secure.gravatar.com\/avatar\/7463443f194b6b5fb706b074ca0ef59a0cfcfd720cb47764b0ec5a952ce422b3?s=96&d=mm&r=g","contentUrl":"https:\/\/secure.gravatar.com\/avatar\/7463443f194b6b5fb706b074ca0ef59a0cfcfd720cb47764b0ec5a952ce422b3?s=96&d=mm&r=g","caption":"La r\u00e9daction"},"sameAs":["https:\/\/stourm.news"],"url":"https:\/\/stourm.news\/?author=1"}]}},"_links":{"self":[{"href":"https:\/\/stourm.news\/index.php?rest_route=\/wp\/v2\/posts\/1772","targetHints":{"allow":["GET"]}}],"collection":[{"href":"https:\/\/stourm.news\/index.php?rest_route=\/wp\/v2\/posts"}],"about":[{"href":"https:\/\/stourm.news\/index.php?rest_route=\/wp\/v2\/types\/post"}],"author":[{"embeddable":true,"href":"https:\/\/stourm.news\/index.php?rest_route=\/wp\/v2\/users\/1"}],"replies":[{"embeddable":true,"href":"https:\/\/stourm.news\/index.php?rest_route=%2Fwp%2Fv2%2Fcomments&post=1772"}],"version-history":[{"count":1,"href":"https:\/\/stourm.news\/index.php?rest_route=\/wp\/v2\/posts\/1772\/revisions"}],"predecessor-version":[{"id":1774,"href":"https:\/\/stourm.news\/index.php?rest_route=\/wp\/v2\/posts\/1772\/revisions\/1774"}],"wp:featuredmedia":[{"embeddable":true,"href":"https:\/\/stourm.news\/index.php?rest_route=\/wp\/v2\/media\/1773"}],"wp:attachment":[{"href":"https:\/\/stourm.news\/index.php?rest_route=%2Fwp%2Fv2%2Fmedia&parent=1772"}],"wp:term":[{"taxonomy":"category","embeddable":true,"href":"https:\/\/stourm.news\/index.php?rest_route=%2Fwp%2Fv2%2Fcategories&post=1772"},{"taxonomy":"post_tag","embeddable":true,"href":"https:\/\/stourm.news\/index.php?rest_route=%2Fwp%2Fv2%2Ftags&post=1772"}],"curies":[{"name":"wp","href":"https:\/\/api.w.org\/{rel}","templated":true}]}}