{"id":1781,"date":"2024-07-02T15:15:09","date_gmt":"2024-07-02T15:15:09","guid":{"rendered":"https:\/\/stourm.news\/?p=1781"},"modified":"2024-07-02T15:15:09","modified_gmt":"2024-07-02T15:15:09","slug":"paul-molac-en-appelle-a-lunite-nationale-francaise-pour-presser-les-partis-hexagonaux-de-le-soutenir","status":"publish","type":"post","link":"https:\/\/stourm.news\/?p=1781","title":{"rendered":"Paul Molac en appelle \u00e0 \u00ab\u00a0l&rsquo;unit\u00e9 nationale fran\u00e7aise\u00a0\u00bb pour presser les partis hexagonaux de le soutenir"},"content":{"rendered":"<p style=\"text-align: justify;\">Se plaignant du caract\u00e8re tardif du soutien de David Lappartient, pr\u00e9sident du d\u00e9partement du Morbihan issu de la droite loyaliste fran\u00e7aise, l&rsquo;ex-d\u00e9put\u00e9 macroniste Paul Molac, ancien membre de l&rsquo;UDB (extr\u00eame-gauche r\u00e9gionaliste), en a appel\u00e9 \u00e0 \u00ab\u00a0l&rsquo;unit\u00e9 nationale\u00a0\u00bb fran\u00e7aise pour le presser de r\u00e9agir en sa faveur.<\/p>\n<p style=\"text-align: justify;\"><strong>\u00ab\u00a0David Lappartient n\u2019appelle pas \u00e0 voter contre le Rassemblement national, alors que nous sommes dans un esprit d\u2019union nationale. C\u2019est d\u2019autant plus surprenant que Gabriel Attal et \u00c9douard Philippe appellent les candidats \u00e0 se mobiliser dans ce sens\u00a0\u00bb<\/strong> d\u00e9clare Molac, cit\u00e9 par <a href=\"https:\/\/www.ouest-france.fr\/elections\/legislatives\/legislatives-dans-le-morbihan-le-soutien-finalement-tres-timide-de-david-lappartient-a-paul-molac-04b392a8-37a8-11ef-9c89-e0b91afbddff\">Ouest-France<\/a>.<\/p>\n<p style=\"text-align: justify;\">Le parcours de Paul Molac, marqu\u00e9 du sceau de l&rsquo;opportunisme depuis 2017, marque une nouvelle \u00e9tape dans le ralliement au r\u00e9gime fran\u00e7ais. Ces reptations, caract\u00e9ristiques du r\u00e9gionalisme, contribuent \u00e0 la confusion g\u00e9n\u00e9rale en Bretagne.<\/p>\n<p style=\"text-align: justify;\">Pour en sortir, l&rsquo;alternative nationaliste est plus que jamais n\u00e9cessaire.<\/p>\n<p style=\"text-align: right;\"><strong>Ewen Broc&rsquo;han<\/strong><\/p>\n","protected":false},"excerpt":{"rendered":"<p>Se plaignant du caract\u00e8re tardif du soutien de David Lappartient, pr\u00e9sident du d\u00e9partement du Morbihan issu de la droite loyaliste fran\u00e7aise, l&rsquo;ex-d\u00e9put\u00e9 macroniste Paul Molac, ancien membre de l&rsquo;UDB (extr\u00eame-gauche r\u00e9gionaliste), en a appel\u00e9 \u00e0 \u00ab\u00a0l&rsquo;unit\u00e9 nationale\u00a0\u00bb fran\u00e7aise pour le presser de r\u00e9agir en sa faveur. \u00ab\u00a0David Lappartient n\u2019appelle pas \u00e0 voter contre le Rassemblement [&hellip;]<\/p>\n","protected":false},"author":1,"featured_media":1790,"comment_status":"open","ping_status":"open","sticky":false,"template":"","format":"standard","meta":{"sb_editor_width":"","footnotes":""},"categories":[40,67,65],"tags":[],"class_list":["post-1781","post","type-post","status-publish","format-standard","has-post-thumbnail","hentry","category-morbihan","category-politique","category-principale"],"relative_dates":{"created":"2 ans ago","modified":"2 ans ago"},"yoast_head":"<!-- This site is optimized with the Yoast SEO plugin v26.3 - https:\/\/yoast.com\/wordpress\/plugins\/seo\/ -->\n<title>Paul Molac en appelle \u00e0 &quot;l&#039;unit\u00e9 nationale fran\u00e7aise&quot; pour presser les partis hexagonaux de le soutenir - STOURM<\/title>\n<meta name=\"robots\" content=\"index, follow, max-snippet:-1, max-image-preview:large, max-video-preview:-1\" \/>\n<link rel=\"canonical\" href=\"https:\/\/stourm.news\/?p=1781\" \/>\n<meta property=\"og:locale\" content=\"fr_FR\" \/>\n<meta property=\"og:type\" content=\"article\" \/>\n<meta property=\"og:title\" content=\"Paul Molac en appelle \u00e0 &quot;l&#039;unit\u00e9 nationale fran\u00e7aise&quot; pour presser les partis hexagonaux de le soutenir - STOURM\" \/>\n<meta property=\"og:description\" content=\"Se plaignant du caract\u00e8re tardif du soutien de David Lappartient, pr\u00e9sident du d\u00e9partement du Morbihan issu de la droite loyaliste fran\u00e7aise, l&rsquo;ex-d\u00e9put\u00e9 macroniste Paul Molac, ancien membre de l&rsquo;UDB (extr\u00eame-gauche r\u00e9gionaliste), en a appel\u00e9 \u00e0 \u00ab\u00a0l&rsquo;unit\u00e9 nationale\u00a0\u00bb fran\u00e7aise pour le presser de r\u00e9agir en sa faveur. \u00ab\u00a0David Lappartient n\u2019appelle pas \u00e0 voter contre le Rassemblement [&hellip;]\" \/>\n<meta property=\"og:url\" content=\"https:\/\/stourm.news\/?p=1781\" \/>\n<meta property=\"og:site_name\" content=\"STOURM\" \/>\n<meta property=\"article:publisher\" content=\"https:\/\/www.facebook.com\/stourmnews\/\" \/>\n<meta property=\"article:published_time\" content=\"2024-07-02T15:15:09+00:00\" \/>\n<meta property=\"og:image\" content=\"https:\/\/stourm.news\/wp-content\/uploads\/2024\/07\/1200x680_sc_maxnewsfrfour976900.jpg\" \/>\n\t<meta property=\"og:image:width\" content=\"1200\" \/>\n\t<meta property=\"og:image:height\" content=\"680\" \/>\n\t<meta property=\"og:image:type\" content=\"image\/jpeg\" \/>\n<meta name=\"author\" content=\"La r\u00e9daction\" \/>\n<meta name=\"twitter:card\" content=\"summary_large_image\" \/>\n<meta name=\"twitter:label1\" content=\"\u00c9crit par\" \/>\n\t<meta name=\"twitter:data1\" content=\"La r\u00e9daction\" \/>\n\t<meta name=\"twitter:label2\" content=\"Dur\u00e9e de lecture estim\u00e9e\" \/>\n\t<meta name=\"twitter:data2\" content=\"1 minute\" \/>\n<script type=\"application\/ld+json\" class=\"yoast-schema-graph\">{\"@context\":\"https:\/\/schema.org\",\"@graph\":[{\"@type\":\"Article\",\"@id\":\"https:\/\/stourm.news\/?p=1781#article\",\"isPartOf\":{\"@id\":\"https:\/\/stourm.news\/?p=1781\"},\"author\":{\"name\":\"La r\u00e9daction\",\"@id\":\"https:\/\/stourm.news\/#\/schema\/person\/c3e1dc65988632e190969234ef046cf9\"},\"headline\":\"Paul Molac en appelle \u00e0 \u00ab\u00a0l&rsquo;unit\u00e9 nationale fran\u00e7aise\u00a0\u00bb pour presser les partis hexagonaux de le soutenir\",\"datePublished\":\"2024-07-02T15:15:09+00:00\",\"mainEntityOfPage\":{\"@id\":\"https:\/\/stourm.news\/?p=1781\"},\"wordCount\":174,\"commentCount\":0,\"publisher\":{\"@id\":\"https:\/\/stourm.news\/#organization\"},\"image\":{\"@id\":\"https:\/\/stourm.news\/?p=1781#primaryimage\"},\"thumbnailUrl\":\"https:\/\/stourm.news\/wp-content\/uploads\/2024\/07\/1200x680_sc_maxnewsfrfour976900.jpg\",\"articleSection\":[\"Morbihan\",\"Politique\",\"Principale\"],\"inLanguage\":\"fr-FR\",\"potentialAction\":[{\"@type\":\"CommentAction\",\"name\":\"Comment\",\"target\":[\"https:\/\/stourm.news\/?p=1781#respond\"]}]},{\"@type\":\"WebPage\",\"@id\":\"https:\/\/stourm.news\/?p=1781\",\"url\":\"https:\/\/stourm.news\/?p=1781\",\"name\":\"Paul Molac en appelle \u00e0 \\\"l'unit\u00e9 nationale fran\u00e7aise\\\" pour presser les partis hexagonaux de le soutenir - STOURM\",\"isPartOf\":{\"@id\":\"https:\/\/stourm.news\/#website\"},\"primaryImageOfPage\":{\"@id\":\"https:\/\/stourm.news\/?p=1781#primaryimage\"},\"image\":{\"@id\":\"https:\/\/stourm.news\/?p=1781#primaryimage\"},\"thumbnailUrl\":\"https:\/\/stourm.news\/wp-content\/uploads\/2024\/07\/1200x680_sc_maxnewsfrfour976900.jpg\",\"datePublished\":\"2024-07-02T15:15:09+00:00\",\"breadcrumb\":{\"@id\":\"https:\/\/stourm.news\/?p=1781#breadcrumb\"},\"inLanguage\":\"fr-FR\",\"potentialAction\":[{\"@type\":\"ReadAction\",\"target\":[\"https:\/\/stourm.news\/?p=1781\"]}]},{\"@type\":\"ImageObject\",\"inLanguage\":\"fr-FR\",\"@id\":\"https:\/\/stourm.news\/?p=1781#primaryimage\",\"url\":\"https:\/\/stourm.news\/wp-content\/uploads\/2024\/07\/1200x680_sc_maxnewsfrfour976900.jpg\",\"contentUrl\":\"https:\/\/stourm.news\/wp-content\/uploads\/2024\/07\/1200x680_sc_maxnewsfrfour976900.jpg\",\"width\":1200,\"height\":680},{\"@type\":\"BreadcrumbList\",\"@id\":\"https:\/\/stourm.news\/?p=1781#breadcrumb\",\"itemListElement\":[{\"@type\":\"ListItem\",\"position\":1,\"name\":\"Accueil\",\"item\":\"https:\/\/stourm.news\/\"},{\"@type\":\"ListItem\",\"position\":2,\"name\":\"Paul Molac en appelle \u00e0 \u00ab\u00a0l&rsquo;unit\u00e9 nationale fran\u00e7aise\u00a0\u00bb pour presser les partis hexagonaux de le soutenir\"}]},{\"@type\":\"WebSite\",\"@id\":\"https:\/\/stourm.news\/#website\",\"url\":\"https:\/\/stourm.news\/\",\"name\":\"Stourm\",\"description\":\"Kazetenn Strollad Broadel Breizh\",\"publisher\":{\"@id\":\"https:\/\/stourm.news\/#organization\"},\"potentialAction\":[{\"@type\":\"SearchAction\",\"target\":{\"@type\":\"EntryPoint\",\"urlTemplate\":\"https:\/\/stourm.news\/?s={search_term_string}\"},\"query-input\":{\"@type\":\"PropertyValueSpecification\",\"valueRequired\":true,\"valueName\":\"search_term_string\"}}],\"inLanguage\":\"fr-FR\"},{\"@type\":\"Organization\",\"@id\":\"https:\/\/stourm.news\/#organization\",\"name\":\"Stourm\",\"url\":\"https:\/\/stourm.news\/\",\"logo\":{\"@type\":\"ImageObject\",\"inLanguage\":\"fr-FR\",\"@id\":\"https:\/\/stourm.news\/#\/schema\/logo\/image\/\",\"url\":\"https:\/\/stourm.news\/wp-content\/uploads\/2025\/11\/cropped-Capture-decran-2025-11-28-a-15.19.07.png\",\"contentUrl\":\"https:\/\/stourm.news\/wp-content\/uploads\/2025\/11\/cropped-Capture-decran-2025-11-28-a-15.19.07.png\",\"width\":1855,\"height\":383,\"caption\":\"Stourm\"},\"image\":{\"@id\":\"https:\/\/stourm.news\/#\/schema\/logo\/image\/\"},\"sameAs\":[\"https:\/\/www.facebook.com\/stourmnews\/\"]},{\"@type\":\"Person\",\"@id\":\"https:\/\/stourm.news\/#\/schema\/person\/c3e1dc65988632e190969234ef046cf9\",\"name\":\"La r\u00e9daction\",\"image\":{\"@type\":\"ImageObject\",\"inLanguage\":\"fr-FR\",\"@id\":\"https:\/\/stourm.news\/#\/schema\/person\/image\/\",\"url\":\"https:\/\/secure.gravatar.com\/avatar\/7463443f194b6b5fb706b074ca0ef59a0cfcfd720cb47764b0ec5a952ce422b3?s=96&d=mm&r=g\",\"contentUrl\":\"https:\/\/secure.gravatar.com\/avatar\/7463443f194b6b5fb706b074ca0ef59a0cfcfd720cb47764b0ec5a952ce422b3?s=96&d=mm&r=g\",\"caption\":\"La r\u00e9daction\"},\"sameAs\":[\"https:\/\/stourm.news\"],\"url\":\"https:\/\/stourm.news\/?author=1\"}]}<\/script>\n<!-- \/ Yoast SEO plugin. -->","yoast_head_json":{"title":"Paul Molac en appelle \u00e0 \"l'unit\u00e9 nationale fran\u00e7aise\" pour presser les partis hexagonaux de le soutenir - STOURM","robots":{"index":"index","follow":"follow","max-snippet":"max-snippet:-1","max-image-preview":"max-image-preview:large","max-video-preview":"max-video-preview:-1"},"canonical":"https:\/\/stourm.news\/?p=1781","og_locale":"fr_FR","og_type":"article","og_title":"Paul Molac en appelle \u00e0 \"l'unit\u00e9 nationale fran\u00e7aise\" pour presser les partis hexagonaux de le soutenir - STOURM","og_description":"Se plaignant du caract\u00e8re tardif du soutien de David Lappartient, pr\u00e9sident du d\u00e9partement du Morbihan issu de la droite loyaliste fran\u00e7aise, l&rsquo;ex-d\u00e9put\u00e9 macroniste Paul Molac, ancien membre de l&rsquo;UDB (extr\u00eame-gauche r\u00e9gionaliste), en a appel\u00e9 \u00e0 \u00ab\u00a0l&rsquo;unit\u00e9 nationale\u00a0\u00bb fran\u00e7aise pour le presser de r\u00e9agir en sa faveur. \u00ab\u00a0David Lappartient n\u2019appelle pas \u00e0 voter contre le Rassemblement [&hellip;]","og_url":"https:\/\/stourm.news\/?p=1781","og_site_name":"STOURM","article_publisher":"https:\/\/www.facebook.com\/stourmnews\/","article_published_time":"2024-07-02T15:15:09+00:00","og_image":[{"width":1200,"height":680,"url":"https:\/\/stourm.news\/wp-content\/uploads\/2024\/07\/1200x680_sc_maxnewsfrfour976900.jpg","type":"image\/jpeg"}],"author":"La r\u00e9daction","twitter_card":"summary_large_image","twitter_misc":{"\u00c9crit par":"La r\u00e9daction","Dur\u00e9e de lecture estim\u00e9e":"1 minute"},"schema":{"@context":"https:\/\/schema.org","@graph":[{"@type":"Article","@id":"https:\/\/stourm.news\/?p=1781#article","isPartOf":{"@id":"https:\/\/stourm.news\/?p=1781"},"author":{"name":"La r\u00e9daction","@id":"https:\/\/stourm.news\/#\/schema\/person\/c3e1dc65988632e190969234ef046cf9"},"headline":"Paul Molac en appelle \u00e0 \u00ab\u00a0l&rsquo;unit\u00e9 nationale fran\u00e7aise\u00a0\u00bb pour presser les partis hexagonaux de le soutenir","datePublished":"2024-07-02T15:15:09+00:00","mainEntityOfPage":{"@id":"https:\/\/stourm.news\/?p=1781"},"wordCount":174,"commentCount":0,"publisher":{"@id":"https:\/\/stourm.news\/#organization"},"image":{"@id":"https:\/\/stourm.news\/?p=1781#primaryimage"},"thumbnailUrl":"https:\/\/stourm.news\/wp-content\/uploads\/2024\/07\/1200x680_sc_maxnewsfrfour976900.jpg","articleSection":["Morbihan","Politique","Principale"],"inLanguage":"fr-FR","potentialAction":[{"@type":"CommentAction","name":"Comment","target":["https:\/\/stourm.news\/?p=1781#respond"]}]},{"@type":"WebPage","@id":"https:\/\/stourm.news\/?p=1781","url":"https:\/\/stourm.news\/?p=1781","name":"Paul Molac en appelle \u00e0 \"l'unit\u00e9 nationale fran\u00e7aise\" pour presser les partis hexagonaux de le soutenir - STOURM","isPartOf":{"@id":"https:\/\/stourm.news\/#website"},"primaryImageOfPage":{"@id":"https:\/\/stourm.news\/?p=1781#primaryimage"},"image":{"@id":"https:\/\/stourm.news\/?p=1781#primaryimage"},"thumbnailUrl":"https:\/\/stourm.news\/wp-content\/uploads\/2024\/07\/1200x680_sc_maxnewsfrfour976900.jpg","datePublished":"2024-07-02T15:15:09+00:00","breadcrumb":{"@id":"https:\/\/stourm.news\/?p=1781#breadcrumb"},"inLanguage":"fr-FR","potentialAction":[{"@type":"ReadAction","target":["https:\/\/stourm.news\/?p=1781"]}]},{"@type":"ImageObject","inLanguage":"fr-FR","@id":"https:\/\/stourm.news\/?p=1781#primaryimage","url":"https:\/\/stourm.news\/wp-content\/uploads\/2024\/07\/1200x680_sc_maxnewsfrfour976900.jpg","contentUrl":"https:\/\/stourm.news\/wp-content\/uploads\/2024\/07\/1200x680_sc_maxnewsfrfour976900.jpg","width":1200,"height":680},{"@type":"BreadcrumbList","@id":"https:\/\/stourm.news\/?p=1781#breadcrumb","itemListElement":[{"@type":"ListItem","position":1,"name":"Accueil","item":"https:\/\/stourm.news\/"},{"@type":"ListItem","position":2,"name":"Paul Molac en appelle \u00e0 \u00ab\u00a0l&rsquo;unit\u00e9 nationale fran\u00e7aise\u00a0\u00bb pour presser les partis hexagonaux de le soutenir"}]},{"@type":"WebSite","@id":"https:\/\/stourm.news\/#website","url":"https:\/\/stourm.news\/","name":"Stourm","description":"Kazetenn Strollad Broadel Breizh","publisher":{"@id":"https:\/\/stourm.news\/#organization"},"potentialAction":[{"@type":"SearchAction","target":{"@type":"EntryPoint","urlTemplate":"https:\/\/stourm.news\/?s={search_term_string}"},"query-input":{"@type":"PropertyValueSpecification","valueRequired":true,"valueName":"search_term_string"}}],"inLanguage":"fr-FR"},{"@type":"Organization","@id":"https:\/\/stourm.news\/#organization","name":"Stourm","url":"https:\/\/stourm.news\/","logo":{"@type":"ImageObject","inLanguage":"fr-FR","@id":"https:\/\/stourm.news\/#\/schema\/logo\/image\/","url":"https:\/\/stourm.news\/wp-content\/uploads\/2025\/11\/cropped-Capture-decran-2025-11-28-a-15.19.07.png","contentUrl":"https:\/\/stourm.news\/wp-content\/uploads\/2025\/11\/cropped-Capture-decran-2025-11-28-a-15.19.07.png","width":1855,"height":383,"caption":"Stourm"},"image":{"@id":"https:\/\/stourm.news\/#\/schema\/logo\/image\/"},"sameAs":["https:\/\/www.facebook.com\/stourmnews\/"]},{"@type":"Person","@id":"https:\/\/stourm.news\/#\/schema\/person\/c3e1dc65988632e190969234ef046cf9","name":"La r\u00e9daction","image":{"@type":"ImageObject","inLanguage":"fr-FR","@id":"https:\/\/stourm.news\/#\/schema\/person\/image\/","url":"https:\/\/secure.gravatar.com\/avatar\/7463443f194b6b5fb706b074ca0ef59a0cfcfd720cb47764b0ec5a952ce422b3?s=96&d=mm&r=g","contentUrl":"https:\/\/secure.gravatar.com\/avatar\/7463443f194b6b5fb706b074ca0ef59a0cfcfd720cb47764b0ec5a952ce422b3?s=96&d=mm&r=g","caption":"La r\u00e9daction"},"sameAs":["https:\/\/stourm.news"],"url":"https:\/\/stourm.news\/?author=1"}]}},"_links":{"self":[{"href":"https:\/\/stourm.news\/index.php?rest_route=\/wp\/v2\/posts\/1781","targetHints":{"allow":["GET"]}}],"collection":[{"href":"https:\/\/stourm.news\/index.php?rest_route=\/wp\/v2\/posts"}],"about":[{"href":"https:\/\/stourm.news\/index.php?rest_route=\/wp\/v2\/types\/post"}],"author":[{"embeddable":true,"href":"https:\/\/stourm.news\/index.php?rest_route=\/wp\/v2\/users\/1"}],"replies":[{"embeddable":true,"href":"https:\/\/stourm.news\/index.php?rest_route=%2Fwp%2Fv2%2Fcomments&post=1781"}],"version-history":[{"count":1,"href":"https:\/\/stourm.news\/index.php?rest_route=\/wp\/v2\/posts\/1781\/revisions"}],"predecessor-version":[{"id":1791,"href":"https:\/\/stourm.news\/index.php?rest_route=\/wp\/v2\/posts\/1781\/revisions\/1791"}],"wp:featuredmedia":[{"embeddable":true,"href":"https:\/\/stourm.news\/index.php?rest_route=\/wp\/v2\/media\/1790"}],"wp:attachment":[{"href":"https:\/\/stourm.news\/index.php?rest_route=%2Fwp%2Fv2%2Fmedia&parent=1781"}],"wp:term":[{"taxonomy":"category","embeddable":true,"href":"https:\/\/stourm.news\/index.php?rest_route=%2Fwp%2Fv2%2Fcategories&post=1781"},{"taxonomy":"post_tag","embeddable":true,"href":"https:\/\/stourm.news\/index.php?rest_route=%2Fwp%2Fv2%2Ftags&post=1781"}],"curies":[{"name":"wp","href":"https:\/\/api.w.org\/{rel}","templated":true}]}}