{"id":1792,"date":"2024-07-03T12:21:04","date_gmt":"2024-07-03T12:21:04","guid":{"rendered":"https:\/\/stourm.news\/?p=1792"},"modified":"2024-07-03T12:21:04","modified_gmt":"2024-07-03T12:21:04","slug":"en-ouvrant-son-territoire-a-larmee-americaine-la-finlande-hypotheque-son-independance-nationale","status":"publish","type":"post","link":"https:\/\/stourm.news\/?p=1792","title":{"rendered":"En ouvrant son territoire \u00e0 l&rsquo;arm\u00e9e am\u00e9ricaine, la Finlande hypoth\u00e8que son ind\u00e9pendance nationale"},"content":{"rendered":"<p style=\"text-align: justify;\">Apr\u00e8s avoir int\u00e9gr\u00e9 l&rsquo;OTAN, la Finlande a pass\u00e9 un accord qui en fait une base op\u00e9rationnelle pour les forces arm\u00e9es am\u00e9ricaines. La nation de 5 millions d&rsquo;habitants hypoth\u00e8que son ind\u00e9pendance et possiblement sa survie comme \u00e9tat.<\/p>\n<p><a href=\"https:\/\/www.latribune.fr\/economie\/international\/face-a-la-menace-russe-la-finlande-approuve-a-son-tour-un-accord-de-defense-avec-les-etats-unis-1001248.html\">La Tribune<\/a> :<\/p>\n<blockquote>\n<p style=\"text-align: justify;\">Le Parlement finlandais a approuv\u00e9 ce lundi, \u00e0 l&rsquo;unanimit\u00e9, <strong>l&rsquo;Accord de coop\u00e9ration de d\u00e9fense (DCA)<\/strong> sign\u00e9 en d\u00e9cembre dernier <strong>avec les \u00c9tats-Unis<\/strong>. Concr\u00e8tement, ce texte permet aux soldats am\u00e9ricains <strong>d&rsquo;avoir acc\u00e8s \u00e0 15 bases militaires<\/strong> en Finlande. Cet accord autorise, par ailleurs, leur pr\u00e9sence et leur formation sur le territoire finlandais, <strong>ainsi que le stockage de mat\u00e9riel militaire am\u00e9ricain.<\/strong><\/p>\n<p style=\"text-align: justify;\">Cet accord de d\u00e9fense permet aux deux pays de consolider leur coop\u00e9ration en situation de crise. Il est encadr\u00e9 par l&rsquo;obligation de respecter la souverainet\u00e9 de la Finlande, ses lois nationales ainsi que le droit international, ont soulign\u00e9 le gouvernement et la commission des Affaires \u00e9trang\u00e8res.<\/p>\n<p style=\"text-align: justify;\">Pour le pr\u00e9sident de la commission des Affaires \u00e9trang\u00e8res et d\u00e9put\u00e9, Kimmo Kiljunen <strong>(Parti social-d\u00e9mocrate)<\/strong>, qui a jou\u00e9 un r\u00f4le central dans l&rsquo;examen de l&rsquo;accord, cette adoption est un \u00ab moment historique \u00bb, a-t-il d\u00e9clar\u00e9 lors de la session pl\u00e9ni\u00e8re ce lundi.<\/p>\n<\/blockquote>\n<p style=\"text-align: justify;\">Avec plus de 1300 kilom\u00e8tres de fronti\u00e8res communes avec la Russie, cette posture de la Finlande aggrave sa situation strat\u00e9gique. Sous l&rsquo;illusion d&rsquo;une protection nucl\u00e9aire am\u00e9ricaine, le pays s&rsquo;aventure dans une logique de confrontation qui ne renforce pas la Finlande, mais l&rsquo;expose au contraire \u00e0 une guerre avec la Russie qui n&rsquo;avait pourtant pas d&rsquo;int\u00e9r\u00eats vitaux dans ce pays.<\/p>\n<p style=\"text-align: justify;\">Cette tendance se retrouve ailleurs. Les Pays baltes, eux aussi gouvern\u00e9s par une forme d&rsquo;irrationalit\u00e9 m\u00e9morielle vis-\u00e0-vis de la Russie, ont cru pertinent d&rsquo;adopter une posture anti-russe et pro-am\u00e9ricaine de plus en plus virulente. Les mots gouvernant les actions, ils se retrouvent d\u00e9sormais pleinement impliqu\u00e9s dans la guerre russo-ukrainienne et pourraient se retrouver rapidement face \u00e0 une attaque russe qu&rsquo;ils ne pourraient contenir que <a href=\"https:\/\/www.businessinsider.com\/estonia-could-hold-back-russia-attack-weeks-nato-comes-commander-2024-7\">deux semaines<\/a> selon le minist\u00e8re de la d\u00e9fense estonien.<\/p>\n<p style=\"text-align: justify;\">Ces deux exemples montrent que le pragmatisme doit gouverner la diplomatie d&rsquo;une petite nation et que tout alignement sur un bloc, en raison de l&rsquo;in\u00e9vitablement perte de souverainet\u00e9 qu&rsquo;il implique, peut rapidement se convertir en risque accru de conflit aux cons\u00e9quences potentiellement irr\u00e9versibles.<\/p>\n<p style=\"text-align: justify;\">Pire, toute adh\u00e9sion \u00e0 l&rsquo;OTAN pr\u00e9suppose une adh\u00e9sion \u00e0 son syst\u00e8me politique et id\u00e9ologique, d\u00e9crit sous le terme de \u00ab\u00a0valeurs\u00a0\u00bb, qui est non-n\u00e9gociable : l\u00e9gislation LGBT, cosmopolitisme, immigration de masse en sont indissociables.<\/p>\n<p style=\"text-align: justify;\">Pour la Bretagne, toute politique \u00e9trang\u00e8re cons\u00e9quente doit \u00eatre fond\u00e9e sur l&rsquo;ind\u00e9pendance nationale et elle seule, loin de toute logique d&rsquo;alliance ou de bloc. C&rsquo;est par une neutralit\u00e9 exigeante que la Bretagne pourra exister comme \u00e9tat respect\u00e9 en Europe.<\/p>\n<p style=\"text-align: right;\"><strong>Ewen Broc&rsquo;han<\/strong><\/p>\n<p>&nbsp;<\/p>\n","protected":false},"excerpt":{"rendered":"<p>Apr\u00e8s avoir int\u00e9gr\u00e9 l&rsquo;OTAN, la Finlande a pass\u00e9 un accord qui en fait une base op\u00e9rationnelle pour les forces arm\u00e9es am\u00e9ricaines. La nation de 5 millions d&rsquo;habitants hypoth\u00e8que son ind\u00e9pendance et possiblement sa survie comme \u00e9tat. La Tribune : Le Parlement finlandais a approuv\u00e9 ce lundi, \u00e0 l&rsquo;unanimit\u00e9, l&rsquo;Accord de coop\u00e9ration de d\u00e9fense (DCA) sign\u00e9 [&hellip;]<\/p>\n","protected":false},"author":1,"featured_media":1793,"comment_status":"open","ping_status":"open","sticky":false,"template":"","format":"standard","meta":{"sb_editor_width":"","footnotes":""},"categories":[66,65],"tags":[],"class_list":["post-1792","post","type-post","status-publish","format-standard","has-post-thumbnail","hentry","category-international","category-principale"],"relative_dates":{"created":"2 ans ago","modified":"2 ans ago"},"yoast_head":"<!-- This site is optimized with the Yoast SEO plugin v26.3 - https:\/\/yoast.com\/wordpress\/plugins\/seo\/ -->\n<title>En ouvrant son territoire \u00e0 l&#039;arm\u00e9e am\u00e9ricaine, la Finlande hypoth\u00e8que son ind\u00e9pendance nationale - STOURM<\/title>\n<meta name=\"robots\" content=\"index, follow, max-snippet:-1, max-image-preview:large, max-video-preview:-1\" \/>\n<link rel=\"canonical\" href=\"https:\/\/stourm.news\/?p=1792\" \/>\n<meta property=\"og:locale\" content=\"fr_FR\" \/>\n<meta property=\"og:type\" content=\"article\" \/>\n<meta property=\"og:title\" content=\"En ouvrant son territoire \u00e0 l&#039;arm\u00e9e am\u00e9ricaine, la Finlande hypoth\u00e8que son ind\u00e9pendance nationale - STOURM\" \/>\n<meta property=\"og:description\" content=\"Apr\u00e8s avoir int\u00e9gr\u00e9 l&rsquo;OTAN, la Finlande a pass\u00e9 un accord qui en fait une base op\u00e9rationnelle pour les forces arm\u00e9es am\u00e9ricaines. La nation de 5 millions d&rsquo;habitants hypoth\u00e8que son ind\u00e9pendance et possiblement sa survie comme \u00e9tat. La Tribune : Le Parlement finlandais a approuv\u00e9 ce lundi, \u00e0 l&rsquo;unanimit\u00e9, l&rsquo;Accord de coop\u00e9ration de d\u00e9fense (DCA) sign\u00e9 [&hellip;]\" \/>\n<meta property=\"og:url\" content=\"https:\/\/stourm.news\/?p=1792\" \/>\n<meta property=\"og:site_name\" content=\"STOURM\" \/>\n<meta property=\"article:publisher\" content=\"https:\/\/www.facebook.com\/stourmnews\/\" \/>\n<meta property=\"article:published_time\" content=\"2024-07-03T12:21:04+00:00\" \/>\n<meta property=\"og:image\" content=\"https:\/\/stourm.news\/wp-content\/uploads\/2024\/07\/1200x675_cmsv2_498b02b1-d2c4-5cab-a446-11018e9926ec-7579106.webp\" \/>\n\t<meta property=\"og:image:width\" content=\"1200\" \/>\n\t<meta property=\"og:image:height\" content=\"675\" \/>\n\t<meta property=\"og:image:type\" content=\"image\/webp\" \/>\n<meta name=\"author\" content=\"La r\u00e9daction\" \/>\n<meta name=\"twitter:card\" content=\"summary_large_image\" \/>\n<meta name=\"twitter:label1\" content=\"\u00c9crit par\" \/>\n\t<meta name=\"twitter:data1\" content=\"La r\u00e9daction\" \/>\n\t<meta name=\"twitter:label2\" content=\"Dur\u00e9e de lecture estim\u00e9e\" \/>\n\t<meta name=\"twitter:data2\" content=\"2 minutes\" \/>\n<script type=\"application\/ld+json\" class=\"yoast-schema-graph\">{\"@context\":\"https:\/\/schema.org\",\"@graph\":[{\"@type\":\"Article\",\"@id\":\"https:\/\/stourm.news\/?p=1792#article\",\"isPartOf\":{\"@id\":\"https:\/\/stourm.news\/?p=1792\"},\"author\":{\"name\":\"La r\u00e9daction\",\"@id\":\"https:\/\/stourm.news\/#\/schema\/person\/c3e1dc65988632e190969234ef046cf9\"},\"headline\":\"En ouvrant son territoire \u00e0 l&rsquo;arm\u00e9e am\u00e9ricaine, la Finlande hypoth\u00e8que son ind\u00e9pendance nationale\",\"datePublished\":\"2024-07-03T12:21:04+00:00\",\"mainEntityOfPage\":{\"@id\":\"https:\/\/stourm.news\/?p=1792\"},\"wordCount\":522,\"commentCount\":0,\"publisher\":{\"@id\":\"https:\/\/stourm.news\/#organization\"},\"image\":{\"@id\":\"https:\/\/stourm.news\/?p=1792#primaryimage\"},\"thumbnailUrl\":\"https:\/\/stourm.news\/wp-content\/uploads\/2024\/07\/1200x675_cmsv2_498b02b1-d2c4-5cab-a446-11018e9926ec-7579106.webp\",\"articleSection\":[\"International\",\"Principale\"],\"inLanguage\":\"fr-FR\",\"potentialAction\":[{\"@type\":\"CommentAction\",\"name\":\"Comment\",\"target\":[\"https:\/\/stourm.news\/?p=1792#respond\"]}]},{\"@type\":\"WebPage\",\"@id\":\"https:\/\/stourm.news\/?p=1792\",\"url\":\"https:\/\/stourm.news\/?p=1792\",\"name\":\"En ouvrant son territoire \u00e0 l'arm\u00e9e am\u00e9ricaine, la Finlande hypoth\u00e8que son ind\u00e9pendance nationale - STOURM\",\"isPartOf\":{\"@id\":\"https:\/\/stourm.news\/#website\"},\"primaryImageOfPage\":{\"@id\":\"https:\/\/stourm.news\/?p=1792#primaryimage\"},\"image\":{\"@id\":\"https:\/\/stourm.news\/?p=1792#primaryimage\"},\"thumbnailUrl\":\"https:\/\/stourm.news\/wp-content\/uploads\/2024\/07\/1200x675_cmsv2_498b02b1-d2c4-5cab-a446-11018e9926ec-7579106.webp\",\"datePublished\":\"2024-07-03T12:21:04+00:00\",\"breadcrumb\":{\"@id\":\"https:\/\/stourm.news\/?p=1792#breadcrumb\"},\"inLanguage\":\"fr-FR\",\"potentialAction\":[{\"@type\":\"ReadAction\",\"target\":[\"https:\/\/stourm.news\/?p=1792\"]}]},{\"@type\":\"ImageObject\",\"inLanguage\":\"fr-FR\",\"@id\":\"https:\/\/stourm.news\/?p=1792#primaryimage\",\"url\":\"https:\/\/stourm.news\/wp-content\/uploads\/2024\/07\/1200x675_cmsv2_498b02b1-d2c4-5cab-a446-11018e9926ec-7579106.webp\",\"contentUrl\":\"https:\/\/stourm.news\/wp-content\/uploads\/2024\/07\/1200x675_cmsv2_498b02b1-d2c4-5cab-a446-11018e9926ec-7579106.webp\",\"width\":1200,\"height\":675},{\"@type\":\"BreadcrumbList\",\"@id\":\"https:\/\/stourm.news\/?p=1792#breadcrumb\",\"itemListElement\":[{\"@type\":\"ListItem\",\"position\":1,\"name\":\"Accueil\",\"item\":\"https:\/\/stourm.news\/\"},{\"@type\":\"ListItem\",\"position\":2,\"name\":\"En ouvrant son territoire \u00e0 l&rsquo;arm\u00e9e am\u00e9ricaine, la Finlande hypoth\u00e8que son ind\u00e9pendance nationale\"}]},{\"@type\":\"WebSite\",\"@id\":\"https:\/\/stourm.news\/#website\",\"url\":\"https:\/\/stourm.news\/\",\"name\":\"Stourm\",\"description\":\"Kazetenn Strollad Broadel Breizh\",\"publisher\":{\"@id\":\"https:\/\/stourm.news\/#organization\"},\"potentialAction\":[{\"@type\":\"SearchAction\",\"target\":{\"@type\":\"EntryPoint\",\"urlTemplate\":\"https:\/\/stourm.news\/?s={search_term_string}\"},\"query-input\":{\"@type\":\"PropertyValueSpecification\",\"valueRequired\":true,\"valueName\":\"search_term_string\"}}],\"inLanguage\":\"fr-FR\"},{\"@type\":\"Organization\",\"@id\":\"https:\/\/stourm.news\/#organization\",\"name\":\"Stourm\",\"url\":\"https:\/\/stourm.news\/\",\"logo\":{\"@type\":\"ImageObject\",\"inLanguage\":\"fr-FR\",\"@id\":\"https:\/\/stourm.news\/#\/schema\/logo\/image\/\",\"url\":\"https:\/\/stourm.news\/wp-content\/uploads\/2025\/11\/cropped-Capture-decran-2025-11-28-a-15.19.07.png\",\"contentUrl\":\"https:\/\/stourm.news\/wp-content\/uploads\/2025\/11\/cropped-Capture-decran-2025-11-28-a-15.19.07.png\",\"width\":1855,\"height\":383,\"caption\":\"Stourm\"},\"image\":{\"@id\":\"https:\/\/stourm.news\/#\/schema\/logo\/image\/\"},\"sameAs\":[\"https:\/\/www.facebook.com\/stourmnews\/\"]},{\"@type\":\"Person\",\"@id\":\"https:\/\/stourm.news\/#\/schema\/person\/c3e1dc65988632e190969234ef046cf9\",\"name\":\"La r\u00e9daction\",\"image\":{\"@type\":\"ImageObject\",\"inLanguage\":\"fr-FR\",\"@id\":\"https:\/\/stourm.news\/#\/schema\/person\/image\/\",\"url\":\"https:\/\/secure.gravatar.com\/avatar\/7463443f194b6b5fb706b074ca0ef59a0cfcfd720cb47764b0ec5a952ce422b3?s=96&d=mm&r=g\",\"contentUrl\":\"https:\/\/secure.gravatar.com\/avatar\/7463443f194b6b5fb706b074ca0ef59a0cfcfd720cb47764b0ec5a952ce422b3?s=96&d=mm&r=g\",\"caption\":\"La r\u00e9daction\"},\"sameAs\":[\"https:\/\/stourm.news\"],\"url\":\"https:\/\/stourm.news\/?author=1\"}]}<\/script>\n<!-- \/ Yoast SEO plugin. -->","yoast_head_json":{"title":"En ouvrant son territoire \u00e0 l'arm\u00e9e am\u00e9ricaine, la Finlande hypoth\u00e8que son ind\u00e9pendance nationale - STOURM","robots":{"index":"index","follow":"follow","max-snippet":"max-snippet:-1","max-image-preview":"max-image-preview:large","max-video-preview":"max-video-preview:-1"},"canonical":"https:\/\/stourm.news\/?p=1792","og_locale":"fr_FR","og_type":"article","og_title":"En ouvrant son territoire \u00e0 l'arm\u00e9e am\u00e9ricaine, la Finlande hypoth\u00e8que son ind\u00e9pendance nationale - STOURM","og_description":"Apr\u00e8s avoir int\u00e9gr\u00e9 l&rsquo;OTAN, la Finlande a pass\u00e9 un accord qui en fait une base op\u00e9rationnelle pour les forces arm\u00e9es am\u00e9ricaines. La nation de 5 millions d&rsquo;habitants hypoth\u00e8que son ind\u00e9pendance et possiblement sa survie comme \u00e9tat. La Tribune : Le Parlement finlandais a approuv\u00e9 ce lundi, \u00e0 l&rsquo;unanimit\u00e9, l&rsquo;Accord de coop\u00e9ration de d\u00e9fense (DCA) sign\u00e9 [&hellip;]","og_url":"https:\/\/stourm.news\/?p=1792","og_site_name":"STOURM","article_publisher":"https:\/\/www.facebook.com\/stourmnews\/","article_published_time":"2024-07-03T12:21:04+00:00","og_image":[{"width":1200,"height":675,"url":"https:\/\/stourm.news\/wp-content\/uploads\/2024\/07\/1200x675_cmsv2_498b02b1-d2c4-5cab-a446-11018e9926ec-7579106.webp","type":"image\/webp"}],"author":"La r\u00e9daction","twitter_card":"summary_large_image","twitter_misc":{"\u00c9crit par":"La r\u00e9daction","Dur\u00e9e de lecture estim\u00e9e":"2 minutes"},"schema":{"@context":"https:\/\/schema.org","@graph":[{"@type":"Article","@id":"https:\/\/stourm.news\/?p=1792#article","isPartOf":{"@id":"https:\/\/stourm.news\/?p=1792"},"author":{"name":"La r\u00e9daction","@id":"https:\/\/stourm.news\/#\/schema\/person\/c3e1dc65988632e190969234ef046cf9"},"headline":"En ouvrant son territoire \u00e0 l&rsquo;arm\u00e9e am\u00e9ricaine, la Finlande hypoth\u00e8que son ind\u00e9pendance nationale","datePublished":"2024-07-03T12:21:04+00:00","mainEntityOfPage":{"@id":"https:\/\/stourm.news\/?p=1792"},"wordCount":522,"commentCount":0,"publisher":{"@id":"https:\/\/stourm.news\/#organization"},"image":{"@id":"https:\/\/stourm.news\/?p=1792#primaryimage"},"thumbnailUrl":"https:\/\/stourm.news\/wp-content\/uploads\/2024\/07\/1200x675_cmsv2_498b02b1-d2c4-5cab-a446-11018e9926ec-7579106.webp","articleSection":["International","Principale"],"inLanguage":"fr-FR","potentialAction":[{"@type":"CommentAction","name":"Comment","target":["https:\/\/stourm.news\/?p=1792#respond"]}]},{"@type":"WebPage","@id":"https:\/\/stourm.news\/?p=1792","url":"https:\/\/stourm.news\/?p=1792","name":"En ouvrant son territoire \u00e0 l'arm\u00e9e am\u00e9ricaine, la Finlande hypoth\u00e8que son ind\u00e9pendance nationale - STOURM","isPartOf":{"@id":"https:\/\/stourm.news\/#website"},"primaryImageOfPage":{"@id":"https:\/\/stourm.news\/?p=1792#primaryimage"},"image":{"@id":"https:\/\/stourm.news\/?p=1792#primaryimage"},"thumbnailUrl":"https:\/\/stourm.news\/wp-content\/uploads\/2024\/07\/1200x675_cmsv2_498b02b1-d2c4-5cab-a446-11018e9926ec-7579106.webp","datePublished":"2024-07-03T12:21:04+00:00","breadcrumb":{"@id":"https:\/\/stourm.news\/?p=1792#breadcrumb"},"inLanguage":"fr-FR","potentialAction":[{"@type":"ReadAction","target":["https:\/\/stourm.news\/?p=1792"]}]},{"@type":"ImageObject","inLanguage":"fr-FR","@id":"https:\/\/stourm.news\/?p=1792#primaryimage","url":"https:\/\/stourm.news\/wp-content\/uploads\/2024\/07\/1200x675_cmsv2_498b02b1-d2c4-5cab-a446-11018e9926ec-7579106.webp","contentUrl":"https:\/\/stourm.news\/wp-content\/uploads\/2024\/07\/1200x675_cmsv2_498b02b1-d2c4-5cab-a446-11018e9926ec-7579106.webp","width":1200,"height":675},{"@type":"BreadcrumbList","@id":"https:\/\/stourm.news\/?p=1792#breadcrumb","itemListElement":[{"@type":"ListItem","position":1,"name":"Accueil","item":"https:\/\/stourm.news\/"},{"@type":"ListItem","position":2,"name":"En ouvrant son territoire \u00e0 l&rsquo;arm\u00e9e am\u00e9ricaine, la Finlande hypoth\u00e8que son ind\u00e9pendance nationale"}]},{"@type":"WebSite","@id":"https:\/\/stourm.news\/#website","url":"https:\/\/stourm.news\/","name":"Stourm","description":"Kazetenn Strollad Broadel Breizh","publisher":{"@id":"https:\/\/stourm.news\/#organization"},"potentialAction":[{"@type":"SearchAction","target":{"@type":"EntryPoint","urlTemplate":"https:\/\/stourm.news\/?s={search_term_string}"},"query-input":{"@type":"PropertyValueSpecification","valueRequired":true,"valueName":"search_term_string"}}],"inLanguage":"fr-FR"},{"@type":"Organization","@id":"https:\/\/stourm.news\/#organization","name":"Stourm","url":"https:\/\/stourm.news\/","logo":{"@type":"ImageObject","inLanguage":"fr-FR","@id":"https:\/\/stourm.news\/#\/schema\/logo\/image\/","url":"https:\/\/stourm.news\/wp-content\/uploads\/2025\/11\/cropped-Capture-decran-2025-11-28-a-15.19.07.png","contentUrl":"https:\/\/stourm.news\/wp-content\/uploads\/2025\/11\/cropped-Capture-decran-2025-11-28-a-15.19.07.png","width":1855,"height":383,"caption":"Stourm"},"image":{"@id":"https:\/\/stourm.news\/#\/schema\/logo\/image\/"},"sameAs":["https:\/\/www.facebook.com\/stourmnews\/"]},{"@type":"Person","@id":"https:\/\/stourm.news\/#\/schema\/person\/c3e1dc65988632e190969234ef046cf9","name":"La r\u00e9daction","image":{"@type":"ImageObject","inLanguage":"fr-FR","@id":"https:\/\/stourm.news\/#\/schema\/person\/image\/","url":"https:\/\/secure.gravatar.com\/avatar\/7463443f194b6b5fb706b074ca0ef59a0cfcfd720cb47764b0ec5a952ce422b3?s=96&d=mm&r=g","contentUrl":"https:\/\/secure.gravatar.com\/avatar\/7463443f194b6b5fb706b074ca0ef59a0cfcfd720cb47764b0ec5a952ce422b3?s=96&d=mm&r=g","caption":"La r\u00e9daction"},"sameAs":["https:\/\/stourm.news"],"url":"https:\/\/stourm.news\/?author=1"}]}},"_links":{"self":[{"href":"https:\/\/stourm.news\/index.php?rest_route=\/wp\/v2\/posts\/1792","targetHints":{"allow":["GET"]}}],"collection":[{"href":"https:\/\/stourm.news\/index.php?rest_route=\/wp\/v2\/posts"}],"about":[{"href":"https:\/\/stourm.news\/index.php?rest_route=\/wp\/v2\/types\/post"}],"author":[{"embeddable":true,"href":"https:\/\/stourm.news\/index.php?rest_route=\/wp\/v2\/users\/1"}],"replies":[{"embeddable":true,"href":"https:\/\/stourm.news\/index.php?rest_route=%2Fwp%2Fv2%2Fcomments&post=1792"}],"version-history":[{"count":1,"href":"https:\/\/stourm.news\/index.php?rest_route=\/wp\/v2\/posts\/1792\/revisions"}],"predecessor-version":[{"id":1794,"href":"https:\/\/stourm.news\/index.php?rest_route=\/wp\/v2\/posts\/1792\/revisions\/1794"}],"wp:featuredmedia":[{"embeddable":true,"href":"https:\/\/stourm.news\/index.php?rest_route=\/wp\/v2\/media\/1793"}],"wp:attachment":[{"href":"https:\/\/stourm.news\/index.php?rest_route=%2Fwp%2Fv2%2Fmedia&parent=1792"}],"wp:term":[{"taxonomy":"category","embeddable":true,"href":"https:\/\/stourm.news\/index.php?rest_route=%2Fwp%2Fv2%2Fcategories&post=1792"},{"taxonomy":"post_tag","embeddable":true,"href":"https:\/\/stourm.news\/index.php?rest_route=%2Fwp%2Fv2%2Ftags&post=1792"}],"curies":[{"name":"wp","href":"https:\/\/api.w.org\/{rel}","templated":true}]}}