{"id":1795,"date":"2024-07-03T12:48:53","date_gmt":"2024-07-03T12:48:53","guid":{"rendered":"https:\/\/stourm.news\/?p=1795"},"modified":"2024-07-03T12:53:52","modified_gmt":"2024-07-03T12:53:52","slug":"corse-vote-rn-et-choc-demographique-le-prelude-a-une-situation-neo-caledonienne-jean-baptique-arena","status":"publish","type":"post","link":"https:\/\/stourm.news\/?p=1795","title":{"rendered":"Corse : vote RN et choc d\u00e9mographique, le pr\u00e9lude \u00e0 une situation n\u00e9o-cal\u00e9donienne (Jean-Baptique Arena)"},"content":{"rendered":"<p style=\"text-align: justify;\"><em>L\u2019accession des quatre candidats du Rassemblement national au 2nd tour des \u00e9lections l\u00e9gislatives en Corse et le d\u00e9sistement de la candidate RN dans la deuxi\u00e8me circonscription de Haute-Corse en faveur du candidat LR ont provoqu\u00e9 un choc salutaire dans la famille nationaliste. Le maire de Patrimoniu, conseiller territorial Core in Fronte, Jean-Baptiste Arena, qui appelle depuis des mois \u00e0 l\u2019union de tout le mouvement national, affirme que c\u2019est le seul chemin possible. Il explique \u00e0 Corse Net Infos que ce raz-de-mar\u00e9e RN est l\u2019un des effets pervers du <strong>choc d\u00e9mographique<\/strong> par solde migratoire qui provoque un changement du corps \u00e9lectoral. Il appelle les Corses \u00e0 se ressaisir pour \u00e9viter un sc\u00e9nario \u00e0 la Kanaky.<\/em><\/p>\n<p style=\"text-align: justify;\"><strong>&#8211; Comment r\u00e9agissez-vous \u00e0 cette vague RN. Vous a-t-elle surpris ?<\/strong><\/p>\n<p style=\"text-align: justify;\">&#8211; Non ! Cela fait plus d\u2019un an que je pr\u00e9viens toute la famille nationaliste, quelque soit la tendance, d\u2019A Manca Naziunale \u00e0 Nazione, PNC, Femu et bien entendu Core in Fronte, et m\u00eame les Nationalistes hors structure, qu\u2019il y a une v\u00e9ritable lame de fond, un changement du corps \u00e9lectoral et de la d\u00e9mographie. L\u2019apport d\u00e9mographique entrant, continu depuis 20 ans, fait qu\u2019aujourd\u2019hui un parti fran\u00e7ais est en train de se mettre en place en Corse. Cela, nous ne pouvons pas l\u2019accepter ! Cette vague d\u00e9mographique a boulevers\u00e9 les \u00e9quilibres, notamment soci\u00e9taux, elle met m\u00eame en danger ce que nous repr\u00e9sentons en tant que peuple. La Corse a toujours accueilli tout le monde quand ces gens venaient partager ses joies et ses peines. \u00c0 l\u2019heure actuelle, on ne peut plus absorber le flux des arrivants et surtout les int\u00e9grer. En 20 ans, c\u2019est comme si la France avait absorb\u00e9 25 millions de personnes, un tiers de sa population. Aucun pays sur la plan\u00e8te n\u2019aurait pu absorber une telle d\u00e9mographie ! Nous l\u2019avons fait ! Et c\u2019est bien aujourd\u2019hui le probl\u00e8me ! La Corse a besoin de se mettre en jach\u00e8re d\u00e9mographique.<\/p>\n<p style=\"text-align: justify;\"><strong>&#8211; Pour vous, ce probl\u00e8me d\u00e9mographique engendre un probl\u00e8me politique ?<\/strong><\/p>\n<p style=\"text-align: justify;\">&#8211; Ces arrivants brassent un mouvement de fond qui vient de leur pays d\u2019origine, qui n\u2019est pas le n\u00f4tre. Malheureusement, nous allons droit vers un choc politique et soci\u00e9tal dans les ann\u00e9es qui viennent. Peut-\u00eatre pas pour les municipales qui se profilent dans deux ans, mais certainement pour les municipales dans huit ans o\u00f9 les courants dits traditionnels de droite et de gauche et le courant de la famille ind\u00e9pendantiste et autonomiste vont \u00eatre d\u00e9bord\u00e9s. Cette \u00e9lection l\u00e9gislative prouve que c\u2019est d\u00e9j\u00e0 le cas. Il n\u2019y aura plus le clivage politique comme nous le connaissons depuis un quart de si\u00e8cle entre la droite, la gauche et le mouvement national, mais plut\u00f4t un affrontement \u00e0 la Kanaky.<\/p>\n<p style=\"text-align: justify;\"><strong>&#8211; Ce sc\u00e9nario \u00e0 la Kanaky, craigniez-vous qu\u2019il s\u2019impose en Corse ?<\/strong><\/p>\n<p style=\"text-align: justify;\">&#8211; Je le crains ! Ce choc d\u00e9mographique est le pr\u00e9lude d\u2019\u00e9v\u00e8nements graves qui pourraient surgir dans les ann\u00e9es qui viennent, si nous ne sommes pas tous \u00e0 la hauteur des enjeux. Nous allons \u00eatre noy\u00e9s d\u00e9mographiquement, ce qui aura, comme je l\u2019ai d\u00e9j\u00e0 dit \u00e0 maintes reprises, des cons\u00e9quences graves au niveau de la pression sp\u00e9culative, de la captation des richesses et d\u2019une \u00e9conomie qui ne b\u00e9n\u00e9ficiera plus \u00e0 notre pays. Notre jeunesse ne pourra pas accepter ce qu\u2019il se passera, \u00e0 savoir une v\u00e9ritable d\u00e9possession de son foncier, de sa langue et de sa culture. Contrairement \u00e0 ce que certains disent, nous n\u2019allons pas \u00eatre noy\u00e9s par des vagues venues du Sud, de l\u2019Ouest ou de l\u2019Est de la M\u00e9diterran\u00e9e, mais bien des vagues venues du Nord. Avec un gouvernement RN au pouvoir en France, cela risque de s\u2019acc\u00e9l\u00e9rer. De nombreux \u00e9lus RN consid\u00e8rent encore aujourd\u2019hui la Corse comme une v\u00e9ritable colonie.<\/p>\n<p style=\"text-align: justify;\"><strong>&#8211; Etes-vous en train dire que la fameuse communaut\u00e9 de destin va laisser place \u00e0 un affrontement entre communaut\u00e9s ?<\/strong><\/p>\n<p style=\"text-align: justify;\">&#8211; Comme nous sommes d\u00e9bord\u00e9s d\u00e9mographiquement par ce flux migratoire, nous ne sommes plus en capacit\u00e9 de fabriquer des Corses, d\u2019assimiler et d\u2019int\u00e9grer des gens, m\u00eame ceux qui arrivent dans un bon \u00e9tat d\u2019esprit. Du moment qu\u2019on ne peut plus int\u00e9grer ces gens, c\u2019est nous Corses qui allons \u00eatre d\u00e9sint\u00e9gr\u00e9s ! Nous allons tout droit vers des ghettos, notamment dans le p\u00e9riurbain bastiais et ajaccien. Un communautarisme va se mettre en place avec deux communaut\u00e9s qui vont totalement s\u2019ignorer et surtout qui n\u2019auront pas les m\u00eames codes de valeur et de vie en soci\u00e9t\u00e9. C\u2019est le plus grave ! Quand des gens n\u2019ont pas les m\u00eames codes et qu\u2019il n\u2019y a pas eu deux ou trois g\u00e9n\u00e9rations d\u2019assimilation, cela peut d\u00e9boucher sur des conflits durs.<\/p>\n<p style=\"text-align: justify;\"><strong>&#8211; La famille nationaliste n\u2019a-t-elle pas une part de responsabilit\u00e9 dans la mont\u00e9e du RN, \u00e0 la fois par sa d\u00e9sunion et par le fait qu\u2019elle a ignor\u00e9 cette population-l\u00e0 ?<\/strong><\/p>\n<p style=\"text-align: justify;\">&#8211; Il est certain que par sa d\u00e9sunion, la famille nationaliste a envoy\u00e9 un message n\u00e9gatif \u00e0 son peuple. Des nationalistes ou simplement des Corses ont pu se sentir trahis et \u00e9c\u0153ur\u00e9s par le fait que nos querelles internes prennent le dessus sur des enjeux vitaux pour le peuple corse. C\u2019est \u00e0 nous d\u2019\u00eatre \u00e0 la hauteur de l\u2019histoire et de nous montrer responsables et matures. Si nous continuons dans cette voie, que ce soit d\u2019un point de vue d\u00e9mographique, politique ou \u00e9conomique, il n\u2019y aura plus rien \u00e0 sauver d\u2019ici \u00e0 deux d\u00e9cennies. Nous voyons bien \u00e0 travers les candidats choisis par le Front National, qui viennent de mettre les pieds en Corse pour certains et pour d&rsquo;autres, qui n\u2019y habitent m\u00eame pas, que le probl\u00e8me ne se posera plus en termes de gauche, droite ou nationaliste, mais v\u00e9ritablement en termes de colons et de colonis\u00e9s. Nous allons peut-\u00eatre \u00eatre confront\u00e9s \u00e0 de futurs \u00e9lus locaux, qui n\u2019auront aucun lien visc\u00e9ral, culturel, cultuel et patrimonial avec notre terre, qui ne connaissent rien \u00e0 notre histoire et ne s\u2019en pr\u00e9occuperont m\u00eame pas. Pour certains de ces nouveaux arrivants, la Corse est un bout de France comme un autre.<\/p>\n<p style=\"text-align: justify;\"><strong>&#8211; La mont\u00e9e du RN en Corse est-elle l\u2019\u00e9chec du mouvement national ?<\/strong><\/p>\n<p style=\"text-align: justify;\">&#8211; Elle est certainement d\u00fb aussi \u00e0 l\u2019\u00e9chec de notre famille politique, toutes tendances confondues, je m\u2019y inclus. Nous n\u2019avons pas \u00e9t\u00e9 \u00e0 la hauteur de l\u2019histoire. Il est grand temps de faire un Aggiornamento de ce que nous sommes et de ce que nous voulons pour demain. Il est temps surtout \u00e9couter notre jeunesse qui appelle \u00e0 l\u2019union depuis des mois.<\/p>\n<p style=\"text-align: justify;\"><strong>&#8211; L\u2019accession des 4 candidats RN au 2nd tour des l\u00e9gislatives a provoqu\u00e9 un choc salutaire. Cette union \u00e9lectorale entre nationalistes survivra-t-elle \u00e0 l\u2019\u00e9lection ?<\/strong><\/p>\n<p style=\"text-align: justify;\">&#8211; J\u2019en suis certain. Nous allons r\u00e9ussir \u00e0 cr\u00e9er une plate-forme de convergence afin que chacun puisse faire respecter \u00e0 la fois ce qu\u2019il est, ses id\u00e9es, et m\u00eame ses divergences, mais tout en \u00e9tant unis lors des prochaines \u00e9ch\u00e9ances \u00e9lectorales. La famille nationaliste a toujours gagn\u00e9 de mani\u00e8re unitaire et perdu quand elle \u00e9tait d\u00e9sunie. J&rsquo;ai toujours pr\u00f4n\u00e9 l&rsquo;union de tout le mouvement national, sans exclusion. Pour moi, c\u2019est le seul chemin possible. Cette l\u00e9gislative le prouve de mani\u00e8re \u00e9vidente et forte. Quelques soient les rancoeurs, il est temps de tourner d\u00e9finitivement la page des divisions qui souvent ont \u00e9t\u00e9 \u00e9crites par le pass\u00e9 en lettres de sang. Il est temps aujourd\u2019hui pour les g\u00e9n\u00e9rations futures de la remplacer par une feuille blanche pour qu\u2019on puisse \u00e9crire cette nouvelle page d\u2019histoire avant que nous n\u2019allions vers une catastrophe annonc\u00e9e. Sinon ce sera v\u00e9ritablement le cr\u00e9puscule de notre peuple, et cela bien attendu, nous ne l\u2019accepterons pas.<\/p>\n<p style=\"text-align: justify;\"><strong>&#8211; Lancez-vous un appel ?<\/strong><\/p>\n<p style=\"text-align: justify;\">&#8211; Oui ! Ce n\u2019est pas l\u2019homme politique qui parle, mais le militant culturel, cultuel et agricole, j\u2019appelle \u00e0 voter bien entendu pour les quatre d\u00e9put\u00e9s sortants. L\u2019heure est plus que jamais \u00e0 l\u2019unit\u00e9 nationale. C\u2019est le seul mot d\u2019ordre pour dimanche.<\/p>\n<p style=\"text-align: justify;\">Propos recueillis par Nicole MARI.<\/p>\n<p>Source : <a href=\"https:\/\/www.corsenetinfos.corsica\/Legislatives-Jean-Baptiste-Arena-Un-parti-francais-est-en-train-de-se-mettre-en-place-en-Corse_a78981.html\">Corse et Infos<\/a><\/p>\n","protected":false},"excerpt":{"rendered":"<p>L\u2019accession des quatre candidats du Rassemblement national au 2nd tour des \u00e9lections l\u00e9gislatives en Corse et le d\u00e9sistement de la candidate RN dans la deuxi\u00e8me circonscription de Haute-Corse en faveur du candidat LR ont provoqu\u00e9 un choc salutaire dans la famille nationaliste. Le maire de Patrimoniu, conseiller territorial Core in Fronte, Jean-Baptiste Arena, qui appelle [&hellip;]<\/p>\n","protected":false},"author":1,"featured_media":1802,"comment_status":"open","ping_status":"open","sticky":false,"template":"","format":"standard","meta":{"sb_editor_width":"","footnotes":""},"categories":[33,66,65],"tags":[],"class_list":["post-1795","post","type-post","status-publish","format-standard","has-post-thumbnail","hentry","category-immigration","category-international","category-principale"],"relative_dates":{"created":"2 ans ago","modified":"2 ans ago"},"yoast_head":"<!-- This site is optimized with the Yoast SEO plugin v26.3 - https:\/\/yoast.com\/wordpress\/plugins\/seo\/ -->\n<title>Corse : vote RN et choc d\u00e9mographique, le pr\u00e9lude \u00e0 une situation n\u00e9o-cal\u00e9donienne (Jean-Baptique Arena) - STOURM<\/title>\n<meta name=\"robots\" content=\"index, follow, max-snippet:-1, max-image-preview:large, max-video-preview:-1\" \/>\n<link rel=\"canonical\" href=\"https:\/\/stourm.news\/?p=1795\" \/>\n<meta property=\"og:locale\" content=\"fr_FR\" \/>\n<meta property=\"og:type\" content=\"article\" \/>\n<meta property=\"og:title\" content=\"Corse : vote RN et choc d\u00e9mographique, le pr\u00e9lude \u00e0 une situation n\u00e9o-cal\u00e9donienne (Jean-Baptique Arena) - STOURM\" \/>\n<meta property=\"og:description\" content=\"L\u2019accession des quatre candidats du Rassemblement national au 2nd tour des \u00e9lections l\u00e9gislatives en Corse et le d\u00e9sistement de la candidate RN dans la deuxi\u00e8me circonscription de Haute-Corse en faveur du candidat LR ont provoqu\u00e9 un choc salutaire dans la famille nationaliste. Le maire de Patrimoniu, conseiller territorial Core in Fronte, Jean-Baptiste Arena, qui appelle [&hellip;]\" \/>\n<meta property=\"og:url\" content=\"https:\/\/stourm.news\/?p=1795\" \/>\n<meta property=\"og:site_name\" content=\"STOURM\" \/>\n<meta property=\"article:publisher\" content=\"https:\/\/www.facebook.com\/stourmnews\/\" \/>\n<meta property=\"article:published_time\" content=\"2024-07-03T12:48:53+00:00\" \/>\n<meta property=\"article:modified_time\" content=\"2024-07-03T12:53:52+00:00\" \/>\n<meta property=\"og:image\" content=\"https:\/\/stourm.news\/wp-content\/uploads\/2024\/07\/66386828-47166204.jpg\" \/>\n\t<meta property=\"og:image:width\" content=\"1024\" \/>\n\t<meta property=\"og:image:height\" content=\"683\" \/>\n\t<meta property=\"og:image:type\" content=\"image\/jpeg\" \/>\n<meta name=\"author\" content=\"La r\u00e9daction\" \/>\n<meta name=\"twitter:card\" content=\"summary_large_image\" \/>\n<meta name=\"twitter:label1\" content=\"\u00c9crit par\" \/>\n\t<meta name=\"twitter:data1\" content=\"La r\u00e9daction\" \/>\n\t<meta name=\"twitter:label2\" content=\"Dur\u00e9e de lecture estim\u00e9e\" \/>\n\t<meta name=\"twitter:data2\" content=\"7 minutes\" \/>\n<script type=\"application\/ld+json\" class=\"yoast-schema-graph\">{\"@context\":\"https:\/\/schema.org\",\"@graph\":[{\"@type\":\"Article\",\"@id\":\"https:\/\/stourm.news\/?p=1795#article\",\"isPartOf\":{\"@id\":\"https:\/\/stourm.news\/?p=1795\"},\"author\":{\"name\":\"La r\u00e9daction\",\"@id\":\"https:\/\/stourm.news\/#\/schema\/person\/c3e1dc65988632e190969234ef046cf9\"},\"headline\":\"Corse : vote RN et choc d\u00e9mographique, le pr\u00e9lude \u00e0 une situation n\u00e9o-cal\u00e9donienne (Jean-Baptique Arena)\",\"datePublished\":\"2024-07-03T12:48:53+00:00\",\"dateModified\":\"2024-07-03T12:53:52+00:00\",\"mainEntityOfPage\":{\"@id\":\"https:\/\/stourm.news\/?p=1795\"},\"wordCount\":1455,\"commentCount\":0,\"publisher\":{\"@id\":\"https:\/\/stourm.news\/#organization\"},\"image\":{\"@id\":\"https:\/\/stourm.news\/?p=1795#primaryimage\"},\"thumbnailUrl\":\"https:\/\/stourm.news\/wp-content\/uploads\/2024\/07\/66386828-47166204.jpg\",\"articleSection\":[\"Immigration\",\"International\",\"Principale\"],\"inLanguage\":\"fr-FR\",\"potentialAction\":[{\"@type\":\"CommentAction\",\"name\":\"Comment\",\"target\":[\"https:\/\/stourm.news\/?p=1795#respond\"]}]},{\"@type\":\"WebPage\",\"@id\":\"https:\/\/stourm.news\/?p=1795\",\"url\":\"https:\/\/stourm.news\/?p=1795\",\"name\":\"Corse : vote RN et choc d\u00e9mographique, le pr\u00e9lude \u00e0 une situation n\u00e9o-cal\u00e9donienne (Jean-Baptique Arena) - STOURM\",\"isPartOf\":{\"@id\":\"https:\/\/stourm.news\/#website\"},\"primaryImageOfPage\":{\"@id\":\"https:\/\/stourm.news\/?p=1795#primaryimage\"},\"image\":{\"@id\":\"https:\/\/stourm.news\/?p=1795#primaryimage\"},\"thumbnailUrl\":\"https:\/\/stourm.news\/wp-content\/uploads\/2024\/07\/66386828-47166204.jpg\",\"datePublished\":\"2024-07-03T12:48:53+00:00\",\"dateModified\":\"2024-07-03T12:53:52+00:00\",\"breadcrumb\":{\"@id\":\"https:\/\/stourm.news\/?p=1795#breadcrumb\"},\"inLanguage\":\"fr-FR\",\"potentialAction\":[{\"@type\":\"ReadAction\",\"target\":[\"https:\/\/stourm.news\/?p=1795\"]}]},{\"@type\":\"ImageObject\",\"inLanguage\":\"fr-FR\",\"@id\":\"https:\/\/stourm.news\/?p=1795#primaryimage\",\"url\":\"https:\/\/stourm.news\/wp-content\/uploads\/2024\/07\/66386828-47166204.jpg\",\"contentUrl\":\"https:\/\/stourm.news\/wp-content\/uploads\/2024\/07\/66386828-47166204.jpg\",\"width\":1024,\"height\":683},{\"@type\":\"BreadcrumbList\",\"@id\":\"https:\/\/stourm.news\/?p=1795#breadcrumb\",\"itemListElement\":[{\"@type\":\"ListItem\",\"position\":1,\"name\":\"Accueil\",\"item\":\"https:\/\/stourm.news\/\"},{\"@type\":\"ListItem\",\"position\":2,\"name\":\"Corse : vote RN et choc d\u00e9mographique, le pr\u00e9lude \u00e0 une situation n\u00e9o-cal\u00e9donienne (Jean-Baptique Arena)\"}]},{\"@type\":\"WebSite\",\"@id\":\"https:\/\/stourm.news\/#website\",\"url\":\"https:\/\/stourm.news\/\",\"name\":\"Stourm\",\"description\":\"Kazetenn Strollad Broadel Breizh\",\"publisher\":{\"@id\":\"https:\/\/stourm.news\/#organization\"},\"potentialAction\":[{\"@type\":\"SearchAction\",\"target\":{\"@type\":\"EntryPoint\",\"urlTemplate\":\"https:\/\/stourm.news\/?s={search_term_string}\"},\"query-input\":{\"@type\":\"PropertyValueSpecification\",\"valueRequired\":true,\"valueName\":\"search_term_string\"}}],\"inLanguage\":\"fr-FR\"},{\"@type\":\"Organization\",\"@id\":\"https:\/\/stourm.news\/#organization\",\"name\":\"Stourm\",\"url\":\"https:\/\/stourm.news\/\",\"logo\":{\"@type\":\"ImageObject\",\"inLanguage\":\"fr-FR\",\"@id\":\"https:\/\/stourm.news\/#\/schema\/logo\/image\/\",\"url\":\"https:\/\/stourm.news\/wp-content\/uploads\/2025\/11\/cropped-Capture-decran-2025-11-28-a-15.19.07.png\",\"contentUrl\":\"https:\/\/stourm.news\/wp-content\/uploads\/2025\/11\/cropped-Capture-decran-2025-11-28-a-15.19.07.png\",\"width\":1855,\"height\":383,\"caption\":\"Stourm\"},\"image\":{\"@id\":\"https:\/\/stourm.news\/#\/schema\/logo\/image\/\"},\"sameAs\":[\"https:\/\/www.facebook.com\/stourmnews\/\"]},{\"@type\":\"Person\",\"@id\":\"https:\/\/stourm.news\/#\/schema\/person\/c3e1dc65988632e190969234ef046cf9\",\"name\":\"La r\u00e9daction\",\"image\":{\"@type\":\"ImageObject\",\"inLanguage\":\"fr-FR\",\"@id\":\"https:\/\/stourm.news\/#\/schema\/person\/image\/\",\"url\":\"https:\/\/secure.gravatar.com\/avatar\/7463443f194b6b5fb706b074ca0ef59a0cfcfd720cb47764b0ec5a952ce422b3?s=96&d=mm&r=g\",\"contentUrl\":\"https:\/\/secure.gravatar.com\/avatar\/7463443f194b6b5fb706b074ca0ef59a0cfcfd720cb47764b0ec5a952ce422b3?s=96&d=mm&r=g\",\"caption\":\"La r\u00e9daction\"},\"sameAs\":[\"https:\/\/stourm.news\"],\"url\":\"https:\/\/stourm.news\/?author=1\"}]}<\/script>\n<!-- \/ Yoast SEO plugin. -->","yoast_head_json":{"title":"Corse : vote RN et choc d\u00e9mographique, le pr\u00e9lude \u00e0 une situation n\u00e9o-cal\u00e9donienne (Jean-Baptique Arena) - STOURM","robots":{"index":"index","follow":"follow","max-snippet":"max-snippet:-1","max-image-preview":"max-image-preview:large","max-video-preview":"max-video-preview:-1"},"canonical":"https:\/\/stourm.news\/?p=1795","og_locale":"fr_FR","og_type":"article","og_title":"Corse : vote RN et choc d\u00e9mographique, le pr\u00e9lude \u00e0 une situation n\u00e9o-cal\u00e9donienne (Jean-Baptique Arena) - STOURM","og_description":"L\u2019accession des quatre candidats du Rassemblement national au 2nd tour des \u00e9lections l\u00e9gislatives en Corse et le d\u00e9sistement de la candidate RN dans la deuxi\u00e8me circonscription de Haute-Corse en faveur du candidat LR ont provoqu\u00e9 un choc salutaire dans la famille nationaliste. Le maire de Patrimoniu, conseiller territorial Core in Fronte, Jean-Baptiste Arena, qui appelle [&hellip;]","og_url":"https:\/\/stourm.news\/?p=1795","og_site_name":"STOURM","article_publisher":"https:\/\/www.facebook.com\/stourmnews\/","article_published_time":"2024-07-03T12:48:53+00:00","article_modified_time":"2024-07-03T12:53:52+00:00","og_image":[{"width":1024,"height":683,"url":"https:\/\/stourm.news\/wp-content\/uploads\/2024\/07\/66386828-47166204.jpg","type":"image\/jpeg"}],"author":"La r\u00e9daction","twitter_card":"summary_large_image","twitter_misc":{"\u00c9crit par":"La r\u00e9daction","Dur\u00e9e de lecture estim\u00e9e":"7 minutes"},"schema":{"@context":"https:\/\/schema.org","@graph":[{"@type":"Article","@id":"https:\/\/stourm.news\/?p=1795#article","isPartOf":{"@id":"https:\/\/stourm.news\/?p=1795"},"author":{"name":"La r\u00e9daction","@id":"https:\/\/stourm.news\/#\/schema\/person\/c3e1dc65988632e190969234ef046cf9"},"headline":"Corse : vote RN et choc d\u00e9mographique, le pr\u00e9lude \u00e0 une situation n\u00e9o-cal\u00e9donienne (Jean-Baptique Arena)","datePublished":"2024-07-03T12:48:53+00:00","dateModified":"2024-07-03T12:53:52+00:00","mainEntityOfPage":{"@id":"https:\/\/stourm.news\/?p=1795"},"wordCount":1455,"commentCount":0,"publisher":{"@id":"https:\/\/stourm.news\/#organization"},"image":{"@id":"https:\/\/stourm.news\/?p=1795#primaryimage"},"thumbnailUrl":"https:\/\/stourm.news\/wp-content\/uploads\/2024\/07\/66386828-47166204.jpg","articleSection":["Immigration","International","Principale"],"inLanguage":"fr-FR","potentialAction":[{"@type":"CommentAction","name":"Comment","target":["https:\/\/stourm.news\/?p=1795#respond"]}]},{"@type":"WebPage","@id":"https:\/\/stourm.news\/?p=1795","url":"https:\/\/stourm.news\/?p=1795","name":"Corse : vote RN et choc d\u00e9mographique, le pr\u00e9lude \u00e0 une situation n\u00e9o-cal\u00e9donienne (Jean-Baptique Arena) - STOURM","isPartOf":{"@id":"https:\/\/stourm.news\/#website"},"primaryImageOfPage":{"@id":"https:\/\/stourm.news\/?p=1795#primaryimage"},"image":{"@id":"https:\/\/stourm.news\/?p=1795#primaryimage"},"thumbnailUrl":"https:\/\/stourm.news\/wp-content\/uploads\/2024\/07\/66386828-47166204.jpg","datePublished":"2024-07-03T12:48:53+00:00","dateModified":"2024-07-03T12:53:52+00:00","breadcrumb":{"@id":"https:\/\/stourm.news\/?p=1795#breadcrumb"},"inLanguage":"fr-FR","potentialAction":[{"@type":"ReadAction","target":["https:\/\/stourm.news\/?p=1795"]}]},{"@type":"ImageObject","inLanguage":"fr-FR","@id":"https:\/\/stourm.news\/?p=1795#primaryimage","url":"https:\/\/stourm.news\/wp-content\/uploads\/2024\/07\/66386828-47166204.jpg","contentUrl":"https:\/\/stourm.news\/wp-content\/uploads\/2024\/07\/66386828-47166204.jpg","width":1024,"height":683},{"@type":"BreadcrumbList","@id":"https:\/\/stourm.news\/?p=1795#breadcrumb","itemListElement":[{"@type":"ListItem","position":1,"name":"Accueil","item":"https:\/\/stourm.news\/"},{"@type":"ListItem","position":2,"name":"Corse : vote RN et choc d\u00e9mographique, le pr\u00e9lude \u00e0 une situation n\u00e9o-cal\u00e9donienne (Jean-Baptique Arena)"}]},{"@type":"WebSite","@id":"https:\/\/stourm.news\/#website","url":"https:\/\/stourm.news\/","name":"Stourm","description":"Kazetenn Strollad Broadel Breizh","publisher":{"@id":"https:\/\/stourm.news\/#organization"},"potentialAction":[{"@type":"SearchAction","target":{"@type":"EntryPoint","urlTemplate":"https:\/\/stourm.news\/?s={search_term_string}"},"query-input":{"@type":"PropertyValueSpecification","valueRequired":true,"valueName":"search_term_string"}}],"inLanguage":"fr-FR"},{"@type":"Organization","@id":"https:\/\/stourm.news\/#organization","name":"Stourm","url":"https:\/\/stourm.news\/","logo":{"@type":"ImageObject","inLanguage":"fr-FR","@id":"https:\/\/stourm.news\/#\/schema\/logo\/image\/","url":"https:\/\/stourm.news\/wp-content\/uploads\/2025\/11\/cropped-Capture-decran-2025-11-28-a-15.19.07.png","contentUrl":"https:\/\/stourm.news\/wp-content\/uploads\/2025\/11\/cropped-Capture-decran-2025-11-28-a-15.19.07.png","width":1855,"height":383,"caption":"Stourm"},"image":{"@id":"https:\/\/stourm.news\/#\/schema\/logo\/image\/"},"sameAs":["https:\/\/www.facebook.com\/stourmnews\/"]},{"@type":"Person","@id":"https:\/\/stourm.news\/#\/schema\/person\/c3e1dc65988632e190969234ef046cf9","name":"La r\u00e9daction","image":{"@type":"ImageObject","inLanguage":"fr-FR","@id":"https:\/\/stourm.news\/#\/schema\/person\/image\/","url":"https:\/\/secure.gravatar.com\/avatar\/7463443f194b6b5fb706b074ca0ef59a0cfcfd720cb47764b0ec5a952ce422b3?s=96&d=mm&r=g","contentUrl":"https:\/\/secure.gravatar.com\/avatar\/7463443f194b6b5fb706b074ca0ef59a0cfcfd720cb47764b0ec5a952ce422b3?s=96&d=mm&r=g","caption":"La r\u00e9daction"},"sameAs":["https:\/\/stourm.news"],"url":"https:\/\/stourm.news\/?author=1"}]}},"_links":{"self":[{"href":"https:\/\/stourm.news\/index.php?rest_route=\/wp\/v2\/posts\/1795","targetHints":{"allow":["GET"]}}],"collection":[{"href":"https:\/\/stourm.news\/index.php?rest_route=\/wp\/v2\/posts"}],"about":[{"href":"https:\/\/stourm.news\/index.php?rest_route=\/wp\/v2\/types\/post"}],"author":[{"embeddable":true,"href":"https:\/\/stourm.news\/index.php?rest_route=\/wp\/v2\/users\/1"}],"replies":[{"embeddable":true,"href":"https:\/\/stourm.news\/index.php?rest_route=%2Fwp%2Fv2%2Fcomments&post=1795"}],"version-history":[{"count":1,"href":"https:\/\/stourm.news\/index.php?rest_route=\/wp\/v2\/posts\/1795\/revisions"}],"predecessor-version":[{"id":1803,"href":"https:\/\/stourm.news\/index.php?rest_route=\/wp\/v2\/posts\/1795\/revisions\/1803"}],"wp:featuredmedia":[{"embeddable":true,"href":"https:\/\/stourm.news\/index.php?rest_route=\/wp\/v2\/media\/1802"}],"wp:attachment":[{"href":"https:\/\/stourm.news\/index.php?rest_route=%2Fwp%2Fv2%2Fmedia&parent=1795"}],"wp:term":[{"taxonomy":"category","embeddable":true,"href":"https:\/\/stourm.news\/index.php?rest_route=%2Fwp%2Fv2%2Fcategories&post=1795"},{"taxonomy":"post_tag","embeddable":true,"href":"https:\/\/stourm.news\/index.php?rest_route=%2Fwp%2Fv2%2Ftags&post=1795"}],"curies":[{"name":"wp","href":"https:\/\/api.w.org\/{rel}","templated":true}]}}