{"id":1808,"date":"2024-07-05T05:31:39","date_gmt":"2024-07-05T05:31:39","guid":{"rendered":"https:\/\/stourm.news\/?p=1808"},"modified":"2024-07-05T05:31:39","modified_gmt":"2024-07-05T05:31:39","slug":"tregor-le-front-de-liberation-de-la-bretagne-frappe-un-site-dultra-gauche-pro-clandestins-et-pro-islamistes","status":"publish","type":"post","link":"https:\/\/stourm.news\/?p=1808","title":{"rendered":"Tr\u00e9gor : le Front de Lib\u00e9ration de la Bretagne frappe un site d&rsquo;ultra-gauche pro-clandestins et pro-islamistes"},"content":{"rendered":"<p style=\"text-align: justify;\">Dans le Tr\u00e9gor, le Front de Lib\u00e9ration de la Bretagne a men\u00e9 une op\u00e9ration contre l&rsquo;ultra-gauche hexagonale qui organise la colonisation allog\u00e8ne du territoire breton.<\/p>\n<p style=\"text-align: justify;\">Connu pour son soutien aux infiltr\u00e9s ainsi qu&rsquo;aux organisations islamistes, le site de l\u2019association A4, situ\u00e9s dans les anciennes serres industrielles Brichet, \u00e0 Lannion, a re\u00e7u un message de la part du FLB.<\/p>\n<blockquote class=\"twitter-tweet\">\n<p dir=\"ltr\" lang=\"fr\">Des d\u00e9gradations ont \u00e9t\u00e9 commises ces deux derni\u00e8res nuits dans les serres de l&rsquo;association A4, \u00e0 Lannion (22). Des tags \u00ab\u00a0FLB\u00a0\u00bb et \u00ab\u00a0Fuck Hamas\u00a0\u00bb y ont notamment \u00e9t\u00e9 peints lors de la premi\u00e8re intrusion. Une plainte a \u00e9t\u00e9 d\u00e9pos\u00e9e. 1\/ <a href=\"https:\/\/t.co\/neSkv1h2P1\">pic.twitter.com\/neSkv1h2P1<\/a><\/p>\n<p>\u2014 Sylvain Ernault (@SylvainErnault) <a href=\"https:\/\/twitter.com\/SylvainErnault\/status\/1808837770330198211?ref_src=twsrc%5Etfw\">July 4, 2024<\/a><\/p><\/blockquote>\n<p><script async src=\"https:\/\/platform.twitter.com\/widgets.js\" charset=\"utf-8\"><\/script><\/p>\n<p style=\"text-align: justify;\">Le Front de Lib\u00e9ration de la Bretagne n&rsquo;a pas encore communiqu\u00e9 suite \u00e0 cette action contre l&rsquo;extr\u00eame-gauche coloniale.<\/p>\n<p style=\"text-align: right;\"><strong>Ewen Broc&rsquo;han<\/strong><\/p>\n","protected":false},"excerpt":{"rendered":"<p>Dans le Tr\u00e9gor, le Front de Lib\u00e9ration de la Bretagne a men\u00e9 une op\u00e9ration contre l&rsquo;ultra-gauche hexagonale qui organise la colonisation allog\u00e8ne du territoire breton. Connu pour son soutien aux infiltr\u00e9s ainsi qu&rsquo;aux organisations islamistes, le site de l\u2019association A4, situ\u00e9s dans les anciennes serres industrielles Brichet, \u00e0 Lannion, a re\u00e7u un message de la [&hellip;]<\/p>\n","protected":false},"author":1,"featured_media":1809,"comment_status":"open","ping_status":"open","sticky":false,"template":"","format":"standard","meta":{"sb_editor_width":"","footnotes":""},"categories":[39,36,33,46,65],"tags":[],"class_list":["post-1808","post","type-post","status-publish","format-standard","has-post-thumbnail","hentry","category-cotes-darmor","category-extreme-gauche","category-immigration","category-independance","category-principale"],"relative_dates":{"created":"2 ans ago","modified":"2 ans ago"},"yoast_head":"<!-- This site is optimized with the Yoast SEO plugin v26.3 - https:\/\/yoast.com\/wordpress\/plugins\/seo\/ -->\n<title>Tr\u00e9gor : le Front de Lib\u00e9ration de la Bretagne frappe un site d&#039;ultra-gauche pro-clandestins et pro-islamistes - STOURM<\/title>\n<meta name=\"robots\" content=\"index, follow, max-snippet:-1, max-image-preview:large, max-video-preview:-1\" \/>\n<link rel=\"canonical\" href=\"https:\/\/stourm.news\/?p=1808\" \/>\n<meta property=\"og:locale\" content=\"fr_FR\" \/>\n<meta property=\"og:type\" content=\"article\" \/>\n<meta property=\"og:title\" content=\"Tr\u00e9gor : le Front de Lib\u00e9ration de la Bretagne frappe un site d&#039;ultra-gauche pro-clandestins et pro-islamistes - STOURM\" \/>\n<meta property=\"og:description\" content=\"Dans le Tr\u00e9gor, le Front de Lib\u00e9ration de la Bretagne a men\u00e9 une op\u00e9ration contre l&rsquo;ultra-gauche hexagonale qui organise la colonisation allog\u00e8ne du territoire breton. Connu pour son soutien aux infiltr\u00e9s ainsi qu&rsquo;aux organisations islamistes, le site de l\u2019association A4, situ\u00e9s dans les anciennes serres industrielles Brichet, \u00e0 Lannion, a re\u00e7u un message de la [&hellip;]\" \/>\n<meta property=\"og:url\" content=\"https:\/\/stourm.news\/?p=1808\" \/>\n<meta property=\"og:site_name\" content=\"STOURM\" \/>\n<meta property=\"article:publisher\" content=\"https:\/\/www.facebook.com\/stourmnews\/\" \/>\n<meta property=\"article:published_time\" content=\"2024-07-05T05:31:39+00:00\" \/>\n<meta property=\"og:image\" content=\"https:\/\/stourm.news\/wp-content\/uploads\/2024\/07\/Capture-decran-2024-07-05-a-14.30.00.png\" \/>\n\t<meta property=\"og:image:width\" content=\"1074\" \/>\n\t<meta property=\"og:image:height\" content=\"594\" \/>\n\t<meta property=\"og:image:type\" content=\"image\/png\" \/>\n<meta name=\"author\" content=\"La r\u00e9daction\" \/>\n<meta name=\"twitter:card\" content=\"summary_large_image\" \/>\n<meta name=\"twitter:label1\" content=\"\u00c9crit par\" \/>\n\t<meta name=\"twitter:data1\" content=\"La r\u00e9daction\" \/>\n\t<meta name=\"twitter:label2\" content=\"Dur\u00e9e de lecture estim\u00e9e\" \/>\n\t<meta name=\"twitter:data2\" content=\"1 minute\" \/>\n<script type=\"application\/ld+json\" class=\"yoast-schema-graph\">{\"@context\":\"https:\/\/schema.org\",\"@graph\":[{\"@type\":\"Article\",\"@id\":\"https:\/\/stourm.news\/?p=1808#article\",\"isPartOf\":{\"@id\":\"https:\/\/stourm.news\/?p=1808\"},\"author\":{\"name\":\"La r\u00e9daction\",\"@id\":\"https:\/\/stourm.news\/#\/schema\/person\/c3e1dc65988632e190969234ef046cf9\"},\"headline\":\"Tr\u00e9gor : le Front de Lib\u00e9ration de la Bretagne frappe un site d&rsquo;ultra-gauche pro-clandestins et pro-islamistes\",\"datePublished\":\"2024-07-05T05:31:39+00:00\",\"mainEntityOfPage\":{\"@id\":\"https:\/\/stourm.news\/?p=1808\"},\"wordCount\":162,\"commentCount\":0,\"publisher\":{\"@id\":\"https:\/\/stourm.news\/#organization\"},\"image\":{\"@id\":\"https:\/\/stourm.news\/?p=1808#primaryimage\"},\"thumbnailUrl\":\"https:\/\/stourm.news\/wp-content\/uploads\/2024\/07\/Capture-decran-2024-07-05-a-14.30.00.png\",\"articleSection\":[\"C\u00f4tes d'Armor\",\"Extr\u00eame-gauche\",\"Immigration\",\"Ind\u00e9pendance\",\"Principale\"],\"inLanguage\":\"fr-FR\",\"potentialAction\":[{\"@type\":\"CommentAction\",\"name\":\"Comment\",\"target\":[\"https:\/\/stourm.news\/?p=1808#respond\"]}]},{\"@type\":\"WebPage\",\"@id\":\"https:\/\/stourm.news\/?p=1808\",\"url\":\"https:\/\/stourm.news\/?p=1808\",\"name\":\"Tr\u00e9gor : le Front de Lib\u00e9ration de la Bretagne frappe un site d'ultra-gauche pro-clandestins et pro-islamistes - STOURM\",\"isPartOf\":{\"@id\":\"https:\/\/stourm.news\/#website\"},\"primaryImageOfPage\":{\"@id\":\"https:\/\/stourm.news\/?p=1808#primaryimage\"},\"image\":{\"@id\":\"https:\/\/stourm.news\/?p=1808#primaryimage\"},\"thumbnailUrl\":\"https:\/\/stourm.news\/wp-content\/uploads\/2024\/07\/Capture-decran-2024-07-05-a-14.30.00.png\",\"datePublished\":\"2024-07-05T05:31:39+00:00\",\"breadcrumb\":{\"@id\":\"https:\/\/stourm.news\/?p=1808#breadcrumb\"},\"inLanguage\":\"fr-FR\",\"potentialAction\":[{\"@type\":\"ReadAction\",\"target\":[\"https:\/\/stourm.news\/?p=1808\"]}]},{\"@type\":\"ImageObject\",\"inLanguage\":\"fr-FR\",\"@id\":\"https:\/\/stourm.news\/?p=1808#primaryimage\",\"url\":\"https:\/\/stourm.news\/wp-content\/uploads\/2024\/07\/Capture-decran-2024-07-05-a-14.30.00.png\",\"contentUrl\":\"https:\/\/stourm.news\/wp-content\/uploads\/2024\/07\/Capture-decran-2024-07-05-a-14.30.00.png\",\"width\":1074,\"height\":594},{\"@type\":\"BreadcrumbList\",\"@id\":\"https:\/\/stourm.news\/?p=1808#breadcrumb\",\"itemListElement\":[{\"@type\":\"ListItem\",\"position\":1,\"name\":\"Accueil\",\"item\":\"https:\/\/stourm.news\/\"},{\"@type\":\"ListItem\",\"position\":2,\"name\":\"Tr\u00e9gor : le Front de Lib\u00e9ration de la Bretagne frappe un site d&rsquo;ultra-gauche pro-clandestins et pro-islamistes\"}]},{\"@type\":\"WebSite\",\"@id\":\"https:\/\/stourm.news\/#website\",\"url\":\"https:\/\/stourm.news\/\",\"name\":\"Stourm\",\"description\":\"Kazetenn Strollad Broadel Breizh\",\"publisher\":{\"@id\":\"https:\/\/stourm.news\/#organization\"},\"potentialAction\":[{\"@type\":\"SearchAction\",\"target\":{\"@type\":\"EntryPoint\",\"urlTemplate\":\"https:\/\/stourm.news\/?s={search_term_string}\"},\"query-input\":{\"@type\":\"PropertyValueSpecification\",\"valueRequired\":true,\"valueName\":\"search_term_string\"}}],\"inLanguage\":\"fr-FR\"},{\"@type\":\"Organization\",\"@id\":\"https:\/\/stourm.news\/#organization\",\"name\":\"Stourm\",\"url\":\"https:\/\/stourm.news\/\",\"logo\":{\"@type\":\"ImageObject\",\"inLanguage\":\"fr-FR\",\"@id\":\"https:\/\/stourm.news\/#\/schema\/logo\/image\/\",\"url\":\"https:\/\/stourm.news\/wp-content\/uploads\/2025\/11\/cropped-Capture-decran-2025-11-28-a-15.19.07.png\",\"contentUrl\":\"https:\/\/stourm.news\/wp-content\/uploads\/2025\/11\/cropped-Capture-decran-2025-11-28-a-15.19.07.png\",\"width\":1855,\"height\":383,\"caption\":\"Stourm\"},\"image\":{\"@id\":\"https:\/\/stourm.news\/#\/schema\/logo\/image\/\"},\"sameAs\":[\"https:\/\/www.facebook.com\/stourmnews\/\"]},{\"@type\":\"Person\",\"@id\":\"https:\/\/stourm.news\/#\/schema\/person\/c3e1dc65988632e190969234ef046cf9\",\"name\":\"La r\u00e9daction\",\"image\":{\"@type\":\"ImageObject\",\"inLanguage\":\"fr-FR\",\"@id\":\"https:\/\/stourm.news\/#\/schema\/person\/image\/\",\"url\":\"https:\/\/secure.gravatar.com\/avatar\/7463443f194b6b5fb706b074ca0ef59a0cfcfd720cb47764b0ec5a952ce422b3?s=96&d=mm&r=g\",\"contentUrl\":\"https:\/\/secure.gravatar.com\/avatar\/7463443f194b6b5fb706b074ca0ef59a0cfcfd720cb47764b0ec5a952ce422b3?s=96&d=mm&r=g\",\"caption\":\"La r\u00e9daction\"},\"sameAs\":[\"https:\/\/stourm.news\"],\"url\":\"https:\/\/stourm.news\/?author=1\"}]}<\/script>\n<!-- \/ Yoast SEO plugin. -->","yoast_head_json":{"title":"Tr\u00e9gor : le Front de Lib\u00e9ration de la Bretagne frappe un site d'ultra-gauche pro-clandestins et pro-islamistes - STOURM","robots":{"index":"index","follow":"follow","max-snippet":"max-snippet:-1","max-image-preview":"max-image-preview:large","max-video-preview":"max-video-preview:-1"},"canonical":"https:\/\/stourm.news\/?p=1808","og_locale":"fr_FR","og_type":"article","og_title":"Tr\u00e9gor : le Front de Lib\u00e9ration de la Bretagne frappe un site d'ultra-gauche pro-clandestins et pro-islamistes - STOURM","og_description":"Dans le Tr\u00e9gor, le Front de Lib\u00e9ration de la Bretagne a men\u00e9 une op\u00e9ration contre l&rsquo;ultra-gauche hexagonale qui organise la colonisation allog\u00e8ne du territoire breton. Connu pour son soutien aux infiltr\u00e9s ainsi qu&rsquo;aux organisations islamistes, le site de l\u2019association A4, situ\u00e9s dans les anciennes serres industrielles Brichet, \u00e0 Lannion, a re\u00e7u un message de la [&hellip;]","og_url":"https:\/\/stourm.news\/?p=1808","og_site_name":"STOURM","article_publisher":"https:\/\/www.facebook.com\/stourmnews\/","article_published_time":"2024-07-05T05:31:39+00:00","og_image":[{"width":1074,"height":594,"url":"https:\/\/stourm.news\/wp-content\/uploads\/2024\/07\/Capture-decran-2024-07-05-a-14.30.00.png","type":"image\/png"}],"author":"La r\u00e9daction","twitter_card":"summary_large_image","twitter_misc":{"\u00c9crit par":"La r\u00e9daction","Dur\u00e9e de lecture estim\u00e9e":"1 minute"},"schema":{"@context":"https:\/\/schema.org","@graph":[{"@type":"Article","@id":"https:\/\/stourm.news\/?p=1808#article","isPartOf":{"@id":"https:\/\/stourm.news\/?p=1808"},"author":{"name":"La r\u00e9daction","@id":"https:\/\/stourm.news\/#\/schema\/person\/c3e1dc65988632e190969234ef046cf9"},"headline":"Tr\u00e9gor : le Front de Lib\u00e9ration de la Bretagne frappe un site d&rsquo;ultra-gauche pro-clandestins et pro-islamistes","datePublished":"2024-07-05T05:31:39+00:00","mainEntityOfPage":{"@id":"https:\/\/stourm.news\/?p=1808"},"wordCount":162,"commentCount":0,"publisher":{"@id":"https:\/\/stourm.news\/#organization"},"image":{"@id":"https:\/\/stourm.news\/?p=1808#primaryimage"},"thumbnailUrl":"https:\/\/stourm.news\/wp-content\/uploads\/2024\/07\/Capture-decran-2024-07-05-a-14.30.00.png","articleSection":["C\u00f4tes d'Armor","Extr\u00eame-gauche","Immigration","Ind\u00e9pendance","Principale"],"inLanguage":"fr-FR","potentialAction":[{"@type":"CommentAction","name":"Comment","target":["https:\/\/stourm.news\/?p=1808#respond"]}]},{"@type":"WebPage","@id":"https:\/\/stourm.news\/?p=1808","url":"https:\/\/stourm.news\/?p=1808","name":"Tr\u00e9gor : le Front de Lib\u00e9ration de la Bretagne frappe un site d'ultra-gauche pro-clandestins et pro-islamistes - STOURM","isPartOf":{"@id":"https:\/\/stourm.news\/#website"},"primaryImageOfPage":{"@id":"https:\/\/stourm.news\/?p=1808#primaryimage"},"image":{"@id":"https:\/\/stourm.news\/?p=1808#primaryimage"},"thumbnailUrl":"https:\/\/stourm.news\/wp-content\/uploads\/2024\/07\/Capture-decran-2024-07-05-a-14.30.00.png","datePublished":"2024-07-05T05:31:39+00:00","breadcrumb":{"@id":"https:\/\/stourm.news\/?p=1808#breadcrumb"},"inLanguage":"fr-FR","potentialAction":[{"@type":"ReadAction","target":["https:\/\/stourm.news\/?p=1808"]}]},{"@type":"ImageObject","inLanguage":"fr-FR","@id":"https:\/\/stourm.news\/?p=1808#primaryimage","url":"https:\/\/stourm.news\/wp-content\/uploads\/2024\/07\/Capture-decran-2024-07-05-a-14.30.00.png","contentUrl":"https:\/\/stourm.news\/wp-content\/uploads\/2024\/07\/Capture-decran-2024-07-05-a-14.30.00.png","width":1074,"height":594},{"@type":"BreadcrumbList","@id":"https:\/\/stourm.news\/?p=1808#breadcrumb","itemListElement":[{"@type":"ListItem","position":1,"name":"Accueil","item":"https:\/\/stourm.news\/"},{"@type":"ListItem","position":2,"name":"Tr\u00e9gor : le Front de Lib\u00e9ration de la Bretagne frappe un site d&rsquo;ultra-gauche pro-clandestins et pro-islamistes"}]},{"@type":"WebSite","@id":"https:\/\/stourm.news\/#website","url":"https:\/\/stourm.news\/","name":"Stourm","description":"Kazetenn Strollad Broadel Breizh","publisher":{"@id":"https:\/\/stourm.news\/#organization"},"potentialAction":[{"@type":"SearchAction","target":{"@type":"EntryPoint","urlTemplate":"https:\/\/stourm.news\/?s={search_term_string}"},"query-input":{"@type":"PropertyValueSpecification","valueRequired":true,"valueName":"search_term_string"}}],"inLanguage":"fr-FR"},{"@type":"Organization","@id":"https:\/\/stourm.news\/#organization","name":"Stourm","url":"https:\/\/stourm.news\/","logo":{"@type":"ImageObject","inLanguage":"fr-FR","@id":"https:\/\/stourm.news\/#\/schema\/logo\/image\/","url":"https:\/\/stourm.news\/wp-content\/uploads\/2025\/11\/cropped-Capture-decran-2025-11-28-a-15.19.07.png","contentUrl":"https:\/\/stourm.news\/wp-content\/uploads\/2025\/11\/cropped-Capture-decran-2025-11-28-a-15.19.07.png","width":1855,"height":383,"caption":"Stourm"},"image":{"@id":"https:\/\/stourm.news\/#\/schema\/logo\/image\/"},"sameAs":["https:\/\/www.facebook.com\/stourmnews\/"]},{"@type":"Person","@id":"https:\/\/stourm.news\/#\/schema\/person\/c3e1dc65988632e190969234ef046cf9","name":"La r\u00e9daction","image":{"@type":"ImageObject","inLanguage":"fr-FR","@id":"https:\/\/stourm.news\/#\/schema\/person\/image\/","url":"https:\/\/secure.gravatar.com\/avatar\/7463443f194b6b5fb706b074ca0ef59a0cfcfd720cb47764b0ec5a952ce422b3?s=96&d=mm&r=g","contentUrl":"https:\/\/secure.gravatar.com\/avatar\/7463443f194b6b5fb706b074ca0ef59a0cfcfd720cb47764b0ec5a952ce422b3?s=96&d=mm&r=g","caption":"La r\u00e9daction"},"sameAs":["https:\/\/stourm.news"],"url":"https:\/\/stourm.news\/?author=1"}]}},"_links":{"self":[{"href":"https:\/\/stourm.news\/index.php?rest_route=\/wp\/v2\/posts\/1808","targetHints":{"allow":["GET"]}}],"collection":[{"href":"https:\/\/stourm.news\/index.php?rest_route=\/wp\/v2\/posts"}],"about":[{"href":"https:\/\/stourm.news\/index.php?rest_route=\/wp\/v2\/types\/post"}],"author":[{"embeddable":true,"href":"https:\/\/stourm.news\/index.php?rest_route=\/wp\/v2\/users\/1"}],"replies":[{"embeddable":true,"href":"https:\/\/stourm.news\/index.php?rest_route=%2Fwp%2Fv2%2Fcomments&post=1808"}],"version-history":[{"count":1,"href":"https:\/\/stourm.news\/index.php?rest_route=\/wp\/v2\/posts\/1808\/revisions"}],"predecessor-version":[{"id":1810,"href":"https:\/\/stourm.news\/index.php?rest_route=\/wp\/v2\/posts\/1808\/revisions\/1810"}],"wp:featuredmedia":[{"embeddable":true,"href":"https:\/\/stourm.news\/index.php?rest_route=\/wp\/v2\/media\/1809"}],"wp:attachment":[{"href":"https:\/\/stourm.news\/index.php?rest_route=%2Fwp%2Fv2%2Fmedia&parent=1808"}],"wp:term":[{"taxonomy":"category","embeddable":true,"href":"https:\/\/stourm.news\/index.php?rest_route=%2Fwp%2Fv2%2Fcategories&post=1808"},{"taxonomy":"post_tag","embeddable":true,"href":"https:\/\/stourm.news\/index.php?rest_route=%2Fwp%2Fv2%2Ftags&post=1808"}],"curies":[{"name":"wp","href":"https:\/\/api.w.org\/{rel}","templated":true}]}}